{"id":29094,"date":"2024-06-09T15:42:53","date_gmt":"2024-06-09T12:42:53","guid":{"rendered":"https:\/\/balcilar-blog.com\/?p=29094"},"modified":"2024-06-09T16:39:43","modified_gmt":"2024-06-09T13:39:43","slug":"cagatay-ulusoydan-gaddar-geldi-ve-bitti","status":"publish","type":"post","link":"https:\/\/balcilar-blog.com\/?p=29094","title":{"rendered":"\u00c7a\u011fatay Ulusoy&#8217;dan &#8216;Gaddar&#8217; Geldi ve Bitti!"},"content":{"rendered":"<p>&nbsp;<\/p>\n<p><a href=\"https:\/\/balcilar-blog.com\/wp-content\/uploads\/2024\/02\/GaddarDizi.jpg\"><img loading=\"lazy\" decoding=\"async\" class=\"alignnone size-medium wp-image-28938\" src=\"https:\/\/balcilar-blog.com\/wp-content\/uploads\/2024\/02\/GaddarDizi-263x300.jpg\" alt=\"\" width=\"263\" height=\"300\" srcset=\"https:\/\/balcilar-blog.com\/wp-content\/uploads\/2024\/02\/GaddarDizi-263x300.jpg 263w, https:\/\/balcilar-blog.com\/wp-content\/uploads\/2024\/02\/GaddarDizi.jpg 480w\" sizes=\"auto, (max-width: 263px) 100vw, 263px\" \/><\/a><\/p>\n<p>\u00c7a\u011fatay\u00a0 Ulusoy dijitallerden kopar\u00a0 Tv. ekranlar\u0131na gelir mi derken, 2024 y\u0131l\u0131 i\u00e7inde &#8216;Gaddar&#8217; olarak geldi, ge\u00e7ti ve bitti. 20 b\u00f6l\u00fcm oynad\u0131, sevenlerinin a\u011fz\u0131na bir damla bal s\u00fcrd\u00fc , milyonlarca seveninin \u00f6zlemini giderdi, bitti gitti. Bundan sonra bir daha dijital kanallardan kopup tekrar ekranlara ne zaman gelir bilemiyoruz.<\/p>\n<p>Burada Ay Yap\u0131m&#8217;a bir sat\u0131r aral\u0131\u011f\u0131 a\u00e7\u0131p, te\u015fekk\u00fcr etmek istiyorum. \u00c7a\u011fatay Ulusoy&#8217;u ikna edip getirmek ger\u00e7ekten zor bir i\u015fti. Onlarca yap\u0131mc\u0131 \u00c7a\u011fatay ile i\u015f yapma arzusunun oldu\u011funu biliyorum. Paradan daha \u00f6nemlisi sanat hayat\u0131n\u0131n zirvesinde olan bir oyuncuyu ikna edip, i\u015f yapmak zor olsa gerek!<\/p>\n<p>Beni takip eden binlerce ki\u015fi \u00c7a\u011fatay Ulusoy hayranl\u0131\u011f\u0131m\u0131, onun fahri menajeri gibi oldu\u011fumu bilirler.<\/p>\n<p>Now Tv.de 19 Ocak 2024 Cuma g\u00fcn\u00fc ba\u015flamas\u0131n\u0131 milyonlarca izleyici en \u00e7ok sevinenlerden biri de bendim. Cuma geceleri seyretti\u011fim &#8216;K\u0131z\u0131lc\u0131k \u015eerbeti&#8217;ni b\u0131rak\u0131p, Gaddar&#8217;\u0131n 20 b\u00f6l\u00fcm\u00fc de Canl\u0131 olarak Now Tv.den seyrettim.<\/p>\n<p>Niye Cuma dediler, ba\u015fka haftan\u0131n g\u00fcn\u00fcm\u00fc yok!\u00a0 Cuma gecesini; Yal\u0131 \u00c7apk\u0131n\u0131 ve K\u0131z\u0131lc\u0131k \u015eerbeti&#8217;ni seyirciyi payla\u015fm\u0131\u015ft\u0131. Ama \u00c7a\u011fatay i\u00e7in durum g\u00f6r\u00fcnd\u00fc\u011f\u00fc gibi de\u011fildi. \u0130lk g\u00f6z a\u011fr\u0131s\u0131 dizisi Hazal Kaya ile oynad\u0131\u011f\u0131 &#8216;Ad\u0131n\u0131 Feriha Koydum&#8217; oynam\u0131\u015ft\u0131. Cuma onun u\u011furlu g\u00fcn\u00fcyd\u00fc. Reytingleri d\u00fc\u015f\u00fcnmeden Cuma Now Tv.de ekranlara geldi. Lakin, hep 3 s\u0131rada yer alabildi. Yan\u0131lm\u0131yorsan sadece bir kez AB&#8217;de Yal\u0131 \u00c7apk\u0131n\u0131 ge\u00e7ti.<\/p>\n<p>Ay Yap\u0131m &#8216;<span style=\"color: #ff0000\"><strong>Gadar<\/strong><\/span>&#8216; i\u00e7in \u00e7ok iyi bir kadro olu\u015fturdu.<\/p>\n<p><a href=\"https:\/\/balcilar-blog.com\/wp-content\/uploads\/2024\/06\/gaddar-kadro.jpg\"><img loading=\"lazy\" decoding=\"async\" class=\"alignnone size-medium wp-image-29109\" src=\"https:\/\/balcilar-blog.com\/wp-content\/uploads\/2024\/06\/gaddar-kadro-300x225.jpg\" alt=\"\" width=\"300\" height=\"225\" srcset=\"https:\/\/balcilar-blog.com\/wp-content\/uploads\/2024\/06\/gaddar-kadro-300x225.jpg 300w, https:\/\/balcilar-blog.com\/wp-content\/uploads\/2024\/06\/gaddar-kadro-136x102.jpg 136w, https:\/\/balcilar-blog.com\/wp-content\/uploads\/2024\/06\/gaddar-kadro.jpg 640w\" sizes=\"auto, (max-width: 300px) 100vw, 300px\" \/><\/a><\/p>\n<p><span style=\"color: #ff0000\"><strong>\u00c7a\u011fatay Ulusoy<\/strong><\/span> (Da\u011fhan),<span style=\"color: #ff0000\"><strong> S\u00fcmeyye Aydo\u011fan<\/strong> <\/span>(Aydan),<span style=\"color: #0000ff\"><strong> Onur Saylak<\/strong><\/span> (M\u00fcd\u00fcr), <span style=\"color: #0000ff\"><strong>Erdal \u00d6zya\u011fc\u0131lar<\/strong><\/span> (Ekber), <span style=\"color: #0000ff\"><strong>La\u00e7in Ceylan<\/strong> <\/span>(Fatma), <span style=\"color: #0000ff\"><strong>Hakan Sal\u0131nm\u0131\u015f<\/strong><\/span> (Davut), <span style=\"color: #0000ff\"><strong>Fatih Berk \u015eahin<\/strong><\/span> (R\u00fczgar)<span style=\"color: #0000ff\"><strong>, Umutcan \u00dctebay<\/strong><span style=\"color: #000000\"> (Taksici Mesut),<\/span><strong> It\u0131r Esen<\/strong><\/span> (Ya\u011fmur), <span style=\"color: #0000ff\"><strong>M\u00fcge Bayramo\u011flu Payasl\u0131o\u011flu<\/strong><\/span> (\u015eeng\u00fcl), <span style=\"color: #0000ff\"><strong>Alper \u00c7ankaya<\/strong><\/span> (Enver), <span style=\"color: #0000ff\"><strong>U\u011fur Y\u0131ld\u0131ran<\/strong><\/span> (Kurt), <span style=\"color: #0000ff\"><strong>Aytek \u015eayan<\/strong><\/span> (G\u00fcrkan), <span style=\"color: #0000ff\"><strong>Neslihan Yelden<\/strong><\/span> (Oya), <span style=\"color: #0000ff\"><strong>Buse Meral<\/strong> <\/span>(Veteriner Leyla),<span style=\"color: #0000ff\"><strong> Afra Karag\u00f6z<\/strong><\/span> (Nil\u00fcfer M\u00fcd\u00fcr\u00fcn k\u0131z\u0131), <span style=\"color: #0000ff\"><strong>\u0130brahim \u00c7elikkol<\/strong><\/span> ( Zakkum Karde\u015flerin b\u00fcy\u00fc\u011f\u00fc Korkut).<\/p>\n<p>Dizinin senaryosunu <span style=\"color: #0000ff\"><strong>H\u00fcner Ebeo\u011flu<\/strong><\/span>, y\u00f6netmenli\u011fini<span style=\"color: #0000ff\"><strong> Sinan \u00d6zt\u00fcrk<\/strong><\/span>, M\u00fczik <span style=\"color: #0000ff\"><strong>Torgar I\u015f\u0131kl\u0131<\/strong><\/span>, yap\u0131mc\u0131 <span style=\"color: #ff0000\"><strong>Kerem \u00c7atay<\/strong> <\/span>&#8211; Ay Yap\u0131m.<\/p>\n<p><strong><span style=\"color: #0000ff\">Dizinin muhtelif b\u00f6l\u00fcmlerinde \u00fclkemizde ya\u015fanm\u0131\u015f ger\u00e7ek olaylar, ele al\u0131n\u0131p i\u015flenmi\u015ftir. <span style=\"color: #000000\">(Taksici O\u011fuz Erge \u00f6ld\u00fcr\u00fclmesi &#8211; \u0130zmir Gaziemir, Eros \u0130simli kedinin \u00f6l\u00fcm\u00fc, Sucu Metin \u015eenay olay\u0131, Adnan Oktay gen\u00e7 g\u00fczel k\u0131zlar tuza\u011f\u0131,)<\/span><\/span><\/strong><\/p>\n<p>Ay Yap\u0131m do\u011fa ve hayvan-sever oldu\u011funu g\u00f6sterdi. B\u00f6l\u00fcm ge\u00e7i\u015flerinde; Do\u011fal g\u00f6r\u00fcnt\u00fcleri ile, Kedi &#8211; k\u00f6pek &#8211; karga &#8211; mart\u0131 hatta salyangoz gibi hayvanlar\u0131 anl\u0131k g\u00f6stermesi ile bence olduk\u00e7a olumlu puan toplad\u0131.<\/p>\n<p>Da\u011fhan askerden kafa iznine gelince; ailesinde ve mahallede her \u015feyin de\u011fi\u015fti\u011fini g\u00f6r\u00fcr. Evde annesi-bas\u0131 konu\u015fmuyor, k\u0131z karde\u015fi bir mafya bas\u0131n\u0131n u\u00e7ar\u0131 o\u011flundan hamile kalm\u0131\u015f, karde\u015fi R\u00fczgar okulu b\u0131rakm\u0131\u015f, Sevdi\u011fi k\u0131z manken olmak istemesi ile olanlar\u0131 de\u011fi\u015ftirmeye \u00e7al\u0131\u015f\u0131r, \u00d6n\u00fcne \u00e7\u0131kan ilk i\u015fi kabul eder, M\u00fcd\u00fcr ve adam\u0131 Kurt&#8217;un verdi\u011fi tetik\u00e7ilik yapar, k\u0131sacas\u0131 <span style=\"color: #000000\"><strong>GADAR<\/strong><\/span> olur.<\/p>\n<p>20 B\u00f6l\u00fcm keyifle izledik. Tv. reytingleri d\u00fc\u015f\u00fck oldu ama; \u0130nternet izleyicisi y\u00f6n\u00fcnden rekor k\u0131rd\u0131 diyebiliriz.<\/p>\n<p><a href=\"https:\/\/balcilar-blog.com\/wp-content\/uploads\/2024\/06\/447964424_18357709945097406_8400340748413165888_n.jpg\"><img loading=\"lazy\" decoding=\"async\" class=\"alignnone size-medium wp-image-29105\" src=\"https:\/\/balcilar-blog.com\/wp-content\/uploads\/2024\/06\/447964424_18357709945097406_8400340748413165888_n-300x226.jpg\" alt=\"\" width=\"300\" height=\"226\" srcset=\"https:\/\/balcilar-blog.com\/wp-content\/uploads\/2024\/06\/447964424_18357709945097406_8400340748413165888_n-300x226.jpg 300w, https:\/\/balcilar-blog.com\/wp-content\/uploads\/2024\/06\/447964424_18357709945097406_8400340748413165888_n-136x102.jpg 136w, https:\/\/balcilar-blog.com\/wp-content\/uploads\/2024\/06\/447964424_18357709945097406_8400340748413165888_n.jpg 636w\" sizes=\"auto, (max-width: 300px) 100vw, 300px\" \/><\/a><\/p>\n<p>M\u00fcd\u00fcr, i\u015fini hep \u00f6n planda tuttu. Mant\u0131kl\u0131 kararlar verdi, ba\u015far\u0131l\u0131 da oldu. Kaderin cilvesi k\u0131z\u0131 Nil\u00fcfer&#8217;i kar\u015f\u0131s\u0131na \u00e7\u0131kard\u0131, onu sevdi, ba\u011fr\u0131na bast\u0131.<\/p>\n<p>&nbsp;<\/p>\n<p><a href=\"https:\/\/balcilar-blog.com\/wp-content\/uploads\/2024\/06\/448037862_18357709990097406_4344926016915624185_n.jpg\"><img loading=\"lazy\" decoding=\"async\" class=\"alignnone size-medium wp-image-29108\" src=\"https:\/\/balcilar-blog.com\/wp-content\/uploads\/2024\/06\/448037862_18357709990097406_4344926016915624185_n-300x227.jpg\" alt=\"\" width=\"300\" height=\"227\" srcset=\"https:\/\/balcilar-blog.com\/wp-content\/uploads\/2024\/06\/448037862_18357709990097406_4344926016915624185_n-300x227.jpg 300w, https:\/\/balcilar-blog.com\/wp-content\/uploads\/2024\/06\/448037862_18357709990097406_4344926016915624185_n-136x102.jpg 136w, https:\/\/balcilar-blog.com\/wp-content\/uploads\/2024\/06\/448037862_18357709990097406_4344926016915624185_n.jpg 635w\" sizes=\"auto, (max-width: 300px) 100vw, 300px\" \/><\/a><\/p>\n<p>Da\u011fhan Aydan&#8217;\u0131 \u00e7ok sevdi, yapt\u0131\u011f\u0131 i\u015fine ra\u011fmen onunla evlendi, bir o\u011fullar\u0131 oldu.<\/p>\n<p>&nbsp;<\/p>\n<p><a href=\"https:\/\/balcilar-blog.com\/wp-content\/uploads\/2024\/06\/447959270_18357709936097406_7329415788189021614_n.jpg\"><img loading=\"lazy\" decoding=\"async\" class=\"alignnone size-medium wp-image-29098\" src=\"https:\/\/balcilar-blog.com\/wp-content\/uploads\/2024\/06\/447959270_18357709936097406_7329415788189021614_n-300x226.jpg\" alt=\"\" width=\"300\" height=\"226\" srcset=\"https:\/\/balcilar-blog.com\/wp-content\/uploads\/2024\/06\/447959270_18357709936097406_7329415788189021614_n-300x226.jpg 300w, https:\/\/balcilar-blog.com\/wp-content\/uploads\/2024\/06\/447959270_18357709936097406_7329415788189021614_n-136x102.jpg 136w, https:\/\/balcilar-blog.com\/wp-content\/uploads\/2024\/06\/447959270_18357709936097406_7329415788189021614_n.jpg 636w\" sizes=\"auto, (max-width: 300px) 100vw, 300px\" \/><\/a><\/p>\n<p>M\u00fcd\u00fcr&#8217;\u00fcn sa\u011f koludur. \u00c7ubuk kraker yemeyi \u00e7ok sever. Ekber&#8217;in adam\u0131 gibi g\u00f6r\u00fcn\u00fcp onu tuza\u011fa \u00e7ekmek istemi\u015f sonras\u0131nda Ekber, bunu fark edince yakalanm\u0131\u015ft\u0131r fakat ka\u00e7may\u0131 ba\u015farm\u0131\u015ft\u0131r. Ekber&#8217;in elinde bulunan M\u00fcd\u00fcr&#8217;\u00fcn bilgisayar\u0131n\u0131 kurtarm\u0131\u015ft\u0131r. Da\u011fhan ile birlikte Ekber&#8217;in tuza\u011f\u0131na d\u00fc\u015fm\u00fc\u015ft\u00fcr. Ekber, kendisini \u00f6ld\u00fcrmesi kar\u015f\u0131l\u0131\u011f\u0131nda 4 k\u0131z\u0131 da \u00f6ld\u00fcrmeyece\u011fini s\u00f6ylemi\u015ftir. M\u00fcd\u00fcr ile birlikte ka\u00e7\u0131r\u0131lan Nil\u00fcfer&#8217;i kurtarm\u0131\u015ft\u0131r. Tetik\u00e7i oldu\u011funu a\u00e7\u0131klam\u0131\u015ft\u0131r. M\u00fcd\u00fcr&#8217;\u00fcn k\u0131z\u0131 Nil\u00fcfer ile sevgili olmu\u015f ve sonunda onunla evlendi.<\/p>\n<p>&nbsp;<\/p>\n<p><a href=\"https:\/\/balcilar-blog.com\/wp-content\/uploads\/2024\/06\/447956612_18357709909097406_8342831917286843939_n.jpg\"><img loading=\"lazy\" decoding=\"async\" class=\"alignnone size-medium wp-image-29095\" src=\"https:\/\/balcilar-blog.com\/wp-content\/uploads\/2024\/06\/447956612_18357709909097406_8342831917286843939_n-300x227.jpg\" alt=\"\" width=\"300\" height=\"227\" srcset=\"https:\/\/balcilar-blog.com\/wp-content\/uploads\/2024\/06\/447956612_18357709909097406_8342831917286843939_n-300x227.jpg 300w, https:\/\/balcilar-blog.com\/wp-content\/uploads\/2024\/06\/447956612_18357709909097406_8342831917286843939_n-136x102.jpg 136w, https:\/\/balcilar-blog.com\/wp-content\/uploads\/2024\/06\/447956612_18357709909097406_8342831917286843939_n.jpg 635w\" sizes=\"auto, (max-width: 300px) 100vw, 300px\" \/><\/a><\/p>\n<p>Lakab\u0131 dandundur, Da\u011fhan&#8217;\u0131n arkada\u015f\u0131d\u0131r. Taksicilik yapmaktad\u0131r. Eski asker ve tank\u00e7\u0131d\u0131r. Korkut taraf\u0131ndan ka\u00e7\u0131r\u0131lm\u0131\u015ft\u0131r. Sonras\u0131nda kurtulur. Hayal&#8217;e a\u015f\u0131kt\u0131r. Da\u011fhan&#8217;\u0131n kurtard\u0131\u011f\u0131 3 k\u0131z\u0131 evinde misafir etmi\u015ftir. Korkut Zakkum taraf\u0131ndan ka\u00e7\u0131r\u0131lm\u0131\u015f kendisini Da\u011fhan kurtarm\u0131\u015ft\u0131r.\u015eirketin Tetik\u00e7isi, Da\u011fhan\u2019\u0131 vuracakken Da\u011fhan\u2019\u0131n \u00f6n\u00fcne ge\u00e7mi\u015f ve Tetik\u00e7i taraf\u0131ndan 4 kur\u015funla vurulmu\u015ftur. Da\u011fhan da do\u011fan o\u011fluna Mesut&#8217;un vasiyeti \u00fczerine &#8216;Mesut&#8217; ad\u0131n\u0131 verdi.<\/p>\n<p>&nbsp;<\/p>\n<p><a href=\"https:\/\/balcilar-blog.com\/wp-content\/uploads\/2024\/06\/447961775_18357709918097406_4701067969986889105_n.jpg\"><img loading=\"lazy\" decoding=\"async\" class=\"alignnone size-medium wp-image-29101\" src=\"https:\/\/balcilar-blog.com\/wp-content\/uploads\/2024\/06\/447961775_18357709918097406_4701067969986889105_n-300x226.jpg\" alt=\"\" width=\"300\" height=\"226\" srcset=\"https:\/\/balcilar-blog.com\/wp-content\/uploads\/2024\/06\/447961775_18357709918097406_4701067969986889105_n-300x226.jpg 300w, https:\/\/balcilar-blog.com\/wp-content\/uploads\/2024\/06\/447961775_18357709918097406_4701067969986889105_n-136x102.jpg 136w, https:\/\/balcilar-blog.com\/wp-content\/uploads\/2024\/06\/447961775_18357709918097406_4701067969986889105_n.jpg 636w\" sizes=\"auto, (max-width: 300px) 100vw, 300px\" \/><\/a><\/p>\n<p>Ya\u011fmur, Ekber gibi k\u00f6t\u00fc bir adam\u0131n o\u011flu Enver&#8217;i sevdi, ondan hamile kald\u0131. Ekber Baltac\u0131&#8217;n\u0131n o\u011flu. Ya\u011fmur&#8217;un sevgilisi. Evlenmek i\u00e7in \u00e7abalar fakat babas\u0131 Ya\u011fmur&#8217;u sevmedi\u011fi i\u00e7in s\u00fcrekli evlenmelerine engel olur. Da\u011fhan&#8217;\u0131n bir adam\u0131 \u00f6ld\u00fcrd\u00fc\u011f\u00fc g\u00f6r\u00fcntleri adam\u0131na \u00e7ektirmi\u015f ve Da\u011fhan&#8217;a tuzak kurmu\u015ftur. Babas\u0131 Ya\u011fmur&#8217;u d\u00fc\u011f\u00fcn g\u00fcn\u00fc ka\u00e7\u0131r\u0131p k\u0131z\u0131 aile evine b\u0131rak\u0131nca aileden \u00f6z\u00fcr dilemek i\u00e7in Davut ve Fatma&#8217;dan k\u0131z\u0131 istemi\u015ftir. K\u00fc\u00e7\u00fckken yanl\u0131\u015fl\u0131kla t\u00fcfek ile annesini \u00f6ld\u00fcrm\u00fc\u015ft\u00fcr ve bu y\u00fczden babas\u0131 taraf\u0131ndan sevilmez. Daha sonra babas\u0131 ile d\u00fc\u015fman olmu\u015ftur ve onu \u00f6ld\u00fcrmek ister. Ya\u011fmur ile evlenece\u011fi s\u0131rada babas\u0131 ona tuzak kurmu\u015ftur. Da\u011fhan, Kurt ve M\u00fcd\u00fcr&#8217;le birlikte \u00e7al\u0131\u015fmaktad\u0131r. Bir s\u00fcre Leyla&#8217;n\u0131n babas\u0131na ait bilgisayar\u0131n pe\u015fine d\u00fc\u015fm\u00fc\u015ft\u00fcr. Zaman\u0131nda gen\u00e7ken Arif M\u00fcbarek&#8217;in yan\u0131nda bulunmu\u015ftur. Kirli \u00e7ama\u015f\u0131rlar\u0131 Ekber sayesinde Ya\u011fmur&#8217;a g\u00f6sterilmi\u015ftir. Ya\u011fmur, kendisinden ayr\u0131lm\u0131\u015f, fakat sonras\u0131nda bar\u0131\u015f\u0131rlar. Arif M\u00fcbarek operasyonunda yer alm\u0131\u015ft\u0131r. Babas\u0131n\u0131n teklifini reddetmi\u015ftir. Korkut Zakkum taraf\u0131ndan ka\u00e7\u0131r\u0131lan G\u00fclay&#8217;\u0131 kurtarm\u0131\u015ft\u0131r. R\u00fczgar&#8217;\u0131n iste\u011fiyle ona silah vermi\u015ftir. Da\u011fhan bunu \u00f6\u011frenmi\u015f ve \u00e7ok k\u0131zm\u0131\u015ft\u0131r. Ekber&#8217;e bir oyun oynam\u0131\u015f ve \u00f6ld\u00fc numaras\u0131 yapm\u0131\u015ft\u0131r. Sevgilisi Ya\u011fmur do\u011furmu\u015f ve bir erkek o\u011flu d\u00fcnyaya gelmi\u015ftir. \u015eirketin ba\u015f\u0131ndaki patronu bitirmede Da\u011fhan ve M\u00fcd\u00fcr&#8217;e destek olmu\u015ftur. Babas\u0131 Ekber&#8217;i zehirlemi\u015ftir.<\/p>\n<p>&nbsp;<\/p>\n<p><a href=\"https:\/\/balcilar-blog.com\/wp-content\/uploads\/2024\/06\/447972991_18357709981097406_1420968002868280975_n.jpg\"><img loading=\"lazy\" decoding=\"async\" class=\"alignnone size-medium wp-image-29106\" src=\"https:\/\/balcilar-blog.com\/wp-content\/uploads\/2024\/06\/447972991_18357709981097406_1420968002868280975_n-300x226.jpg\" alt=\"\" width=\"300\" height=\"226\" srcset=\"https:\/\/balcilar-blog.com\/wp-content\/uploads\/2024\/06\/447972991_18357709981097406_1420968002868280975_n-300x226.jpg 300w, https:\/\/balcilar-blog.com\/wp-content\/uploads\/2024\/06\/447972991_18357709981097406_1420968002868280975_n-136x102.jpg 136w, https:\/\/balcilar-blog.com\/wp-content\/uploads\/2024\/06\/447972991_18357709981097406_1420968002868280975_n.jpg 636w\" sizes=\"auto, (max-width: 300px) 100vw, 300px\" \/><\/a><\/p>\n<p>Do\u011fan \u00e7ocuklar\u0131na \u00f6ld\u00fcr\u00fclen babas\u0131 Davut&#8217;un ad\u0131n\u0131 verdi.<\/p>\n<p>&nbsp;<\/p>\n<p><a href=\"https:\/\/balcilar-blog.com\/wp-content\/uploads\/2024\/06\/447961993_18357709972097406_2647427474455331594_n.jpg\"><img loading=\"lazy\" decoding=\"async\" class=\"alignnone size-medium wp-image-29102\" src=\"https:\/\/balcilar-blog.com\/wp-content\/uploads\/2024\/06\/447961993_18357709972097406_2647427474455331594_n-300x227.jpg\" alt=\"\" width=\"300\" height=\"227\" srcset=\"https:\/\/balcilar-blog.com\/wp-content\/uploads\/2024\/06\/447961993_18357709972097406_2647427474455331594_n-300x227.jpg 300w, https:\/\/balcilar-blog.com\/wp-content\/uploads\/2024\/06\/447961993_18357709972097406_2647427474455331594_n-136x102.jpg 136w, https:\/\/balcilar-blog.com\/wp-content\/uploads\/2024\/06\/447961993_18357709972097406_2647427474455331594_n.jpg 634w\" sizes=\"auto, (max-width: 300px) 100vw, 300px\" \/><\/a><\/p>\n<p>Enver&#8217;in babas\u0131 Ekber, kendisi k\u00f6t\u00fc bir adam oldu\u011fu gibi, Zakkum karde\u015flerin a\u011fabeyi Korkut karakteri\u00a0 dosttu. O\u011flu Enver&#8217;i hep \u00f6ld\u00fcrmek istedi.<\/p>\n<p>&nbsp;<\/p>\n<p><a href=\"https:\/\/balcilar-blog.com\/wp-content\/uploads\/2024\/06\/447973970_18357709873097406_625731169617257772_n.jpg\"><img loading=\"lazy\" decoding=\"async\" class=\"alignnone size-medium wp-image-29107\" src=\"https:\/\/balcilar-blog.com\/wp-content\/uploads\/2024\/06\/447973970_18357709873097406_625731169617257772_n-300x226.jpg\" alt=\"\" width=\"300\" height=\"226\" srcset=\"https:\/\/balcilar-blog.com\/wp-content\/uploads\/2024\/06\/447973970_18357709873097406_625731169617257772_n-300x226.jpg 300w, https:\/\/balcilar-blog.com\/wp-content\/uploads\/2024\/06\/447973970_18357709873097406_625731169617257772_n-136x102.jpg 136w, https:\/\/balcilar-blog.com\/wp-content\/uploads\/2024\/06\/447973970_18357709873097406_625731169617257772_n.jpg 636w\" sizes=\"auto, (max-width: 300px) 100vw, 300px\" \/><\/a><\/p>\n<p>Da\u011fhan k\u0131z karde\u015fi Ya\u011fmur&#8217;un hat\u0131r\u0131na eni\u015ftesi Enver ile hayat\u0131 pahas\u0131na hep i\u015fbirli\u011fi yapt\u0131.<\/p>\n<p>&nbsp;<\/p>\n<p><a href=\"https:\/\/balcilar-blog.com\/wp-content\/uploads\/2024\/06\/447962421_18357709999097406_2042540746041582750_n.jpg\"><img loading=\"lazy\" decoding=\"async\" class=\"alignnone size-medium wp-image-29103\" src=\"https:\/\/balcilar-blog.com\/wp-content\/uploads\/2024\/06\/447962421_18357709999097406_2042540746041582750_n-300x226.jpg\" alt=\"\" width=\"300\" height=\"226\" srcset=\"https:\/\/balcilar-blog.com\/wp-content\/uploads\/2024\/06\/447962421_18357709999097406_2042540746041582750_n-300x226.jpg 300w, https:\/\/balcilar-blog.com\/wp-content\/uploads\/2024\/06\/447962421_18357709999097406_2042540746041582750_n-136x102.jpg 136w, https:\/\/balcilar-blog.com\/wp-content\/uploads\/2024\/06\/447962421_18357709999097406_2042540746041582750_n.jpg 636w\" sizes=\"auto, (max-width: 300px) 100vw, 300px\" \/><\/a><\/p>\n<p>\u00c7ok defa birlikte hareket ediyorlar. Hayatta kalmalar\u0131 bu birlikteliklerine ba\u011fl\u0131 kal\u0131yor.<\/p>\n<p>&nbsp;<\/p>\n<p><a href=\"https:\/\/balcilar-blog.com\/wp-content\/uploads\/2024\/06\/Gaddar-haber-resim-4366297b-71e2-4b94-9258-01314431b711.jpg\"><img loading=\"lazy\" decoding=\"async\" class=\"alignnone size-medium wp-image-29113\" src=\"https:\/\/balcilar-blog.com\/wp-content\/uploads\/2024\/06\/Gaddar-haber-resim-4366297b-71e2-4b94-9258-01314431b711-300x169.jpg\" alt=\"\" width=\"300\" height=\"169\" srcset=\"https:\/\/balcilar-blog.com\/wp-content\/uploads\/2024\/06\/Gaddar-haber-resim-4366297b-71e2-4b94-9258-01314431b711-300x169.jpg 300w, https:\/\/balcilar-blog.com\/wp-content\/uploads\/2024\/06\/Gaddar-haber-resim-4366297b-71e2-4b94-9258-01314431b711-1024x576.jpg 1024w, https:\/\/balcilar-blog.com\/wp-content\/uploads\/2024\/06\/Gaddar-haber-resim-4366297b-71e2-4b94-9258-01314431b711-768x432.jpg 768w, https:\/\/balcilar-blog.com\/wp-content\/uploads\/2024\/06\/Gaddar-haber-resim-4366297b-71e2-4b94-9258-01314431b711.jpg 1280w\" sizes=\"auto, (max-width: 300px) 100vw, 300px\" \/><\/a><\/p>\n<p><span style=\"color: #0000ff\"><strong>\u0130brahim \u00c7alikkol<\/strong><\/span>, Gaddar dizisinde misafir oyuncu olarak\u00a0 11.b\u00f6l\u00fcmde kat\u0131lm\u0131\u015ft\u0131. Zakkum karde\u015flerin a\u011fabeyi Korkut karakteri olarak girdi. Ac\u0131mazs\u0131z bir karakter olan Korkut, Da\u011fhan&#8217;\u0131 diri diri mezara g\u00f6mm\u00fc\u015ft\u00fcr. 3 b\u00f6l\u00fcm ekrana gelen Korkut, Leylaya a\u015f\u0131k olmu\u015f, 17.b\u00f6l\u00fcmde Da\u011fhan ile Rus Ruleti oynam\u0131\u015f, sonunda kaybetmi\u015f, tabancay\u0131 kendi \u00e7enesi alt\u0131na s\u0131karak \u00f6lm\u00fc\u015ft\u00fcr.<\/p>\n<p>&nbsp;<\/p>\n<p><a href=\"https:\/\/balcilar-blog.com\/wp-content\/uploads\/2024\/06\/447960835_18357709927097406_3838165153702772174_n.jpg\"><img loading=\"lazy\" decoding=\"async\" class=\"alignnone size-medium wp-image-29099\" src=\"https:\/\/balcilar-blog.com\/wp-content\/uploads\/2024\/06\/447960835_18357709927097406_3838165153702772174_n-300x226.jpg\" alt=\"\" width=\"300\" height=\"226\" srcset=\"https:\/\/balcilar-blog.com\/wp-content\/uploads\/2024\/06\/447960835_18357709927097406_3838165153702772174_n-300x226.jpg 300w, https:\/\/balcilar-blog.com\/wp-content\/uploads\/2024\/06\/447960835_18357709927097406_3838165153702772174_n-136x102.jpg 136w, https:\/\/balcilar-blog.com\/wp-content\/uploads\/2024\/06\/447960835_18357709927097406_3838165153702772174_n.jpg 636w\" sizes=\"auto, (max-width: 300px) 100vw, 300px\" \/><\/a><\/p>\n<p>Gaddar&#8217;\u0131n\u00a0 k\u00f6t\u00fcleri yok ederken giydi\u011fi kukuletal\u0131 palto, \u00fcniformas\u0131 gibi oluyor.<\/p>\n<p>&nbsp;<\/p>\n<p><a href=\"https:\/\/balcilar-blog.com\/wp-content\/uploads\/2024\/06\/447962890_18357709900097406_4994909467827825699_n.jpg\"><img loading=\"lazy\" decoding=\"async\" class=\"alignnone size-medium wp-image-29104\" src=\"https:\/\/balcilar-blog.com\/wp-content\/uploads\/2024\/06\/447962890_18357709900097406_4994909467827825699_n-300x226.jpg\" alt=\"\" width=\"300\" height=\"226\" srcset=\"https:\/\/balcilar-blog.com\/wp-content\/uploads\/2024\/06\/447962890_18357709900097406_4994909467827825699_n-300x226.jpg 300w, https:\/\/balcilar-blog.com\/wp-content\/uploads\/2024\/06\/447962890_18357709900097406_4994909467827825699_n-136x102.jpg 136w, https:\/\/balcilar-blog.com\/wp-content\/uploads\/2024\/06\/447962890_18357709900097406_4994909467827825699_n.jpg 636w\" sizes=\"auto, (max-width: 300px) 100vw, 300px\" \/><\/a><\/p>\n<p>Da\u011fhan, polis amiri G\u00fcrkan ile kar\u015f\u0131 kar\u015f\u0131 gelse de ondan kendisine zarar gelmiyor.<\/p>\n<p>&nbsp;<\/p>\n<p><a href=\"https:\/\/balcilar-blog.com\/wp-content\/uploads\/2024\/06\/447957879_18357709954097406_5984180402352432064_n.jpg\"><img loading=\"lazy\" decoding=\"async\" class=\"alignnone size-medium wp-image-29096\" src=\"https:\/\/balcilar-blog.com\/wp-content\/uploads\/2024\/06\/447957879_18357709954097406_5984180402352432064_n-300x227.jpg\" alt=\"\" width=\"300\" height=\"227\" srcset=\"https:\/\/balcilar-blog.com\/wp-content\/uploads\/2024\/06\/447957879_18357709954097406_5984180402352432064_n-300x227.jpg 300w, https:\/\/balcilar-blog.com\/wp-content\/uploads\/2024\/06\/447957879_18357709954097406_5984180402352432064_n-136x102.jpg 136w, https:\/\/balcilar-blog.com\/wp-content\/uploads\/2024\/06\/447957879_18357709954097406_5984180402352432064_n.jpg 635w\" sizes=\"auto, (max-width: 300px) 100vw, 300px\" \/><\/a><\/p>\n<p>Da\u011fhan Ayadan ile hayatlar\u0131 birbirlerine kelep\u00e7elenmi\u015f gibi. Annesi Hatma Han\u0131m bile onlar\u0131 ay\u0131ramad\u0131.\u00a0 Ne yapsalar da sevgileri onlar\u0131 bir arada tuttu.<\/p>\n<p>&nbsp;<\/p>\n<p><a href=\"https:\/\/balcilar-blog.com\/wp-content\/uploads\/2024\/06\/447958691_18357709963097406_2271379109988815347_n.jpg\"><img loading=\"lazy\" decoding=\"async\" class=\"alignnone size-medium wp-image-29097\" src=\"https:\/\/balcilar-blog.com\/wp-content\/uploads\/2024\/06\/447958691_18357709963097406_2271379109988815347_n-300x227.jpg\" alt=\"\" width=\"300\" height=\"227\" srcset=\"https:\/\/balcilar-blog.com\/wp-content\/uploads\/2024\/06\/447958691_18357709963097406_2271379109988815347_n-300x227.jpg 300w, https:\/\/balcilar-blog.com\/wp-content\/uploads\/2024\/06\/447958691_18357709963097406_2271379109988815347_n-136x102.jpg 136w, https:\/\/balcilar-blog.com\/wp-content\/uploads\/2024\/06\/447958691_18357709963097406_2271379109988815347_n.jpg 634w\" sizes=\"auto, (max-width: 300px) 100vw, 300px\" \/><\/a><\/p>\n<p>Da\u011fhan k\u00f6t\u00fc bir karakteri canland\u0131rsa da; \u00c7ocuklar\u0131 \u00e7ok seviyor.\u00a0 Arkada\u015f\u0131n\u0131n o\u011fluna sahip \u00e7\u0131kt\u0131.<\/p>\n<p>&nbsp;<\/p>\n<p><a href=\"https:\/\/balcilar-blog.com\/wp-content\/uploads\/2024\/06\/447961062_18357709882097406_7136850351184054879_n.jpg\"><img loading=\"lazy\" decoding=\"async\" class=\"alignnone size-medium wp-image-29100\" src=\"https:\/\/balcilar-blog.com\/wp-content\/uploads\/2024\/06\/447961062_18357709882097406_7136850351184054879_n-300x226.jpg\" alt=\"\" width=\"300\" height=\"226\" srcset=\"https:\/\/balcilar-blog.com\/wp-content\/uploads\/2024\/06\/447961062_18357709882097406_7136850351184054879_n-300x226.jpg 300w, https:\/\/balcilar-blog.com\/wp-content\/uploads\/2024\/06\/447961062_18357709882097406_7136850351184054879_n-136x102.jpg 136w, https:\/\/balcilar-blog.com\/wp-content\/uploads\/2024\/06\/447961062_18357709882097406_7136850351184054879_n.jpg 636w\" sizes=\"auto, (max-width: 300px) 100vw, 300px\" \/><\/a><\/p>\n<p>Netice itibariyle \u00c7a\u011fatay Ulusoy, 7 y\u0131l sonra &#8216;<strong>\u0130\u00e7erde<\/strong>&#8216; tad\u0131nda bir Tv. dizisine daha imza att\u0131. Y\u0131llarca unutulmazlar aras\u0131na <span style=\"color: #0000ff\">GADDAR<\/span>&#8216;\u0131 yazd\u0131rd\u0131.<\/p>\n<p>\u00c7ok te\u015fekk\u00fcrler Ulusoy, yolun a\u00e7\u0131k olsun. \u00dcst\u00fcne koyarak\u00a0 daha kaliteli yap\u0131mlara imza atman\u0131, \u00f6d\u00fcller alman\u0131\u00a0 bekliyoruz.<\/p>\n<p>Sayg\u0131 ve Sevgiler<\/p>\n<p>Abdurrahman Balc\u0131lar<\/p>\n<p>&nbsp;<\/p>\n","protected":false},"excerpt":{"rendered":"<p>&nbsp; \u00c7a\u011fatay\u00a0 Ulusoy dijitallerden kopar\u00a0 Tv. ekranlar\u0131na gelir mi derken, 2024 y\u0131l\u0131 i\u00e7inde &#8216;Gaddar&#8217; olarak geldi, ge\u00e7ti ve bitti. 20 b\u00f6l\u00fcm oynad\u0131, sevenlerinin a\u011fz\u0131na bir damla bal s\u00fcrd\u00fc , milyonlarca seveninin \u00f6zlemini giderdi, bitti gitti. Bundan sonra bir daha dijital kanallardan kopup tekrar ekranlara ne zaman gelir bilemiyoruz. Burada Ay Yap\u0131m&#8217;a bir sat\u0131r aral\u0131\u011f\u0131 a\u00e7\u0131p, [&hellip;]<\/p>\n","protected":false},"author":3,"featured_media":28938,"comment_status":"open","ping_status":"closed","sticky":false,"template":"","format":"standard","meta":{"footnotes":""},"categories":[1],"tags":[2595,26,15,329,2525,2597,39,2594,449,1559,2578,2596,2452],"class_list":["post-29094","post","type-post","status-publish","format-standard","has-post-thumbnail","hentry","category-genel","tag-alpar-cankaya","tag-ay-yapim","tag-cagatay-ulusoy","tag-erdal-ozyagcilar","tag-gaddar","tag-huner-ebeoglu","tag-kerem-catay","tag-now-tv","tag-onur-sayak","tag-sinan-ozturk","tag-sumeyya-aydogan","tag-ugur-yildiran","tag-umutcan-utebay"],"views":1766,"blog_post_layout_featured_media_urls":{"thumbnail":["https:\/\/balcilar-blog.com\/wp-content\/uploads\/2024\/02\/GaddarDizi-150x150.jpg",150,150,true],"full":["https:\/\/balcilar-blog.com\/wp-content\/uploads\/2024\/02\/GaddarDizi.jpg",480,547,false]},"categories_names":{"1":{"name":"Genel","link":"https:\/\/balcilar-blog.com\/?cat=1"}},"tags_names":{"2595":{"name":"Alpar \u00c7ankaya","link":"https:\/\/balcilar-blog.com\/?tag=alpar-cankaya"},"26":{"name":"Ay Yap\u0131m","link":"https:\/\/balcilar-blog.com\/?tag=ay-yapim"},"15":{"name":"\u00e7a\u011fatay ulusoy","link":"https:\/\/balcilar-blog.com\/?tag=cagatay-ulusoy"},"329":{"name":"Erdal \u00d6zya\u011fc\u0131lar","link":"https:\/\/balcilar-blog.com\/?tag=erdal-ozyagcilar"},"2525":{"name":"Gaddar","link":"https:\/\/balcilar-blog.com\/?tag=gaddar"},"2597":{"name":"H\u00fcner Ebeo\u011flu","link":"https:\/\/balcilar-blog.com\/?tag=huner-ebeoglu"},"39":{"name":"Kerem \u00c7atay","link":"https:\/\/balcilar-blog.com\/?tag=kerem-catay"},"2594":{"name":"Now Tv","link":"https:\/\/balcilar-blog.com\/?tag=now-tv"},"449":{"name":"Onur sayak","link":"https:\/\/balcilar-blog.com\/?tag=onur-sayak"},"1559":{"name":"Sinan \u00d6zt\u00fcrk","link":"https:\/\/balcilar-blog.com\/?tag=sinan-ozturk"},"2578":{"name":"S\u00fcmeyya Aydo\u011fan","link":"https:\/\/balcilar-blog.com\/?tag=sumeyya-aydogan"},"2596":{"name":"U\u011fur Y\u0131ld\u0131ran","link":"https:\/\/balcilar-blog.com\/?tag=ugur-yildiran"},"2452":{"name":"Umutcan \u00dctebay","link":"https:\/\/balcilar-blog.com\/?tag=umutcan-utebay"}},"comments_number":"0","wpmagazine_modules_lite_featured_media_urls":{"thumbnail":["https:\/\/balcilar-blog.com\/wp-content\/uploads\/2024\/02\/GaddarDizi-150x150.jpg",150,150,true],"cvmm-medium":["https:\/\/balcilar-blog.com\/wp-content\/uploads\/2024\/02\/GaddarDizi-300x300.jpg",300,300,true],"cvmm-medium-plus":["https:\/\/balcilar-blog.com\/wp-content\/uploads\/2024\/02\/GaddarDizi-305x207.jpg",305,207,true],"cvmm-portrait":["https:\/\/balcilar-blog.com\/wp-content\/uploads\/2024\/02\/GaddarDizi-400x547.jpg",400,547,true],"cvmm-medium-square":["https:\/\/balcilar-blog.com\/wp-content\/uploads\/2024\/02\/GaddarDizi.jpg",480,547,false],"cvmm-large":["https:\/\/balcilar-blog.com\/wp-content\/uploads\/2024\/02\/GaddarDizi.jpg",480,547,false],"cvmm-small":["https:\/\/balcilar-blog.com\/wp-content\/uploads\/2024\/02\/GaddarDizi-130x95.jpg",130,95,true],"full":["https:\/\/balcilar-blog.com\/wp-content\/uploads\/2024\/02\/GaddarDizi.jpg",480,547,false]},"_links":{"self":[{"href":"https:\/\/balcilar-blog.com\/index.php?rest_route=\/wp\/v2\/posts\/29094","targetHints":{"allow":["GET"]}}],"collection":[{"href":"https:\/\/balcilar-blog.com\/index.php?rest_route=\/wp\/v2\/posts"}],"about":[{"href":"https:\/\/balcilar-blog.com\/index.php?rest_route=\/wp\/v2\/types\/post"}],"author":[{"embeddable":true,"href":"https:\/\/balcilar-blog.com\/index.php?rest_route=\/wp\/v2\/users\/3"}],"replies":[{"embeddable":true,"href":"https:\/\/balcilar-blog.com\/index.php?rest_route=%2Fwp%2Fv2%2Fcomments&post=29094"}],"version-history":[{"count":4,"href":"https:\/\/balcilar-blog.com\/index.php?rest_route=\/wp\/v2\/posts\/29094\/revisions"}],"predecessor-version":[{"id":29114,"href":"https:\/\/balcilar-blog.com\/index.php?rest_route=\/wp\/v2\/posts\/29094\/revisions\/29114"}],"wp:featuredmedia":[{"embeddable":true,"href":"https:\/\/balcilar-blog.com\/index.php?rest_route=\/wp\/v2\/media\/28938"}],"wp:attachment":[{"href":"https:\/\/balcilar-blog.com\/index.php?rest_route=%2Fwp%2Fv2%2Fmedia&parent=29094"}],"wp:term":[{"taxonomy":"category","embeddable":true,"href":"https:\/\/balcilar-blog.com\/index.php?rest_route=%2Fwp%2Fv2%2Fcategories&post=29094"},{"taxonomy":"post_tag","embeddable":true,"href":"https:\/\/balcilar-blog.com\/index.php?rest_route=%2Fwp%2Fv2%2Ftags&post=29094"}],"curies":[{"name":"wp","href":"https:\/\/api.w.org\/{rel}","templated":true}]}}