{"id":29012,"date":"2024-05-13T16:31:20","date_gmt":"2024-05-13T13:31:20","guid":{"rendered":"https:\/\/balcilar-blog.com\/?p=29012"},"modified":"2024-05-13T22:53:39","modified_gmt":"2024-05-13T19:53:39","slug":"cagatay-ulusoyun-kubra-dizisinin-2-sezonu-geliyor","status":"publish","type":"post","link":"https:\/\/balcilar-blog.com\/?p=29012","title":{"rendered":"\u00c7a\u011fatay Ulusoy&#8217;un K\u00fcbra Dizisinin 2. Sezonu Geliyor!"},"content":{"rendered":"<p><a href=\"https:\/\/balcilar-blog.com\/wp-content\/uploads\/2024\/05\/basrolde-cagatay-ulus.jpg\"><img loading=\"lazy\" decoding=\"async\" class=\"alignnone size-medium wp-image-29016\" src=\"https:\/\/balcilar-blog.com\/wp-content\/uploads\/2024\/05\/basrolde-cagatay-ulus-300x235.jpg\" alt=\"\" width=\"300\" height=\"235\" srcset=\"https:\/\/balcilar-blog.com\/wp-content\/uploads\/2024\/05\/basrolde-cagatay-ulus-300x235.jpg 300w, https:\/\/balcilar-blog.com\/wp-content\/uploads\/2024\/05\/basrolde-cagatay-ulus.jpg 613w\" sizes=\"auto, (max-width: 300px) 100vw, 300px\" \/><\/a><\/p>\n<p><strong><span style=\"color: #ff0000\">\u00c7a\u011fatay Ulusoy<\/span><\/strong>&#8216;un &#8216;<span style=\"color: #0000ff\"><strong>K\u00fcbra<\/strong><\/span>&#8216; adl\u0131 dizisinin birinci sezon b\u00f6l\u00fcmleri 2024 Ocak ay\u0131 i\u00e7inde ekranlar\u0131m\u0131za gelmi\u015fti.<\/p>\n<p>Birinci sezonun t\u00fcm b\u00f6l\u00fcmleri izleyenleri taraf\u0131ndan sevilerek izlenmi\u015f, b\u00fcy\u00fck be\u011feni toplam\u0131\u015ft\u0131. Seyirciler 2.sezon yeni b\u00f6l\u00fcmlerinin ne zaman gelece\u011fi sosyal medyada \u00e7ok sorulur olmu\u015ftu.<\/p>\n<p>Netflix ikinci sezon b\u00f6l\u00fcmlerinin \u00f6n\u00fcm\u00fczdeki Haziran ay\u0131nda yay\u0131nlanaca\u011f\u0131n\u0131 a\u00e7\u0131klad\u0131.<\/p>\n<p>K\u00fcbra&#8217;n\u0131n 2.sezon b\u00f6l\u00fcmlerinde y\u00f6netmen olarak, Ya\u011fmur Taylan ve Durul Taylan&#8217;\u0131n yer al\u0131yor.<\/p>\n<p><span style=\"color: #0000ff\"><strong>K\u00dcBRA 2.SEZON B\u00d6L\u00dcMLER\u0130N\u0130N KONUSU\u00a0<\/strong><\/span><\/p>\n<p><a href=\"https:\/\/balcilar-blog.com\/wp-content\/uploads\/2024\/05\/kubra-2.sezon_.3.webp\"><img loading=\"lazy\" decoding=\"async\" class=\"alignnone size-medium wp-image-29048\" src=\"https:\/\/balcilar-blog.com\/wp-content\/uploads\/2024\/05\/kubra-2.sezon_.3-300x169.webp\" alt=\"\" width=\"300\" height=\"169\" srcset=\"https:\/\/balcilar-blog.com\/wp-content\/uploads\/2024\/05\/kubra-2.sezon_.3-300x169.webp 300w, https:\/\/balcilar-blog.com\/wp-content\/uploads\/2024\/05\/kubra-2.sezon_.3.webp 752w\" sizes=\"auto, (max-width: 300px) 100vw, 300px\" \/><\/a><\/p>\n<p>Senaryosunu Murat Uyurkulak, Rana Mamatl\u0131o\u011flu ve Bekir Baran S\u0131tk\u0131 birlikte yazm\u0131\u015flar. Senaryosunu Murat Uyurkulak, Rana Mamatl\u0131o\u011flu ve Bekir Baran S\u0131tk\u0131 &#8216;n\u0131n kaleme ald\u0131\u011f\u0131 K\u00fcbra&#8217;n\u0131n yeni sezon konusu belli oldu. Netflix OGM Pictures imzal\u0131 dizinin yeni sezonu i\u00e7in aynen \u015fu ifadeler kullan\u0131l\u0131yor.<\/p>\n<div class=\"galleryItem\" data-index=\"4\">\n<figure><figcaption>&#8220;<span style=\"color: #ff0000\">K\u00fcbra<\/span> hakk\u0131ndaki ger\u00e7e\u011fin ortaya \u00e7\u0131kmas\u0131n\u0131 inanc\u0131 ad\u0131na ba\u015fka bir s\u0131nav olarak g\u00f6ren G\u00f6khan&#8217;\u0131n as\u0131l m\u00fccadelesi \u015fimdi ba\u015flamaktad\u0131r. Kendisini &#8216;Semavi&#8217; yapan sars\u0131lmaz inanc\u0131n\u0131n ona verdi\u011fi g\u00fc\u00e7le ald\u0131\u011f\u0131 her karar\u0131n art\u0131k bir bedeli vard\u0131r; yeni \u00e7\u0131kmazlar\u0131n i\u00e7inde, sadece d\u00fc\u015fman bildikleriyle de\u011fil, sevdikleriyle hatta kendisiyle de sava\u015fmas\u0131 gerekecektir. Peki G\u00f6khan, Semavi olarak y\u00fcr\u00fcmeyi se\u00e7ti\u011fi yolda, inanc\u0131n\u0131n g\u00fcc\u00fcne sahip \u00e7\u0131k\u0131p do\u011fru yolu bulmay\u0131 ama\u00e7larken, K\u00fcbra ona karanl\u0131\u011f\u0131 ayd\u0131nlatmas\u0131nda yard\u0131mc\u0131 olacak m\u0131d\u0131r?&#8221;<\/figcaption><\/figure>\n<\/div>\n<div class=\"galleryItem\" data-index=\"5\">\n<p><span style=\"color: #0000ff\"><strong>K\u00dcBRA 2. SEZON OYUNCU KADROSU<\/strong><\/span><\/p>\n<p>\u0130lk sezonda oldu\u011fu gibi ba\u015frolde \u00c7a\u011fatay Ulusoy yer al\u0131yor.<\/p>\n<p><a href=\"https:\/\/balcilar-blog.com\/wp-content\/uploads\/2024\/05\/KUBRA.2.SEZON_-2.webp\"><img loading=\"lazy\" decoding=\"async\" class=\"alignnone size-medium wp-image-29032\" src=\"https:\/\/balcilar-blog.com\/wp-content\/uploads\/2024\/05\/KUBRA.2.SEZON_-2-300x169.webp\" alt=\"\" width=\"300\" height=\"169\" srcset=\"https:\/\/balcilar-blog.com\/wp-content\/uploads\/2024\/05\/KUBRA.2.SEZON_-2-300x169.webp 300w, https:\/\/balcilar-blog.com\/wp-content\/uploads\/2024\/05\/KUBRA.2.SEZON_-2.webp 752w\" sizes=\"auto, (max-width: 300px) 100vw, 300px\" \/><\/a><\/p>\n<p>Ulusoy ile birlikte Asl\u0131han Malbora, Ahsen Ero\u011flu, Nazan Kesal, Cihan Talay, Aytek \u015eayan, Meri\u00e7 Rakalar, Deniz I\u015f\u0131n, Onur \u00dcnsal, Mehmet \u00c7a\u011fr\u0131 \u00c7\u0131tanak ve Ahmet M\u00fcmtaz Taylan gibi isimler de kadroda yer al\u0131yor.<\/p>\n<\/div>\n<p><span style=\"color: #ff0000\"><strong>K\u00fcbra<\/strong><\/span> dizisinin ikinci sezonu, 6 Haziran&#8217;da izleyicilerle bulu\u015facak.<\/p>\n<p>\u0130lk sezonda oldu\u011fu gibi yine 2.sezon da be\u011feni ile izlenecektir.<\/p>\n<p>Keyifli Seyirler<\/p>\n<p>Abdurrahman Balc\u0131lar<\/p>\n","protected":false},"excerpt":{"rendered":"<p>\u00c7a\u011fatay Ulusoy&#8216;un &#8216;K\u00fcbra&#8216; adl\u0131 dizisinin birinci sezon b\u00f6l\u00fcmleri 2024 Ocak ay\u0131 i\u00e7inde ekranlar\u0131m\u0131za gelmi\u015fti. Birinci sezonun t\u00fcm b\u00f6l\u00fcmleri izleyenleri taraf\u0131ndan sevilerek izlenmi\u015f, b\u00fcy\u00fck be\u011feni toplam\u0131\u015ft\u0131. Seyirciler 2.sezon yeni b\u00f6l\u00fcmlerinin ne zaman gelece\u011fi sosyal medyada \u00e7ok sorulur olmu\u015ftu. Netflix ikinci sezon b\u00f6l\u00fcmlerinin \u00f6n\u00fcm\u00fczdeki Haziran ay\u0131nda yay\u0131nlanaca\u011f\u0131n\u0131 a\u00e7\u0131klad\u0131. K\u00fcbra&#8217;n\u0131n 2.sezon b\u00f6l\u00fcmlerinde y\u00f6netmen olarak, Ya\u011fmur Taylan ve Durul [&hellip;]<\/p>\n","protected":false},"author":3,"featured_media":29016,"comment_status":"open","ping_status":"closed","sticky":false,"template":"","format":"standard","meta":{"footnotes":""},"categories":[2123],"tags":[15,2589,2482,1478,2588],"class_list":["post-29012","post","type-post","status-publish","format-standard","has-post-thumbnail","hentry","category-internet-dizileri","tag-cagatay-ulusoy","tag-durul-taylan","tag-kubra","tag-netflix","tag-yagmur-taylan"],"views":1006,"blog_post_layout_featured_media_urls":{"thumbnail":["https:\/\/balcilar-blog.com\/wp-content\/uploads\/2024\/05\/basrolde-cagatay-ulus-150x150.jpg",150,150,true],"full":["https:\/\/balcilar-blog.com\/wp-content\/uploads\/2024\/05\/basrolde-cagatay-ulus.jpg",613,480,false]},"categories_names":{"2123":{"name":"Internet Dizileri","link":"https:\/\/balcilar-blog.com\/?cat=2123"}},"tags_names":{"15":{"name":"\u00e7a\u011fatay ulusoy","link":"https:\/\/balcilar-blog.com\/?tag=cagatay-ulusoy"},"2589":{"name":"Durul Taylan","link":"https:\/\/balcilar-blog.com\/?tag=durul-taylan"},"2482":{"name":"K\u00fcbra","link":"https:\/\/balcilar-blog.com\/?tag=kubra"},"1478":{"name":"Netflix","link":"https:\/\/balcilar-blog.com\/?tag=netflix"},"2588":{"name":"Ya\u011fmur Taylan","link":"https:\/\/balcilar-blog.com\/?tag=yagmur-taylan"}},"comments_number":"0","wpmagazine_modules_lite_featured_media_urls":{"thumbnail":["https:\/\/balcilar-blog.com\/wp-content\/uploads\/2024\/05\/basrolde-cagatay-ulus-150x150.jpg",150,150,true],"cvmm-medium":["https:\/\/balcilar-blog.com\/wp-content\/uploads\/2024\/05\/basrolde-cagatay-ulus-300x300.jpg",300,300,true],"cvmm-medium-plus":["https:\/\/balcilar-blog.com\/wp-content\/uploads\/2024\/05\/basrolde-cagatay-ulus-305x207.jpg",305,207,true],"cvmm-portrait":["https:\/\/balcilar-blog.com\/wp-content\/uploads\/2024\/05\/basrolde-cagatay-ulus-400x480.jpg",400,480,true],"cvmm-medium-square":["https:\/\/balcilar-blog.com\/wp-content\/uploads\/2024\/05\/basrolde-cagatay-ulus-600x480.jpg",600,480,true],"cvmm-large":["https:\/\/balcilar-blog.com\/wp-content\/uploads\/2024\/05\/basrolde-cagatay-ulus.jpg",613,480,false],"cvmm-small":["https:\/\/balcilar-blog.com\/wp-content\/uploads\/2024\/05\/basrolde-cagatay-ulus-130x95.jpg",130,95,true],"full":["https:\/\/balcilar-blog.com\/wp-content\/uploads\/2024\/05\/basrolde-cagatay-ulus.jpg",613,480,false]},"_links":{"self":[{"href":"https:\/\/balcilar-blog.com\/index.php?rest_route=\/wp\/v2\/posts\/29012","targetHints":{"allow":["GET"]}}],"collection":[{"href":"https:\/\/balcilar-blog.com\/index.php?rest_route=\/wp\/v2\/posts"}],"about":[{"href":"https:\/\/balcilar-blog.com\/index.php?rest_route=\/wp\/v2\/types\/post"}],"author":[{"embeddable":true,"href":"https:\/\/balcilar-blog.com\/index.php?rest_route=\/wp\/v2\/users\/3"}],"replies":[{"embeddable":true,"href":"https:\/\/balcilar-blog.com\/index.php?rest_route=%2Fwp%2Fv2%2Fcomments&post=29012"}],"version-history":[{"count":7,"href":"https:\/\/balcilar-blog.com\/index.php?rest_route=\/wp\/v2\/posts\/29012\/revisions"}],"predecessor-version":[{"id":29049,"href":"https:\/\/balcilar-blog.com\/index.php?rest_route=\/wp\/v2\/posts\/29012\/revisions\/29049"}],"wp:featuredmedia":[{"embeddable":true,"href":"https:\/\/balcilar-blog.com\/index.php?rest_route=\/wp\/v2\/media\/29016"}],"wp:attachment":[{"href":"https:\/\/balcilar-blog.com\/index.php?rest_route=%2Fwp%2Fv2%2Fmedia&parent=29012"}],"wp:term":[{"taxonomy":"category","embeddable":true,"href":"https:\/\/balcilar-blog.com\/index.php?rest_route=%2Fwp%2Fv2%2Fcategories&post=29012"},{"taxonomy":"post_tag","embeddable":true,"href":"https:\/\/balcilar-blog.com\/index.php?rest_route=%2Fwp%2Fv2%2Ftags&post=29012"}],"curies":[{"name":"wp","href":"https:\/\/api.w.org\/{rel}","templated":true}]}}