{"id":2872,"date":"2014-08-12T15:40:26","date_gmt":"2014-08-12T12:40:26","guid":{"rendered":"http:\/\/balcilar-blog.com\/?p=2872"},"modified":"2014-08-12T21:49:11","modified_gmt":"2014-08-12T18:49:11","slug":"cagatay-ulusoy-merhaba-dedigi-ile-sevgili-olduklari-yakistiriyor","status":"publish","type":"post","link":"https:\/\/balcilar-blog.com\/?p=2872","title":{"rendered":"\u00c7a\u011fatay Ulusoy&#8217;un merhaba dedi\u011fi k\u0131z ile sevgili olduklar\u0131 yak\u0131\u015ft\u0131r\u0131l\u0131yor?"},"content":{"rendered":"<p><a href=\"http:\/\/balcilar-blog.com\/wp-content\/uploads\/2014\/06\/Ekran-Al\u0131nt\u0131s\u0131.PNGmd37.3.png\"><img loading=\"lazy\" decoding=\"async\" class=\"alignnone size-full wp-image-2264\" src=\"http:\/\/balcilar-blog.com\/wp-content\/uploads\/2014\/06\/Ekran-Al\u0131nt\u0131s\u0131.PNGmd37.3.png\" alt=\"Ekran Al\u0131nt\u0131s\u0131.PNGmd37.3\" width=\"764\" height=\"426\" srcset=\"https:\/\/balcilar-blog.com\/wp-content\/uploads\/2014\/06\/Ekran-Al\u0131nt\u0131s\u0131.PNGmd37.3.png 764w, https:\/\/balcilar-blog.com\/wp-content\/uploads\/2014\/06\/Ekran-Al\u0131nt\u0131s\u0131.PNGmd37.3-300x167.png 300w\" sizes=\"auto, (max-width: 764px) 100vw, 764px\" \/><\/a><\/p>\n<p>\u00c7a\u011fatay Ulusoy sosyal medyada ve magazin bas\u0131n\u0131nda son aylarda s\u0131k\u00e7a ismi ge\u00e7iyor. Yak\u0131\u015f\u0131kl\u0131 oldu\u011fu kadar sempatik olan oyuncu, gen\u00e7 k\u0131zlar\u0131m\u0131z\u0131n g\u00f6n\u00fcllerini gitik\u00e7e fethediyor. Onun her girdi\u011fi mekan, her bulundu\u011fu ortam ve dola\u015ft\u0131\u011f\u0131 sokaklar sevenleri ve bas\u0131n mensuplar\u0131 taraf\u0131ndan takip ediliyor. Onunla ayn\u0131 karede resim \u00e7ektirmek istiyenler s\u0131raya giriyor. Son derece al\u00e7ak g\u00f6n\u00fcll\u00fc olan \u00c7a\u011fatay hi\u00e7birisine hay\u0131r da diyemiyor. Bas\u0131n taraf\u0131ndan a\u011fz\u0131ndan laf almak istiyen bas\u0131n mensuplar\u0131na sadece o tatl\u0131 tebess\u00fcm\u00fc ile kar\u015f\u0131l\u0131yor, sessiz kalmay\u0131 ye\u011fliyor. Son aylarda sevgilisi Serenay Sar\u0131kaya ile birlikte g\u00f6z\u00fckmeyen ayr\u0131 ayr\u0131 yerdlerde tatil yapan sevgililer i\u00e7in dedikodular al\u0131p ba\u015f\u0131n\u0131 gidiyor.<\/p>\n<p><a href=\"http:\/\/balcilar-blog.com\/wp-content\/uploads\/2014\/08\/080820141237330933287_3-derya.jpg\"><img loading=\"lazy\" decoding=\"async\" class=\"alignnone size-full wp-image-2873\" src=\"http:\/\/balcilar-blog.com\/wp-content\/uploads\/2014\/08\/080820141237330933287_3-derya.jpg\" alt=\"080820141237330933287_3 derya\" width=\"412\" height=\"405\" srcset=\"https:\/\/balcilar-blog.com\/wp-content\/uploads\/2014\/08\/080820141237330933287_3-derya.jpg 412w, https:\/\/balcilar-blog.com\/wp-content\/uploads\/2014\/08\/080820141237330933287_3-derya-300x294.jpg 300w\" sizes=\"auto, (max-width: 412px) 100vw, 412px\" \/><\/a><\/p>\n<p>\u00c7a\u011fatay Ulusoy bu yaz genellikle i\u015fleri nedeniyle \u0130stanbul&#8217;da zaman\u0131n\u0131 ge\u00e7irdi. Ramazan ay\u0131 i\u00e7ide bir ara Ayval\u0131k Cunda adas\u0131nda tatil yapt\u0131. O s\u0131ralarda ge\u00e7en y\u0131l \u00c7e\u015fme&#8217;de bir gece kul\u00fcb\u00fcnde birlikte g\u00f6r\u00fcnt\u00fclendi\u011fi Derya \u015eensoy ile g\u00f6r\u00fcld\u00fc. Sonra da \u00c7e\u015fme&#8217;ye giden \u00c7a\u011fatay Ulusoy Derya \u015eensoy ile sevgili olduklar\u0131 yaz\u0131ld\u0131, \u00e7izildi. Halbuki Derye \u015fensoy \u015fu s\u0131ralarda oyuncu Se\u00e7kin \u00d6zdemir ile arkada\u015flar. Hatta bu arkada\u015fl\u0131klar\u0131 ailelerin tan\u0131\u015ft\u0131r\u0131lmas\u0131 ile evlili\u011fe do\u011fru gidiyormu\u015f. Derya \u015eensoy&#8217;un annesi Derya Baykal bu dedikodular\u0131 kay\u0131ts\u0131z kalmam\u0131\u015f, mustakbel damatlar\u0131 Se\u00e7kin \u00d6zdemir ile yemekte \u00e7ekilen resimlerini instagram&#8217;da yay\u0131nlam\u0131\u015ft\u0131r.<\/p>\n<p><a href=\"http:\/\/balcilar-blog.com\/wp-content\/uploads\/2014\/08\/Bucz8bvCUAERTpY-derya.jpg\"><img loading=\"lazy\" decoding=\"async\" class=\"alignnone size-full wp-image-2874\" src=\"http:\/\/balcilar-blog.com\/wp-content\/uploads\/2014\/08\/Bucz8bvCUAERTpY-derya.jpg\" alt=\"Bucz8bvCUAERTpY derya\" width=\"576\" height=\"414\" srcset=\"https:\/\/balcilar-blog.com\/wp-content\/uploads\/2014\/08\/Bucz8bvCUAERTpY-derya.jpg 576w, https:\/\/balcilar-blog.com\/wp-content\/uploads\/2014\/08\/Bucz8bvCUAERTpY-derya-300x215.jpg 300w\" sizes=\"auto, (max-width: 576px) 100vw, 576px\" \/><\/a><\/p>\n<p>\u00c7a\u011fatay Ulusoy \u015fu g\u00fcnlerde \u00c7e\u015fme sahillerinde denize giriyor, geceleri de de\u011fi\u015fik mekanlarda tatilinin son g\u00fcnlarini ge\u00e7iriyor. Magazin bas\u0131n\u0131 arabas\u0131na ald\u0131\u011f\u0131 her gen\u00e7 k\u0131z\u0131 da \u00c7a\u011fatay ile sevgili olduklar\u0131n\u0131 yaz\u0131yorlar. Pazar magazin ekibi \u00c7a\u011fatay Ulusoy&#8217;u g\u00f6r\u00fcnt\u00fcledi. Arabas\u0131n\u0131n arka koltu\u011funda oturan bir arkada\u015f\u0131 g\u00fczel bayan\u0131 sevgilisi olarak yak\u0131\u015ft\u0131rd\u0131. Serenay Sar\u0131kaya ile ayr\u0131 tatil yapmalar\u0131 nedeniyle, sorular soruldu. \u00c7a\u011fatay her zaman oldu\u011fu gibi sessiz kald\u0131, o tatl\u0131 tebess\u00fcm\u00fc ile g\u00fcl\u00fcmsiyerek cevaps\u0131z b\u0131rakt\u0131.\u00a0 \u00c7apk\u0131nl\u0131k yapt\u0131\u011f\u0131 s\u00f6ylendi. \u00c7a\u011fatay Ulusoy, ger\u00e7ekten bu kadar \u00e7apk\u0131n biri mi? diye d\u00fc\u015f\u00fcnmeden edemiyoruz. \u00c7a\u011fatay hepsi arkada\u015f\u0131m\u0131z diyerek sorular\u0131 ge\u00e7i\u015ftiyor.<\/p>\n<p><a href=\"http:\/\/balcilar-blog.com\/wp-content\/uploads\/2014\/08\/BuP_TMsCUAApq5g1.jpg\"><img loading=\"lazy\" decoding=\"async\" class=\"alignnone size-full wp-image-2789\" src=\"http:\/\/balcilar-blog.com\/wp-content\/uploads\/2014\/08\/BuP_TMsCUAApq5g1.jpg\" alt=\"BuP_TMsCUAApq5g[1]\" width=\"512\" height=\"350\" srcset=\"https:\/\/balcilar-blog.com\/wp-content\/uploads\/2014\/08\/BuP_TMsCUAApq5g1.jpg 512w, https:\/\/balcilar-blog.com\/wp-content\/uploads\/2014\/08\/BuP_TMsCUAApq5g1-300x205.jpg 300w\" sizes=\"auto, (max-width: 512px) 100vw, 512px\" \/><\/a><\/p>\n<p>Magazin bas\u0131n\u0131 bu yaz Serenay ile yukar\u0131daki foto\u011frafta oldu\u011fu gibi bir arada g\u00f6r\u00fcnt\u00fclemek istiyorlard\u0131. Bu olmad\u0131, onlar\u0131 ancak foto-shopla bir arada resimlerini g\u00f6rebildik. \u00c7a\u011fatay ile Serenay&#8217;\u0131 ancak \u00f6n\u00fcm\u00fczdeki Eyl\u00fcl&#8217;de Medcezir&#8217;de Yaman-Mira olarak, iki sevgiliyi canland\u0131rd\u0131klar\u0131 dizide g\u00f6rebilece\u011fiz.<\/p>\n<p>Bu yaz \u00c7a\u011fatay Ulusoy&#8217;u sansasyonel bir haber ve g\u00f6r\u00fcnt\u00fc ile yakalanmad\u0131. Bu nedenle Serenay&#8217;\u0131n \u00c7a\u011fatay&#8217;a hesap soracak bir durumu yok. Onlar\u0131 biz Medcezir&#8217;de gene yanyana g\u00f6recece\u011fiz. Set aralar\u0131nda belki hi\u00e7 bir \u015fey olmam\u0131\u015f gibi iki sevgili olarak hayatlar\u0131na devam edecekler.<\/p>\n<p><a href=\"http:\/\/balcilar-blog.com\/wp-content\/uploads\/2014\/06\/Ekran-Al\u0131nt\u0131s\u0131.PNGmd38.19.png\"><img loading=\"lazy\" decoding=\"async\" class=\"alignnone size-full wp-image-2374\" src=\"http:\/\/balcilar-blog.com\/wp-content\/uploads\/2014\/06\/Ekran-Al\u0131nt\u0131s\u0131.PNGmd38.19.png\" alt=\"Ekran Al\u0131nt\u0131s\u0131.PNGmd38.19\" width=\"729\" height=\"439\" srcset=\"https:\/\/balcilar-blog.com\/wp-content\/uploads\/2014\/06\/Ekran-Al\u0131nt\u0131s\u0131.PNGmd38.19.png 729w, https:\/\/balcilar-blog.com\/wp-content\/uploads\/2014\/06\/Ekran-Al\u0131nt\u0131s\u0131.PNGmd38.19-300x180.png 300w\" sizes=\"auto, (max-width: 729px) 100vw, 729px\" \/><\/a><\/p>\n<p>Meyve veren a\u011fa\u00e7 ta\u015flan\u0131r. Ba\u015far\u0131l\u0131 ve yak\u0131\u015f\u0131kl\u0131 oyuncu bu nedenle hep sosyal medyada \u00e7ok\u00e7a konu\u015fuldu, g\u00f6r\u00fcnt\u00fcklendi, yaz\u0131ld\u0131-\u00e7izildi.<\/p>\n<p>Ba\u015far\u0131l\u0131 oyuncu \u00f6n\u00fcm\u00fczdeki Medcezir b\u00f6l\u00fcmlerlrinde g\u00f6sterece\u011fi \u00fcst\u00fcn performans\u0131 ile herkese cevap verecek, ben buyum diyecektir.<\/p>\n<p>Ay Yap\u0131m&#8217;\u0131n bu s\u00fcper dizisinde Senarist Ece Y\u00f6ren\u00e7 de, \u00c7a\u011fatay Ulusoy ile aralar\u0131nda bir k\u0131rg\u0131nl\u0131k olmad\u0131\u011f\u0131n\u0131, \u00a0rol\u00fcn\u00fcn de s\u00fcresinin azalt\u0131lmad\u0131\u011f\u0131n\u0131, bu t\u00fcr haberlerin as\u0131ls\u0131z birer yalan oldu\u011funu twitter den yalanlad\u0131. Bu \u00a0durumda ald\u0131\u011f\u0131 s\u00fcper \u00fccret zamm\u0131 ile \u00c7a\u011fatay&#8217;a ayr\u0131ca bir doping olacakt\u0131r. Normal performans\u0131n\u0131n iki kat\u0131 i\u015f \u00e7\u0131kartaca\u011f\u0131n\u0131 inan\u0131yorum.<\/p>\n<p>Sayg\u0131lar, sevgiler.<br \/>\nAbdurrahman Balc\u0131lar<br \/>\nTwitter: abdurrahman balc\u0131lar@abbalcilar<br \/>\nFace : ab.balcilar@hotmail.com<br \/>\nBlog: milliyet.com.tr\/cansever<br \/>\nBlog: balcilar-blog.com<br \/>\nNot: G\u00f6rseller \u0130nternetten ve \u00c7a\u011fatay Ulusoy Twitter sayfas\u0131ndsan kopyalanm\u0131\u015ft\u0131r<\/p>\n<p>Not: Burada yaz\u0131lan t\u00fcm yaz\u0131lar\u0131n elektronik imza ve zaman damgas\u0131 g\u00fcvencesi alt\u0131nda yasal haklar\u0131 korunmaktad\u0131r. Hi\u00e7bir \u015fekilde bas\u0131l\u0131 ya da elektronik bir ortamda (CD, \u0130nternet vs.) kaynak g\u00f6sterilmeksizin izin al\u0131nmadan kullan\u0131lmaz.<\/p>\n<p>&nbsp;<\/p>\n<p>&nbsp;<\/p>\n<p>&nbsp;<\/p>\n<p>&nbsp;<\/p>\n","protected":false},"excerpt":{"rendered":"<p>\u00c7a\u011fatay Ulusoy sosyal medyada ve magazin bas\u0131n\u0131nda son aylarda s\u0131k\u00e7a ismi ge\u00e7iyor. Yak\u0131\u015f\u0131kl\u0131 oldu\u011fu kadar sempatik olan oyuncu, gen\u00e7 k\u0131zlar\u0131m\u0131z\u0131n g\u00f6n\u00fcllerini gitik\u00e7e fethediyor. Onun her girdi\u011fi mekan, her bulundu\u011fu ortam ve dola\u015ft\u0131\u011f\u0131 sokaklar sevenleri ve bas\u0131n mensuplar\u0131 taraf\u0131ndan takip ediliyor. Onunla ayn\u0131 karede resim \u00e7ektirmek istiyenler s\u0131raya giriyor. Son derece al\u00e7ak g\u00f6n\u00fcll\u00fc olan \u00c7a\u011fatay hi\u00e7birisine [&hellip;]<\/p>\n","protected":false},"author":3,"featured_media":0,"comment_status":"open","ping_status":"open","sticky":false,"template":"","format":"standard","meta":{"footnotes":""},"categories":[7],"tags":[26,15,29,16,27,25],"class_list":["post-2872","post","type-post","status-publish","format-standard","hentry","category-magazin","tag-ay-yapim","tag-cagatay-ulusoy","tag-ece-yorenc","tag-medcezir","tag-serenay-sarikaya","tag-star-tv"],"views":5708,"blog_post_layout_featured_media_urls":{"thumbnail":"","full":""},"categories_names":{"7":{"name":"Magazin","link":"https:\/\/balcilar-blog.com\/?cat=7"}},"tags_names":{"26":{"name":"Ay Yap\u0131m","link":"https:\/\/balcilar-blog.com\/?tag=ay-yapim"},"15":{"name":"\u00e7a\u011fatay ulusoy","link":"https:\/\/balcilar-blog.com\/?tag=cagatay-ulusoy"},"29":{"name":"Ece Y\u00f6ren\u00e7","link":"https:\/\/balcilar-blog.com\/?tag=ece-yorenc"},"16":{"name":"medcezir","link":"https:\/\/balcilar-blog.com\/?tag=medcezir"},"27":{"name":"Serenay Sar\u0131kaya","link":"https:\/\/balcilar-blog.com\/?tag=serenay-sarikaya"},"25":{"name":"Star Tv","link":"https:\/\/balcilar-blog.com\/?tag=star-tv"}},"comments_number":"0","wpmagazine_modules_lite_featured_media_urls":{"thumbnail":"","cvmm-medium":"","cvmm-medium-plus":"","cvmm-portrait":"","cvmm-medium-square":"","cvmm-large":"","cvmm-small":"","full":""},"_links":{"self":[{"href":"https:\/\/balcilar-blog.com\/index.php?rest_route=\/wp\/v2\/posts\/2872","targetHints":{"allow":["GET"]}}],"collection":[{"href":"https:\/\/balcilar-blog.com\/index.php?rest_route=\/wp\/v2\/posts"}],"about":[{"href":"https:\/\/balcilar-blog.com\/index.php?rest_route=\/wp\/v2\/types\/post"}],"author":[{"embeddable":true,"href":"https:\/\/balcilar-blog.com\/index.php?rest_route=\/wp\/v2\/users\/3"}],"replies":[{"embeddable":true,"href":"https:\/\/balcilar-blog.com\/index.php?rest_route=%2Fwp%2Fv2%2Fcomments&post=2872"}],"version-history":[{"count":6,"href":"https:\/\/balcilar-blog.com\/index.php?rest_route=\/wp\/v2\/posts\/2872\/revisions"}],"predecessor-version":[{"id":2880,"href":"https:\/\/balcilar-blog.com\/index.php?rest_route=\/wp\/v2\/posts\/2872\/revisions\/2880"}],"wp:attachment":[{"href":"https:\/\/balcilar-blog.com\/index.php?rest_route=%2Fwp%2Fv2%2Fmedia&parent=2872"}],"wp:term":[{"taxonomy":"category","embeddable":true,"href":"https:\/\/balcilar-blog.com\/index.php?rest_route=%2Fwp%2Fv2%2Fcategories&post=2872"},{"taxonomy":"post_tag","embeddable":true,"href":"https:\/\/balcilar-blog.com\/index.php?rest_route=%2Fwp%2Fv2%2Ftags&post=2872"}],"curies":[{"name":"wp","href":"https:\/\/api.w.org\/{rel}","templated":true}]}}