{"id":2867,"date":"2014-08-12T13:32:49","date_gmt":"2014-08-12T10:32:49","guid":{"rendered":"http:\/\/balcilar-blog.com\/?p=2867"},"modified":"2014-08-12T14:02:12","modified_gmt":"2014-08-12T11:02:12","slug":"beni-boyle-sev-furkanin-tokadi-sedayi-diziden-etti","status":"publish","type":"post","link":"https:\/\/balcilar-blog.com\/?p=2867","title":{"rendered":"Beni B\u00f6yle Sev \/ Furkan\u2019\u0131n tokad\u0131 Seda\u2019y\u0131 diziden etti!"},"content":{"rendered":"<div class=\"topLine\" style=\"font: 12px\/normal Arial, Helvetica, sans-serif; list-style: none; margin: 0px; padding: 0px; outline: 0px; border: 0px currentColor; color: #000000; text-transform: none; text-indent: 0px; letter-spacing: normal; word-spacing: 0px; vertical-align: baseline; white-space: normal; background-color: #ffffff; -webkit-text-stroke-width: 0px;\">\n<div class=\"tarih\" style=\"background: #ffffff; font: 23px\/normal Arial, Helvetica, sans-serif; list-style: none; margin: 0px; padding: 5px 17px 3px 0px; outline: 0px; border: 0px currentColor; width: 170px; text-align: center; color: #868484; vertical-align: baseline; float: left; display: block;\">\n<h4 style=\"font: bold 23px\/normal Arial, Helvetica, sans-serif; list-style: none; margin: 0px; padding: 0px; outline: 0px; border: 0px currentColor; vertical-align: baseline;\">12 A\u011fustos &#8217;14<\/h4>\n<\/div>\n<ul style=\"font: 12px\/normal Arial, Helvetica, sans-serif; list-style: none; margin: 0px; padding: 0px; outline: 0px; border: 0px currentColor; vertical-align: baseline; float: right;\">\n<li style=\"font: 12px\/normal Arial, Helvetica, sans-serif; list-style: none; margin: 0px 10px 0px 0px; padding: 0px; outline: 0px; border: 0px currentColor; vertical-align: baseline; float: left;\"><a style=\"background: url('http:\/\/blog.milliyet.com.tr\/d\/i\/body\/ico_navs.png') no-repeat; font: 12px\/normal Arial, Helvetica, sans-serif; list-style: none; margin: 0px; padding: 0px; outline: 0px; border: 0px currentColor; width: 17px; height: 19px; color: #000000; text-indent: -9999px; text-decoration: none; vertical-align: baseline; display: block; cursor: pointer !important;\" title=\"Medcezir\u2019de \u00c7a\u011fatay Ulusoy krizi!\" href=\"http:\/\/blog.milliyet.com.tr\/medcezir-de-cagatay-ulusoy-krizi-\/Blog\/?BlogNo=470251\">Geri<\/a><\/li>\n<\/ul>\n<div class=\"clear\" style=\"font: 1px\/0 Arial, Helvetica, sans-serif; list-style: none; margin: 0px; padding: 0px; outline: 0px; border: 0px currentColor; height: 0px; overflow: hidden; clear: both; vertical-align: baseline;\"><\/div>\n<\/div>\n<div class=\"yaziDetay detailClass\" style=\"font: 12px\/normal Arial, Helvetica, sans-serif; list-style: none; margin: 0px; padding: 0px; outline: 0px; border: 0px currentColor; color: #000000; text-transform: none; text-indent: 0px; letter-spacing: normal; word-spacing: 0px; vertical-align: baseline; white-space: normal; background-color: #ffffff; -webkit-text-stroke-width: 0px;\">\n<dl class=\"left\" style=\"font: 12px\/normal Arial, Helvetica, sans-serif; list-style: none; margin: 0px; padding: 0px; outline: 0px; border: 0px currentColor; width: 435px; vertical-align: baseline; float: left;\">\n<dt style=\"font: bold 16px\/normal Arial, Helvetica, sans-serif; list-style: none; margin: 0px 5px 0px 0px; padding: 0px; outline: 0px; border: 0px currentColor; color: #868484; vertical-align: baseline; float: left;\">Kategori<\/dt>\n<dd style=\"font: 16px\/normal Arial, Helvetica, sans-serif; list-style: none; margin: 0px; padding: 0px; outline: 0px; border: 0px currentColor; color: #ac43be; vertical-align: baseline;\"><strong>TV Programlar\u0131.<\/strong><\/dd>\n<\/dl>\n<\/div>\n<div class=\"clear\" style=\"font: 1px\/0 Arial, Helvetica, sans-serif; list-style: none; margin: 0px; padding: 0px; outline: 0px; border: 0px currentColor; height: 0px; overflow: hidden; clear: both; vertical-align: baseline;\"><\/div>\n<h1 style=\"font: bold 33px\/normal Arial, Helvetica, sans-serif; list-style: none; margin: 7px 0px; padding: 0px; outline: 0px; border: 0px currentColor; color: #484848; vertical-align: baseline;\"><\/h1>\n<div class=\"details\" style=\"font: 12px\/normal Arial, Helvetica, sans-serif; list-style: none; margin: 0px; padding: 0px; outline: 0px; border: 0px currentColor; vertical-align: baseline;\">\n<div class=\"makaleImg\" style=\"font: 12px\/normal Arial, Helvetica, sans-serif; list-style: none; margin: 0px 20px 10px 0px; padding: 0px 0px 4px; outline: 0px; border: 0px currentColor; vertical-align: baseline; float: left;\"><img loading=\"lazy\" decoding=\"async\" style=\"font: 12px\/normal Arial, Helvetica, sans-serif; list-style: none; margin: 0px 0px 3px; padding: 0px; outline: 0px; border: 0px currentColor; vertical-align: baseline;\" src=\"http:\/\/iblog.milliyet.com.tr\/imgroot\/blogv7\/Blog333\/2014\/08\/12\/23\/470397-3-4-eae8b.jpg\" alt=\"Beni B\u00f6yle Sev \/ Furkan\u2019\u0131n tokad\u0131 Seda\u2019y\u0131 diziden etti!\" width=\"333\" height=\"240\" \/><\/p>\n<div class=\"clear\" style=\"font: 1px\/0 Arial, Helvetica, sans-serif; list-style: none; margin: 0px; padding: 0px; outline: 0px; border: 0px currentColor; height: 0px; overflow: hidden; clear: both; vertical-align: baseline;\"><\/div>\n<p style=\"font: 11px\/normal Arial, Helvetica, sans-serif; list-style: none; margin: 0px 0px 10px; padding: 0px; outline: 0px; border: 0px currentColor; color: #484848; vertical-align: baseline; display: inline;\">\n<\/div>\n<div id=\"BlogDetail\" style=\"font: 12px\/normal Arial, Helvetica, sans-serif; list-style: none; margin: 0px; padding: 0px; outline: 0px; border: 0px currentColor; vertical-align: baseline; cursor: default;\">\n<p style=\"font: 13px\/normal Arial, Helvetica, sans-serif; list-style: none; margin: 0px 0px 10px; padding: 0px; outline: 0px; border: 0px currentColor; color: #484848; vertical-align: baseline;\">TRT 1.in sevilen \u00dcniversite gen\u00e7lik dizisi\u00a0 \u201cBeni B\u00f6yle Sev\u201d de yeni sezon 8 Eyl\u00fcl Pazartesi ba\u015flayacak.<\/p>\n<p style=\"font: 13px\/normal Arial, Helvetica, sans-serif; list-style: none; margin: 0px 0px 10px; padding: 0px; outline: 0px; border: 0px currentColor; color: #484848; vertical-align: baseline;\">Trt 1\u2019de yay\u0131nlanan, ba\u015frollerini Zeynep \u00c7amc\u0131, Alper Sald\u0131ran, G\u00fcven K\u0131ra\u00e7, Burcu Alt\u0131n, Yusuf Akg\u00fcn, Erdem Akak\u00e7e, Umut Kurt, Burcu Biricik, Selen U\u00e7ar,Fatih Koyuncu, Meral Asilt\u00fcrk, Cem Avnayim , Bala Atabek, Lale Mansur ve Altan G\u00f6rd\u00fcm gibi \u00fcnl\u00fc imlerin payla\u015ft\u0131\u011f\u0131 sevile \u00dcniversite gen\u00e7lik dizisi \u201cBeni B\u00f6yle Sev\u201d yeni sezonda da kald\u0131\u011f\u0131 yerden devam ediyor.<\/p>\n<p style=\"font: 13px\/normal Arial, Helvetica, sans-serif; list-style: none; margin: 0px 0px 10px; padding: 0px; outline: 0px; border: 0px currentColor; color: #484848; vertical-align: baseline;\">Sevilen dizi \u00f6zellikle sosyal medya \u00fczerinde ve \u00fcniversite gen\u00e7li\u011fi taraf\u0131ndan olduk\u00e7a ra\u011fbet g\u00f6rmektedir. Dizi yeni sezona 8 Eyl\u00fcl Pazartesi ak\u015fam\u0131 Trt 1 ekranlar\u0131nda yay\u0131n\u0131na start verecek.<\/p>\n<p style=\"font: 13px\/normal Arial, Helvetica, sans-serif; list-style: none; margin: 0px 0px 10px; padding: 0px; outline: 0px; border: 0px currentColor; color: #484848; vertical-align: baseline;\">Hat\u0131rlayaca\u011f\u0131n\u0131z gibi, 9 Haziran Pazartesi 63. b\u00f6l\u00fcmde sezon finali yapm\u0131\u015ft\u0131. Burak, Reha Beyin pompal\u0131 t\u00fcfe\u011fiyle, \u00d6mer\u2019in evinin kap\u0131s\u0131na dayanm\u0131\u015f, namluyu \u00d6mer, Ay\u015fem, Reha Bey ve Nadide Han\u0131ma \u00e7evirmi\u015fti.\u00a0\u00d6l\u00fcm korkusunu hisseden Ay\u015fem \u00d6mer\u2019e \u201cSeni \u00e7ok seviyorum \u00c7imen G\u00f6z, bunu sak\u0131n unutma olur mu?\u201d \u00a0\u00d6mer\u2019de;\u00a0 \u201cBen de seni \u00e7ok seviyorum boncuk g\u00f6z, sen de unutma\u2026 Olur mu?\u201d\u00a0 Diye cevap vermi\u015fti.<\/p>\n<p style=\"font: 13px\/normal Arial, Helvetica, sans-serif; list-style: none; margin: 0px 0px 10px; padding: 0px; outline: 0px; border: 0px currentColor; color: #484848; vertical-align: baseline;\">Arkas\u0131ndan iki el silah sesi ortal\u0131\u011f\u0131 \u00e7\u0131nlatm\u0131\u015ft\u0131.\u00a0Kim \u00f6ld\u00fc, kim yaraland\u0131? B\u00fct\u00fcn bu sorular\u0131n cevab\u0131n\u0131 8 Eyl\u00fcl ak\u015fam\u0131 64. B\u00f6l\u00fcmde g\u00f6rece\u011fiz.<\/p>\n<p style=\"font: 13px\/normal Arial, Helvetica, sans-serif; list-style: none; margin: 0px 0px 10px; padding: 0px; outline: 0px; border: 0px currentColor; color: #484848; vertical-align: baseline;\"><img loading=\"lazy\" decoding=\"async\" id=\"irc_mi\" src=\"http:\/\/unluboykilo.com\/wp-content\/uploads\/2014\/03\/burcu-biricik_unluboykilo.jpg\" alt=\"\" width=\"378\" height=\"412\" \/><\/p>\n<p style=\"font: 13px\/normal Arial, Helvetica, sans-serif; list-style: none; margin: 0px 0px 10px; padding: 0px; outline: 0px; border: 0px currentColor; color: #484848; vertical-align: baseline;\">Sevilen diziden ne yaz\u0131k ki, \u201cSeda\u201d karakterini canland\u0131ran Burcu Biricik ayr\u0131ld\u0131. Furkan, yeni nikahland\u0131\u011f\u0131 \u00e7ok sevdi\u011fi kar\u0131s\u0131 ile birlikte olamadan, onu doyamadan ayr\u0131lm\u0131\u015f oldular. K\u0131zg\u0131nl\u0131kla at\u0131lan bir tokad\u0131n hep bu ac\u0131s\u0131n\u0131 ya\u015fayacak ilerleyen b\u00f6l\u00fcmlerde. \u015eaka bir tarafa, Burcu Biricik\u2019in hangi sebeple ayr\u0131ld\u0131\u011f\u0131n\u0131 bilemiyoruz. Kendi instagram hesab\u0131ndan \u201cBeni B\u00f6yle Sev\u201d dizisinden ayr\u0131ld\u0131\u011f\u0131n\u0131 resmen a\u00e7\u0131klad\u0131.<\/p>\n<p style=\"font: 13px\/normal Arial, Helvetica, sans-serif; list-style: none; margin: 0px 0px 10px; padding: 0px; outline: 0px; border: 0px currentColor; color: #484848; vertical-align: baseline;\">\u201cBu g\u00fczel mis gibi ekiple 2 y\u0131l b\u00fcy\u00fck keyifle \u00e7al\u0131\u015ft\u0131m o g\u00fczel insanlara ve bizi deli gibi sevip izleyen herkese te\u015fekk\u00fcr ediyorum yeni sezon BBS\u2019de olmayaca\u011f\u0131m haberi do\u011frudur yeni sezonda ba\u015fka i\u015flerde g\u00f6r\u00fc\u015fmek dile\u011fiyle :))\u201d\u00a0 Evet bu g\u00fczel k\u0131z\u0131m\u0131z\u0131 yeni sezonda ekipte g\u00f6remeyece\u011fiz.<\/p>\n<p style=\"font: 13px\/normal Arial, Helvetica, sans-serif; list-style: none; margin: 0px 0px 10px; padding: 0px; outline: 0px; border: 0px currentColor; color: #484848; vertical-align: baseline;\">Diziden \u00d6mer\u2019in babas\u0131 Reha Beyi canland\u0131ran Altan G\u00f6rd\u00fcm ve annesini Nadide Han\u0131m canland\u0131ran Lale Mansur\u2019un da ayr\u0131laca\u011f\u0131 konu\u015fuluyor.<\/p>\n<p style=\"font: 13px\/normal Arial, Helvetica, sans-serif; list-style: none; margin: 0px 0px 10px; padding: 0px; outline: 0px; border: 0px currentColor; color: #484848; vertical-align: baseline;\">Ama BSK Yap\u0131m bo\u015f durmad\u0131, ayr\u0131lanlar\u0131n\u0131n yerine yeni oyuncular\u0131 diziye dahil etti. Diziye yeni bir karakter olarak Osman Osmanpa\u015fao\u011flu girdi. Dizide hangi karakteri can verece\u011fini yeni b\u00f6l\u00fcmde birlikte g\u00f6rece\u011fiz.<\/p>\n<p style=\"font: 13px\/normal Arial, Helvetica, sans-serif; list-style: none; margin: 0px 0px 10px; padding: 0px; outline: 0px; border: 0px currentColor; color: #484848; vertical-align: baseline;\">Osmanpa\u015fao\u011flu, son olarak ge\u00e7ti\u011fimiz haftalarda ekranlara veda eden \u201cG\u00fcne\u015fi Beklerken\u201d dizisinde Aksel karakterini canland\u0131rm\u0131\u015ft\u0131r.<img loading=\"lazy\" decoding=\"async\" id=\"irc_mi\" style=\"font: 12px\/normal Arial, Helvetica, sans-serif; list-style: none; margin: 59px 0px 0px; padding: 0px; outline: 0px; border: 0px currentColor; vertical-align: baseline; display: inline;\" src=\"http:\/\/www.dizisitemiz.com\/wp-content\/uploads\/2013\/10\/GUNES%C4%B0-BEKLERKEN-AKSEL.jpg\" alt=\"\" width=\"580\" height=\"295\" \/><\/p>\n<p style=\"font: 13px\/normal Arial, Helvetica, sans-serif; list-style: none; margin: 0px 0px 10px; padding: 0px; outline: 0px; border: 0px currentColor; color: #484848; vertical-align: baseline;\">Ayr\u0131ca daha \u00f6nce Pis Yedili dizisinde oynayan Eda Ece\u2019de diziye dahil oldu. \u0130leriki g\u00fcnlerde diziye yeni girecek 2-3 ismin de a\u00e7\u0131klanaca\u011f\u0131 s\u00f6yleniyor.<\/p>\n<p style=\"font: 13px\/normal Arial, Helvetica, sans-serif; list-style: none; margin: 0px 0px 10px; padding: 0px; outline: 0px; border: 0px currentColor; color: #484848; vertical-align: baseline;\"><img loading=\"lazy\" decoding=\"async\" id=\"irc_mi\" style=\"font: 12px\/normal Arial, Helvetica, sans-serif; list-style: none; margin: 0px; padding: 0px; outline: 0px; border: 0px currentColor; vertical-align: baseline; display: inline;\" src=\"http:\/\/www.diziler.com\/resimler\/158000\/eda-ece-158755.jpg\" alt=\"\" width=\"412\" height=\"412\" \/><\/p>\n<p style=\"font: 13px\/normal Arial, Helvetica, sans-serif; list-style: none; margin: 0px 0px 10px; padding: 0px; outline: 0px; border: 0px currentColor; color: #484848; vertical-align: baseline;\">BSK Yap\u0131m\u2019\u0131n bu sezon ekranlarda 3.sezonu olacak. Senaryosunu Hakan Aksun ve M\u00fcjgan Kayseri\u2019nin kaleme ald\u0131\u011f\u0131 dizinin y\u00f6netmeni Cem Tabak. Yap\u0131mc\u0131s\u0131 \u00c7a\u011fr\u0131 Bing\u00fcller ve Ba\u015fak Bing\u00fcller.<\/p>\n<p style=\"font: 13px\/normal Arial, Helvetica, sans-serif; list-style: none; margin: 0px 0px 10px; padding: 0px; outline: 0px; border: 0px currentColor; color: #484848; vertical-align: baseline;\">Yeni sezonda, Orhan Gencebay\u2019\u0131n ezgileri ile s\u00fcslenen \u201cBeni B\u00f6yle Sev\u201d de TRT 1 ekranlar\u0131nda bulu\u015fmak \u00fczere\u2026<\/p>\n<p style=\"font: 13px\/normal Arial, Helvetica, sans-serif; list-style: none; margin: 0px 0px 10px; padding: 0px; outline: 0px; border: 0px currentColor; color: #484848; vertical-align: baseline;\">Sayg\u0131lar, sevgiler.<\/p>\n<p style=\"font: 13px\/normal Arial, Helvetica, sans-serif; list-style: none; margin: 0px 0px 10px; padding: 0px; outline: 0px; border: 0px currentColor; color: #484848; vertical-align: baseline;\">Abdurrahman Balc\u0131lar<\/p>\n<p style=\"font: 13px\/normal Arial, Helvetica, sans-serif; list-style: none; margin: 0px 0px 10px; padding: 0px; outline: 0px; border: 0px currentColor; color: #484848; vertical-align: baseline;\">Twitter: abdurrahman balc\u0131lar@abbalcilar<\/p>\n<p style=\"font: 13px\/normal Arial, Helvetica, sans-serif; list-style: none; margin: 0px 0px 10px; padding: 0px; outline: 0px; border: 0px currentColor; color: #484848; vertical-align: baseline;\">Mail :<span class=\"Apple-converted-space\">\u00a0<\/span><a style=\"font: bold 13px\/normal Arial, Helvetica, sans-serif; list-style: none; margin: 0px; padding: 0px; outline: 0px; border: 0px currentColor; color: #3a7210; text-decoration: none; vertical-align: baseline; cursor: pointer !important;\" href=\"mailto:ab.balcilar@hotmail.com\" target=\"_blank\">ab.balcilar@hotmail.com<\/a><\/p>\n<div style=\"font: 12px\/normal Arial, Helvetica, sans-serif; list-style: none; margin: 0px; padding: 0px; outline: 0px; border: 0px currentColor; vertical-align: baseline;\">\n<p style=\"font: 13px\/normal Arial, Helvetica, sans-serif; list-style: none; margin: 0px 0px 10px; padding: 0px; outline: 0px; border: 0px currentColor; color: #484848; vertical-align: baseline;\">Blog: milliyet.com.tr\/cansever<\/p>\n<p style=\"font: 13px\/normal Arial, Helvetica, sans-serif; list-style: none; margin: 0px 0px 10px; padding: 0px; outline: 0px; border: 0px currentColor; color: #484848; vertical-align: baseline;\">Blog: balcilar-blog.com<\/p>\n<p style=\"font: 13px\/normal Arial, Helvetica, sans-serif; list-style: none; margin: 0px 0px 10px; padding: 0px; outline: 0px; border: 0px currentColor; color: #484848; vertical-align: baseline;\">Haber Kaynak: \u0130nternetten ve dizifilm.com sayfas\u0131ndan derlenmi\u015ftir.<\/p>\n<p style=\"font: 13px\/normal Arial, Helvetica, sans-serif; list-style: none; margin: 0px 0px 10px; padding: 0px; outline: 0px; border: 0px currentColor; color: #484848; vertical-align: baseline;\">Not: G\u00f6rseller internet sayfas\u0131ndan al\u0131nm\u0131\u015ft\u0131r.<\/p>\n<\/div>\n<\/div>\n<\/div>\n","protected":false},"excerpt":{"rendered":"<p>12 A\u011fustos &#8217;14 Geri Kategori TV Programlar\u0131. TRT 1.in sevilen \u00dcniversite gen\u00e7lik dizisi\u00a0 \u201cBeni B\u00f6yle Sev\u201d de yeni sezon 8 Eyl\u00fcl Pazartesi ba\u015flayacak. Trt 1\u2019de yay\u0131nlanan, ba\u015frollerini Zeynep \u00c7amc\u0131, Alper Sald\u0131ran, G\u00fcven K\u0131ra\u00e7, Burcu Alt\u0131n, Yusuf Akg\u00fcn, Erdem Akak\u00e7e, Umut Kurt, Burcu Biricik, Selen U\u00e7ar,Fatih Koyuncu, Meral Asilt\u00fcrk, Cem Avnayim , Bala Atabek, Lale Mansur [&hellip;]<\/p>\n","protected":false},"author":3,"featured_media":0,"comment_status":"open","ping_status":"open","sticky":false,"template":"","format":"standard","meta":{"footnotes":""},"categories":[2],"tags":[182,20,22,489,491,490,21,183],"class_list":["post-2867","post","type-post","status-publish","format-standard","hentry","category-tv-programlari","tag-alper-saldiran","tag-beni-boyle-sev","tag-bsk-yapim","tag-cem-tabak","tag-eda-ece","tag-osman-osmanpsa-oglu","tag-trt-1","tag-zeynep-camci"],"views":6830,"blog_post_layout_featured_media_urls":{"thumbnail":"","full":""},"categories_names":{"2":{"name":"TV Programlar\u0131","link":"https:\/\/balcilar-blog.com\/?cat=2"}},"tags_names":{"182":{"name":"Alper Sald\u0131ran","link":"https:\/\/balcilar-blog.com\/?tag=alper-saldiran"},"20":{"name":"Beni B\u00f6yle Sev","link":"https:\/\/balcilar-blog.com\/?tag=beni-boyle-sev"},"22":{"name":"BSK Yap\u0131m","link":"https:\/\/balcilar-blog.com\/?tag=bsk-yapim"},"489":{"name":"Cem Tabak","link":"https:\/\/balcilar-blog.com\/?tag=cem-tabak"},"491":{"name":"Eda Ece","link":"https:\/\/balcilar-blog.com\/?tag=eda-ece"},"490":{"name":"Osman Osmanp\u015fa o\u011flu","link":"https:\/\/balcilar-blog.com\/?tag=osman-osmanpsa-oglu"},"21":{"name":"TRT 1","link":"https:\/\/balcilar-blog.com\/?tag=trt-1"},"183":{"name":"Zeynep \u00c7amc\u0131","link":"https:\/\/balcilar-blog.com\/?tag=zeynep-camci"}},"comments_number":"0","wpmagazine_modules_lite_featured_media_urls":{"thumbnail":"","cvmm-medium":"","cvmm-medium-plus":"","cvmm-portrait":"","cvmm-medium-square":"","cvmm-large":"","cvmm-small":"","full":""},"_links":{"self":[{"href":"https:\/\/balcilar-blog.com\/index.php?rest_route=\/wp\/v2\/posts\/2867","targetHints":{"allow":["GET"]}}],"collection":[{"href":"https:\/\/balcilar-blog.com\/index.php?rest_route=\/wp\/v2\/posts"}],"about":[{"href":"https:\/\/balcilar-blog.com\/index.php?rest_route=\/wp\/v2\/types\/post"}],"author":[{"embeddable":true,"href":"https:\/\/balcilar-blog.com\/index.php?rest_route=\/wp\/v2\/users\/3"}],"replies":[{"embeddable":true,"href":"https:\/\/balcilar-blog.com\/index.php?rest_route=%2Fwp%2Fv2%2Fcomments&post=2867"}],"version-history":[{"count":3,"href":"https:\/\/balcilar-blog.com\/index.php?rest_route=\/wp\/v2\/posts\/2867\/revisions"}],"predecessor-version":[{"id":2871,"href":"https:\/\/balcilar-blog.com\/index.php?rest_route=\/wp\/v2\/posts\/2867\/revisions\/2871"}],"wp:attachment":[{"href":"https:\/\/balcilar-blog.com\/index.php?rest_route=%2Fwp%2Fv2%2Fmedia&parent=2867"}],"wp:term":[{"taxonomy":"category","embeddable":true,"href":"https:\/\/balcilar-blog.com\/index.php?rest_route=%2Fwp%2Fv2%2Fcategories&post=2867"},{"taxonomy":"post_tag","embeddable":true,"href":"https:\/\/balcilar-blog.com\/index.php?rest_route=%2Fwp%2Fv2%2Ftags&post=2867"}],"curies":[{"name":"wp","href":"https:\/\/api.w.org\/{rel}","templated":true}]}}