{"id":28665,"date":"2023-09-10T14:28:08","date_gmt":"2023-09-10T11:28:08","guid":{"rendered":"https:\/\/balcilar-blog.com\/?p=28665"},"modified":"2023-09-10T15:14:19","modified_gmt":"2023-09-10T12:14:19","slug":"disney-plus-ataturk-filminin-gosterimini-neden-iptal-ettii","status":"publish","type":"post","link":"https:\/\/balcilar-blog.com\/?p=28665","title":{"rendered":"Disney Plus, Atat\u00fcrk Filminin G\u00f6sterimini Neden \u0130ptal Etti!"},"content":{"rendered":"<p>&nbsp;<\/p>\n<p><a href=\"https:\/\/balcilar-blog.com\/wp-content\/uploads\/2023\/09\/64cae27386b2446d8c8e16d3.webp\"><img loading=\"lazy\" decoding=\"async\" class=\"alignnone size-medium wp-image-28670\" src=\"https:\/\/balcilar-blog.com\/wp-content\/uploads\/2023\/09\/64cae27386b2446d8c8e16d3-300x165.webp\" alt=\"\" width=\"300\" height=\"165\" srcset=\"https:\/\/balcilar-blog.com\/wp-content\/uploads\/2023\/09\/64cae27386b2446d8c8e16d3-300x165.webp 300w, https:\/\/balcilar-blog.com\/wp-content\/uploads\/2023\/09\/64cae27386b2446d8c8e16d3-768x422.webp 768w, https:\/\/balcilar-blog.com\/wp-content\/uploads\/2023\/09\/64cae27386b2446d8c8e16d3.webp 869w\" sizes=\"auto, (max-width: 300px) 100vw, 300px\" \/><\/a><\/p>\n<p>Cumhuriyetimizin 100.kurulu\u015f y\u0131ld\u00f6n\u00fcm\u00fcnde g\u00f6sterime girecek olan Atat\u00fcrk filmi, bir y\u0131ld\u0131r Disney Plus taraf\u0131ndan \u00e7ekiliyordu. Ba\u015frol\u00fcn\u00fc Mustafa Kemali Aras Bulut \u0130ynemli canland\u0131rm\u0131\u015ft\u0131.<\/p>\n<p>29 Ekim 2023 Cumhuriyetimizin 100.kurulu\u015f y\u0131ld\u00f6n\u00fcm\u00fcnde g\u00f6sterime girecekti. ABD&#8217;daki Ermeni lobisinin bask\u0131lar\u0131 ile filmin g\u00f6steriminden Disney Plus vazge\u00e7ti.<\/p>\n<p><a href=\"https:\/\/balcilar-blog.com\/wp-content\/uploads\/2023\/09\/a.bulut-iynemli.jpg\"><img loading=\"lazy\" decoding=\"async\" class=\"alignnone size-medium wp-image-28667\" src=\"https:\/\/balcilar-blog.com\/wp-content\/uploads\/2023\/09\/a.bulut-iynemli-300x170.jpg\" alt=\"\" width=\"300\" height=\"170\" srcset=\"https:\/\/balcilar-blog.com\/wp-content\/uploads\/2023\/09\/a.bulut-iynemli-300x170.jpg 300w, https:\/\/balcilar-blog.com\/wp-content\/uploads\/2023\/09\/a.bulut-iynemli.jpg 640w\" sizes=\"auto, (max-width: 300px) 100vw, 300px\" \/><\/a><\/p>\n<p>Neden? Neden? Mustafa Kemal Atat\u00fcrk Ermenilere ne yapt\u0131? Osmanl\u0131n\u0131n son d\u00f6neminde Ermeni katliamlar\u0131nda Atat\u00fcrk&#8217;\u00fcn hi\u00e7 bir bask\u0131s\u0131 olmam\u0131\u015ft\u0131r. Mustafa Kemal Kurtulu\u015f sava\u015f\u0131nda Yunanl\u0131lar\u0131 Anadolu topraklar\u0131ndan att\u0131, Ermenileri de\u011fil?<\/p>\n<p>Y\u0131llar \u00f6nce Atat\u00fcrk&#8217;\u00fc Antonio Banderas canland\u0131racakt\u0131, o zaman da Ermeni Lobisinin bask\u0131s\u0131 ve tehditleri nedeni ile \u00e7ekilememi\u015ftir.<\/p>\n<p>Disney Plus&#8217;\u0131n bu karar\u0131n\u0131 \u015fiddetle k\u0131n\u0131yor ve yap\u0131mlar\u0131n\u0131n \u00fclkemizde oynamas\u0131n, aboneliklerini iptal edelim. Ben bu durumun ortaya \u00e7\u0131kmas\u0131 ile Disney Plus&#8217;\u0131 izlemiyorum ve\u00a0 aboneli\u011fimi iptal ettim.<\/p>\n<p><a href=\"https:\/\/balcilar-blog.com\/wp-content\/uploads\/2023\/09\/3612078_99d044044425583da774ceb31cabf7d9.jpg\"><img loading=\"lazy\" decoding=\"async\" class=\"alignnone size-medium wp-image-28666\" src=\"https:\/\/balcilar-blog.com\/wp-content\/uploads\/2023\/09\/3612078_99d044044425583da774ceb31cabf7d9-300x268.jpg\" alt=\"\" width=\"300\" height=\"268\" srcset=\"https:\/\/balcilar-blog.com\/wp-content\/uploads\/2023\/09\/3612078_99d044044425583da774ceb31cabf7d9-300x268.jpg 300w, https:\/\/balcilar-blog.com\/wp-content\/uploads\/2023\/09\/3612078_99d044044425583da774ceb31cabf7d9-1024x914.jpg 1024w, https:\/\/balcilar-blog.com\/wp-content\/uploads\/2023\/09\/3612078_99d044044425583da774ceb31cabf7d9-768x686.jpg 768w, https:\/\/balcilar-blog.com\/wp-content\/uploads\/2023\/09\/3612078_99d044044425583da774ceb31cabf7d9.jpg 1137w\" sizes=\"auto, (max-width: 300px) 100vw, 300px\" \/><\/a><\/p>\n<p>Atat\u00fcrk rol\u00fc, Kevin Costner&#8217;a teklif edilmi\u015f, Costner;\u00a0 bir soru \u00fczerine, T\u00fcrk halk\u0131 i\u00e7in <strong>Atat\u00fcrk<\/strong>&#8216;\u00fcn ta\u015f\u0131d\u0131\u011f\u0131 \u00f6nemi bildi\u011fini ifade ederek,\u00a0<strong>C\u00fcneyt Ortan<\/strong>&#8216;\u0131n projesi olan filmde\u00a0<strong>Atat\u00fcrk<\/strong>&#8216;\u00fc canland\u0131rmas\u0131n\u0131n istendi\u011fini, teklifi inceledi\u011fini s\u00f6ylemi\u015ftir.<\/p>\n<p>1951&#8217;den 2023&#8217;e kadar aradan ge\u00e7en 72 y\u0131l boyunca Atat\u00fcrk\u2019\u00fcn \u00fcnl\u00fc oyuncular taraf\u0131ndan canland\u0131r\u0131laca\u011f\u0131 a\u00e7\u0131klanan yabanc\u0131 yap\u0131m\u0131 \u2018Atat\u00fcrk\u2019 filmleri bir\u00e7ok kez g\u00fcndeme gelse de bu konuda ba\u015far\u0131ya ula\u015f\u0131lamam\u0131\u015ft\u0131r.<\/p>\n<p><a href=\"https:\/\/balcilar-blog.com\/wp-content\/uploads\/2023\/09\/Ataturk-haber-resim-c7a9218c-ad0a-4050-b72a-014f720af411.webp\"><img loading=\"lazy\" decoding=\"async\" class=\"alignnone size-medium wp-image-28676\" src=\"https:\/\/balcilar-blog.com\/wp-content\/uploads\/2023\/09\/Ataturk-haber-resim-c7a9218c-ad0a-4050-b72a-014f720af411-300x169.webp\" alt=\"\" width=\"300\" height=\"169\" srcset=\"https:\/\/balcilar-blog.com\/wp-content\/uploads\/2023\/09\/Ataturk-haber-resim-c7a9218c-ad0a-4050-b72a-014f720af411-300x169.webp 300w, https:\/\/balcilar-blog.com\/wp-content\/uploads\/2023\/09\/Ataturk-haber-resim-c7a9218c-ad0a-4050-b72a-014f720af411-1024x576.webp 1024w, https:\/\/balcilar-blog.com\/wp-content\/uploads\/2023\/09\/Ataturk-haber-resim-c7a9218c-ad0a-4050-b72a-014f720af411-768x432.webp 768w, https:\/\/balcilar-blog.com\/wp-content\/uploads\/2023\/09\/Ataturk-haber-resim-c7a9218c-ad0a-4050-b72a-014f720af411.webp 1280w\" sizes=\"auto, (max-width: 300px) 100vw, 300px\" \/><\/a><\/p>\n<p>6 B\u00f6l\u00fcm \u00e7ekilen bu yap\u0131m, \u00fclkemizde 2 b\u00f6l\u00fcm halinde g\u00f6sterilecektir. Fox Tv 29 Ekim de yay\u0131nlanacak. \u0130sterdim ki, bu filmi t\u00fcm D\u00fcnya Disney Plus da seyretseydi.<\/p>\n<p><a href=\"https:\/\/balcilar-blog.com\/wp-content\/uploads\/2023\/09\/3612078_09ea2d880fb7eaef497bd1408a2ef19a.jpg\"><img loading=\"lazy\" decoding=\"async\" class=\"alignnone size-medium wp-image-28671\" src=\"https:\/\/balcilar-blog.com\/wp-content\/uploads\/2023\/09\/3612078_09ea2d880fb7eaef497bd1408a2ef19a-300x218.jpg\" alt=\"\" width=\"300\" height=\"218\" srcset=\"https:\/\/balcilar-blog.com\/wp-content\/uploads\/2023\/09\/3612078_09ea2d880fb7eaef497bd1408a2ef19a-300x218.jpg 300w, https:\/\/balcilar-blog.com\/wp-content\/uploads\/2023\/09\/3612078_09ea2d880fb7eaef497bd1408a2ef19a-130x95.jpg 130w, https:\/\/balcilar-blog.com\/wp-content\/uploads\/2023\/09\/3612078_09ea2d880fb7eaef497bd1408a2ef19a.jpg 640w\" sizes=\"auto, (max-width: 300px) 100vw, 300px\" \/><\/a><\/p>\n<p>Y\u00f6netmenli\u011fini Mehmet Ada \u00d6ztekin&#8217;in yapt\u0131\u011f\u0131 Atat\u00fcrk filminin; Oyuncu kadrosu \u015f\u00f6yle, Aras Bulut \u0130ynemli, Song\u00fcl \u00d6den, Mehmet G\u00fcns\u00fcr, Berk Cankat, Hamdi Alkan, Esra Bilgi\u00e7\u00a0 ve Sarp Akkaya gibi oyuncular\u0131m\u0131z yer ald\u0131lar.<\/p>\n<p><a href=\"https:\/\/balcilar-blog.com\/wp-content\/uploads\/2023\/09\/3612078_7767f57983b71d36cf1bef0ad3577a03.jpg\"><img loading=\"lazy\" decoding=\"async\" class=\"alignnone size-medium wp-image-28672\" src=\"https:\/\/balcilar-blog.com\/wp-content\/uploads\/2023\/09\/3612078_7767f57983b71d36cf1bef0ad3577a03-216x300.jpg\" alt=\"\" width=\"216\" height=\"300\" srcset=\"https:\/\/balcilar-blog.com\/wp-content\/uploads\/2023\/09\/3612078_7767f57983b71d36cf1bef0ad3577a03-216x300.jpg 216w, https:\/\/balcilar-blog.com\/wp-content\/uploads\/2023\/09\/3612078_7767f57983b71d36cf1bef0ad3577a03.jpg 461w\" sizes=\"auto, (max-width: 216px) 100vw, 216px\" \/><\/a><\/p>\n<p><strong>29 Ekim Cumhuriyet Bayram<\/strong>\u0131\u2019nda\u00a0<strong>FOX<\/strong> Tv ekranlar\u0131nda TV\u2019ye \u00f6zel yay\u0131n\u0131n\u0131n hemen ard\u0131ndan iki film olarak <strong>3 Kas\u0131m<\/strong>\u2019da yay\u0131nlanacak. Ayr\u0131ca\u00a0 5 Ocak&#8217;ta sinemalarda vizyona girecek.<\/p>\n<p>\u0130yi Seyirler.<\/p>\n<p>Abdurrahman Balc\u0131lar<\/p>\n<p>&nbsp;<\/p>\n","protected":false},"excerpt":{"rendered":"<p>&nbsp; Cumhuriyetimizin 100.kurulu\u015f y\u0131ld\u00f6n\u00fcm\u00fcnde g\u00f6sterime girecek olan Atat\u00fcrk filmi, bir y\u0131ld\u0131r Disney Plus taraf\u0131ndan \u00e7ekiliyordu. Ba\u015frol\u00fcn\u00fc Mustafa Kemali Aras Bulut \u0130ynemli canland\u0131rm\u0131\u015ft\u0131. 29 Ekim 2023 Cumhuriyetimizin 100.kurulu\u015f y\u0131ld\u00f6n\u00fcm\u00fcnde g\u00f6sterime girecekti. ABD&#8217;daki Ermeni lobisinin bask\u0131lar\u0131 ile filmin g\u00f6steriminden Disney Plus vazge\u00e7ti. Neden? Neden? Mustafa Kemal Atat\u00fcrk Ermenilere ne yapt\u0131? Osmanl\u0131n\u0131n son d\u00f6neminde Ermeni katliamlar\u0131nda Atat\u00fcrk&#8217;\u00fcn hi\u00e7 [&hellip;]<\/p>\n","protected":false},"author":3,"featured_media":28670,"comment_status":"open","ping_status":"closed","sticky":false,"template":"","format":"standard","meta":{"footnotes":""},"categories":[10],"tags":[533,2526,2398,129,2527,877,502],"class_list":["post-28665","post","type-post","status-publish","format-standard","has-post-thumbnail","hentry","category-sinema","tag-aras-bulut-iynemli","tag-atatuek","tag-disney-plus","tag-fox-tv","tag-kevin-costner","tag-mehmet-ada-oztekin","tag-mustafa-kemal-ataturk"],"views":1566,"blog_post_layout_featured_media_urls":{"thumbnail":["https:\/\/balcilar-blog.com\/wp-content\/uploads\/2023\/09\/64cae27386b2446d8c8e16d3-150x150.webp",150,150,true],"full":["https:\/\/balcilar-blog.com\/wp-content\/uploads\/2023\/09\/64cae27386b2446d8c8e16d3.webp",869,477,false]},"categories_names":{"10":{"name":"Sinema","link":"https:\/\/balcilar-blog.com\/?cat=10"}},"tags_names":{"533":{"name":"Aras Bulut \u0130ynemli","link":"https:\/\/balcilar-blog.com\/?tag=aras-bulut-iynemli"},"2526":{"name":"Atat\u00fcek","link":"https:\/\/balcilar-blog.com\/?tag=atatuek"},"2398":{"name":"Disney Plus","link":"https:\/\/balcilar-blog.com\/?tag=disney-plus"},"129":{"name":"Fox Tv","link":"https:\/\/balcilar-blog.com\/?tag=fox-tv"},"2527":{"name":"Kevin Costner","link":"https:\/\/balcilar-blog.com\/?tag=kevin-costner"},"877":{"name":"Mehmet Ada \u00d6ztekin","link":"https:\/\/balcilar-blog.com\/?tag=mehmet-ada-oztekin"},"502":{"name":"Mustafa Kemal Atat\u00fcrk","link":"https:\/\/balcilar-blog.com\/?tag=mustafa-kemal-ataturk"}},"comments_number":"0","wpmagazine_modules_lite_featured_media_urls":{"thumbnail":["https:\/\/balcilar-blog.com\/wp-content\/uploads\/2023\/09\/64cae27386b2446d8c8e16d3-150x150.webp",150,150,true],"cvmm-medium":["https:\/\/balcilar-blog.com\/wp-content\/uploads\/2023\/09\/64cae27386b2446d8c8e16d3-300x300.webp",300,300,true],"cvmm-medium-plus":["https:\/\/balcilar-blog.com\/wp-content\/uploads\/2023\/09\/64cae27386b2446d8c8e16d3-305x207.webp",305,207,true],"cvmm-portrait":["https:\/\/balcilar-blog.com\/wp-content\/uploads\/2023\/09\/64cae27386b2446d8c8e16d3-400x477.webp",400,477,true],"cvmm-medium-square":["https:\/\/balcilar-blog.com\/wp-content\/uploads\/2023\/09\/64cae27386b2446d8c8e16d3-600x477.webp",600,477,true],"cvmm-large":["https:\/\/balcilar-blog.com\/wp-content\/uploads\/2023\/09\/64cae27386b2446d8c8e16d3.webp",869,477,false],"cvmm-small":["https:\/\/balcilar-blog.com\/wp-content\/uploads\/2023\/09\/64cae27386b2446d8c8e16d3-130x95.webp",130,95,true],"full":["https:\/\/balcilar-blog.com\/wp-content\/uploads\/2023\/09\/64cae27386b2446d8c8e16d3.webp",869,477,false]},"_links":{"self":[{"href":"https:\/\/balcilar-blog.com\/index.php?rest_route=\/wp\/v2\/posts\/28665","targetHints":{"allow":["GET"]}}],"collection":[{"href":"https:\/\/balcilar-blog.com\/index.php?rest_route=\/wp\/v2\/posts"}],"about":[{"href":"https:\/\/balcilar-blog.com\/index.php?rest_route=\/wp\/v2\/types\/post"}],"author":[{"embeddable":true,"href":"https:\/\/balcilar-blog.com\/index.php?rest_route=\/wp\/v2\/users\/3"}],"replies":[{"embeddable":true,"href":"https:\/\/balcilar-blog.com\/index.php?rest_route=%2Fwp%2Fv2%2Fcomments&post=28665"}],"version-history":[{"count":4,"href":"https:\/\/balcilar-blog.com\/index.php?rest_route=\/wp\/v2\/posts\/28665\/revisions"}],"predecessor-version":[{"id":28677,"href":"https:\/\/balcilar-blog.com\/index.php?rest_route=\/wp\/v2\/posts\/28665\/revisions\/28677"}],"wp:featuredmedia":[{"embeddable":true,"href":"https:\/\/balcilar-blog.com\/index.php?rest_route=\/wp\/v2\/media\/28670"}],"wp:attachment":[{"href":"https:\/\/balcilar-blog.com\/index.php?rest_route=%2Fwp%2Fv2%2Fmedia&parent=28665"}],"wp:term":[{"taxonomy":"category","embeddable":true,"href":"https:\/\/balcilar-blog.com\/index.php?rest_route=%2Fwp%2Fv2%2Fcategories&post=28665"},{"taxonomy":"post_tag","embeddable":true,"href":"https:\/\/balcilar-blog.com\/index.php?rest_route=%2Fwp%2Fv2%2Ftags&post=28665"}],"curies":[{"name":"wp","href":"https:\/\/api.w.org\/{rel}","templated":true}]}}