{"id":28652,"date":"2023-08-02T11:49:43","date_gmt":"2023-08-02T08:49:43","guid":{"rendered":"https:\/\/balcilar-blog.com\/?p=28652"},"modified":"2023-08-02T21:22:42","modified_gmt":"2023-08-02T18:22:42","slug":"cagatay-ulusoyun-terzi-2-sezon","status":"publish","type":"post","link":"https:\/\/balcilar-blog.com\/?p=28652","title":{"rendered":"\u00c7a\u011fatay Ulusoy&#8217;un Terzi 2.Sezon"},"content":{"rendered":"<p><a href=\"https:\/\/balcilar-blog.com\/wp-content\/uploads\/2023\/08\/F2PRX9WXwAEIeFG.jpg\"><img loading=\"lazy\" decoding=\"async\" class=\"alignnone size-medium wp-image-28657\" src=\"https:\/\/balcilar-blog.com\/wp-content\/uploads\/2023\/08\/F2PRX9WXwAEIeFG-207x300.jpg\" alt=\"\" width=\"207\" height=\"300\" srcset=\"https:\/\/balcilar-blog.com\/wp-content\/uploads\/2023\/08\/F2PRX9WXwAEIeFG-207x300.jpg 207w, https:\/\/balcilar-blog.com\/wp-content\/uploads\/2023\/08\/F2PRX9WXwAEIeFG.jpg 442w\" sizes=\"auto, (max-width: 207px) 100vw, 207px\" \/><\/a><\/p>\n<p><span style=\"color: #ff0000\"><strong>\u00c7a\u011fatay Ulusoy<\/strong><\/span>&#8216;un Terzi dizisinin 2. sezonu t\u00fcm d\u00fcnya \u00fclkelerinde ilgi ile izleniyor ve b\u00fcy\u00fck alk\u0131\u015f al\u0131yor.<\/p>\n<p>\u00c7a\u011fatay Ulusoy 2.sezona damga vuran 2 sanat\u00e7\u0131, <span style=\"color: #0000ff\">Berrak T\u00fcz\u00fcnata\u00e7<\/span> ve <span style=\"color: #0000ff\">Evrim Alasya.<\/span> Berrak T\u00fcz\u00fcnata\u00e7, 2.sezon t\u00fcm b\u00f6l\u00fcmlerinde yer alm\u0131\u015f. S\u00fcrpriz bir isim de Peyami&#8217;nin annesi karakterini oynayan Evrim Alasya&#8230;<\/p>\n<p><span style=\"color: #0000ff\"><strong>Salih Bademci<\/strong> <\/span>(Dimitri) ba\u015far\u0131l\u0131 bir oyun sergiliyor. <span style=\"color: #ff0000\"><strong>\u015eifanur G\u00fcl<\/strong><\/span>, var\u0131n\u0131 yo\u011funu t\u00fcm g\u00fczelli\u011fi ile ortaya koymu\u015f.<\/p>\n<p>Peyami&#8217;nin babas\u0131 olan Mustafa (<span style=\"color: #0000ff\"><strong>Olgun \u015eim\u015fek<\/strong><\/span>) o\u011flu olan Payami ile birlikte t\u00fcm izleyiciyi duygu dolu anlar ya\u015fatt\u0131.<\/p>\n<p><a href=\"https:\/\/balcilar-blog.com\/wp-content\/uploads\/2023\/08\/F2YG3i3XsAAhoxr.jpg\"><img loading=\"lazy\" decoding=\"async\" class=\"alignnone size-medium wp-image-28660\" src=\"https:\/\/balcilar-blog.com\/wp-content\/uploads\/2023\/08\/F2YG3i3XsAAhoxr-300x150.jpg\" alt=\"\" width=\"300\" height=\"150\" srcset=\"https:\/\/balcilar-blog.com\/wp-content\/uploads\/2023\/08\/F2YG3i3XsAAhoxr-300x150.jpg 300w, https:\/\/balcilar-blog.com\/wp-content\/uploads\/2023\/08\/F2YG3i3XsAAhoxr.jpg 640w\" sizes=\"auto, (max-width: 300px) 100vw, 300px\" \/><\/a><\/p>\n<p>Dizinin 8. b\u00f6l\u00fcm final sahnesinde Peyami, o utand\u0131\u011f\u0131 babas\u0131n\u0131 \u00f6ne \u00e7\u0131kar\u0131r ve do\u011fum g\u00fcn\u00fcn kutlar.<\/p>\n<p>Defilede, seyirciye \u015f\u00f6yle seslenir. &#8216;\u015eimdi huzurlar\u0131n\u0131zda ona ge\u00e7 kalm\u0131\u015f bir te\u015fekk\u00fcr\u00fc sunmak istiyorum. Babas\u0131n\u0131n elini \u00f6per. (Do\u011fum g\u00fcn\u00fcn kutlu olsun baba) diyerek, annesi Kiraz&#8217;\u0131 babas\u0131n\u0131n\u00a0 yan\u0131na sahneye \u00e7a\u011f\u0131r\u0131r.<\/p>\n<p><a href=\"https:\/\/balcilar-blog.com\/wp-content\/uploads\/2023\/08\/Ekran-Alintisi.png\"><img loading=\"lazy\" decoding=\"async\" class=\"alignnone size-medium wp-image-28654\" src=\"https:\/\/balcilar-blog.com\/wp-content\/uploads\/2023\/08\/Ekran-Alintisi-300x143.png\" alt=\"\" width=\"300\" height=\"143\" srcset=\"https:\/\/balcilar-blog.com\/wp-content\/uploads\/2023\/08\/Ekran-Alintisi-300x143.png 300w, https:\/\/balcilar-blog.com\/wp-content\/uploads\/2023\/08\/Ekran-Alintisi.png 640w\" sizes=\"auto, (max-width: 300px) 100vw, 300px\" \/><\/a> <a href=\"https:\/\/balcilar-blog.com\/wp-content\/uploads\/2023\/08\/KIRAZ-KARISI.png\"><img loading=\"lazy\" decoding=\"async\" class=\"alignnone size-medium wp-image-28655\" src=\"https:\/\/balcilar-blog.com\/wp-content\/uploads\/2023\/08\/KIRAZ-KARISI-300x148.png\" alt=\"\" width=\"300\" height=\"148\" srcset=\"https:\/\/balcilar-blog.com\/wp-content\/uploads\/2023\/08\/KIRAZ-KARISI-300x148.png 300w, https:\/\/balcilar-blog.com\/wp-content\/uploads\/2023\/08\/KIRAZ-KARISI.png 640w\" sizes=\"auto, (max-width: 300px) 100vw, 300px\" \/><\/a> <a href=\"https:\/\/balcilar-blog.com\/wp-content\/uploads\/2023\/08\/KIRAZ2.png\"><img loading=\"lazy\" decoding=\"async\" class=\"alignnone size-medium wp-image-28656\" src=\"https:\/\/balcilar-blog.com\/wp-content\/uploads\/2023\/08\/KIRAZ2-300x142.png\" alt=\"\" width=\"300\" height=\"142\" srcset=\"https:\/\/balcilar-blog.com\/wp-content\/uploads\/2023\/08\/KIRAZ2-300x142.png 300w, https:\/\/balcilar-blog.com\/wp-content\/uploads\/2023\/08\/KIRAZ2.png 640w\" sizes=\"auto, (max-width: 300px) 100vw, 300px\" \/><\/a><\/p>\n<p>Peyami bu duygusal baba-anne sar\u0131lmas\u0131 kar\u015f\u0131s\u0131nda g\u00f6z ya\u015flar\u0131n\u0131 tutamaz.<\/p>\n<p><a href=\"https:\/\/balcilar-blog.com\/wp-content\/uploads\/2023\/08\/KIRAZ-PEYAMI.png\"><img loading=\"lazy\" decoding=\"async\" class=\"alignnone size-medium wp-image-28653\" src=\"https:\/\/balcilar-blog.com\/wp-content\/uploads\/2023\/08\/KIRAZ-PEYAMI-300x146.png\" alt=\"\" width=\"300\" height=\"146\" srcset=\"https:\/\/balcilar-blog.com\/wp-content\/uploads\/2023\/08\/KIRAZ-PEYAMI-300x146.png 300w, https:\/\/balcilar-blog.com\/wp-content\/uploads\/2023\/08\/KIRAZ-PEYAMI-768x372.png 768w, https:\/\/balcilar-blog.com\/wp-content\/uploads\/2023\/08\/KIRAZ-PEYAMI.png 800w\" sizes=\"auto, (max-width: 300px) 100vw, 300px\" \/><\/a><\/p>\n<p><span class=\"css-901oao css-16my406 r-poiln3 r-bcqeeo r-qvutc0\">Dizi, Netflix&#8217;de 24-30 Temmuz verilerine g\u00f6re, ikinci sezonu ilk \u00fc\u00e7 g\u00fcn\u00fcnde 13,700,000 saat izlenme ve 2.500.000 g\u00f6r\u00fcnt\u00fclenme elde etmi\u015f. <\/span><span class=\"css-901oao css-16my406 r-poiln3 r-bcqeeo r-qvutc0\">Terzi, T\u00fcrkiye\u2019nin yan\u0131 s\u0131ra Netflix\u2019te 47 \u00fclkenin Top 10 Dizi Listesinde yer ald\u0131.<\/span><\/p>\n<p><span style=\"color: #0000ff\"><strong>Arjantin de \u00c7a\u011fatay Ulusoy sevgisi bamba\u015fka&#8230;\u00a0<\/strong><\/span><\/p>\n<p><a href=\"https:\/\/balcilar-blog.com\/wp-content\/uploads\/2023\/08\/F2TDkDSWUAEod29-TERZI.jpg\"><img loading=\"lazy\" decoding=\"async\" class=\"alignnone size-medium wp-image-28659\" src=\"https:\/\/balcilar-blog.com\/wp-content\/uploads\/2023\/08\/F2TDkDSWUAEod29-TERZI-300x197.jpg\" alt=\"\" width=\"300\" height=\"197\" srcset=\"https:\/\/balcilar-blog.com\/wp-content\/uploads\/2023\/08\/F2TDkDSWUAEod29-TERZI-300x197.jpg 300w, https:\/\/balcilar-blog.com\/wp-content\/uploads\/2023\/08\/F2TDkDSWUAEod29-TERZI.jpg 640w\" sizes=\"auto, (max-width: 300px) 100vw, 300px\" \/><\/a><\/p>\n<p>Netflix&#8217;de en \u00e7ok seyredilen diziler aras\u0131nda 2.s\u0131rada oldu\u011funu g\u00f6r\u00fcyoruz.<\/p>\n<p>Bu dizi bir ekip \u00e7al\u0131\u015fmas\u0131 olarak g\u00f6z dolduruyor.<\/p>\n<p>B\u00fct\u00fcn b\u00f6l\u00fcm oyuncular\u0131n\u0131 tebrik ediyorum. <span style=\"color: #ff0000\"><strong>\u00c7a\u011fatay Ulusoy<\/strong><\/span> her zaman oldu\u011fu gibi yine d\u00f6kt\u00fcr\u00fcyor ve \u00f6ne \u00e7\u0131k\u0131yor.<\/p>\n<p>Anlatmakla olmaz, ilk sezonu seyrettiyseniz, mutlaka 2.Sezenu izlemek, g\u00f6rmek ya\u015famak gerekir.<\/p>\n<p>\u0130yi seyirler<\/p>\n<p>Abdurrahman Balc\u0131lar<\/p>\n<p>&nbsp;<\/p>\n<p>&nbsp;<\/p>\n<p>&nbsp;<\/p>\n","protected":false},"excerpt":{"rendered":"<p>\u00c7a\u011fatay Ulusoy&#8216;un Terzi dizisinin 2. sezonu t\u00fcm d\u00fcnya \u00fclkelerinde ilgi ile izleniyor ve b\u00fcy\u00fck alk\u0131\u015f al\u0131yor. \u00c7a\u011fatay Ulusoy 2.sezona damga vuran 2 sanat\u00e7\u0131, Berrak T\u00fcz\u00fcnata\u00e7 ve Evrim Alasya. Berrak T\u00fcz\u00fcnata\u00e7, 2.sezon t\u00fcm b\u00f6l\u00fcmlerinde yer alm\u0131\u015f. S\u00fcrpriz bir isim de Peyami&#8217;nin annesi karakterini oynayan Evrim Alasya&#8230; Salih Bademci (Dimitri) ba\u015far\u0131l\u0131 bir oyun sergiliyor. \u015eifanur G\u00fcl, var\u0131n\u0131 [&hellip;]<\/p>\n","protected":false},"author":3,"featured_media":28657,"comment_status":"open","ping_status":"closed","sticky":false,"template":"","format":"standard","meta":{"footnotes":""},"categories":[2123],"tags":[2367,15,2494,1478,2360,2364,2362],"class_list":["post-28652","post","type-post","status-publish","format-standard","has-post-thumbnail","hentry","category-internet-dizileri","tag-berrak-tuzunatac","tag-cagatay-ulusoy","tag-evrim-alasya","tag-netflix","tag-salih-bademci","tag-sifanur-gul","tag-terzi"],"views":2552,"blog_post_layout_featured_media_urls":{"thumbnail":["https:\/\/balcilar-blog.com\/wp-content\/uploads\/2023\/08\/F2PRX9WXwAEIeFG-150x150.jpg",150,150,true],"full":["https:\/\/balcilar-blog.com\/wp-content\/uploads\/2023\/08\/F2PRX9WXwAEIeFG.jpg",442,640,false]},"categories_names":{"2123":{"name":"Internet Dizileri","link":"https:\/\/balcilar-blog.com\/?cat=2123"}},"tags_names":{"2367":{"name":"Berrak T\u00fcz\u00fcnata\u00e7","link":"https:\/\/balcilar-blog.com\/?tag=berrak-tuzunatac"},"15":{"name":"\u00e7a\u011fatay ulusoy","link":"https:\/\/balcilar-blog.com\/?tag=cagatay-ulusoy"},"2494":{"name":"Evrim Alasya","link":"https:\/\/balcilar-blog.com\/?tag=evrim-alasya"},"1478":{"name":"Netflix","link":"https:\/\/balcilar-blog.com\/?tag=netflix"},"2360":{"name":"Salih Bademci","link":"https:\/\/balcilar-blog.com\/?tag=salih-bademci"},"2364":{"name":"\u015eifanur G\u00fcl","link":"https:\/\/balcilar-blog.com\/?tag=sifanur-gul"},"2362":{"name":"Terzi","link":"https:\/\/balcilar-blog.com\/?tag=terzi"}},"comments_number":"0","wpmagazine_modules_lite_featured_media_urls":{"thumbnail":["https:\/\/balcilar-blog.com\/wp-content\/uploads\/2023\/08\/F2PRX9WXwAEIeFG-150x150.jpg",150,150,true],"cvmm-medium":["https:\/\/balcilar-blog.com\/wp-content\/uploads\/2023\/08\/F2PRX9WXwAEIeFG-300x300.jpg",300,300,true],"cvmm-medium-plus":["https:\/\/balcilar-blog.com\/wp-content\/uploads\/2023\/08\/F2PRX9WXwAEIeFG-305x207.jpg",305,207,true],"cvmm-portrait":["https:\/\/balcilar-blog.com\/wp-content\/uploads\/2023\/08\/F2PRX9WXwAEIeFG-400x600.jpg",400,600,true],"cvmm-medium-square":["https:\/\/balcilar-blog.com\/wp-content\/uploads\/2023\/08\/F2PRX9WXwAEIeFG-442x600.jpg",442,600,true],"cvmm-large":["https:\/\/balcilar-blog.com\/wp-content\/uploads\/2023\/08\/F2PRX9WXwAEIeFG.jpg",442,640,false],"cvmm-small":["https:\/\/balcilar-blog.com\/wp-content\/uploads\/2023\/08\/F2PRX9WXwAEIeFG-130x95.jpg",130,95,true],"full":["https:\/\/balcilar-blog.com\/wp-content\/uploads\/2023\/08\/F2PRX9WXwAEIeFG.jpg",442,640,false]},"_links":{"self":[{"href":"https:\/\/balcilar-blog.com\/index.php?rest_route=\/wp\/v2\/posts\/28652","targetHints":{"allow":["GET"]}}],"collection":[{"href":"https:\/\/balcilar-blog.com\/index.php?rest_route=\/wp\/v2\/posts"}],"about":[{"href":"https:\/\/balcilar-blog.com\/index.php?rest_route=\/wp\/v2\/types\/post"}],"author":[{"embeddable":true,"href":"https:\/\/balcilar-blog.com\/index.php?rest_route=\/wp\/v2\/users\/3"}],"replies":[{"embeddable":true,"href":"https:\/\/balcilar-blog.com\/index.php?rest_route=%2Fwp%2Fv2%2Fcomments&post=28652"}],"version-history":[{"count":4,"href":"https:\/\/balcilar-blog.com\/index.php?rest_route=\/wp\/v2\/posts\/28652\/revisions"}],"predecessor-version":[{"id":28663,"href":"https:\/\/balcilar-blog.com\/index.php?rest_route=\/wp\/v2\/posts\/28652\/revisions\/28663"}],"wp:featuredmedia":[{"embeddable":true,"href":"https:\/\/balcilar-blog.com\/index.php?rest_route=\/wp\/v2\/media\/28657"}],"wp:attachment":[{"href":"https:\/\/balcilar-blog.com\/index.php?rest_route=%2Fwp%2Fv2%2Fmedia&parent=28652"}],"wp:term":[{"taxonomy":"category","embeddable":true,"href":"https:\/\/balcilar-blog.com\/index.php?rest_route=%2Fwp%2Fv2%2Fcategories&post=28652"},{"taxonomy":"post_tag","embeddable":true,"href":"https:\/\/balcilar-blog.com\/index.php?rest_route=%2Fwp%2Fv2%2Ftags&post=28652"}],"curies":[{"name":"wp","href":"https:\/\/api.w.org\/{rel}","templated":true}]}}