{"id":28458,"date":"2023-04-04T21:23:47","date_gmt":"2023-04-04T18:23:47","guid":{"rendered":"https:\/\/balcilar-blog.com\/?p=28458"},"modified":"2023-04-04T21:35:07","modified_gmt":"2023-04-04T18:35:07","slug":"cagatay-ulusoyun-kubra-dizi-cekimleri-hizla-devam-ediyor","status":"publish","type":"post","link":"https:\/\/balcilar-blog.com\/?p=28458","title":{"rendered":"\u00c7a\u011fatay Ulusoy&#8217;un &#8216;K\u00fcbra&#8217; Dizi \u00c7ekimleri H\u0131zla Devam Ediyor!"},"content":{"rendered":"<p><a href=\"https:\/\/balcilar-blog.com\/wp-content\/uploads\/2023\/04\/CAGATAY.png\"><img loading=\"lazy\" decoding=\"async\" class=\"alignnone size-medium wp-image-28459\" src=\"https:\/\/balcilar-blog.com\/wp-content\/uploads\/2023\/04\/CAGATAY-294x300.png\" alt=\"\" width=\"294\" height=\"300\" srcset=\"https:\/\/balcilar-blog.com\/wp-content\/uploads\/2023\/04\/CAGATAY-294x300.png 294w, https:\/\/balcilar-blog.com\/wp-content\/uploads\/2023\/04\/CAGATAY.png 480w\" sizes=\"auto, (max-width: 294px) 100vw, 294px\" \/><\/a><\/p>\n<p>\u00c7a\u011fatay Ulusoy \u015fu g\u00fcnlerde K\u00fcbra dizi \u00e7ekimleri h\u0131zla devam ediyor.<\/p>\n<p>Kapaktaki resmi dizi \u00e7ekimlerinden al\u0131nan bir g\u00f6r\u00fcnt\u00fcd\u00fcr. Ulusoy bu diziyi de Netflix i\u00e7in \u00e7ekiyor. Ge\u00e7en y\u0131l \u00e7ekti\u011fi iki internet dizisi Netflix de yay\u0131n i\u00e7in bekliyor.<\/p>\n<p><a href=\"https:\/\/balcilar-blog.com\/wp-content\/uploads\/2023\/04\/terzi.jpg\"><img loading=\"lazy\" decoding=\"async\" class=\"alignnone size-medium wp-image-28460\" src=\"https:\/\/balcilar-blog.com\/wp-content\/uploads\/2023\/04\/terzi-300x162.jpg\" alt=\"\" width=\"300\" height=\"162\" srcset=\"https:\/\/balcilar-blog.com\/wp-content\/uploads\/2023\/04\/terzi-300x162.jpg 300w, https:\/\/balcilar-blog.com\/wp-content\/uploads\/2023\/04\/terzi.jpg 640w\" sizes=\"auto, (max-width: 300px) 100vw, 300px\" \/><\/a><\/p>\n<p>\u00d6n\u00fcm\u00fczdeki ay, ya da g\u00fcnlerde Terzi dizisi yay\u0131na girecektir. OGM Pictures&#8217;in \u00e7ekti\u011fi dizide \u00c7a\u011fatay Peyami adl\u0131 bir terzi karakterini hayat veriyor.<\/p>\n<p><a href=\"https:\/\/balcilar-blog.com\/wp-content\/uploads\/2023\/01\/cagatay-ulusoy-yeni-dizisi-centilmen.jpg\"><img loading=\"lazy\" decoding=\"async\" class=\"alignnone size-medium wp-image-28227\" src=\"https:\/\/balcilar-blog.com\/wp-content\/uploads\/2023\/01\/cagatay-ulusoy-yeni-dizisi-centilmen-284x300.jpg\" alt=\"\" width=\"284\" height=\"300\" srcset=\"https:\/\/balcilar-blog.com\/wp-content\/uploads\/2023\/01\/cagatay-ulusoy-yeni-dizisi-centilmen-284x300.jpg 284w, https:\/\/balcilar-blog.com\/wp-content\/uploads\/2023\/01\/cagatay-ulusoy-yeni-dizisi-centilmen.jpg 640w\" sizes=\"auto, (max-width: 284px) 100vw, 284px\" \/><\/a><\/p>\n<p>Daha sonra da Centilmen dizisi yay\u0131na girecektir. Centilmen dizisinde &#8216;Sayg\u0131n&#8217; adl\u0131 bir jigolonun hayat\u0131n\u0131 anlat\u0131yor. Bu dizi de hen\u00fcz bir a\u00e7\u0131klama olmasa da \u00f6n\u00fcm\u00fczdeki sonbahar aylar\u0131nda yay\u0131na girecek.<\/p>\n<p>Yeni \u00e7ekimleri yap\u0131lan K\u00fcbra dizisinin yay\u0131n\u0131 her halde seneye kal\u0131r.<\/p>\n<p><span style=\"color: #ff0000\"><strong>K\u00dcBRA NED\u0130R, K\u0130MD\u0130R?<\/strong><\/span><\/p>\n<p>\u00c7a\u011fatay Ulusoy\u2019un ba\u015frol\u00fcnde yer alaca\u011f\u0131 K\u00fcbra dizisinde ona Asl\u0131han Malbora (Merve), Nazan Kesal, Ahsen Ero\u011flu ve Ahmet M\u00fcmtaz Taylan gibi oyuncular e\u015flik ediyor. Mahallenin sevilen, say\u0131lan, sayg\u0131 g\u00f6ren ve de\u011ferli bir abisi olan G\u00f6khan\u2019\u0131n i\u00e7erisinde bulundu\u011fu sanal arkada\u015fl\u0131k grubunda yer alan K\u00fcbra, ona kimsenin bilmedi\u011fi konular hakk\u0131nda bilgiler verir. <span style=\"color: #0000ff\"><strong>K\u00fcbra<\/strong><\/span> internette bir sanal grubun ad\u0131d\u0131r. Hi\u00e7 beklemedi\u011fi anda bilmedi\u011fi uyar\u0131 ve olaylar\u0131 G\u00f6khan\u2019la payla\u015f\u0131r.<\/p>\n<p><a href=\"https:\/\/balcilar-blog.com\/wp-content\/uploads\/2023\/04\/basrolde-cagatay-ulusoy-var-netflixin-kubra-dizisinden-ilk-kare_58938377.jpg\"><img loading=\"lazy\" decoding=\"async\" class=\"alignnone size-medium wp-image-28461\" src=\"https:\/\/balcilar-blog.com\/wp-content\/uploads\/2023\/04\/basrolde-cagatay-ulusoy-var-netflixin-kubra-dizisinden-ilk-kare_58938377-300x169.jpg\" alt=\"\" width=\"300\" height=\"169\" srcset=\"https:\/\/balcilar-blog.com\/wp-content\/uploads\/2023\/04\/basrolde-cagatay-ulusoy-var-netflixin-kubra-dizisinden-ilk-kare_58938377-300x169.jpg 300w, https:\/\/balcilar-blog.com\/wp-content\/uploads\/2023\/04\/basrolde-cagatay-ulusoy-var-netflixin-kubra-dizisinden-ilk-kare_58938377.jpg 703w\" sizes=\"auto, (max-width: 300px) 100vw, 300px\" \/><\/a><\/p>\n<p>Bu mesajla\u015fma giderek farkl\u0131 bir hal al\u0131r ve K\u00fcbra, G\u00f6khan \u015eahino\u011flu\u2019nun se\u00e7ilmi\u015f ki\u015fi oldu\u011funa inan\u0131r. Bu inanc\u0131n ard\u0131ndan olaylar bamba\u015fka bir cepheye ta\u015f\u0131n\u0131r. Bu yolda G\u00f6khan\u2019\u0131n sevenleri kadar d\u00fc\u015fmanlar\u0131 da kar\u015f\u0131s\u0131na \u00e7\u0131kar. Anlad\u0131\u011f\u0131m kadar\u0131yla ilgin\u00e7 bir konusu var.<\/p>\n<p>Af\u015fin Kum\u2019un kaleme ald\u0131\u011f\u0131 dizinin y\u00f6netmen koltu\u011funda ise Taylan Biraderler oturuyor. \u0130nternet yay\u0131n platformu Netflix i\u00e7in de b\u00fcy\u00fck \u00f6nem ta\u015f\u0131yan yap\u0131m \u015fimdiden izleyenleri kendisine ba\u011flam\u0131\u015f g\u00f6r\u00fcn\u00fcyor.<\/p>\n<p><a href=\"https:\/\/balcilar-blog.com\/wp-content\/uploads\/2016\/11\/hazalkayacagatayulusoy.jpg\"><img loading=\"lazy\" decoding=\"async\" class=\"alignnone size-medium wp-image-16163\" src=\"https:\/\/balcilar-blog.com\/wp-content\/uploads\/2016\/11\/hazalkayacagatayulusoy-300x225.jpg\" alt=\"\" width=\"300\" height=\"225\" srcset=\"https:\/\/balcilar-blog.com\/wp-content\/uploads\/2016\/11\/hazalkayacagatayulusoy-300x225.jpg 300w, https:\/\/balcilar-blog.com\/wp-content\/uploads\/2016\/11\/hazalkayacagatayulusoy.jpg 640w\" sizes=\"auto, (max-width: 300px) 100vw, 300px\" \/><\/a><\/p>\n<p>\u0130zleyici \u00c7a\u011fatay&#8217;\u0131n bu g\u00fcne kadar canland\u0131rd\u0131\u011f\u0131 her karaktere \u00f6nem vermi\u015f ve ona ayr\u0131 bir ruh katm\u0131\u015ft\u0131r. \u0130zleyici de o karaktere\u00a0 adeta a\u015f\u0131k olmu\u015ftur. Bu da onlardan biri olacak!<\/p>\n<p>Bekleyip g\u00f6rece\u011fiz.<\/p>\n<p>Abdurrahman Balc\u0131lar<\/p>\n<p>&nbsp;<\/p>\n","protected":false},"excerpt":{"rendered":"<p>\u00c7a\u011fatay Ulusoy \u015fu g\u00fcnlerde K\u00fcbra dizi \u00e7ekimleri h\u0131zla devam ediyor. Kapaktaki resmi dizi \u00e7ekimlerinden al\u0131nan bir g\u00f6r\u00fcnt\u00fcd\u00fcr. Ulusoy bu diziyi de Netflix i\u00e7in \u00e7ekiyor. Ge\u00e7en y\u0131l \u00e7ekti\u011fi iki internet dizisi Netflix de yay\u0131n i\u00e7in bekliyor. \u00d6n\u00fcm\u00fczdeki ay, ya da g\u00fcnlerde Terzi dizisi yay\u0131na girecektir. OGM Pictures&#8217;in \u00e7ekti\u011fi dizide \u00c7a\u011fatay Peyami adl\u0131 bir terzi karakterini hayat [&hellip;]<\/p>\n","protected":false},"author":3,"featured_media":28459,"comment_status":"open","ping_status":"closed","sticky":false,"template":"","format":"standard","meta":{"footnotes":""},"categories":[2123],"tags":[2484,15,2408,2482,1478,2179,2483,2362],"class_list":["post-28458","post","type-post","status-publish","format-standard","has-post-thumbnail","hentry","category-internet-dizileri","tag-aslihan-malbora","tag-cagatay-ulusoy","tag-centilmen","tag-kubra","tag-netflix","tag-ogm-pictures","tag-saygin","tag-terzi"],"views":1545,"blog_post_layout_featured_media_urls":{"thumbnail":["https:\/\/balcilar-blog.com\/wp-content\/uploads\/2023\/04\/CAGATAY-150x150.png",150,150,true],"full":["https:\/\/balcilar-blog.com\/wp-content\/uploads\/2023\/04\/CAGATAY.png",480,489,false]},"categories_names":{"2123":{"name":"Internet Dizileri","link":"https:\/\/balcilar-blog.com\/?cat=2123"}},"tags_names":{"2484":{"name":"Asl\u0131han Malbora","link":"https:\/\/balcilar-blog.com\/?tag=aslihan-malbora"},"15":{"name":"\u00e7a\u011fatay ulusoy","link":"https:\/\/balcilar-blog.com\/?tag=cagatay-ulusoy"},"2408":{"name":"Centilmen","link":"https:\/\/balcilar-blog.com\/?tag=centilmen"},"2482":{"name":"K\u00fcbra","link":"https:\/\/balcilar-blog.com\/?tag=kubra"},"1478":{"name":"Netflix","link":"https:\/\/balcilar-blog.com\/?tag=netflix"},"2179":{"name":"OGM Pictures","link":"https:\/\/balcilar-blog.com\/?tag=ogm-pictures"},"2483":{"name":"Sayg\u0131n","link":"https:\/\/balcilar-blog.com\/?tag=saygin"},"2362":{"name":"Terzi","link":"https:\/\/balcilar-blog.com\/?tag=terzi"}},"comments_number":"0","wpmagazine_modules_lite_featured_media_urls":{"thumbnail":["https:\/\/balcilar-blog.com\/wp-content\/uploads\/2023\/04\/CAGATAY-150x150.png",150,150,true],"cvmm-medium":["https:\/\/balcilar-blog.com\/wp-content\/uploads\/2023\/04\/CAGATAY-300x300.png",300,300,true],"cvmm-medium-plus":["https:\/\/balcilar-blog.com\/wp-content\/uploads\/2023\/04\/CAGATAY-305x207.png",305,207,true],"cvmm-portrait":["https:\/\/balcilar-blog.com\/wp-content\/uploads\/2023\/04\/CAGATAY-400x489.png",400,489,true],"cvmm-medium-square":["https:\/\/balcilar-blog.com\/wp-content\/uploads\/2023\/04\/CAGATAY.png",480,489,false],"cvmm-large":["https:\/\/balcilar-blog.com\/wp-content\/uploads\/2023\/04\/CAGATAY.png",480,489,false],"cvmm-small":["https:\/\/balcilar-blog.com\/wp-content\/uploads\/2023\/04\/CAGATAY-130x95.png",130,95,true],"full":["https:\/\/balcilar-blog.com\/wp-content\/uploads\/2023\/04\/CAGATAY.png",480,489,false]},"_links":{"self":[{"href":"https:\/\/balcilar-blog.com\/index.php?rest_route=\/wp\/v2\/posts\/28458","targetHints":{"allow":["GET"]}}],"collection":[{"href":"https:\/\/balcilar-blog.com\/index.php?rest_route=\/wp\/v2\/posts"}],"about":[{"href":"https:\/\/balcilar-blog.com\/index.php?rest_route=\/wp\/v2\/types\/post"}],"author":[{"embeddable":true,"href":"https:\/\/balcilar-blog.com\/index.php?rest_route=\/wp\/v2\/users\/3"}],"replies":[{"embeddable":true,"href":"https:\/\/balcilar-blog.com\/index.php?rest_route=%2Fwp%2Fv2%2Fcomments&post=28458"}],"version-history":[{"count":5,"href":"https:\/\/balcilar-blog.com\/index.php?rest_route=\/wp\/v2\/posts\/28458\/revisions"}],"predecessor-version":[{"id":28467,"href":"https:\/\/balcilar-blog.com\/index.php?rest_route=\/wp\/v2\/posts\/28458\/revisions\/28467"}],"wp:featuredmedia":[{"embeddable":true,"href":"https:\/\/balcilar-blog.com\/index.php?rest_route=\/wp\/v2\/media\/28459"}],"wp:attachment":[{"href":"https:\/\/balcilar-blog.com\/index.php?rest_route=%2Fwp%2Fv2%2Fmedia&parent=28458"}],"wp:term":[{"taxonomy":"category","embeddable":true,"href":"https:\/\/balcilar-blog.com\/index.php?rest_route=%2Fwp%2Fv2%2Fcategories&post=28458"},{"taxonomy":"post_tag","embeddable":true,"href":"https:\/\/balcilar-blog.com\/index.php?rest_route=%2Fwp%2Fv2%2Ftags&post=28458"}],"curies":[{"name":"wp","href":"https:\/\/api.w.org\/{rel}","templated":true}]}}