{"id":28426,"date":"2023-03-26T15:06:34","date_gmt":"2023-03-26T12:06:34","guid":{"rendered":"https:\/\/balcilar-blog.com\/?p=28426"},"modified":"2023-03-26T15:06:34","modified_gmt":"2023-03-26T12:06:34","slug":"ego-6-bolum-bu-aksam-fox-tv-ekranlarinda","status":"publish","type":"post","link":"https:\/\/balcilar-blog.com\/?p=28426","title":{"rendered":"Ego 6.B\u00f6l\u00fcm Bu Ak\u015fam Fox Tv. Ekranlar\u0131nda!"},"content":{"rendered":"<p><a href=\"https:\/\/balcilar-blog.com\/wp-content\/uploads\/2023\/03\/ego_6-6.jpg\"><img loading=\"lazy\" decoding=\"async\" class=\"alignnone size-medium wp-image-28432\" src=\"https:\/\/balcilar-blog.com\/wp-content\/uploads\/2023\/03\/ego_6-6-300x190.jpg\" alt=\"\" width=\"300\" height=\"190\" srcset=\"https:\/\/balcilar-blog.com\/wp-content\/uploads\/2023\/03\/ego_6-6-300x190.jpg 300w, https:\/\/balcilar-blog.com\/wp-content\/uploads\/2023\/03\/ego_6-6.jpg 640w\" sizes=\"auto, (max-width: 300px) 100vw, 300px\" \/><\/a><\/p>\n<p><strong>Ego<\/strong>; Elif\u2019le (R\u00fcya Helin Demirbulut) Erhan (<span style=\"color: #0000ff\"><strong>Alperen Duymaz<\/strong><\/span>) birbirlerini \u00e7ok seven ni\u015fanl\u0131 bir \u00e7ifttir ve hayattan en b\u00fcy\u00fck beklentileri evlenip, mutlu bir yuva kurmakt\u0131r. Ya\u015fant\u0131lar\u0131n\u0131n rutini, Erhan\u2019\u0131n trajik aldan\u0131\u015f\u0131 ile bozulur ve Erhan, \u00f6denmesi \u00e7ok g\u00fc\u00e7 bir bor\u00e7 y\u00fck\u00fcyle kar\u015f\u0131 kar\u015f\u0131ya kal\u0131r. Birlikte gittikleri, Erhan\u2019\u0131n i\u015f gezisinde ald\u0131klar\u0131 bu haberle hayatlar\u0131 da psikolojileri de alt \u00fcst olacakt\u0131r. \u00d6demeleri neredeyse imkans\u0131z olan bor\u00e7 hayatlar\u0131n\u0131 kabusa<br \/>\n\u00e7evirmi\u015fken, Erhan\u2019\u0131n patronu Sibel\u2019in (<strong><span style=\"color: #0000ff\">Melisa Asl\u0131 Pamuk<\/span><\/strong>) yapt\u0131\u011f\u0131 teklif hayatlar\u0131n\u0131 sonsuza dek de\u011fi\u015ftirecektir\u2026<\/p>\n<p>Ve \u00f6yle de olur.<\/p>\n<p><a href=\"https:\/\/balcilar-blog.com\/wp-content\/uploads\/2023\/03\/ego_6-1-1679639807.jpg\"><img loading=\"lazy\" decoding=\"async\" class=\"alignnone size-medium wp-image-28428\" src=\"https:\/\/balcilar-blog.com\/wp-content\/uploads\/2023\/03\/ego_6-1-1679639807-300x200.jpg\" alt=\"\" width=\"300\" height=\"200\" srcset=\"https:\/\/balcilar-blog.com\/wp-content\/uploads\/2023\/03\/ego_6-1-1679639807-300x200.jpg 300w, https:\/\/balcilar-blog.com\/wp-content\/uploads\/2023\/03\/ego_6-1-1679639807.jpg 640w\" sizes=\"auto, (max-width: 300px) 100vw, 300px\" \/><\/a><\/p>\n<p>Elif\u2019in Tuncay\u2019dan \u00e7ocuk bekledi\u011fini \u00f6\u011frenen Erhan y\u0131k\u0131lm\u0131\u015ft\u0131r. Elif\u2019e olan h\u0131rs\u0131yla Sibel\u2019e gider.<\/p>\n<p><a href=\"https:\/\/balcilar-blog.com\/wp-content\/uploads\/2023\/03\/ego_6-4-1679639821.jpg\"><img loading=\"lazy\" decoding=\"async\" class=\"alignnone size-medium wp-image-28430\" src=\"https:\/\/balcilar-blog.com\/wp-content\/uploads\/2023\/03\/ego_6-4-1679639821-300x200.jpg\" alt=\"\" width=\"300\" height=\"200\" srcset=\"https:\/\/balcilar-blog.com\/wp-content\/uploads\/2023\/03\/ego_6-4-1679639821-300x200.jpg 300w, https:\/\/balcilar-blog.com\/wp-content\/uploads\/2023\/03\/ego_6-4-1679639821.jpg 640w\" sizes=\"auto, (max-width: 300px) 100vw, 300px\" \/><\/a><\/p>\n<p>Erhan\u2019\u0131n niyetini anlayan Sibel ona hi\u00e7 beklemedi\u011fi bir cevap verir.<\/p>\n<p><a href=\"https:\/\/balcilar-blog.com\/wp-content\/uploads\/2023\/03\/ego_6-5-1679639831.jpg\"><img loading=\"lazy\" decoding=\"async\" class=\"alignnone size-medium wp-image-28431\" src=\"https:\/\/balcilar-blog.com\/wp-content\/uploads\/2023\/03\/ego_6-5-1679639831-300x200.jpg\" alt=\"\" width=\"300\" height=\"200\" srcset=\"https:\/\/balcilar-blog.com\/wp-content\/uploads\/2023\/03\/ego_6-5-1679639831-300x200.jpg 300w, https:\/\/balcilar-blog.com\/wp-content\/uploads\/2023\/03\/ego_6-5-1679639831.jpg 640w\" sizes=\"auto, (max-width: 300px) 100vw, 300px\" \/><\/a><\/p>\n<p>Erhan, \u00f6fke ve hayal k\u0131r\u0131kl\u0131\u011f\u0131yla \u00e7\u0131kt\u0131\u011f\u0131 anla\u015fmal\u0131 evlilik yolunda, ger\u00e7ek duygular\u0131yla y\u00fczle\u015fir.<\/p>\n<p><a href=\"https:\/\/balcilar-blog.com\/wp-content\/uploads\/2023\/03\/ego_6-7-1679639840.jpg\"><img loading=\"lazy\" decoding=\"async\" class=\"alignnone size-medium wp-image-28433\" src=\"https:\/\/balcilar-blog.com\/wp-content\/uploads\/2023\/03\/ego_6-7-1679639840-300x200.jpg\" alt=\"\" width=\"300\" height=\"200\" srcset=\"https:\/\/balcilar-blog.com\/wp-content\/uploads\/2023\/03\/ego_6-7-1679639840-300x200.jpg 300w, https:\/\/balcilar-blog.com\/wp-content\/uploads\/2023\/03\/ego_6-7-1679639840.jpg 640w\" sizes=\"auto, (max-width: 300px) 100vw, 300px\" \/><\/a><\/p>\n<p>Sibel, Erhan\u2019la Elif\u2019in aras\u0131n\u0131n iyice a\u00e7\u0131lmas\u0131ndan memnundur.<\/p>\n<p><a href=\"https:\/\/balcilar-blog.com\/wp-content\/uploads\/2023\/03\/ego_6-2-1679639850.jpg\"><img loading=\"lazy\" decoding=\"async\" class=\"alignnone size-medium wp-image-28429\" src=\"https:\/\/balcilar-blog.com\/wp-content\/uploads\/2023\/03\/ego_6-2-1679639850-300x217.jpg\" alt=\"\" width=\"300\" height=\"217\" srcset=\"https:\/\/balcilar-blog.com\/wp-content\/uploads\/2023\/03\/ego_6-2-1679639850-300x217.jpg 300w, https:\/\/balcilar-blog.com\/wp-content\/uploads\/2023\/03\/ego_6-2-1679639850-130x95.jpg 130w, https:\/\/balcilar-blog.com\/wp-content\/uploads\/2023\/03\/ego_6-2-1679639850.jpg 640w\" sizes=\"auto, (max-width: 300px) 100vw, 300px\" \/><\/a><\/p>\n<p>Elif\u2019i d\u00fc\u011f\u00fcn\u00fcne davet ederken, ba\u015f\u0131na geleceklerden habersizdir.<\/p>\n<p><span style=\"color: #0000ff\"><strong>Oyuncu Kadrosu<\/strong><\/span><\/p>\n<p><strong><span style=\"color: #ff0000\">Alperen Duymaz, Melisa Asl\u0131 Pamuk, Erdal K\u00fc\u00e7\u00fckk\u00f6m\u00fcrc\u00fc, Ahmet Kayakesen, H\u00fclya G\u00fcl\u015fen Irmak, R\u00fcya Helin Demirbulut.<\/span><\/strong><\/p>\n<p>Bu ak\u015fam (26 Mart 2023) 6.b\u00f6l\u00fcm\u00fc ekranlara geliyor. Sizi bilmem ama benim keyifle izledi\u011fim bir dizi. Bu ak\u015fam 6.b\u00f6l\u00fcm\u00fcnde neler olaca\u011f\u0131n\u0131 merakla bekleyerek Fox Tv.ekran ba\u015f\u0131na oturaca\u011f\u0131z.<\/p>\n<p>Keyifli Seyirler<\/p>\n<p>Abdurrahman Balc\u0131lar<\/p>\n<p>&nbsp;<\/p>\n<p>Not: Bilgi ve g\u00f6rseller Fox Tv sayfas\u0131ndan al\u0131nm\u0131\u015ft\u0131r.<\/p>\n","protected":false},"excerpt":{"rendered":"<p>Ego; Elif\u2019le (R\u00fcya Helin Demirbulut) Erhan (Alperen Duymaz) birbirlerini \u00e7ok seven ni\u015fanl\u0131 bir \u00e7ifttir ve hayattan en b\u00fcy\u00fck beklentileri evlenip, mutlu bir yuva kurmakt\u0131r. Ya\u015fant\u0131lar\u0131n\u0131n rutini, Erhan\u2019\u0131n trajik aldan\u0131\u015f\u0131 ile bozulur ve Erhan, \u00f6denmesi \u00e7ok g\u00fc\u00e7 bir bor\u00e7 y\u00fck\u00fcyle kar\u015f\u0131 kar\u015f\u0131ya kal\u0131r. Birlikte gittikleri, Erhan\u2019\u0131n i\u015f gezisinde ald\u0131klar\u0131 bu haberle hayatlar\u0131 da psikolojileri de alt [&hellip;]<\/p>\n","protected":false},"author":3,"featured_media":28432,"comment_status":"open","ping_status":"closed","sticky":false,"template":"","format":"standard","meta":{"footnotes":""},"categories":[2],"tags":[1653,2434,129,1259],"class_list":["post-28426","post","type-post","status-publish","format-standard","has-post-thumbnail","hentry","category-tv-programlari","tag-alperen-duymaz","tag-ego","tag-fox-tv","tag-melisa-asli-pamuk"],"views":1705,"blog_post_layout_featured_media_urls":{"thumbnail":["https:\/\/balcilar-blog.com\/wp-content\/uploads\/2023\/03\/ego_6-6-150x150.jpg",150,150,true],"full":["https:\/\/balcilar-blog.com\/wp-content\/uploads\/2023\/03\/ego_6-6.jpg",640,406,false]},"categories_names":{"2":{"name":"TV Programlar\u0131","link":"https:\/\/balcilar-blog.com\/?cat=2"}},"tags_names":{"1653":{"name":"Alperen Duymaz","link":"https:\/\/balcilar-blog.com\/?tag=alperen-duymaz"},"2434":{"name":"Ego","link":"https:\/\/balcilar-blog.com\/?tag=ego"},"129":{"name":"Fox Tv","link":"https:\/\/balcilar-blog.com\/?tag=fox-tv"},"1259":{"name":"Melisa Asl\u0131 Pamuk","link":"https:\/\/balcilar-blog.com\/?tag=melisa-asli-pamuk"}},"comments_number":"0","wpmagazine_modules_lite_featured_media_urls":{"thumbnail":["https:\/\/balcilar-blog.com\/wp-content\/uploads\/2023\/03\/ego_6-6-150x150.jpg",150,150,true],"cvmm-medium":["https:\/\/balcilar-blog.com\/wp-content\/uploads\/2023\/03\/ego_6-6-300x300.jpg",300,300,true],"cvmm-medium-plus":["https:\/\/balcilar-blog.com\/wp-content\/uploads\/2023\/03\/ego_6-6-305x207.jpg",305,207,true],"cvmm-portrait":["https:\/\/balcilar-blog.com\/wp-content\/uploads\/2023\/03\/ego_6-6-400x406.jpg",400,406,true],"cvmm-medium-square":["https:\/\/balcilar-blog.com\/wp-content\/uploads\/2023\/03\/ego_6-6-600x406.jpg",600,406,true],"cvmm-large":["https:\/\/balcilar-blog.com\/wp-content\/uploads\/2023\/03\/ego_6-6.jpg",640,406,false],"cvmm-small":["https:\/\/balcilar-blog.com\/wp-content\/uploads\/2023\/03\/ego_6-6-130x95.jpg",130,95,true],"full":["https:\/\/balcilar-blog.com\/wp-content\/uploads\/2023\/03\/ego_6-6.jpg",640,406,false]},"_links":{"self":[{"href":"https:\/\/balcilar-blog.com\/index.php?rest_route=\/wp\/v2\/posts\/28426","targetHints":{"allow":["GET"]}}],"collection":[{"href":"https:\/\/balcilar-blog.com\/index.php?rest_route=\/wp\/v2\/posts"}],"about":[{"href":"https:\/\/balcilar-blog.com\/index.php?rest_route=\/wp\/v2\/types\/post"}],"author":[{"embeddable":true,"href":"https:\/\/balcilar-blog.com\/index.php?rest_route=\/wp\/v2\/users\/3"}],"replies":[{"embeddable":true,"href":"https:\/\/balcilar-blog.com\/index.php?rest_route=%2Fwp%2Fv2%2Fcomments&post=28426"}],"version-history":[{"count":1,"href":"https:\/\/balcilar-blog.com\/index.php?rest_route=\/wp\/v2\/posts\/28426\/revisions"}],"predecessor-version":[{"id":28434,"href":"https:\/\/balcilar-blog.com\/index.php?rest_route=\/wp\/v2\/posts\/28426\/revisions\/28434"}],"wp:featuredmedia":[{"embeddable":true,"href":"https:\/\/balcilar-blog.com\/index.php?rest_route=\/wp\/v2\/media\/28432"}],"wp:attachment":[{"href":"https:\/\/balcilar-blog.com\/index.php?rest_route=%2Fwp%2Fv2%2Fmedia&parent=28426"}],"wp:term":[{"taxonomy":"category","embeddable":true,"href":"https:\/\/balcilar-blog.com\/index.php?rest_route=%2Fwp%2Fv2%2Fcategories&post=28426"},{"taxonomy":"post_tag","embeddable":true,"href":"https:\/\/balcilar-blog.com\/index.php?rest_route=%2Fwp%2Fv2%2Ftags&post=28426"}],"curies":[{"name":"wp","href":"https:\/\/api.w.org\/{rel}","templated":true}]}}