{"id":28313,"date":"2023-01-21T16:29:21","date_gmt":"2023-01-21T13:29:21","guid":{"rendered":"https:\/\/balcilar-blog.com\/?p=28313"},"modified":"2023-01-21T16:29:21","modified_gmt":"2023-01-21T13:29:21","slug":"27-turkiye-almanya-film-festivali-bu-yil-10-19-mart-2023de","status":"publish","type":"post","link":"https:\/\/balcilar-blog.com\/?p=28313","title":{"rendered":"27.T\u00fcrkiye Almanya Film Festivali Bu Y\u0131l 10 &#8211; 19 Mart 2023&#8217;de"},"content":{"rendered":"<p><a href=\"https:\/\/balcilar-blog.com\/wp-content\/uploads\/2023\/01\/csm_goeren_2_de_b93c495f90-1.jpg\"><img loading=\"lazy\" decoding=\"async\" class=\"alignnone size-medium wp-image-28314\" src=\"https:\/\/balcilar-blog.com\/wp-content\/uploads\/2023\/01\/csm_goeren_2_de_b93c495f90-1-300x125.jpg\" alt=\"\" width=\"300\" height=\"125\" srcset=\"https:\/\/balcilar-blog.com\/wp-content\/uploads\/2023\/01\/csm_goeren_2_de_b93c495f90-1-300x125.jpg 300w, https:\/\/balcilar-blog.com\/wp-content\/uploads\/2023\/01\/csm_goeren_2_de_b93c495f90-1-1024x428.jpg 1024w, https:\/\/balcilar-blog.com\/wp-content\/uploads\/2023\/01\/csm_goeren_2_de_b93c495f90-1-768x321.jpg 768w, https:\/\/balcilar-blog.com\/wp-content\/uploads\/2023\/01\/csm_goeren_2_de_b93c495f90-1.jpg 1045w\" sizes=\"auto, (max-width: 300px) 100vw, 300px\" \/><\/a><\/p>\n<p>27.T\u00fcrkiye Almanya Film Festivali bu y\u0131l 10 Mart &#8211; 19 Mart tarihleri aras\u0131nda yap\u0131laca\u011f\u0131 duyuruldu.<\/p>\n<p><a href=\"https:\/\/balcilar-blog.com\/wp-content\/uploads\/2023\/01\/goeren_verhoeven.jpg\"><img loading=\"lazy\" decoding=\"async\" class=\"alignnone size-medium wp-image-28316\" src=\"https:\/\/balcilar-blog.com\/wp-content\/uploads\/2023\/01\/goeren_verhoeven-300x169.jpg\" alt=\"\" width=\"300\" height=\"169\" srcset=\"https:\/\/balcilar-blog.com\/wp-content\/uploads\/2023\/01\/goeren_verhoeven-300x169.jpg 300w, https:\/\/balcilar-blog.com\/wp-content\/uploads\/2023\/01\/goeren_verhoeven.jpg 640w\" sizes=\"auto, (max-width: 300px) 100vw, 300px\" \/><\/a><\/p>\n<p>Bu y\u0131l festivalin Onur \u00d6d\u00fclleri,\u00a0\u015eerif G\u00f6ren ve Michael Verhoeven&#8217;e verilecektir.<\/p>\n<p>10 Mart gecesi yap\u0131lacak a\u00e7\u0131l\u0131\u015f T\u00f6reni\u2018nde iki de\u011ferli y\u00f6netmene takdim edilecektir.<\/p>\n<p><a href=\"https:\/\/balcilar-blog.com\/wp-content\/uploads\/2023\/01\/csm_kurz-jury_3bf267ed6b.jpg\"><img loading=\"lazy\" decoding=\"async\" class=\"alignnone size-medium wp-image-28317\" src=\"https:\/\/balcilar-blog.com\/wp-content\/uploads\/2023\/01\/csm_kurz-jury_3bf267ed6b-300x169.jpg\" alt=\"\" width=\"300\" height=\"169\" srcset=\"https:\/\/balcilar-blog.com\/wp-content\/uploads\/2023\/01\/csm_kurz-jury_3bf267ed6b-300x169.jpg 300w, https:\/\/balcilar-blog.com\/wp-content\/uploads\/2023\/01\/csm_kurz-jury_3bf267ed6b.jpg 640w\" sizes=\"auto, (max-width: 300px) 100vw, 300px\" \/><\/a><\/p>\n<p>Festival \u00f6d\u00fclleri her y\u0131l \u00fc\u00e7 farkl\u0131 j\u00fcri ve izleyiciler taraf\u0131ndan veriliyor.<\/p>\n<p>&nbsp;<\/p>\n<p><span style=\"color: #ff0000\"><strong>BU YILK\u0130 KISA F\u0130LM YARI\u015eMASI BELL\u0130 OLDU:<\/strong><\/span><\/p>\n<p><a href=\"https:\/\/balcilar-blog.com\/wp-content\/uploads\/2023\/01\/csm_header_slider_f866f7980b.jpg\"><img loading=\"lazy\" decoding=\"async\" class=\"alignnone size-medium wp-image-28315\" src=\"https:\/\/balcilar-blog.com\/wp-content\/uploads\/2023\/01\/csm_header_slider_f866f7980b-300x91.jpg\" alt=\"\" width=\"300\" height=\"91\" srcset=\"https:\/\/balcilar-blog.com\/wp-content\/uploads\/2023\/01\/csm_header_slider_f866f7980b-300x91.jpg 300w, https:\/\/balcilar-blog.com\/wp-content\/uploads\/2023\/01\/csm_header_slider_f866f7980b-1024x311.jpg 1024w, https:\/\/balcilar-blog.com\/wp-content\/uploads\/2023\/01\/csm_header_slider_f866f7980b-768x233.jpg 768w, https:\/\/balcilar-blog.com\/wp-content\/uploads\/2023\/01\/csm_header_slider_f866f7980b.jpg 1440w\" sizes=\"auto, (max-width: 300px) 100vw, 300px\" \/><\/a><\/p>\n<p>Bu y\u0131lki k\u0131sa film yar\u0131\u015fmas\u0131 j\u00fcrisine uluslararas\u0131 sinema filmleri y\u00f6netmenlerimizden Serhat Karaaslan ba\u015fkanl\u0131k yapacakt\u0131r. Se\u00e7ici kurulun di\u011fer \u00fcyeleri ise: Taies Farzan (Oyuncu) ve Anke Petersen (Yap\u0131mc\u0131).<\/p>\n<p>Festival i\u00e7in son ba\u015fvuru tarihi sona erdi. \u00d6d\u00fcl t\u00f6reni 18 Mart tarihinde Saat 20&#8217;de C\u0131neCitt\u00e0 Sinemas\u0131nda yap\u0131lacakt\u0131r.<\/p>\n<p>&nbsp;<\/p>\n<h2><span style=\"color: #ff0000\">Program 2023<\/span><\/h2>\n<p><a href=\"https:\/\/balcilar-blog.com\/wp-content\/uploads\/2023\/01\/csm_fftd_2019_xx_2_e01af39cce.jpg\"><img loading=\"lazy\" decoding=\"async\" class=\"alignnone size-medium wp-image-28318\" src=\"https:\/\/balcilar-blog.com\/wp-content\/uploads\/2023\/01\/csm_fftd_2019_xx_2_e01af39cce-300x172.jpg\" alt=\"\" width=\"300\" height=\"172\" srcset=\"https:\/\/balcilar-blog.com\/wp-content\/uploads\/2023\/01\/csm_fftd_2019_xx_2_e01af39cce-300x172.jpg 300w, https:\/\/balcilar-blog.com\/wp-content\/uploads\/2023\/01\/csm_fftd_2019_xx_2_e01af39cce.jpg 640w\" sizes=\"auto, (max-width: 300px) 100vw, 300px\" \/><\/a><\/p>\n<p>2023 bahar\u0131nda rengarenk bir program sizleri bekliyor:<br \/>\nT\u00fcrkiye\u2019den ve Almanya\u2019dan toplam 30\u2019dan fazla uzun metraj sinema filmleri, k\u0131sa ve belgesel filmlerle, yar\u0131\u015fma dallar\u0131yla ve yar\u0131\u015fma d\u0131\u015f\u0131 g\u00f6sterilerle,<br \/>\nfestivale kat\u0131lacak 50&#8217;den fazla sanat\u00e7\u0131larla, bir \u00e7ok \u00a0sinema s\u00f6yle\u015fileriyle, a\u00e7\u0131k oturumlarla, okumalarla, m\u00fczik performanslar\u0131yla, olmazsa olmaz party\u2018lerle, bulu\u015fmak, e\u011flenmek, tan\u0131mak, tan\u0131\u015fmak, tart\u0131\u015fabilmek ve d\u00fc\u015f\u00fcnmek i\u00e7in bir Film Festivali.<\/p>\n<p>1.K\u0131sa Film Yar\u0131\u015fmas\u0131<\/p>\n<p>2.A\u00e7\u0131l\u0131\u015f T\u00f6reni<\/p>\n<p>3.A\u00e7\u0131l\u0131\u015f<\/p>\n<p>Almanya da olup da imkanlar\u0131 olan t\u00fcm sanatseverler bizzat kat\u0131l\u0131p izleyeceklerdir.<\/p>\n<p><strong>Festival program\u0131 31 Ocak 2023 tarihinde a\u00e7\u0131klanacakt\u0131r<\/strong><\/p>\n<p>Festivale kat\u0131lan t\u00fcm yap\u0131mlara ve ekipler ba\u015far\u0131lar dilerim.<\/p>\n<p>Abdurrahman Balc\u0131lar<\/p>\n<p>&nbsp;<\/p>\n<header class=\"header-120 h-4 text-center\">\n<h4>\u0130leti\u015fim<\/h4>\n<\/header>\n<div class=\"ce-textpic above-below\">\n<div class=\"bodytext\">\n<p class=\"text-center\">Tel-Nr: +49 911 929 65 60<br \/>\nE-Mail: info@fftd.net<\/p>\n<\/div>\n<\/div>\n","protected":false},"excerpt":{"rendered":"<p>27.T\u00fcrkiye Almanya Film Festivali bu y\u0131l 10 Mart &#8211; 19 Mart tarihleri aras\u0131nda yap\u0131laca\u011f\u0131 duyuruldu. Bu y\u0131l festivalin Onur \u00d6d\u00fclleri,\u00a0\u015eerif G\u00f6ren ve Michael Verhoeven&#8217;e verilecektir. 10 Mart gecesi yap\u0131lacak a\u00e7\u0131l\u0131\u015f T\u00f6reni\u2018nde iki de\u011ferli y\u00f6netmene takdim edilecektir. Festival \u00f6d\u00fclleri her y\u0131l \u00fc\u00e7 farkl\u0131 j\u00fcri ve izleyiciler taraf\u0131ndan veriliyor. &nbsp; BU YILK\u0130 KISA F\u0130LM YARI\u015eMASI BELL\u0130 OLDU: [&hellip;]<\/p>\n","protected":false},"author":3,"featured_media":28314,"comment_status":"open","ping_status":"closed","sticky":false,"template":"","format":"standard","meta":{"footnotes":""},"categories":[918],"tags":[2444,2448,2446,2449,2445,2447],"class_list":["post-28313","post","type-post","status-publish","format-standard","has-post-thumbnail","hentry","category-kultur-sanat","tag-27-turkiye-almanya-filim-festivali","tag-anke-petersen","tag-michael-verhoeven","tag-serhat-karaaslan","tag-serif-goren","tag-taies-farzan"],"views":1585,"blog_post_layout_featured_media_urls":{"thumbnail":["https:\/\/balcilar-blog.com\/wp-content\/uploads\/2023\/01\/csm_goeren_2_de_b93c495f90-1-150x150.jpg",150,150,true],"full":["https:\/\/balcilar-blog.com\/wp-content\/uploads\/2023\/01\/csm_goeren_2_de_b93c495f90-1.jpg",1045,437,false]},"categories_names":{"918":{"name":"K\u00fclt\u00fcr - Sanat","link":"https:\/\/balcilar-blog.com\/?cat=918"}},"tags_names":{"2444":{"name":"27. T\u00fcrkiye Almanya Filim Festivali","link":"https:\/\/balcilar-blog.com\/?tag=27-turkiye-almanya-filim-festivali"},"2448":{"name":"Anke Petersen","link":"https:\/\/balcilar-blog.com\/?tag=anke-petersen"},"2446":{"name":"Michael Verhoeven","link":"https:\/\/balcilar-blog.com\/?tag=michael-verhoeven"},"2449":{"name":"Serhat Karaaslan","link":"https:\/\/balcilar-blog.com\/?tag=serhat-karaaslan"},"2445":{"name":"\u015eerif G\u00f6ren","link":"https:\/\/balcilar-blog.com\/?tag=serif-goren"},"2447":{"name":"Taies Farzan","link":"https:\/\/balcilar-blog.com\/?tag=taies-farzan"}},"comments_number":"0","wpmagazine_modules_lite_featured_media_urls":{"thumbnail":["https:\/\/balcilar-blog.com\/wp-content\/uploads\/2023\/01\/csm_goeren_2_de_b93c495f90-1-150x150.jpg",150,150,true],"cvmm-medium":["https:\/\/balcilar-blog.com\/wp-content\/uploads\/2023\/01\/csm_goeren_2_de_b93c495f90-1-300x300.jpg",300,300,true],"cvmm-medium-plus":["https:\/\/balcilar-blog.com\/wp-content\/uploads\/2023\/01\/csm_goeren_2_de_b93c495f90-1-305x207.jpg",305,207,true],"cvmm-portrait":["https:\/\/balcilar-blog.com\/wp-content\/uploads\/2023\/01\/csm_goeren_2_de_b93c495f90-1-400x437.jpg",400,437,true],"cvmm-medium-square":["https:\/\/balcilar-blog.com\/wp-content\/uploads\/2023\/01\/csm_goeren_2_de_b93c495f90-1-600x437.jpg",600,437,true],"cvmm-large":["https:\/\/balcilar-blog.com\/wp-content\/uploads\/2023\/01\/csm_goeren_2_de_b93c495f90-1-1024x437.jpg",1024,437,true],"cvmm-small":["https:\/\/balcilar-blog.com\/wp-content\/uploads\/2023\/01\/csm_goeren_2_de_b93c495f90-1-130x95.jpg",130,95,true],"full":["https:\/\/balcilar-blog.com\/wp-content\/uploads\/2023\/01\/csm_goeren_2_de_b93c495f90-1.jpg",1045,437,false]},"_links":{"self":[{"href":"https:\/\/balcilar-blog.com\/index.php?rest_route=\/wp\/v2\/posts\/28313","targetHints":{"allow":["GET"]}}],"collection":[{"href":"https:\/\/balcilar-blog.com\/index.php?rest_route=\/wp\/v2\/posts"}],"about":[{"href":"https:\/\/balcilar-blog.com\/index.php?rest_route=\/wp\/v2\/types\/post"}],"author":[{"embeddable":true,"href":"https:\/\/balcilar-blog.com\/index.php?rest_route=\/wp\/v2\/users\/3"}],"replies":[{"embeddable":true,"href":"https:\/\/balcilar-blog.com\/index.php?rest_route=%2Fwp%2Fv2%2Fcomments&post=28313"}],"version-history":[{"count":1,"href":"https:\/\/balcilar-blog.com\/index.php?rest_route=\/wp\/v2\/posts\/28313\/revisions"}],"predecessor-version":[{"id":28319,"href":"https:\/\/balcilar-blog.com\/index.php?rest_route=\/wp\/v2\/posts\/28313\/revisions\/28319"}],"wp:featuredmedia":[{"embeddable":true,"href":"https:\/\/balcilar-blog.com\/index.php?rest_route=\/wp\/v2\/media\/28314"}],"wp:attachment":[{"href":"https:\/\/balcilar-blog.com\/index.php?rest_route=%2Fwp%2Fv2%2Fmedia&parent=28313"}],"wp:term":[{"taxonomy":"category","embeddable":true,"href":"https:\/\/balcilar-blog.com\/index.php?rest_route=%2Fwp%2Fv2%2Fcategories&post=28313"},{"taxonomy":"post_tag","embeddable":true,"href":"https:\/\/balcilar-blog.com\/index.php?rest_route=%2Fwp%2Fv2%2Ftags&post=28313"}],"curies":[{"name":"wp","href":"https:\/\/api.w.org\/{rel}","templated":true}]}}