{"id":283,"date":"2013-01-14T14:15:54","date_gmt":"2013-01-14T12:15:54","guid":{"rendered":"http:\/\/balcilar-blog.com\/?p=283"},"modified":"2015-11-09T17:20:08","modified_gmt":"2015-11-09T15:20:08","slug":"cagatay-ulusoy-nereye-kosuyor","status":"publish","type":"post","link":"https:\/\/balcilar-blog.com\/?p=283","title":{"rendered":"\u00c7a\u011fatay Ulusoy nereye ko\u015fuyor ?"},"content":{"rendered":"<div>\n<h4>14 Ocak &#8217;13<\/h4>\n<\/div>\n<dl>\n<dt>Kategori<\/dt>\n<dd><strong>Magazin<\/strong><\/dd>\n<\/dl>\n<div>\n<div>\n<p><img loading=\"lazy\" decoding=\"async\" src=\"http:\/\/iblog.milliyet.com.tr\/imgroot\/blogv7\/Blog333\/2013\/03\/23\/12\/370662-3-4-afaf1.jpg\" alt=\"\u00c7a\u011fatay Ulusoy nereye ko\u015fuyor ?\" width=\"333\" height=\"240\" \/>\u00c7a\u011fatay Ulusoy Anadolu Kartallar\u0131n,da.<\/p>\n<hr \/>\n<\/div>\n<div id=\"BlogDetail\">\n<p><span style=\"color: #ff0000;\"><strong>Ad\u0131n\u0131 Feriha Koydum<\/strong><\/span>\u00a0 dizisindeki Emir karakteriyle, T\u00fcrk seyirciyle tan\u0131\u015fan\u00a0<span style=\"color: #0000ff;\"><strong><a style=\"color: #0000ff;\" href=\"http:\/\/blog.milliyet.com.tr\/AramaBlog\/?search=%C3%87a%C4%9Fatay\" rel=\"external nofollow\">\u00c7a\u011fatay<\/a>\u00a0<a style=\"color: #0000ff;\" href=\"http:\/\/blog.milliyet.com.tr\/AramaBlog\/?search=Ulusoy\" rel=\"external nofollow\">Ulusoy<\/a><\/strong><\/span>\u00a0 inan\u0131lmaz bir ba\u015far\u0131ya imza att\u0131. Bu ba\u015far\u0131da \u00f6ncelikle, tatl\u0131 tebess\u00fcm\u00fc, g\u00fczel bebek y\u00fcz\u00fc ve yak\u0131\u015f\u0131kl\u0131\u011f\u0131n\u0131n \u00f6nemi b\u00fcy\u00fckt\u00fcr. 20 ya\u015f alt\u0131\u00a0 gen\u00e7 k\u0131zlar\u0131m\u0131z onda arad\u0131klar\u0131 erkek modelini g\u00f6rd\u00fc. Sevdi, be\u011fendi, diziyi\u00a0 reytinglerin en \u00fcst s\u0131ralar\u0131na ta\u015f\u0131d\u0131. Anne ve babalar onu kendi o\u011fullar\u0131 gibi ba\u011f\u0131rlar\u0131na bast\u0131. Dizide ki emir karakteri ile kendi \u00c7a\u011fatay karakteri\u00a0 bir noktada \u00f6rt\u00fc\u015ft\u00fc. Medya ya verdi\u011fi r\u00f6portajlarda m\u00fctevazili\u011f\u0131 ile dikkatleri \u00e7ekti. Kendi de ifade etti\u011fi gibi, di\u011fer baz\u0131 \u00fcnl\u00fc oyuncular gibi olamad\u0131\u011f\u0131n\u0131, \u00fcsten bakamad\u0131\u011f\u0131n\u0131 s\u00f6yl\u00fcyor. Bunu da kendi mahalle k\u00fclt\u00fcr\u00fcne ba\u011fl\u0131yor. Haval\u0131 Emir rol\u00fcn\u00fcn verdi\u011fi g\u00fcven ile ba\u015far\u0131l\u0131 oldu. Hayran kitlesi g\u00fcnden g\u00fcne artt\u0131. Milyonlar\u0131 ge\u00e7ti.<\/p>\n<p><img decoding=\"async\" src=\"https:\/\/encrypted-tbn2.gstatic.com\/images?q=tbn:ANd9GcRLy9S9FzYjEgx7WhXlvnkriE1WbUNkoW2yjoitTLSUC1rPILfk\" alt=\"\" \/><\/p>\n<p>Best\u00a0 model yar\u0131\u015fmas\u0131ndan birinci olmas\u0131, Ad\u0131n\u0131 Feriha Koydum dizisindeki emir rol\u00fcn\u00fc getirdi. Oyuncu e\u011fitimi olmamas\u0131na ra\u011fmen kendini \u00e7abuk geli\u015ftirdi. Burada azminin ve h\u0131rs\u0131n\u0131n \u00f6nemi b\u00fcy\u00fck olsa gerek. Bir de bayan partneri Feriha rol\u00fcndeki <span style=\"color: #ff0000;\"><strong>Hazal Kaya<\/strong><\/span>\u2019n\u0131n\u00a0bu i\u015fin kariyerini yapm\u0131\u015f olmas\u0131, \u00c7a\u011fatay i\u00e7in b\u00fcy\u00fck \u015fanst\u0131. Hazal\u2019dan destek g\u00f6rmesi, uyumlu bir \u00e7ift olmalar\u0131n\u0131 sa\u011flad\u0131. Kendine g\u00fcven geldi. Dizinin 13.\u00fc b\u00f6l\u00fcm\u00fcnde kendi sesini kullanmaya ba\u015flad\u0131.<\/p>\n<p><img decoding=\"async\" src=\"https:\/\/encrypted-tbn2.gstatic.com\/images?q=tbn:ANd9GcSPYPyqXRV4fZGDouIyHUxLy1svfWEzKyOy01HY3vLKXMNPadM6\" alt=\"\" \/><\/p>\n<p>Haziran 2011 de dizi sezon finalini yapm\u0131\u015f, \u00c7a\u011fatay \u00fcnl\u00fc, be\u011fenilen bir oyuncu olmu\u015ftu. Menajeri Selin Boronkay gibi tecr\u00fcbeli biri olmas\u0131 \u00c7a\u011fatay\u2019\u0131n \u00f6n\u00fcn\u00fc a\u00e7t\u0131. 2011 Temmuz&#8217;unda \u201c<span style=\"color: #0000ff;\"><strong>Anadolu Kartallar\u0131<\/strong><\/span>&#8221; filminde ba\u015frol kapt\u0131. Havac\u0131 gen\u00e7 Ahmet Onur \u00fcste\u011fmen rol\u00fcyle ba\u015far\u0131 kazand\u0131. Film sinema dal\u0131nda k\u00fc\u00e7\u00fcmsenmeyecek gi\u015fe rekorlar\u0131 k\u0131rd\u0131.<\/p>\n<p>Ad\u0131n\u0131 Feriha Koydum\u00a0 dizisinin 2012 2.senesinde, Emir karakterindeki ba\u015far\u0131s\u0131yla, \u00c7a\u011fatay Ulusoy fenomen oldu. \u00c7ekimlerdeki setlere girip \u00e7\u0131kmada gen\u00e7 k\u0131zlar\u0131n yo\u011fun ilgisi nedeniyle zorluk \u00e7ekiyordu. Zaman zaman \u00f6zel koruma tutmak zorunda kald\u0131lar.<\/p>\n<p><img decoding=\"async\" src=\"https:\/\/encrypted-tbn1.gstatic.com\/images?q=tbn:ANd9GcTnzz1SYUTSQajMz8Dm0HdHFl57TfP5yT6i-sLBgsI1YJuFcQcmQg\" alt=\"\" \/><\/p>\n<p>K\u0131\u015f aylar\u0131nda Haziran&#8217;da dizinin final yapaca\u011f\u0131 oyuncular aras\u0131nda konu\u015fulmaya ba\u015flad\u0131. Yap\u0131mc\u0131 firma da sessiz kald\u0131. Haziran ba\u015f\u0131 Yap\u0131mc\u0131 reytinglere bakarak dizinin sezon finali yapmayaca\u011f\u0131n\u0131, Eyl\u00fcl 2012 de 3.sezon devam edece\u011fi a\u00e7\u0131klamas\u0131n\u0131 yapt\u0131. Hazal Kaya&#8217;da ba\u015fka bir dizi i\u00e7in el s\u0131k\u0131\u015ft\u0131\u011f\u0131ndan 3.sezon olmayacak. Bu konuda\u00a0 partnersiz kalan \u00c7a\u011fatay Ulusoy\u2019dan hi\u00e7 ses \u00e7\u0131kmad\u0131. \u015e\u00fcphesiz \u00c7a\u011fatay\u2019\u0131n ba\u015far\u0131s\u0131nda Hazal\u2019\u0131n pay\u0131 \u00e7ok b\u00fcy\u00fck. \u00d6n\u00fcm\u00fczdeki sezon dizi devam\u0131 nas\u0131l olaca\u011f\u0131 yap\u0131mc\u0131lar\u0131n elinde\u2026<\/p>\n<p>\u00c7a\u011fatay Ulusoy uzun maraton ko\u015fusunu 3.sezonda davam ettirecektir. Ancak arkas\u0131ndaki izleyici deste\u011fi \u00e7ok m\u00fchim.<\/p>\n<p>Bu da olacak gibi g\u00f6z\u00fck\u00fcyor\u2026 Yolun a\u00e7\u0131k olsun \u00c7a\u011fatay.<\/p>\n<p>Sayg\u0131lar, sevgiler<\/p>\n<p>Abdurrahman Balc\u0131lar<\/p>\n<p>&nbsp;<\/p>\n<p>&nbsp;<\/p>\n<\/div>\n<\/div>\n","protected":false},"excerpt":{"rendered":"<p>14 Ocak &#8217;13 Kategori Magazin \u00c7a\u011fatay Ulusoy Anadolu Kartallar\u0131n,da. Ad\u0131n\u0131 Feriha Koydum\u00a0 dizisindeki Emir karakteriyle, T\u00fcrk seyirciyle tan\u0131\u015fan\u00a0\u00c7a\u011fatay\u00a0Ulusoy\u00a0 inan\u0131lmaz bir ba\u015far\u0131ya imza att\u0131. Bu ba\u015far\u0131da \u00f6ncelikle, tatl\u0131 tebess\u00fcm\u00fc, g\u00fczel bebek y\u00fcz\u00fc ve yak\u0131\u015f\u0131kl\u0131\u011f\u0131n\u0131n \u00f6nemi b\u00fcy\u00fckt\u00fcr. 20 ya\u015f alt\u0131\u00a0 gen\u00e7 k\u0131zlar\u0131m\u0131z onda arad\u0131klar\u0131 erkek modelini g\u00f6rd\u00fc. Sevdi, be\u011fendi, diziyi\u00a0 reytinglerin en \u00fcst s\u0131ralar\u0131na ta\u015f\u0131d\u0131. Anne ve [&hellip;]<\/p>\n","protected":false},"author":3,"featured_media":0,"comment_status":"open","ping_status":"open","sticky":false,"template":"","format":"standard","meta":{"footnotes":""},"categories":[7],"tags":[42,110,15,19],"class_list":["post-283","post","type-post","status-publish","format-standard","hentry","category-magazin","tag-adini-feriha-koydum","tag-anadolu-kartallari","tag-cagatay-ulusoy","tag-hazal-kaya"],"views":4115,"blog_post_layout_featured_media_urls":{"thumbnail":"","full":""},"categories_names":{"7":{"name":"Magazin","link":"https:\/\/balcilar-blog.com\/?cat=7"}},"tags_names":{"42":{"name":"Ad\u0131n\u0131 Feriha Koydum","link":"https:\/\/balcilar-blog.com\/?tag=adini-feriha-koydum"},"110":{"name":"Anadolu Kartallar\u0131","link":"https:\/\/balcilar-blog.com\/?tag=anadolu-kartallari"},"15":{"name":"\u00e7a\u011fatay ulusoy","link":"https:\/\/balcilar-blog.com\/?tag=cagatay-ulusoy"},"19":{"name":"Hazal Kaya","link":"https:\/\/balcilar-blog.com\/?tag=hazal-kaya"}},"comments_number":"0","wpmagazine_modules_lite_featured_media_urls":{"thumbnail":"","cvmm-medium":"","cvmm-medium-plus":"","cvmm-portrait":"","cvmm-medium-square":"","cvmm-large":"","cvmm-small":"","full":""},"_links":{"self":[{"href":"https:\/\/balcilar-blog.com\/index.php?rest_route=\/wp\/v2\/posts\/283","targetHints":{"allow":["GET"]}}],"collection":[{"href":"https:\/\/balcilar-blog.com\/index.php?rest_route=\/wp\/v2\/posts"}],"about":[{"href":"https:\/\/balcilar-blog.com\/index.php?rest_route=\/wp\/v2\/types\/post"}],"author":[{"embeddable":true,"href":"https:\/\/balcilar-blog.com\/index.php?rest_route=\/wp\/v2\/users\/3"}],"replies":[{"embeddable":true,"href":"https:\/\/balcilar-blog.com\/index.php?rest_route=%2Fwp%2Fv2%2Fcomments&post=283"}],"version-history":[{"count":5,"href":"https:\/\/balcilar-blog.com\/index.php?rest_route=\/wp\/v2\/posts\/283\/revisions"}],"predecessor-version":[{"id":11452,"href":"https:\/\/balcilar-blog.com\/index.php?rest_route=\/wp\/v2\/posts\/283\/revisions\/11452"}],"wp:attachment":[{"href":"https:\/\/balcilar-blog.com\/index.php?rest_route=%2Fwp%2Fv2%2Fmedia&parent=283"}],"wp:term":[{"taxonomy":"category","embeddable":true,"href":"https:\/\/balcilar-blog.com\/index.php?rest_route=%2Fwp%2Fv2%2Fcategories&post=283"},{"taxonomy":"post_tag","embeddable":true,"href":"https:\/\/balcilar-blog.com\/index.php?rest_route=%2Fwp%2Fv2%2Ftags&post=283"}],"curies":[{"name":"wp","href":"https:\/\/api.w.org\/{rel}","templated":true}]}}