{"id":28245,"date":"2023-01-04T17:12:15","date_gmt":"2023-01-04T14:12:15","guid":{"rendered":"https:\/\/balcilar-blog.com\/?p=28245"},"modified":"2023-01-05T12:35:18","modified_gmt":"2023-01-05T09:35:18","slug":"yali-capkini-15-bolumde-gorkemli-yilbasi-kutlama-yemegi","status":"publish","type":"post","link":"https:\/\/balcilar-blog.com\/?p=28245","title":{"rendered":"Yal\u0131 \u00c7apk\u0131n\u0131; 15.B\u00f6l\u00fcmde G\u00f6rkemli Y\u0131lba\u015f\u0131 Kutlama Yeme\u011fi!"},"content":{"rendered":"<p>&nbsp;<\/p>\n<p><a href=\"https:\/\/balcilar-blog.com\/wp-content\/uploads\/2023\/01\/ferit-anne.jpg\"><img loading=\"lazy\" decoding=\"async\" class=\"alignnone size-medium wp-image-28252\" src=\"https:\/\/balcilar-blog.com\/wp-content\/uploads\/2023\/01\/ferit-anne-300x161.jpg\" alt=\"\" width=\"300\" height=\"161\" srcset=\"https:\/\/balcilar-blog.com\/wp-content\/uploads\/2023\/01\/ferit-anne-300x161.jpg 300w, https:\/\/balcilar-blog.com\/wp-content\/uploads\/2023\/01\/ferit-anne.jpg 640w\" sizes=\"auto, (max-width: 300px) 100vw, 300px\" \/><\/a><\/p>\n<p>Yal\u0131 \u00c7apk\u0131n\u0131 dizisinin son b\u00f6l\u00fcm\u00fc olan 15.b\u00f6l\u00fcm finalinde herkesi bir araya getiren y\u0131lba\u015f\u0131 yeme\u011fi verildi. Yeme\u011fin mimar\u0131 Ferit oldu. Seyran&#8217;\u0131 omuzana at\u0131p baba evinden ka\u00e7\u0131r\u0131r. Geceyi ba\u011f evinde ge\u00e7iren Ferit, gece sabah\u0131nda Seyran&#8217;\u0131 dinledi. \u00c7ocukluk hayallerini anlat\u0131. Seyran, babas\u0131 Kaz\u0131m&#8217;\u0131n y\u0131lba\u015f\u0131 kutlamas\u0131 i\u00e7in Gavur adeti diye k\u00fc\u00e7\u00fcmsemesi ve i\u00e7indeki buruklu\u011fu anlatt\u0131.<\/p>\n<p><a href=\"https:\/\/balcilar-blog.com\/wp-content\/uploads\/2023\/01\/seyran-ferit.jpg\"><img loading=\"lazy\" decoding=\"async\" class=\"alignnone size-medium wp-image-28249\" src=\"https:\/\/balcilar-blog.com\/wp-content\/uploads\/2023\/01\/seyran-ferit-300x169.jpg\" alt=\"\" width=\"300\" height=\"169\" srcset=\"https:\/\/balcilar-blog.com\/wp-content\/uploads\/2023\/01\/seyran-ferit-300x169.jpg 300w, https:\/\/balcilar-blog.com\/wp-content\/uploads\/2023\/01\/seyran-ferit.jpg 375w\" sizes=\"auto, (max-width: 300px) 100vw, 300px\" \/><\/a><\/p>\n<p>Ferit ile Seyran o gece sar\u0131larak yatt\u0131. Seyran (<span style=\"color: #ff0000\"><strong>Afra Sara\u00e7o\u011flu<\/strong><\/span>)\u00a0 kar\u0131s\u0131na, s\u0131r\u0131ls\u0131klam a\u015f\u0131k olan olan Ferit de, (<span style=\"color: #ff0000\"><strong>Mert Ramazan Demir<\/strong><\/span>) kar\u0131s\u0131 Seyran&#8217;\u0131n bu arzusu ger\u00e7ekle\u015ftirdi.<\/p>\n<p>\u00d6nce y\u0131lba\u015f\u0131 hediyeleri satan bir ma\u011fazaya gittiler. Seyran g\u00f6nl\u00fcnce y\u0131lba\u015f\u0131 hediyeleri ald\u0131. Orada Pelin ve yeni arkada\u015f\u0131n\u0131 rastlarlar. Ferit, Pelin ile konu\u015fur. Ok diyerek Pelo ile aralar\u0131nda\u00a0 \u00f6nemli bir a\u015fk olmad\u0131\u011f\u0131n\u0131 kar\u0131s\u0131na g\u00f6sterir.<\/p>\n<p>Ferit, ba\u011f evinde m\u00fckellef y\u0131l ba\u015f\u0131 yeme\u011fi haz\u0131rlat\u0131r. B\u00fct\u00fcn aileyi bu yemekte toplar. Seyran&#8217;\u0131n babas\u0131 ve Ferit&#8217;in dedesi Halis a\u011fay\u0131 yemekte bulu\u015fturacak ve bar\u0131\u015ft\u0131racakt\u0131r. Bu konuda Seyran ile bahse girmi\u015flerdi. Ferit kazan\u0131rsa Seyran&#8217;\u0131n kendisine hava al\u0131ndaki \u00f6p\u00fcc\u00fckten daha uzun \u00f6pmesini istedi. Seyran ise \u00fcniversiteye yaz\u0131lma konusunu istedi. Bakal\u0131m kim kazacak!<\/p>\n<p><a href=\"https:\/\/balcilar-blog.com\/wp-content\/uploads\/2023\/01\/3550226_a94a0f974f272439c54fbfb77fbb6a1d_640x640.jpg\"><img loading=\"lazy\" decoding=\"async\" class=\"alignnone size-medium wp-image-28250\" src=\"https:\/\/balcilar-blog.com\/wp-content\/uploads\/2023\/01\/3550226_a94a0f974f272439c54fbfb77fbb6a1d_640x640-300x150.jpg\" alt=\"\" width=\"300\" height=\"150\" srcset=\"https:\/\/balcilar-blog.com\/wp-content\/uploads\/2023\/01\/3550226_a94a0f974f272439c54fbfb77fbb6a1d_640x640-300x150.jpg 300w, https:\/\/balcilar-blog.com\/wp-content\/uploads\/2023\/01\/3550226_a94a0f974f272439c54fbfb77fbb6a1d_640x640.jpg 640w\" sizes=\"auto, (max-width: 300px) 100vw, 300px\" \/><\/a><\/p>\n<p>Halis A\u011fay\u0131 (<span style=\"color: #ff0000\"><strong>\u00c7etin Tekindor<\/strong><\/span>) ikna etmek Pelin&#8217;in halas\u0131 Hattu\u00e7 han\u0131ma (<span style=\"color: #ff0000\"><strong>\u015eerif Sezer<\/strong><\/span>) d\u00fc\u015fer. Yal\u0131ya gider ve Halis a\u011fay\u0131 ikna etmesiyle de Halis a\u011fa da bu yeme\u011fe kat\u0131l\u0131r.<\/p>\n<p><a href=\"https:\/\/balcilar-blog.com\/wp-content\/uploads\/2023\/01\/korhan-ailesi-yilbasi-yemeinde.jpg\"><img loading=\"lazy\" decoding=\"async\" class=\"alignnone size-medium wp-image-28248\" src=\"https:\/\/balcilar-blog.com\/wp-content\/uploads\/2023\/01\/korhan-ailesi-yilbasi-yemeinde-300x166.jpg\" alt=\"\" width=\"300\" height=\"166\" srcset=\"https:\/\/balcilar-blog.com\/wp-content\/uploads\/2023\/01\/korhan-ailesi-yilbasi-yemeinde-300x167.jpg 300w, https:\/\/balcilar-blog.com\/wp-content\/uploads\/2023\/01\/korhan-ailesi-yilbasi-yemeinde.jpg 302w\" sizes=\"auto, (max-width: 300px) 100vw, 300px\" \/><\/a><\/p>\n<p>T\u00fcm aile \u00fcyeleri, yal\u0131n\u0131n hizmetlileri dahil bir masa etraf\u0131nda toplan\u0131rlar. Son konu\u015fmay\u0131 Halis A\u011fa yapar. Sonra Halis A\u011fa &#8216;B\u00f6yle bir g\u00fcnde k\u00fcsl\u00fck olmaz&#8217; diyerek, Kaz\u0131m&#8217;a sar\u0131l\u0131r, bar\u0131\u015f\u0131rlar ve olanlar unutulur.<\/p>\n<p><a href=\"https:\/\/balcilar-blog.com\/wp-content\/uploads\/2023\/01\/Ekran-Alintisi-FERIT-EL.jpg\"><img loading=\"lazy\" decoding=\"async\" class=\"alignnone size-medium wp-image-28246\" src=\"https:\/\/balcilar-blog.com\/wp-content\/uploads\/2023\/01\/Ekran-Alintisi-FERIT-EL-212x300.jpg\" alt=\"\" width=\"212\" height=\"300\" srcset=\"https:\/\/balcilar-blog.com\/wp-content\/uploads\/2023\/01\/Ekran-Alintisi-FERIT-EL-212x300.jpg 212w, https:\/\/balcilar-blog.com\/wp-content\/uploads\/2023\/01\/Ekran-Alintisi-FERIT-EL.jpg 318w\" sizes=\"auto, (max-width: 212px) 100vw, 212px\" \/><\/a><\/p>\n<p>Bu yemekte en \u00e7ok mutlu olan Seyran olmu\u015ftur. Masa alt\u0131nda Ferit&#8217;in uzatt\u0131\u011f\u0131 elini tutar. Ferit&#8217;in art\u0131k onu sevdi\u011fini ve o elde s\u0131cakl\u0131\u011f\u0131n\u0131 hisseder. Art\u0131k aralar\u0131nda a\u015fk ba\u015flam\u0131\u015ft\u0131r.<\/p>\n<p>\u0130zleyici bu kadar ekran ba\u015f\u0131n oturtan ve g\u00f6rsel bir g\u00f6z ziyafeti sunan,<strong><span style=\"color: #ff0000\"> Ogm Pictures<\/span><\/strong> &#8211; yap\u0131mc\u0131 <strong><span style=\"color: #ff0000\">Onur G\u00fcvenatam<\/span><\/strong>&#8216;a te\u015fekk\u00fcrler. Ger\u00e7ekten Totalde ald\u0131\u011f\u0131 15,31 reyting puan\u0131n\u0131 hak etmi\u015f. T\u00fcm bu g\u00fc\u00e7l\u00fc oyuncu kadrosunun emeklerine, ellerine sa\u011fl\u0131k. Her birinin ziyadesi ile bu\u00a0 ba\u015far\u0131da paylar\u0131 b\u00fcy\u00fck. Yollar\u0131 a\u00e7\u0131k olsun.<\/p>\n<p><span style=\"color: #0000ff\"><strong>Cuma ak\u015fam\u0131 16.b\u00f6l\u00fcmde Star Tv.de bulu\u015fmak \u00fczere keyifli seyirler.<\/strong><\/span><\/p>\n<p>Abdurrahman Balc\u0131lar<\/p>\n<p>&nbsp;<\/p>\n","protected":false},"excerpt":{"rendered":"<p>&nbsp; Yal\u0131 \u00c7apk\u0131n\u0131 dizisinin son b\u00f6l\u00fcm\u00fc olan 15.b\u00f6l\u00fcm finalinde herkesi bir araya getiren y\u0131lba\u015f\u0131 yeme\u011fi verildi. Yeme\u011fin mimar\u0131 Ferit oldu. Seyran&#8217;\u0131 omuzana at\u0131p baba evinden ka\u00e7\u0131r\u0131r. Geceyi ba\u011f evinde ge\u00e7iren Ferit, gece sabah\u0131nda Seyran&#8217;\u0131 dinledi. \u00c7ocukluk hayallerini anlat\u0131. Seyran, babas\u0131 Kaz\u0131m&#8217;\u0131n y\u0131lba\u015f\u0131 kutlamas\u0131 i\u00e7in Gavur adeti diye k\u00fc\u00e7\u00fcmsemesi ve i\u00e7indeki buruklu\u011fu anlatt\u0131. Ferit ile Seyran [&hellip;]<\/p>\n","protected":false},"author":3,"featured_media":28252,"comment_status":"open","ping_status":"closed","sticky":false,"template":"","format":"standard","meta":{"footnotes":""},"categories":[2],"tags":[2226,693,2390,2179,2438,1676,2340],"class_list":["post-28245","post","type-post","status-publish","format-standard","has-post-thumbnail","hentry","category-tv-programlari","tag-afra-saracoglu","tag-cetin-tekindor","tag-mert-ramazan-demir","tag-ogm-pictures","tag-onur-gvenatam","tag-serif-sezer","tag-yali-capkini"],"views":1919,"blog_post_layout_featured_media_urls":{"thumbnail":["https:\/\/balcilar-blog.com\/wp-content\/uploads\/2023\/01\/ferit-anne-150x150.jpg",150,150,true],"full":["https:\/\/balcilar-blog.com\/wp-content\/uploads\/2023\/01\/ferit-anne.jpg",640,343,false]},"categories_names":{"2":{"name":"TV Programlar\u0131","link":"https:\/\/balcilar-blog.com\/?cat=2"}},"tags_names":{"2226":{"name":"Afra Sara\u00e7o\u011flu","link":"https:\/\/balcilar-blog.com\/?tag=afra-saracoglu"},"693":{"name":"\u00c7etin Tekindor","link":"https:\/\/balcilar-blog.com\/?tag=cetin-tekindor"},"2390":{"name":"mert Ramazan Demir","link":"https:\/\/balcilar-blog.com\/?tag=mert-ramazan-demir"},"2179":{"name":"OGM Pictures","link":"https:\/\/balcilar-blog.com\/?tag=ogm-pictures"},"2438":{"name":"Onur Gvenatam","link":"https:\/\/balcilar-blog.com\/?tag=onur-gvenatam"},"1676":{"name":"\u015eerif Sezer","link":"https:\/\/balcilar-blog.com\/?tag=serif-sezer"},"2340":{"name":"Yal\u0131 \u00c7apk\u0131n\u0131","link":"https:\/\/balcilar-blog.com\/?tag=yali-capkini"}},"comments_number":"0","wpmagazine_modules_lite_featured_media_urls":{"thumbnail":["https:\/\/balcilar-blog.com\/wp-content\/uploads\/2023\/01\/ferit-anne-150x150.jpg",150,150,true],"cvmm-medium":["https:\/\/balcilar-blog.com\/wp-content\/uploads\/2023\/01\/ferit-anne-300x300.jpg",300,300,true],"cvmm-medium-plus":["https:\/\/balcilar-blog.com\/wp-content\/uploads\/2023\/01\/ferit-anne-305x207.jpg",305,207,true],"cvmm-portrait":["https:\/\/balcilar-blog.com\/wp-content\/uploads\/2023\/01\/ferit-anne-400x343.jpg",400,343,true],"cvmm-medium-square":["https:\/\/balcilar-blog.com\/wp-content\/uploads\/2023\/01\/ferit-anne-600x343.jpg",600,343,true],"cvmm-large":["https:\/\/balcilar-blog.com\/wp-content\/uploads\/2023\/01\/ferit-anne.jpg",640,343,false],"cvmm-small":["https:\/\/balcilar-blog.com\/wp-content\/uploads\/2023\/01\/ferit-anne-130x95.jpg",130,95,true],"full":["https:\/\/balcilar-blog.com\/wp-content\/uploads\/2023\/01\/ferit-anne.jpg",640,343,false]},"_links":{"self":[{"href":"https:\/\/balcilar-blog.com\/index.php?rest_route=\/wp\/v2\/posts\/28245","targetHints":{"allow":["GET"]}}],"collection":[{"href":"https:\/\/balcilar-blog.com\/index.php?rest_route=\/wp\/v2\/posts"}],"about":[{"href":"https:\/\/balcilar-blog.com\/index.php?rest_route=\/wp\/v2\/types\/post"}],"author":[{"embeddable":true,"href":"https:\/\/balcilar-blog.com\/index.php?rest_route=\/wp\/v2\/users\/3"}],"replies":[{"embeddable":true,"href":"https:\/\/balcilar-blog.com\/index.php?rest_route=%2Fwp%2Fv2%2Fcomments&post=28245"}],"version-history":[{"count":5,"href":"https:\/\/balcilar-blog.com\/index.php?rest_route=\/wp\/v2\/posts\/28245\/revisions"}],"predecessor-version":[{"id":28256,"href":"https:\/\/balcilar-blog.com\/index.php?rest_route=\/wp\/v2\/posts\/28245\/revisions\/28256"}],"wp:featuredmedia":[{"embeddable":true,"href":"https:\/\/balcilar-blog.com\/index.php?rest_route=\/wp\/v2\/media\/28252"}],"wp:attachment":[{"href":"https:\/\/balcilar-blog.com\/index.php?rest_route=%2Fwp%2Fv2%2Fmedia&parent=28245"}],"wp:term":[{"taxonomy":"category","embeddable":true,"href":"https:\/\/balcilar-blog.com\/index.php?rest_route=%2Fwp%2Fv2%2Fcategories&post=28245"},{"taxonomy":"post_tag","embeddable":true,"href":"https:\/\/balcilar-blog.com\/index.php?rest_route=%2Fwp%2Fv2%2Ftags&post=28245"}],"curies":[{"name":"wp","href":"https:\/\/api.w.org\/{rel}","templated":true}]}}