{"id":28155,"date":"2022-11-29T20:25:23","date_gmt":"2022-11-29T17:25:23","guid":{"rendered":"https:\/\/balcilar-blog.com\/?p=28155"},"modified":"2022-11-29T20:32:03","modified_gmt":"2022-11-29T17:32:03","slug":"gecen-haftanin-21-27-kasim-2022-en-cok-seyredilen-dizileri","status":"publish","type":"post","link":"https:\/\/balcilar-blog.com\/?p=28155","title":{"rendered":"Ge\u00e7en Haftan\u0131n (21 \u2013 27 Kas\u0131m 2022) En \u00c7ok Seyredilen Dizileri!"},"content":{"rendered":"<p><a href=\"https:\/\/balcilar-blog.com\/wp-content\/uploads\/2022\/11\/47.HAFTA_.jpg\"><img loading=\"lazy\" decoding=\"async\" class=\"alignnone size-medium wp-image-28165\" src=\"https:\/\/balcilar-blog.com\/wp-content\/uploads\/2022\/11\/47.HAFTA_-300x159.jpg\" alt=\"\" width=\"300\" height=\"159\" srcset=\"https:\/\/balcilar-blog.com\/wp-content\/uploads\/2022\/11\/47.HAFTA_-300x159.jpg 300w, https:\/\/balcilar-blog.com\/wp-content\/uploads\/2022\/11\/47.HAFTA_.jpg 640w\" sizes=\"auto, (max-width: 300px) 100vw, 300px\" \/><\/a><\/p>\n<p>47.Haftada; 7 ulusal kanal\u0131m\u0131zda ekranlar\u0131m\u0131za gelen, Haftan\u0131n dizileri (21 \u2013 27 Kas\u0131m 2022) sizin i\u00e7in izledi\u011fimiz, s\u0131ralamaya ald\u0131\u011f\u0131m\u0131z haftan\u0131n dizileri \u015f\u00f6yle s\u0131ralan\u0131yor. Ge\u00e7en hafta kanallarda 25 dizi ekranlara geldi. D\u00fcnya Kupas\u0131 ma\u00e7lar\u0131n\u0131n canl\u0131 olarak TRT1&#8217;den yay\u0131nlanmas\u0131 nedeniyle, yay\u0131n saatlerinde \u00e7ak\u0131\u015fma olmakta ve bu nedenle dizilerde yay\u0131nlanmaktad\u0131r.<\/p>\n<p>Bu 25 dizinin her iki grupta ilk ona girenleri sizler i\u00e7in s\u0131ralamaya ald\u0131m. Total ve AB grubunda en y\u00fcksek puan alan dizileri sizler i\u00e7in s\u0131ralad\u0131m.<\/p>\n<p><strong>GE\u00c7EN HAFTA G\u00d6STER\u0130MDEK\u0130 D\u0130Z\u0130LER :<\/strong><\/p>\n<p><strong>21 KASIM PAZARTES\u0130 (3 Dizi)<\/strong>: Bir K\u00fc\u00e7\u00fck G\u00fcn I\u015f\u0131\u011f\u0131 (Atv), Alpaslan B\u00fcy\u00fck Sel\u00e7uklu (TRT1), Yasak Elma (Fox Tv)<\/p>\n<p><strong>22 KASIM SALI (5 Dizi)<\/strong>\u00a0: Baba (Show). Ben Bu Cihana S\u0131\u011fmazam (Atv), \u00dc\u00e7 K\u0131z Karde\u015f (KanalD), Y\u00fcrek \u00c7\u0131kmaz\u0131 (TRT1), Gecenin Ucunda (Star).<\/p>\n<p><strong>23 KASIM \u00c7AR\u015eAMBA (5 Dizi)<\/strong>: Kurulu\u015f Osman (Atv),\u00a0 Bir Peri Masal\u0131 (Fox), Hayat Bug\u00fcn (Show), O K\u0131z (KanalD), Tuzak (Tv8)<\/p>\n<p><strong>24<\/strong><strong> KASIM PER\u015eEMBE\u00a0<\/strong><strong>(3 Dizi):<\/strong> Aldatmak (Atv), Camdaki K\u0131z (KanalD), Gelsin Hayat Bildi\u011fi Gibi (Show).<\/p>\n<p><strong>25 MART CUMA (4 Dizi)<\/strong> : \u0130yilik (Fox), K\u0131z\u0131lc\u0131k \u015eerbeti (Fox), Yal\u0131 \u00c7apk\u0131n\u0131 (Star Tv), Yaln\u0131z Kurt (Atv).<\/p>\n<p><strong>26 KASIM CUMARTES\u0130 (2 Dizi)<\/strong>: Karde\u015flerim (Atv), Darmaduman (Fox).<\/p>\n<p><strong>27 KASIM PAZAR (3 Dizi):<\/strong>\u00a0G\u00fczel G\u00fcnler (Show), Tozluyaka (Fox), Yarg\u0131 (KanalD).<\/p>\n<p>&nbsp;<\/p>\n<div>\n<div class=\"\" dir=\"auto\">\n<div id=\"jsc_c_i8\" class=\"ecm0bbzt hv4rvrfc ihqw7lf3 dati1w0a\" data-ad-comet-preview=\"message\" data-ad-preview=\"message\">\n<div class=\"j83agx80 cbu4d94t ew0dbk1b irj2b8pg\">\n<div class=\"qzhwtbm6 knvmm38d\">\n<div class=\"kvgmc6g5 cxmmr5t8 oygrvhab hcukyx3x c1et5uql ii04i59q\">\n<div dir=\"auto\"><strong>Haftan\u0131n En \u00c7ok \u0130zlenenleri<\/strong><\/div>\n<\/div>\n<div class=\"o9v6fnle cxmmr5t8 oygrvhab hcukyx3x c1et5uql ii04i59q\">\n<div dir=\"auto\"><strong>TOTAL GRUBU:<\/strong><\/div>\n<\/div>\n<div class=\"o9v6fnle cxmmr5t8 oygrvhab hcukyx3x c1et5uql ii04i59q\">\n<div dir=\"auto\">1-YALI \u00c7APKINI 10.B\u00f6l\u00fcm Star Tv\u2026\u2026\u2026\u2026\u2026\u2026\u2026\u2026&#8230;13,75<\/div>\n<div dir=\"auto\">2-KARDE\u015eLER\u0130M 69.B\u00f6l\u00fcm Atv\u2026\u2026\u2026\u2026\u2026\u2026\u2026\u2026\u2026.\u20269,85<\/div>\n<div dir=\"auto\">3-KURULU\u015e OSMAN 105.B\u00f6l\u00fcm Atv\u2026\u2026\u2026\u2026\u2026\u2026\u2026&#8230;9,35<\/div>\n<div dir=\"auto\">4-YASAK ELMA 155.B\u00f6l\u00fcm Fox&#8230;&#8230;&#8230;&#8230;&#8230;&#8230;&#8230;&#8230;&#8230;&#8230;&#8230;6,78<\/div>\n<div dir=\"auto\">5-\u00dc\u00c7 KIZ KARDE\u015e 27.B\u00f6l\u00fcm KanalD\u2026\u2026\u2026\u2026\u2026\u2026\u2026\u20266,76<\/div>\n<div dir=\"auto\">6-YARGI 45.B\u00f6l\u00fcm KanalD\u2026\u2026\u2026\u2026\u2026\u2026\u2026\u2026\u2026\u2026\u2026\u2026\u2026.6,84<\/div>\n<div dir=\"auto\">7-BEN BU C\u0130HANA SI\u011eMAZAM 10.B\u00f6l. Atv\u2026\u2026&#8230;&#8230;.6,83<\/div>\n<div dir=\"auto\">8-ALPASLAN B\u00dcY\u00dcK SEL\u00c7UKLU 36.B\u00f6l TRT1&#8230;&#8230;..6,98<\/div>\n<div dir=\"auto\">9-CAMDAK\u0130 KIZ 58.B\u00f6l\u00fcm KanalD&#8230;&#8230;&#8230;&#8230;&#8230;&#8230;&#8230;&#8230;&#8230;.6,44<\/div>\n<div dir=\"auto\">10-ALDATMAK 9. B\u00f6l\u00fcm Atv\u2026\u2026\u2026\u2026\u2026\u2026\u2026\u2026\u2026\u2026\u2026.\u2026.6,34<\/div>\n<div dir=\"auto\"><\/div>\n<\/div>\n<\/div>\n<\/div>\n<\/div>\n<\/div>\n<\/div>\n<div dir=\"auto\"><\/div>\n<div>\n<div class=\"\" dir=\"auto\">\n<div id=\"jsc_c_i8\" class=\"ecm0bbzt hv4rvrfc ihqw7lf3 dati1w0a\" data-ad-comet-preview=\"message\" data-ad-preview=\"message\">\n<div class=\"j83agx80 cbu4d94t ew0dbk1b irj2b8pg\">\n<div class=\"qzhwtbm6 knvmm38d\">\n<div class=\"o9v6fnle cxmmr5t8 oygrvhab hcukyx3x c1et5uql ii04i59q\">\n<div dir=\"auto\"><\/div>\n<\/div>\n<div class=\"o9v6fnle cxmmr5t8 oygrvhab hcukyx3x c1et5uql ii04i59q\">\n<div dir=\"auto\"><strong>AB GRUBU<\/strong><\/div>\n<\/div>\n<div class=\"o9v6fnle cxmmr5t8 oygrvhab hcukyx3x c1et5uql ii04i59q\">\n<div dir=\"auto\">1-YALI \u00c7APKINI 10.B\u00f6l\u00fcm Star Tv\u2026\u2026\u2026\u2026\u2026\u2026\u2026\u2026\u2026\u202611,19<\/div>\n<div dir=\"auto\">2-YARGI 45.B\u00f6l\u00fcm KanalD\u2026\u2026\u2026\u2026\u2026\u2026\u2026\u2026\u2026\u2026\u2026\u2026\u2026\u20268,17<\/div>\n<div dir=\"auto\">3-ALPASLAN B\u00dcY\u00dcK SEL\u00c7UKLU 36.B\u00f6l. TRT1.,,,,,, 7,35<\/div>\n<div dir=\"auto\">\n<div dir=\"auto\">4-CAMDAK\u0130 KIZ 58.B\u00f6l\u00fcm KanalD\u2026\u2026\u2026\u2026\u2026\u2026\u2026\u2026\u2026..7,35<\/div>\n<div dir=\"auto\">5-KURULU\u015e OSMAN 105.B\u00f6l\u00fcm Atv\u2026\u2026\u2026\u2026\u2026\u2026\u2026\u2026..6,87<\/div>\n<div dir=\"auto\">6.YASAK ELMA 155.B\u00f6l\u00fcm Fox&#8230;&#8230;&#8230;&#8230;&#8230;&#8230;&#8230;&#8230;&#8230;&#8230;&#8230;..6,11<\/div>\n<div dir=\"auto\">7-ALDATMAK 10.B\u00f6l\u00fcm Atv\u2026\u2026\u2026\u2026\u2026\u2026\u2026\u2026\u2026\u2026\u2026\u2026\u2026.5,11<\/div>\n<div dir=\"auto\">8-KARDE\u015eLER\u0130M 68.B\u00f6l\u00fcm Atv\u2026\u2026\u2026\u2026\u2026\u2026\u2026\u2026\u2026\u2026&#8230;5,06<\/div>\n<div dir=\"auto\">9-\u00dc\u00c7 KIZ KARDE\u015e 27.B\u00f6l\u00fcm KanalD\u2026\u2026\u2026\u2026\u2026\u2026\u2026\u2026..5,62<\/div>\n<div dir=\"auto\">10-BEN BU C\u0130HANA SI\u011eMAZAM 10.B\u00f6l. Atv\u2026\u2026&#8230;&#8230;.4,79<\/div>\n<\/div>\n<\/div>\n<\/div>\n<\/div>\n<\/div>\n<\/div>\n<\/div>\n<div>\n<div class=\"\" dir=\"auto\">\n<div id=\"jsc_c_i8\" class=\"ecm0bbzt hv4rvrfc ihqw7lf3 dati1w0a\" data-ad-comet-preview=\"message\" data-ad-preview=\"message\">\n<div class=\"j83agx80 cbu4d94t ew0dbk1b irj2b8pg\">\n<div class=\"qzhwtbm6 knvmm38d\">\n<div class=\"o9v6fnle cxmmr5t8 oygrvhab hcukyx3x c1et5uql ii04i59q\">\n<div dir=\"auto\"><\/div>\n<\/div>\n<\/div>\n<\/div>\n<\/div>\n<\/div>\n<\/div>\n<div>\n<div class=\"stjgntxs ni8dbmo4 l82x9zwi uo3d90p7 h905i5nu monazrh9\" data-visualcompletion=\"ignore-dynamic\">\n<div class=\"ozuftl9m tvfksri0\">\n<div class=\"rq0escxv l9j0dhe7 du4w35lb j83agx80 pfnyh3mw i1fnvgqd gs1a9yip owycx6da btwxx1t3 ph5uu5jm b3onmgus e5nlhep0 ecm0bbzt nkwizq5d roh60bw9 mysgfdmx hddg9phg\">\n<div class=\"rq0escxv l9j0dhe7 du4w35lb j83agx80 cbu4d94t g5gj957u d2edcug0 hpfvmrgz rj1gh0hx buofh1pr n8tt0mok hyh9befq iuny7tx3 ipjc6fyt\">\n<div class=\"oajrlxb2 gs1a9yip g5ia77u1 mtkw9kbi tlpljxtp qensuy8j ppp5ayq2 goun2846 ccm00jje s44p3ltw mk2mc5f4 rt8b4zig n8ej3o3l agehan2d sk4xxmp2 rq0escxv nhd2j8a9 pq6dq46d mg4g778l btwxx1t3 pfnyh3mw p7hjln8o kvgmc6g5 cxmmr5t8 oygrvhab hcukyx3x tgvbjcpo hpfvmrgz jb3vyjys rz4wbd8a qt6c0cv9 a8nywdso l9j0dhe7 i1ao9s8h esuyzwwr f1sip0of du4w35lb lzcic4wl abiwlrkh p8dawk7l\" role=\"button\" aria-label=\"Be\u011fen\">\n<div class=\"rq0escxv l9j0dhe7 du4w35lb j83agx80 g5gj957u rj1gh0hx buofh1pr hpfvmrgz taijpn5t bp9cbjyn owycx6da btwxx1t3 d1544ag0 tw6a2znq jb3vyjys dlv3wnog rl04r1d5 mysgfdmx hddg9phg qu8okrzs g0qnabr5\">\n<div class=\"rq0escxv l9j0dhe7 du4w35lb j83agx80 cbu4d94t pfnyh3mw d2edcug0 hpfvmrgz ph5uu5jm b3onmgus iuny7tx3 ipjc6fyt\">\n<p><strong>TOTAL ve AB Grubunda reytingleri en y\u00fcksek olan Haftan\u0131n ilk 4 s\u0131ralamas\u0131 :<\/strong><\/p>\n<p>Bu hafta ilk 4\u2019de Total\u2019den \u00fc\u00e7, AB\u2019den bir dizi yer al\u0131yor.<\/p>\n<\/div>\n<p><strong>1.YALI \u00c7APKINI (STAR)<\/strong> : Bu hafta Yal\u0131 \u00c7apk\u0131n\u0131, hem Total&#8217;de, hem de Ab&#8217;de ilk s\u0131rada yer ald\u0131. Total Grubunda 10.b\u00f6l\u00fcmde ald\u0131\u011f\u0131 13,73 gibi y\u00fcksek bir puan ald\u0131 ve her iki grubun en tepesinde yer ald\u0131\u011f\u0131n\u0131 g\u00f6r\u00fcyoruz. Ba\u015frollerini <strong>Mert Ramazan Demir<\/strong> ile Afra Sara\u00e7o\u011flu&#8217;nun oynad\u0131\u011f\u0131 Yal\u0131 \u00c7apk\u0131n\u0131, 8 haftad\u0131r en g\u00f6zde dizi oldu. Erkek oyuncusu Ferit, bu dizi ile y\u0131ld\u0131z\u0131 olduk\u00e7a parlad\u0131.<\/p>\n<p><a href=\"https:\/\/balcilar-blog.com\/wp-content\/uploads\/2022\/11\/yali-cagkini-10.jpg\"><img loading=\"lazy\" decoding=\"async\" class=\"alignnone size-medium wp-image-28158\" src=\"https:\/\/balcilar-blog.com\/wp-content\/uploads\/2022\/11\/yali-cagkini-10-300x217.jpg\" alt=\"\" width=\"300\" height=\"217\" srcset=\"https:\/\/balcilar-blog.com\/wp-content\/uploads\/2022\/11\/yali-cagkini-10-300x217.jpg 300w, https:\/\/balcilar-blog.com\/wp-content\/uploads\/2022\/11\/yali-cagkini-10-130x95.jpg 130w, https:\/\/balcilar-blog.com\/wp-content\/uploads\/2022\/11\/yali-cagkini-10.jpg 640w\" sizes=\"auto, (max-width: 300px) 100vw, 300px\" \/><\/a><\/p>\n<p><strong>10.B\u00f6l\u00fcmde Neler Oldu<\/strong><\/p>\n<p>Suna Kaz\u0131m&#8217;la olanlardan kendini sorumlu hisseder ve bir not b\u0131rak\u0131p yal\u0131dan eve d\u00f6ner. Sabah Suna&#8217;n\u0131n yal\u0131dan gizlice \u00e7\u0131kt\u0131\u011f\u0131n\u0131 haber alan Halis A\u011fa&#8217;ya Ferit her \u015feyi a\u00e7\u0131kl\u0131kla anlat\u0131r.<\/p>\n<p><a href=\"https:\/\/balcilar-blog.com\/wp-content\/uploads\/2022\/11\/yali-capkini-10.2.jpg\"><img loading=\"lazy\" decoding=\"async\" class=\"alignnone size-medium wp-image-28159\" src=\"https:\/\/balcilar-blog.com\/wp-content\/uploads\/2022\/11\/yali-capkini-10.2-300x169.jpg\" alt=\"\" width=\"300\" height=\"169\" srcset=\"https:\/\/balcilar-blog.com\/wp-content\/uploads\/2022\/11\/yali-capkini-10.2-300x169.jpg 300w, https:\/\/balcilar-blog.com\/wp-content\/uploads\/2022\/11\/yali-capkini-10.2.jpg 640w\" sizes=\"auto, (max-width: 300px) 100vw, 300px\" \/><\/a><\/p>\n<p>Bunun \u00fczerine Halis A\u011fa, kafas\u0131nda yeni bir planla Kaz\u0131m&#8217;\u0131 ziyaret eder. Ferit&#8217;in Halis A\u011fa&#8217;n\u0131n torun iste\u011fini tekrar g\u00fcndeme getirmesi \u00fczerine Seyran ve Ferit yar\u0131m kalan ma\u00e7lar\u0131na devam ederler. Seyran&#8217;\u0131n Yusuf ile olan ge\u00e7mi\u015fi Ferit&#8217;i huzursuz etmeye devam etmektedir. Yusuf&#8217;u odalar\u0131na \u00e7a\u011f\u0131rarak ona beklenmedik bir soru sorar.<\/p>\n<p>&nbsp;<\/p>\n<div class=\"rq0escxv l9j0dhe7 du4w35lb j83agx80 cbu4d94t pfnyh3mw d2edcug0 hpfvmrgz ph5uu5jm b3onmgus iuny7tx3 ipjc6fyt\">\n<p><strong>2.KARDE\u015eLER\u0130M : <\/strong>G\u00f6n\u00fcl Da\u011f\u0131&#8217;n\u0131n ma\u00e7 nedeni ile ekranlarda olmamas\u0131 nedeni ile Total grubundan 9,85 puanla Karde\u015flerim ikinci s\u0131rada yer ald\u0131.<\/p>\n<p><a href=\"https:\/\/balcilar-blog.com\/wp-content\/uploads\/2022\/11\/kardeslerim-69-1.jpg\"><img loading=\"lazy\" decoding=\"async\" class=\"alignnone size-medium wp-image-28162\" src=\"https:\/\/balcilar-blog.com\/wp-content\/uploads\/2022\/11\/kardeslerim-69-1-300x158.jpg\" alt=\"\" width=\"300\" height=\"158\" srcset=\"https:\/\/balcilar-blog.com\/wp-content\/uploads\/2022\/11\/kardeslerim-69-1-300x158.jpg 300w, https:\/\/balcilar-blog.com\/wp-content\/uploads\/2022\/11\/kardeslerim-69-1.jpg 640w\" sizes=\"auto, (max-width: 300px) 100vw, 300px\" \/><\/a><\/p>\n<p>\u00d6mer, hayat\u0131yla ilgili \u00f6\u011frendi\u011fi bir ger\u00e7e\u011fin daha \u015fokunu ya\u015farken, sinirden deliye d\u00f6nen Sarp ise durumu kabullenmek istemez. Berk ve Sarp&#8217;\u0131n s\u00fcrd\u00fcrmekte kararl\u0131 oldu\u011fu iddia, farkl\u0131 bir hal al\u0131rken, eli iyice s\u0131k\u0131\u015fm\u0131\u015f olan \u015eeng\u00fcl, \u00e7evresinden ald\u0131\u011f\u0131 ak\u0131lla, kurnaz bir entrikaya giri\u015fmek zorunda kal\u0131r.<\/p>\n<p>&nbsp;<\/p>\n<\/div>\n<\/div>\n<\/div>\n<p><strong>3.KURULU\u015e OSMAN (ATV) : <\/strong>Burak \u00d6z\u00e7ivit&#8217;in tarihi konulu dizisi Kurulu\u015f Osman 105.b\u00f6l\u00fcm\u00fcnde Total grubunda ald\u0131\u011f\u0131 9,35 reyting puan\u0131 ile haftan\u0131n dizileri aras\u0131nda \u00f6nceki hafta oldu\u011fu gibi aynen 3.s\u0131rada yer al\u0131yor.<\/p>\n<\/div>\n<p><a href=\"https:\/\/balcilar-blog.com\/wp-content\/uploads\/2022\/11\/3541348_c57a922a2172f68f033ee5e49ee434fc_640x640.jpg\"><img loading=\"lazy\" decoding=\"async\" class=\"alignnone size-medium wp-image-28163\" src=\"https:\/\/balcilar-blog.com\/wp-content\/uploads\/2022\/11\/3541348_c57a922a2172f68f033ee5e49ee434fc_640x640-300x200.jpg\" alt=\"\" width=\"300\" height=\"200\" srcset=\"https:\/\/balcilar-blog.com\/wp-content\/uploads\/2022\/11\/3541348_c57a922a2172f68f033ee5e49ee434fc_640x640-300x200.jpg 300w, https:\/\/balcilar-blog.com\/wp-content\/uploads\/2022\/11\/3541348_c57a922a2172f68f033ee5e49ee434fc_640x640.jpg 640w\" sizes=\"auto, (max-width: 300px) 100vw, 300px\" \/><\/a><\/p>\n<div class=\"rq0escxv l9j0dhe7 du4w35lb j83agx80 cbu4d94t g5gj957u d2edcug0 hpfvmrgz rj1gh0hx buofh1pr n8tt0mok hyh9befq iuny7tx3 ipjc6fyt\">\n<p>Valide \u0130smihan Sultan, Yeni\u015fehir&#8217;e geliyor. Osman Bey&#8217;in fetihten fetihe ko\u015fmas\u0131 Sel\u00e7uklu Sultan\u0131 Valide \u0130smihan Sultan&#8217;\u0131n hi\u00e7 ho\u015funa gitmez. Osman Bey&#8217;in \u00f6n\u00fcn\u00fc kesmek \u00fczere Yeni\u015fehir&#8217;e gelir. \u0130smihan Sultan, Osman Bey&#8217;in \u00f6n\u00fcne nas\u0131l engeller koyacakt\u0131r? \u0130smihan Sultan&#8217;a bu konuda kimler yard\u0131m edecektir?<\/p>\n<p><a href=\"https:\/\/balcilar-blog.com\/wp-content\/uploads\/2022\/11\/3541348_2477098f4469e3d85e435cb940b66201_640x640.jpg\"><img loading=\"lazy\" decoding=\"async\" class=\"alignnone size-medium wp-image-28164\" src=\"https:\/\/balcilar-blog.com\/wp-content\/uploads\/2022\/11\/3541348_2477098f4469e3d85e435cb940b66201_640x640-300x200.jpg\" alt=\"\" width=\"300\" height=\"200\" srcset=\"https:\/\/balcilar-blog.com\/wp-content\/uploads\/2022\/11\/3541348_2477098f4469e3d85e435cb940b66201_640x640-300x200.jpg 300w, https:\/\/balcilar-blog.com\/wp-content\/uploads\/2022\/11\/3541348_2477098f4469e3d85e435cb940b66201_640x640.jpg 640w\" sizes=\"auto, (max-width: 300px) 100vw, 300px\" \/><\/a><\/p>\n<p>Marmarac\u0131k Hisar\u0131 al\u0131nm\u0131\u015f fakat \u015fimdi ak\u0131llarda b\u00fcy\u00fck bir soru i\u015fareti vard\u0131r. Osman Bey Marmarac\u0131k Hisar\u0131&#8217;n\u0131 kime verecektir?Turgut Bey, Marmarac\u0131k Hisar\u0131 al\u0131nd\u0131\u011f\u0131 i\u00e7in olduk\u00e7a mutludur. Marmarac\u0131k i\u00e7in yapt\u0131\u011f\u0131 fedakarl\u0131klara kar\u015f\u0131 Osman Bey&#8217;in tutumu ne olacakt\u0131r?<\/p>\n<p>&nbsp;<\/p>\n<div class=\"oajrlxb2 gs1a9yip g5ia77u1 mtkw9kbi tlpljxtp qensuy8j ppp5ayq2 goun2846 ccm00jje s44p3ltw mk2mc5f4 rt8b4zig n8ej3o3l agehan2d sk4xxmp2 rq0escxv nhd2j8a9 pq6dq46d mg4g778l btwxx1t3 pfnyh3mw p7hjln8o kvgmc6g5 cxmmr5t8 oygrvhab hcukyx3x tgvbjcpo hpfvmrgz jb3vyjys rz4wbd8a qt6c0cv9 a8nywdso l9j0dhe7 i1ao9s8h esuyzwwr f1sip0of du4w35lb lzcic4wl abiwlrkh p8dawk7l\" role=\"button\" aria-label=\"Be\u011fen\">\n<div class=\"rq0escxv l9j0dhe7 du4w35lb j83agx80 g5gj957u rj1gh0hx buofh1pr hpfvmrgz taijpn5t bp9cbjyn owycx6da btwxx1t3 d1544ag0 tw6a2znq jb3vyjys dlv3wnog rl04r1d5 mysgfdmx hddg9phg qu8okrzs g0qnabr5\">\n<div class=\"rq0escxv l9j0dhe7 du4w35lb j83agx80 cbu4d94t pfnyh3mw d2edcug0 hpfvmrgz ph5uu5jm b3onmgus iuny7tx3 ipjc6fyt\">\n<div class=\"rq0escxv l9j0dhe7 du4w35lb j83agx80 g5gj957u rj1gh0hx buofh1pr hpfvmrgz taijpn5t bp9cbjyn owycx6da btwxx1t3 d1544ag0 tw6a2znq jb3vyjys dlv3wnog rl04r1d5 mysgfdmx hddg9phg qu8okrzs g0qnabr5\">\n<div class=\"rq0escxv l9j0dhe7 du4w35lb j83agx80 cbu4d94t pfnyh3mw d2edcug0 hpfvmrgz ph5uu5jm b3onmgus iuny7tx3 ipjc6fyt\">\n<p><strong>4.YARGI (KanalD)<\/strong>: Yarg\u0131 da ge\u00e7en haftaki gibi 4.s\u0131rada yer al\u0131yor. AB grubunda ald\u0131\u011f\u0131 8,17 puan ile&#8230;<\/p>\n<p><a href=\"https:\/\/balcilar-blog.com\/wp-content\/uploads\/2022\/11\/yargi-1.jpg\"><img loading=\"lazy\" decoding=\"async\" class=\"alignnone size-medium wp-image-28157\" src=\"https:\/\/balcilar-blog.com\/wp-content\/uploads\/2022\/11\/yargi-1-300x193.jpg\" alt=\"\" width=\"300\" height=\"193\" srcset=\"https:\/\/balcilar-blog.com\/wp-content\/uploads\/2022\/11\/yargi-1-300x193.jpg 300w, https:\/\/balcilar-blog.com\/wp-content\/uploads\/2022\/11\/yargi-1.jpg 640w\" sizes=\"auto, (max-width: 300px) 100vw, 300px\" \/><\/a><\/p>\n<p>\u0130\u015finde ve ili\u015fkide dengeyi zar zor kuran ba\u015fsavc\u0131 Pars\u2019\u0131n itibar\u0131 bas\u0131na d\u00fc\u015fen \u201cadliyede yasak a\u015fk\u201d haberi ile sars\u0131lmak \u00fczeredir, bunun i\u00e7in bir \u00e7\u00f6z\u00fcm yolu bulmak \u00fczeredir. Di\u011fer taraftan da Arda olay\u0131 ile gerilen Derya-Ceylin ili\u015fkisini dengede tutmak zorundad\u0131r.<\/p>\n<p>Ge\u00e7mi\u015finden gelen bir s\u0131r, yeni ofisinde eski g\u00fczel g\u00fcnlerini yakalaman\u0131n hayalindeki Yekta\u2019y\u0131 alt \u00fcst edecektir. Davan\u0131n farkl\u0131 taraflar\u0131ndan ayn\u0131 sonuca h\u0131zla y\u00fcr\u00fcyen Ilgaz ile Ceylin\u2019in yollar\u0131 bir kez daha kesi\u015fmek \u00fczeredir. Her edindikleri bilgi s\u0131rtlar\u0131nda b\u00fcy\u00fck bir kambura d\u00f6n\u00fc\u015fecektir.<\/p>\n<\/div>\n<p>&nbsp;<\/p>\n<div class=\"rq0escxv l9j0dhe7 du4w35lb j83agx80 cbu4d94t pfnyh3mw d2edcug0 hpfvmrgz ph5uu5jm b3onmgus iuny7tx3 ipjc6fyt\">\n<div class=\"rq0escxv l9j0dhe7 du4w35lb j83agx80 g5gj957u rj1gh0hx buofh1pr hpfvmrgz taijpn5t bp9cbjyn owycx6da btwxx1t3 d1544ag0 tw6a2znq jb3vyjys dlv3wnog rl04r1d5 mysgfdmx hddg9phg qu8okrzs g0qnabr5\">\n<div class=\"rq0escxv l9j0dhe7 du4w35lb j83agx80 cbu4d94t pfnyh3mw d2edcug0 hpfvmrgz ph5uu5jm b3onmgus iuny7tx3 ipjc6fyt\">\n<p><strong>KANALLARA G\u00d6RE SIRALAMA:<\/strong><\/p>\n<p><strong>Total Grubunda<\/strong>: Atv 4 dizi. KanalD\u00a0 3 dizi. Star Tv, Fox ve\u00a0 birer dizi ile yer al\u0131yorlar.<\/p>\n<p><strong>AB\u2019de<\/strong><strong>;<\/strong> Kanal D 4 dizi. Atv 3 dizi. Star, Fox ve TRT1 Tv birer dizi ile yer al\u0131yor.<\/p>\n<p><strong>HAFTANIN KANALI\u00a0<\/strong><\/p>\n<p>Bu hafta Total 3 ve AB\u2019de 4 dizi ile toplamda 7 birincilik alan, KanalD haftan\u0131n kanal\u0131 olmu\u015ftur.<\/p>\n<p><a href=\"https:\/\/balcilar-blog.com\/wp-content\/uploads\/2022\/11\/BABA-30.BL_.FINAL_.jpg\"><img loading=\"lazy\" decoding=\"async\" class=\"alignnone size-medium wp-image-28161\" src=\"https:\/\/balcilar-blog.com\/wp-content\/uploads\/2022\/11\/BABA-30.BL_.FINAL_-300x222.jpg\" alt=\"\" width=\"300\" height=\"222\" srcset=\"https:\/\/balcilar-blog.com\/wp-content\/uploads\/2022\/11\/BABA-30.BL_.FINAL_-300x222.jpg 300w, https:\/\/balcilar-blog.com\/wp-content\/uploads\/2022\/11\/BABA-30.BL_.FINAL_-130x95.jpg 130w, https:\/\/balcilar-blog.com\/wp-content\/uploads\/2022\/11\/BABA-30.BL_.FINAL_-136x102.jpg 136w, https:\/\/balcilar-blog.com\/wp-content\/uploads\/2022\/11\/BABA-30.BL_.FINAL_.jpg 640w\" sizes=\"auto, (max-width: 300px) 100vw, 300px\" \/><\/a><\/p>\n<p>Show Tv&#8217;de son olarak 25.b\u00f6l\u00fcm\u00fc ekranlara gelen Baba, 30.b\u00f6l\u00fcmde ekranlara veda ediyor.<\/p>\n<p>&nbsp;<\/p>\n<\/div>\n<\/div>\n<div class=\"rq0escxv l9j0dhe7 du4w35lb j83agx80 g5gj957u rj1gh0hx buofh1pr hpfvmrgz taijpn5t bp9cbjyn owycx6da btwxx1t3 d1544ag0 tw6a2znq jb3vyjys dlv3wnog rl04r1d5 mysgfdmx hddg9phg qu8okrzs g0qnabr5\">\n<div class=\"rq0escxv l9j0dhe7 du4w35lb j83agx80 cbu4d94t pfnyh3mw d2edcug0 hpfvmrgz ph5uu5jm b3onmgus iuny7tx3 ipjc6fyt\">\n<p>Keyifli Seyirler<\/p>\n<p>Abdurrahman Balc\u0131lar<\/p>\n<\/div>\n<\/div>\n<\/div>\n<\/div>\n<\/div>\n<\/div>\n<p>&nbsp;<\/p>\n<\/div>\n<\/div>\n<\/div>\n<\/div>\n<\/div>\n<\/div>\n","protected":false},"excerpt":{"rendered":"<p>47.Haftada; 7 ulusal kanal\u0131m\u0131zda ekranlar\u0131m\u0131za gelen, Haftan\u0131n dizileri (21 \u2013 27 Kas\u0131m 2022) sizin i\u00e7in izledi\u011fimiz, s\u0131ralamaya ald\u0131\u011f\u0131m\u0131z haftan\u0131n dizileri \u015f\u00f6yle s\u0131ralan\u0131yor. Ge\u00e7en hafta kanallarda 25 dizi ekranlara geldi. D\u00fcnya Kupas\u0131 ma\u00e7lar\u0131n\u0131n canl\u0131 olarak TRT1&#8217;den yay\u0131nlanmas\u0131 nedeniyle, yay\u0131n saatlerinde \u00e7ak\u0131\u015fma olmakta ve bu nedenle dizilerde yay\u0131nlanmaktad\u0131r. Bu 25 dizinin her iki grupta ilk ona girenleri [&hellip;]<\/p>\n","protected":false},"author":3,"featured_media":28165,"comment_status":"open","ping_status":"closed","sticky":false,"template":"","format":"standard","meta":{"footnotes":""},"categories":[1],"tags":[2420,2421,2387,2293,2019,2340,2322],"class_list":["post-28155","post","type-post","status-publish","format-standard","has-post-thumbnail","hentry","category-genel","tag-47-hafta","tag-haftanin-kanali","tag-kanald","tag-kardeslerim","tag-kurulus-osman","tag-yali-capkini","tag-yargi"],"views":2168,"blog_post_layout_featured_media_urls":{"thumbnail":["https:\/\/balcilar-blog.com\/wp-content\/uploads\/2022\/11\/47.HAFTA_-150x150.jpg",150,150,true],"full":["https:\/\/balcilar-blog.com\/wp-content\/uploads\/2022\/11\/47.HAFTA_.jpg",640,339,false]},"categories_names":{"1":{"name":"Genel","link":"https:\/\/balcilar-blog.com\/?cat=1"}},"tags_names":{"2420":{"name":"47.Hafta","link":"https:\/\/balcilar-blog.com\/?tag=47-hafta"},"2421":{"name":"Haftan\u0131n Kanal\u0131","link":"https:\/\/balcilar-blog.com\/?tag=haftanin-kanali"},"2387":{"name":"KanalD","link":"https:\/\/balcilar-blog.com\/?tag=kanald"},"2293":{"name":"Karde\u015flerim","link":"https:\/\/balcilar-blog.com\/?tag=kardeslerim"},"2019":{"name":"Kurulu\u015f Osman","link":"https:\/\/balcilar-blog.com\/?tag=kurulus-osman"},"2340":{"name":"Yal\u0131 \u00c7apk\u0131n\u0131","link":"https:\/\/balcilar-blog.com\/?tag=yali-capkini"},"2322":{"name":"Yarg\u0131","link":"https:\/\/balcilar-blog.com\/?tag=yargi"}},"comments_number":"0","wpmagazine_modules_lite_featured_media_urls":{"thumbnail":["https:\/\/balcilar-blog.com\/wp-content\/uploads\/2022\/11\/47.HAFTA_-150x150.jpg",150,150,true],"cvmm-medium":["https:\/\/balcilar-blog.com\/wp-content\/uploads\/2022\/11\/47.HAFTA_-300x300.jpg",300,300,true],"cvmm-medium-plus":["https:\/\/balcilar-blog.com\/wp-content\/uploads\/2022\/11\/47.HAFTA_-305x207.jpg",305,207,true],"cvmm-portrait":["https:\/\/balcilar-blog.com\/wp-content\/uploads\/2022\/11\/47.HAFTA_-400x339.jpg",400,339,true],"cvmm-medium-square":["https:\/\/balcilar-blog.com\/wp-content\/uploads\/2022\/11\/47.HAFTA_-600x339.jpg",600,339,true],"cvmm-large":["https:\/\/balcilar-blog.com\/wp-content\/uploads\/2022\/11\/47.HAFTA_.jpg",640,339,false],"cvmm-small":["https:\/\/balcilar-blog.com\/wp-content\/uploads\/2022\/11\/47.HAFTA_-130x95.jpg",130,95,true],"full":["https:\/\/balcilar-blog.com\/wp-content\/uploads\/2022\/11\/47.HAFTA_.jpg",640,339,false]},"_links":{"self":[{"href":"https:\/\/balcilar-blog.com\/index.php?rest_route=\/wp\/v2\/posts\/28155","targetHints":{"allow":["GET"]}}],"collection":[{"href":"https:\/\/balcilar-blog.com\/index.php?rest_route=\/wp\/v2\/posts"}],"about":[{"href":"https:\/\/balcilar-blog.com\/index.php?rest_route=\/wp\/v2\/types\/post"}],"author":[{"embeddable":true,"href":"https:\/\/balcilar-blog.com\/index.php?rest_route=\/wp\/v2\/users\/3"}],"replies":[{"embeddable":true,"href":"https:\/\/balcilar-blog.com\/index.php?rest_route=%2Fwp%2Fv2%2Fcomments&post=28155"}],"version-history":[{"count":3,"href":"https:\/\/balcilar-blog.com\/index.php?rest_route=\/wp\/v2\/posts\/28155\/revisions"}],"predecessor-version":[{"id":28168,"href":"https:\/\/balcilar-blog.com\/index.php?rest_route=\/wp\/v2\/posts\/28155\/revisions\/28168"}],"wp:featuredmedia":[{"embeddable":true,"href":"https:\/\/balcilar-blog.com\/index.php?rest_route=\/wp\/v2\/media\/28165"}],"wp:attachment":[{"href":"https:\/\/balcilar-blog.com\/index.php?rest_route=%2Fwp%2Fv2%2Fmedia&parent=28155"}],"wp:term":[{"taxonomy":"category","embeddable":true,"href":"https:\/\/balcilar-blog.com\/index.php?rest_route=%2Fwp%2Fv2%2Fcategories&post=28155"},{"taxonomy":"post_tag","embeddable":true,"href":"https:\/\/balcilar-blog.com\/index.php?rest_route=%2Fwp%2Fv2%2Ftags&post=28155"}],"curies":[{"name":"wp","href":"https:\/\/api.w.org\/{rel}","templated":true}]}}