{"id":28037,"date":"2022-11-07T15:23:07","date_gmt":"2022-11-07T12:23:07","guid":{"rendered":"https:\/\/balcilar-blog.com\/?p=28037"},"modified":"2022-11-07T15:55:32","modified_gmt":"2022-11-07T12:55:32","slug":"cagatay-ulusoyun-yeni-filmdeki-rol-arkadasi-belirlendi","status":"publish","type":"post","link":"https:\/\/balcilar-blog.com\/?p=28037","title":{"rendered":"\u00c7a\u011fatay Ulusoy&#8217;un Yeni Filmdeki Rol Arkada\u015f\u0131 Belirlendi!"},"content":{"rendered":"<p><a href=\"https:\/\/balcilar-blog.com\/wp-content\/uploads\/2022\/11\/cagaty-senay.jpg\"><img loading=\"lazy\" decoding=\"async\" class=\"alignnone size-medium wp-image-28042\" src=\"https:\/\/balcilar-blog.com\/wp-content\/uploads\/2022\/11\/cagaty-senay-300x154.jpg\" alt=\"\" width=\"300\" height=\"154\" srcset=\"https:\/\/balcilar-blog.com\/wp-content\/uploads\/2022\/11\/cagaty-senay-300x154.jpg 300w, https:\/\/balcilar-blog.com\/wp-content\/uploads\/2022\/11\/cagaty-senay-768x395.jpg 768w, https:\/\/balcilar-blog.com\/wp-content\/uploads\/2022\/11\/cagaty-senay.jpg 800w\" sizes=\"auto, (max-width: 300px) 100vw, 300px\" \/><\/a><\/p>\n<p>\u00c7a\u011fatay Ulusoy&#8217;un Netflix platformunda yay\u0131nlanacak yeni filminde rol arkada\u015f\u0131 aran\u0131yordu. O olgun kad\u0131n oyuncu belli oldu. Ulusoy sevenleri yeni filmi Centilmen (Beyefendi) filmindeki canland\u0131raca\u011f\u0131 karakter i\u00e7in ele\u015ftiriler gelmi\u015fti. Bildi\u011fim \u00c7a\u011fatay bu t\u00fcr ele\u015ftirilere pabu\u00e7 b\u0131rakmaz. O hep ses getirecek ve ba\u015far\u0131l\u0131 olaca\u011f\u0131, i\u00e7ine sinen bir rolde oynamak ister. Bu jigolo rol\u00fc de \u00f6yle oldu. Rol\u00fcn ad\u0131n\u0131n an\u0131lmas\u0131 ile t\u00fcm d\u00fcnyada ses getirdi. Bir m\u00fchlet de bu bayan oyuncu arand\u0131 ve o bayan belli oldu \u015eenay G\u00fcrler.<\/p>\n<p><a href=\"https:\/\/balcilar-blog.com\/wp-content\/uploads\/2022\/11\/enay-gurler-centilmen-dizisi-1.jpg\"><img loading=\"lazy\" decoding=\"async\" class=\"alignnone size-medium wp-image-28039\" src=\"https:\/\/balcilar-blog.com\/wp-content\/uploads\/2022\/11\/enay-gurler-centilmen-dizisi-1-225x300.jpg\" alt=\"\" width=\"225\" height=\"300\" srcset=\"https:\/\/balcilar-blog.com\/wp-content\/uploads\/2022\/11\/enay-gurler-centilmen-dizisi-1-225x300.jpg 225w, https:\/\/balcilar-blog.com\/wp-content\/uploads\/2022\/11\/enay-gurler-centilmen-dizisi-1.jpg 640w\" sizes=\"auto, (max-width: 225px) 100vw, 225px\" \/><\/a><\/p>\n<p><strong>\u015eenay G\u00fcrler Kimdir?<\/strong><\/p>\n<p>28 Haziran 1966, \u0130zmir do\u011fumlu, sinema, televizyon ve tiyatro oyuncusu. Dokuz Eyl\u00fcl \u00dcniversitesi G\u00fczel Sanatlar Fak\u00fcltesi Sinema B\u00f6l\u00fcm\u00fcnden muzun olmu\u015ftur. 2004-2009 y\u0131llar\u0131 aras\u0131nda Atv&#8217;de yay\u0131nlanan Avrupa Yakas\u0131 adl\u0131 dizide oynam\u0131\u015f, &#8216;Fato\u015f&#8217; karakteri olarak tan\u0131nm\u0131\u015ft\u0131r. Acemi Cad\u0131 dizisinde, Selda, 2014-2015 y\u0131llar\u0131nda yay\u0131nlanan Ka\u00e7ak Gelinler dizisinde Seniha Sultan Karakterini canland\u0131rm\u0131\u015ft\u0131r.<\/p>\n<p>1996-2021 tarihleri aras\u0131nda onlarca dizide oynam\u0131\u015ft\u0131r. Olduk\u00e7a ba\u015far\u0131 da olmu\u015ftur.<\/p>\n<p>\u015eenay G\u00fcrler; \u00d6d\u00fcll\u00fc bir oyuncumuz olup, 2006 Sinema Yazarlar\u0131 Derne\u011fi \u00d6d\u00fclleri, &#8216;<strong>En \u0130yi Yard\u0131mc\u0131 Kad\u0131n Oyuncu<\/strong>&#8216; (Korkuyorum Anne)<\/p>\n<p>2017 y\u0131l\u0131nda Sadri Al\u0131\u015f\u0131k Tiyatro ve Sinema Oyuncu \u00d6d\u00fclleri &#8216;<strong>Y\u0131l\u0131n En Ba\u015far\u0131l\u0131 Kad\u0131n Oyuncusu&#8217;<\/strong> (Kasap Havas\u0131)<\/p>\n<p>&nbsp;<\/p>\n<p><a href=\"https:\/\/balcilar-blog.com\/wp-content\/uploads\/2022\/11\/cgt.ulusoy.jpg\"><img loading=\"lazy\" decoding=\"async\" class=\"alignnone size-medium wp-image-28040\" src=\"https:\/\/balcilar-blog.com\/wp-content\/uploads\/2022\/11\/cgt.ulusoy-240x300.jpg\" alt=\"\" width=\"240\" height=\"300\" srcset=\"https:\/\/balcilar-blog.com\/wp-content\/uploads\/2022\/11\/cgt.ulusoy-240x300.jpg 240w, https:\/\/balcilar-blog.com\/wp-content\/uploads\/2022\/11\/cgt.ulusoy.jpg 480w\" sizes=\"auto, (max-width: 240px) 100vw, 240px\" \/><\/a><\/p>\n<p>Dizide \u015fimdilik \u00c7a\u011fatay Ulusoy ve \u015eenay G\u00fcrler&#8217;in ad\u0131 ge\u00e7iyor. \u0130ki ba\u015frol oyuncumuz aras\u0131nda tam 24 ya\u015f fark\u0131 var. Bu da rol\u00fcn gere\u011fi olsa gerek.<\/p>\n<p>Dizinin cast \u00e7al\u0131\u015fmalar\u0131 devam ediyor. Yeni isimler ortaya \u00e7\u0131kt\u0131k\u00e7a sizlere bilgi verece\u011fim.<\/p>\n<p>Sevgi ve Sayg\u0131lar<\/p>\n<p>Abdurrahman Balc\u0131lar<\/p>\n","protected":false},"excerpt":{"rendered":"<p>\u00c7a\u011fatay Ulusoy&#8217;un Netflix platformunda yay\u0131nlanacak yeni filminde rol arkada\u015f\u0131 aran\u0131yordu. O olgun kad\u0131n oyuncu belli oldu. Ulusoy sevenleri yeni filmi Centilmen (Beyefendi) filmindeki canland\u0131raca\u011f\u0131 karakter i\u00e7in ele\u015ftiriler gelmi\u015fti. Bildi\u011fim \u00c7a\u011fatay bu t\u00fcr ele\u015ftirilere pabu\u00e7 b\u0131rakmaz. O hep ses getirecek ve ba\u015far\u0131l\u0131 olaca\u011f\u0131, i\u00e7ine sinen bir rolde oynamak ister. Bu jigolo rol\u00fc de \u00f6yle oldu. Rol\u00fcn [&hellip;]<\/p>\n","protected":false},"author":3,"featured_media":28042,"comment_status":"open","ping_status":"open","sticky":false,"template":"","format":"standard","meta":{"footnotes":""},"categories":[2123],"tags":[15,1478,1310],"class_list":["post-28037","post","type-post","status-publish","format-standard","has-post-thumbnail","hentry","category-internet-dizileri","tag-cagatay-ulusoy","tag-netflix","tag-senay-gurler"],"views":2184,"blog_post_layout_featured_media_urls":{"thumbnail":["https:\/\/balcilar-blog.com\/wp-content\/uploads\/2022\/11\/cagaty-senay-150x150.jpg",150,150,true],"full":["https:\/\/balcilar-blog.com\/wp-content\/uploads\/2022\/11\/cagaty-senay.jpg",800,411,false]},"categories_names":{"2123":{"name":"Internet Dizileri","link":"https:\/\/balcilar-blog.com\/?cat=2123"}},"tags_names":{"15":{"name":"\u00e7a\u011fatay ulusoy","link":"https:\/\/balcilar-blog.com\/?tag=cagatay-ulusoy"},"1478":{"name":"Netflix","link":"https:\/\/balcilar-blog.com\/?tag=netflix"},"1310":{"name":"\u015eenay G\u00fcrler","link":"https:\/\/balcilar-blog.com\/?tag=senay-gurler"}},"comments_number":"0","wpmagazine_modules_lite_featured_media_urls":{"thumbnail":["https:\/\/balcilar-blog.com\/wp-content\/uploads\/2022\/11\/cagaty-senay-150x150.jpg",150,150,true],"cvmm-medium":["https:\/\/balcilar-blog.com\/wp-content\/uploads\/2022\/11\/cagaty-senay-300x300.jpg",300,300,true],"cvmm-medium-plus":["https:\/\/balcilar-blog.com\/wp-content\/uploads\/2022\/11\/cagaty-senay-305x207.jpg",305,207,true],"cvmm-portrait":["https:\/\/balcilar-blog.com\/wp-content\/uploads\/2022\/11\/cagaty-senay-400x411.jpg",400,411,true],"cvmm-medium-square":["https:\/\/balcilar-blog.com\/wp-content\/uploads\/2022\/11\/cagaty-senay-600x411.jpg",600,411,true],"cvmm-large":["https:\/\/balcilar-blog.com\/wp-content\/uploads\/2022\/11\/cagaty-senay.jpg",800,411,false],"cvmm-small":["https:\/\/balcilar-blog.com\/wp-content\/uploads\/2022\/11\/cagaty-senay-130x95.jpg",130,95,true],"full":["https:\/\/balcilar-blog.com\/wp-content\/uploads\/2022\/11\/cagaty-senay.jpg",800,411,false]},"_links":{"self":[{"href":"https:\/\/balcilar-blog.com\/index.php?rest_route=\/wp\/v2\/posts\/28037","targetHints":{"allow":["GET"]}}],"collection":[{"href":"https:\/\/balcilar-blog.com\/index.php?rest_route=\/wp\/v2\/posts"}],"about":[{"href":"https:\/\/balcilar-blog.com\/index.php?rest_route=\/wp\/v2\/types\/post"}],"author":[{"embeddable":true,"href":"https:\/\/balcilar-blog.com\/index.php?rest_route=\/wp\/v2\/users\/3"}],"replies":[{"embeddable":true,"href":"https:\/\/balcilar-blog.com\/index.php?rest_route=%2Fwp%2Fv2%2Fcomments&post=28037"}],"version-history":[{"count":4,"href":"https:\/\/balcilar-blog.com\/index.php?rest_route=\/wp\/v2\/posts\/28037\/revisions"}],"predecessor-version":[{"id":28046,"href":"https:\/\/balcilar-blog.com\/index.php?rest_route=\/wp\/v2\/posts\/28037\/revisions\/28046"}],"wp:featuredmedia":[{"embeddable":true,"href":"https:\/\/balcilar-blog.com\/index.php?rest_route=\/wp\/v2\/media\/28042"}],"wp:attachment":[{"href":"https:\/\/balcilar-blog.com\/index.php?rest_route=%2Fwp%2Fv2%2Fmedia&parent=28037"}],"wp:term":[{"taxonomy":"category","embeddable":true,"href":"https:\/\/balcilar-blog.com\/index.php?rest_route=%2Fwp%2Fv2%2Fcategories&post=28037"},{"taxonomy":"post_tag","embeddable":true,"href":"https:\/\/balcilar-blog.com\/index.php?rest_route=%2Fwp%2Fv2%2Ftags&post=28037"}],"curies":[{"name":"wp","href":"https:\/\/api.w.org\/{rel}","templated":true}]}}