{"id":28022,"date":"2022-11-04T17:19:17","date_gmt":"2022-11-04T14:19:17","guid":{"rendered":"https:\/\/balcilar-blog.com\/?p=28022"},"modified":"2022-11-04T20:01:53","modified_gmt":"2022-11-04T17:01:53","slug":"aras-bulut-iynemli-ataturk-rolunu-hazirlaniyor","status":"publish","type":"post","link":"https:\/\/balcilar-blog.com\/?p=28022","title":{"rendered":"Aras Bulut \u0130ynemli Atat\u00fcrk Rol\u00fcn\u00fc Haz\u0131rlan\u0131yor!"},"content":{"rendered":"<p><a href=\"https:\/\/balcilar-blog.com\/wp-content\/uploads\/2022\/11\/DISNEY-PLUS-ATATURK.webp\"><img loading=\"lazy\" decoding=\"async\" class=\"alignnone size-medium wp-image-28028\" src=\"https:\/\/balcilar-blog.com\/wp-content\/uploads\/2022\/11\/DISNEY-PLUS-ATATURK-300x169.webp\" alt=\"\" width=\"300\" height=\"169\" srcset=\"https:\/\/balcilar-blog.com\/wp-content\/uploads\/2022\/11\/DISNEY-PLUS-ATATURK-300x169.webp 300w, https:\/\/balcilar-blog.com\/wp-content\/uploads\/2022\/11\/DISNEY-PLUS-ATATURK.webp 635w\" sizes=\"auto, (max-width: 300px) 100vw, 300px\" \/><\/a><\/p>\n<p>Disney Plus dijital platformu; Disney, Pixar, Marvel, Star Wars, National Geographic i\u00e7eriklerin yer ald\u0131\u011f\u0131 dijital yay\u0131n\u0131na ge\u00e7ti\u011fimiz Temmuz ay\u0131nda T\u00fcrkiye&#8217;de de ba\u015flam\u0131\u015ft\u0131r.<\/p>\n<p>&nbsp;<\/p>\n<p>T\u00fcrk izleyicisini \u00e7ekmek i\u00e7in Atat\u00fcrk gibi bir T\u00fcrk liderinin filmini yapmas\u0131 gereklidir. Ge\u00e7en y\u0131l 2021 y\u0131l\u0131nda, Aras Bulut \u0130ynenli&#8217;ye bu rol\u00fcn teklif edilmesi ile \u00e7al\u0131\u015fmalar ba\u015flad\u0131\u011f\u0131n\u0131 \u00f6\u011frendik. Projeyi Lanistar Medya yap\u0131yor.\u00a0 \u00c7ok b\u00fcy\u00fck b\u00fct\u00e7eli bu dizinin\u00a0 1923 y\u0131l\u0131 29 Ekimde (Cumhuriyetin 100.Y\u0131l\u0131) vizyona girecektir. D\u00fcnya \u00e7ap\u0131nda ses getirecek bir dizi olacakt\u0131r.<\/p>\n<p><a href=\"https:\/\/balcilar-blog.com\/wp-content\/uploads\/2022\/11\/A.B.Iynemli-ATATURK.webp\"><img loading=\"lazy\" decoding=\"async\" class=\"alignnone size-medium wp-image-28031\" src=\"https:\/\/balcilar-blog.com\/wp-content\/uploads\/2022\/11\/A.B.Iynemli-ATATURK-300x200.webp\" alt=\"\" width=\"300\" height=\"200\" srcset=\"https:\/\/balcilar-blog.com\/wp-content\/uploads\/2022\/11\/A.B.Iynemli-ATATURK-300x200.webp 300w, https:\/\/balcilar-blog.com\/wp-content\/uploads\/2022\/11\/A.B.Iynemli-ATATURK.webp 635w\" sizes=\"auto, (max-width: 300px) 100vw, 300px\" \/><\/a><\/p>\n<p>Bu rol i\u00e7in Aras Bulut \u0130ynemli ile anla\u015f\u0131l\u0131r. Ulu \u00d6nder Mustafa Kemal Atat\u00fcrk&#8217;\u00fcn gen\u00e7lik y\u0131llar\u0131 ve sonraki d\u00f6nemler de s\u0131ras\u0131yla ekrana gelecektir.<\/p>\n<p>Cenk Suner ve Mehmet \u0130\u00e7a\u011fas\u0131olu bu devasa yap\u0131m\u0131 \u00fcstlenir. Uzun zamand\u0131r bu rol i\u00e7in \u00e7al\u0131\u015fan oyuncumuz, son olarak Eyl\u00fcl ay\u0131nda sa\u00e7lar\u0131n\u0131 ve b\u0131y\u0131klar\u0131n\u0131 sar\u0131ya boyat\u0131r.<\/p>\n<p><a href=\"https:\/\/balcilar-blog.com\/wp-content\/uploads\/2022\/11\/50920221633258149791_1.jpg\"><img loading=\"lazy\" decoding=\"async\" class=\"alignnone size-medium wp-image-28023\" src=\"https:\/\/balcilar-blog.com\/wp-content\/uploads\/2022\/11\/50920221633258149791_1-300x222.jpg\" alt=\"\" width=\"300\" height=\"222\" srcset=\"https:\/\/balcilar-blog.com\/wp-content\/uploads\/2022\/11\/50920221633258149791_1-300x222.jpg 300w, https:\/\/balcilar-blog.com\/wp-content\/uploads\/2022\/11\/50920221633258149791_1-130x95.jpg 130w, https:\/\/balcilar-blog.com\/wp-content\/uploads\/2022\/11\/50920221633258149791_1-136x102.jpg 136w, https:\/\/balcilar-blog.com\/wp-content\/uploads\/2022\/11\/50920221633258149791_1.jpg 640w\" sizes=\"auto, (max-width: 300px) 100vw, 300px\" \/><\/a><\/p>\n<p>Filmin y\u00f6netmenli\u011fini yapan Mehmet Ada \u00d6ztekin ge\u00e7en ay Mekedonya da Atat\u00fcrk&#8217;\u00fcn \u00e7ocukluk y\u0131llar\u0131 \u00e7ekimlerini yapm\u0131\u015ft\u0131r.<\/p>\n<p><a href=\"https:\/\/balcilar-blog.com\/wp-content\/uploads\/2022\/11\/emre-mete-sonmez-6hXN.webp\"><img loading=\"lazy\" decoding=\"async\" class=\"alignnone size-medium wp-image-28024\" src=\"https:\/\/balcilar-blog.com\/wp-content\/uploads\/2022\/11\/emre-mete-sonmez-6hXN-209x300.webp\" alt=\"\" width=\"209\" height=\"300\" srcset=\"https:\/\/balcilar-blog.com\/wp-content\/uploads\/2022\/11\/emre-mete-sonmez-6hXN-209x300.webp 209w, https:\/\/balcilar-blog.com\/wp-content\/uploads\/2022\/11\/emre-mete-sonmez-6hXN-714x1024.webp 714w, https:\/\/balcilar-blog.com\/wp-content\/uploads\/2022\/11\/emre-mete-sonmez-6hXN-768x1101.webp 768w, https:\/\/balcilar-blog.com\/wp-content\/uploads\/2022\/11\/emre-mete-sonmez-6hXN-1072x1536.webp 1072w, https:\/\/balcilar-blog.com\/wp-content\/uploads\/2022\/11\/emre-mete-sonmez-6hXN.webp 1200w\" sizes=\"auto, (max-width: 209px) 100vw, 209px\" \/><\/a><\/p>\n<p>Atam\u0131z\u0131n \u00e7ocuklu\u011funu Emre Mete S\u00f6nmez oynam\u0131\u015ft\u0131r. Emre, ilk defa 1919 y\u0131l\u0131nda &#8216;Yaral\u0131 Ku\u015flar&#8217; filminde oynam\u0131\u015ft\u0131r.<\/p>\n<p><a href=\"https:\/\/balcilar-blog.com\/wp-content\/uploads\/2022\/11\/Mustafa_Kemal_Ataturk_renklendirilmis_1.jpg\"><img loading=\"lazy\" decoding=\"async\" class=\"alignnone size-medium wp-image-28026\" src=\"https:\/\/balcilar-blog.com\/wp-content\/uploads\/2022\/11\/Mustafa_Kemal_Ataturk_renklendirilmis_1-248x300.jpg\" alt=\"\" width=\"248\" height=\"300\" srcset=\"https:\/\/balcilar-blog.com\/wp-content\/uploads\/2022\/11\/Mustafa_Kemal_Ataturk_renklendirilmis_1-248x300.jpg 248w, https:\/\/balcilar-blog.com\/wp-content\/uploads\/2022\/11\/Mustafa_Kemal_Ataturk_renklendirilmis_1-768x928.jpg 768w, https:\/\/balcilar-blog.com\/wp-content\/uploads\/2022\/11\/Mustafa_Kemal_Ataturk_renklendirilmis_1.jpg 800w\" sizes=\"auto, (max-width: 248px) 100vw, 248px\" \/><\/a><\/p>\n<p>Atat\u00fcrk&#8217;\u00fcn 1904 y\u0131l\u0131ndan sonraki gen\u00e7lik y\u0131llar\u0131, Birinci D\u00fcnya Sava\u015f\u0131 ve \u0130stiklal Sava\u015f\u0131 y\u0131llar\u0131 \u00e7ekilecektir.<\/p>\n<p><a href=\"https:\/\/balcilar-blog.com\/wp-content\/uploads\/2022\/11\/Mustafa_Kemal_Ataturk_met_onderscheidingen.jpg\"><img loading=\"lazy\" decoding=\"async\" class=\"alignnone size-medium wp-image-28027\" src=\"https:\/\/balcilar-blog.com\/wp-content\/uploads\/2022\/11\/Mustafa_Kemal_Ataturk_met_onderscheidingen-234x300.jpg\" alt=\"\" width=\"234\" height=\"300\" srcset=\"https:\/\/balcilar-blog.com\/wp-content\/uploads\/2022\/11\/Mustafa_Kemal_Ataturk_met_onderscheidingen-234x300.jpg 234w, https:\/\/balcilar-blog.com\/wp-content\/uploads\/2022\/11\/Mustafa_Kemal_Ataturk_met_onderscheidingen.jpg 486w\" sizes=\"auto, (max-width: 234px) 100vw, 234px\" \/><\/a><\/p>\n<p>Aras Bulut \u0130ynemli bu g\u00fcne kadar oynad\u0131\u011f\u0131 film ve dizilerdeki rol kabiliyeti ve performans\u0131n\u0131 biliyoruz.<\/p>\n<p><a href=\"https:\/\/balcilar-blog.com\/wp-content\/uploads\/2022\/11\/ARAS-BULUT-IYINMLI.webp\"><img loading=\"lazy\" decoding=\"async\" class=\"alignnone size-medium wp-image-28025\" src=\"https:\/\/balcilar-blog.com\/wp-content\/uploads\/2022\/11\/ARAS-BULUT-IYINMLI-300x169.webp\" alt=\"\" width=\"300\" height=\"169\" srcset=\"https:\/\/balcilar-blog.com\/wp-content\/uploads\/2022\/11\/ARAS-BULUT-IYINMLI-300x169.webp 300w, https:\/\/balcilar-blog.com\/wp-content\/uploads\/2022\/11\/ARAS-BULUT-IYINMLI-1024x576.webp 1024w, https:\/\/balcilar-blog.com\/wp-content\/uploads\/2022\/11\/ARAS-BULUT-IYINMLI-768x432.webp 768w, https:\/\/balcilar-blog.com\/wp-content\/uploads\/2022\/11\/ARAS-BULUT-IYINMLI.webp 1200w\" sizes=\"auto, (max-width: 300px) 100vw, 300px\" \/><\/a><\/p>\n<p>Ben kendi ad\u0131ma ba\u015far\u0131l\u0131 olaca\u011f\u0131n\u0131 inan\u0131yorum.<\/p>\n<p>Dizide oyuncular\u0131 ve canland\u0131racaklar\u0131 karakterler \u015f\u00f6yle:<\/p>\n<div class=\"RqBzHd\">\n<ul class=\"i8Z77e\">\n<li class=\"TrT0Xe\">Aras Bulut \u0130ynemli &#8211; Mustafa Kemal\u00a0<b>Atat\u00fcrk<\/b>.<\/li>\n<li class=\"TrT0Xe\">Song\u00fcl \u00d6den &#8211; Z\u00fcbeyde Han\u0131m.<\/li>\n<li class=\"TrT0Xe\">Mehmet G\u00fcns\u00fcr &#8211; Ali R\u0131za Efendi.<\/li>\n<li class=\"TrT0Xe\">Sarp Akkaya &#8211; Enver Pa\u015fa.<\/li>\n<li class=\"TrT0Xe\">Berk Cankat &#8211; Ali Fuat Cebesoy.<\/li>\n<li class=\"TrT0Xe\">Esra Bilgi\u00e7 &#8211; Madam Corinne.<\/li>\n<li class=\"TrT0Xe\">Sahra \u015ea\u015f &#8211; Makbule Atadan.<\/li>\n<li class=\"TrT0Xe\">Bertan Asllani &#8211; Ali Fethi Okyar.<\/li>\n<\/ul>\n<p>\u00c7ekimler devam etti\u011fi m\u00fchlet\u00e7e gerekli rollere daha bir \u00e7ok sanat\u00e7\u0131m\u0131z girerek rol alacakt\u0131r.<\/p>\n<p>Aras Bulut \u0130ynemli&#8217;yi ben &#8216;\u00d6yle Bir Ge\u00e7er Zaman ki&#8217; dizisiyle tan\u0131d\u0131m, \u00e7ok da be\u011fenmi\u015ftim. \u00c7ukur dizisi ile kendisini sevdirmi\u015f, sonra da 7.Ko\u011fu\u015ftaki Mucize filmi bizleri a\u011flatm\u0131\u015ft\u0131.<\/p>\n<p><a href=\"https:\/\/balcilar-blog.com\/wp-content\/uploads\/2022\/11\/A.BULUT-IYNEMLI.webp\"><img loading=\"lazy\" decoding=\"async\" class=\"alignnone size-medium wp-image-28029\" src=\"https:\/\/balcilar-blog.com\/wp-content\/uploads\/2022\/11\/A.BULUT-IYNEMLI-254x300.webp\" alt=\"\" width=\"254\" height=\"300\" srcset=\"https:\/\/balcilar-blog.com\/wp-content\/uploads\/2022\/11\/A.BULUT-IYNEMLI-254x300.webp 254w, https:\/\/balcilar-blog.com\/wp-content\/uploads\/2022\/11\/A.BULUT-IYNEMLI.webp 635w\" sizes=\"auto, (max-width: 254px) 100vw, 254px\" \/><\/a><\/p>\n<p>2018 Y\u0131l\u0131nda, \u00c7a\u011fatay Ulusoy&#8217;un Hakan Muhaf\u0131z dizi filminin \u0130stanbul\u00a0 Gala gecesinde Aras Bulut \u0130ynemli ile tan\u0131\u015fm\u0131\u015f ayak\u00fcst\u00fc konu\u015fmu\u015ftuk.<\/p>\n<p>29 Ekim 2023 y\u0131l\u0131nda Disney Plus&#8217;ta yay\u0131na girecek olan Atat\u00fcrk dizi filmi \u00fclkemizde ve t\u00fcm D\u00fcnya \u00fclkelerinde b\u00fcy\u00fck ses getirece\u011fini inan\u0131yorum.<\/p>\n<p>Aras Bulut \u0130ynemli ve film ekibine ba\u015far\u0131lar dilerim.<\/p>\n<p>Sevgi ve Sayg\u0131lar<\/p>\n<p>Abdurrahman Balc\u0131lar<\/p>\n<\/div>\n","protected":false},"excerpt":{"rendered":"<p>Disney Plus dijital platformu; Disney, Pixar, Marvel, Star Wars, National Geographic i\u00e7eriklerin yer ald\u0131\u011f\u0131 dijital yay\u0131n\u0131na ge\u00e7ti\u011fimiz Temmuz ay\u0131nda T\u00fcrkiye&#8217;de de ba\u015flam\u0131\u015ft\u0131r. &nbsp; T\u00fcrk izleyicisini \u00e7ekmek i\u00e7in Atat\u00fcrk gibi bir T\u00fcrk liderinin filmini yapmas\u0131 gereklidir. Ge\u00e7en y\u0131l 2021 y\u0131l\u0131nda, Aras Bulut \u0130ynenli&#8217;ye bu rol\u00fcn teklif edilmesi ile \u00e7al\u0131\u015fmalar ba\u015flad\u0131\u011f\u0131n\u0131 \u00f6\u011frendik. Projeyi Lanistar Medya yap\u0131yor.\u00a0 \u00c7ok [&hellip;]<\/p>\n","protected":false},"author":3,"featured_media":28028,"comment_status":"open","ping_status":"open","sticky":false,"template":"","format":"standard","meta":{"footnotes":""},"categories":[2123],"tags":[533,161,2398,2397,2310,877,481,502,1532],"class_list":["post-28022","post","type-post","status-publish","format-standard","has-post-thumbnail","hentry","category-internet-dizileri","tag-aras-bulut-iynemli","tag-berk-cankat","tag-disney-plus","tag-emre-mete-sonmez","tag-esra-bilgic","tag-mehmet-ada-oztekin","tag-mehmet-gunsur","tag-mustafa-kemal-ataturk","tag-songul-oden"],"views":2219,"blog_post_layout_featured_media_urls":{"thumbnail":["https:\/\/balcilar-blog.com\/wp-content\/uploads\/2022\/11\/DISNEY-PLUS-ATATURK-150x150.webp",150,150,true],"full":["https:\/\/balcilar-blog.com\/wp-content\/uploads\/2022\/11\/DISNEY-PLUS-ATATURK.webp",635,358,false]},"categories_names":{"2123":{"name":"Internet Dizileri","link":"https:\/\/balcilar-blog.com\/?cat=2123"}},"tags_names":{"533":{"name":"Aras Bulut \u0130ynemli","link":"https:\/\/balcilar-blog.com\/?tag=aras-bulut-iynemli"},"161":{"name":"Berk Cankat","link":"https:\/\/balcilar-blog.com\/?tag=berk-cankat"},"2398":{"name":"Disney Plus","link":"https:\/\/balcilar-blog.com\/?tag=disney-plus"},"2397":{"name":"Emre Mete S\u00f6nmez","link":"https:\/\/balcilar-blog.com\/?tag=emre-mete-sonmez"},"2310":{"name":"Esra Bilgi\u00e7","link":"https:\/\/balcilar-blog.com\/?tag=esra-bilgic"},"877":{"name":"Mehmet Ada \u00d6ztekin","link":"https:\/\/balcilar-blog.com\/?tag=mehmet-ada-oztekin"},"481":{"name":"Mehmet G\u00fcns\u00fcr","link":"https:\/\/balcilar-blog.com\/?tag=mehmet-gunsur"},"502":{"name":"Mustafa Kemal Atat\u00fcrk","link":"https:\/\/balcilar-blog.com\/?tag=mustafa-kemal-ataturk"},"1532":{"name":"Song\u00fcl \u00d6den","link":"https:\/\/balcilar-blog.com\/?tag=songul-oden"}},"comments_number":"0","wpmagazine_modules_lite_featured_media_urls":{"thumbnail":["https:\/\/balcilar-blog.com\/wp-content\/uploads\/2022\/11\/DISNEY-PLUS-ATATURK-150x150.webp",150,150,true],"cvmm-medium":["https:\/\/balcilar-blog.com\/wp-content\/uploads\/2022\/11\/DISNEY-PLUS-ATATURK-300x300.webp",300,300,true],"cvmm-medium-plus":["https:\/\/balcilar-blog.com\/wp-content\/uploads\/2022\/11\/DISNEY-PLUS-ATATURK-305x207.webp",305,207,true],"cvmm-portrait":["https:\/\/balcilar-blog.com\/wp-content\/uploads\/2022\/11\/DISNEY-PLUS-ATATURK-400x358.webp",400,358,true],"cvmm-medium-square":["https:\/\/balcilar-blog.com\/wp-content\/uploads\/2022\/11\/DISNEY-PLUS-ATATURK-600x358.webp",600,358,true],"cvmm-large":["https:\/\/balcilar-blog.com\/wp-content\/uploads\/2022\/11\/DISNEY-PLUS-ATATURK.webp",635,358,false],"cvmm-small":["https:\/\/balcilar-blog.com\/wp-content\/uploads\/2022\/11\/DISNEY-PLUS-ATATURK-130x95.webp",130,95,true],"full":["https:\/\/balcilar-blog.com\/wp-content\/uploads\/2022\/11\/DISNEY-PLUS-ATATURK.webp",635,358,false]},"_links":{"self":[{"href":"https:\/\/balcilar-blog.com\/index.php?rest_route=\/wp\/v2\/posts\/28022","targetHints":{"allow":["GET"]}}],"collection":[{"href":"https:\/\/balcilar-blog.com\/index.php?rest_route=\/wp\/v2\/posts"}],"about":[{"href":"https:\/\/balcilar-blog.com\/index.php?rest_route=\/wp\/v2\/types\/post"}],"author":[{"embeddable":true,"href":"https:\/\/balcilar-blog.com\/index.php?rest_route=\/wp\/v2\/users\/3"}],"replies":[{"embeddable":true,"href":"https:\/\/balcilar-blog.com\/index.php?rest_route=%2Fwp%2Fv2%2Fcomments&post=28022"}],"version-history":[{"count":4,"href":"https:\/\/balcilar-blog.com\/index.php?rest_route=\/wp\/v2\/posts\/28022\/revisions"}],"predecessor-version":[{"id":28034,"href":"https:\/\/balcilar-blog.com\/index.php?rest_route=\/wp\/v2\/posts\/28022\/revisions\/28034"}],"wp:featuredmedia":[{"embeddable":true,"href":"https:\/\/balcilar-blog.com\/index.php?rest_route=\/wp\/v2\/media\/28028"}],"wp:attachment":[{"href":"https:\/\/balcilar-blog.com\/index.php?rest_route=%2Fwp%2Fv2%2Fmedia&parent=28022"}],"wp:term":[{"taxonomy":"category","embeddable":true,"href":"https:\/\/balcilar-blog.com\/index.php?rest_route=%2Fwp%2Fv2%2Fcategories&post=28022"},{"taxonomy":"post_tag","embeddable":true,"href":"https:\/\/balcilar-blog.com\/index.php?rest_route=%2Fwp%2Fv2%2Ftags&post=28022"}],"curies":[{"name":"wp","href":"https:\/\/api.w.org\/{rel}","templated":true}]}}