{"id":28007,"date":"2022-11-01T14:56:06","date_gmt":"2022-11-01T11:56:06","guid":{"rendered":"https:\/\/balcilar-blog.com\/?p=28007"},"modified":"2022-11-03T12:04:57","modified_gmt":"2022-11-03T09:04:57","slug":"cagatay-ulusoy-yeni-dizisinde-jigolo-oluyor","status":"publish","type":"post","link":"https:\/\/balcilar-blog.com\/?p=28007","title":{"rendered":"\u00c7a\u011fatay Ulusoy Yeni Dizisinde Jigolo Oluyor!"},"content":{"rendered":"<p><a href=\"https:\/\/balcilar-blog.com\/wp-content\/uploads\/2019\/03\/cagatay-ulusoy-hayranlarina-mujde_9242_o.jpg\"><img loading=\"lazy\" decoding=\"async\" class=\"alignnone size-medium wp-image-24322\" src=\"https:\/\/balcilar-blog.com\/wp-content\/uploads\/2019\/03\/cagatay-ulusoy-hayranlarina-mujde_9242_o-300x184.jpg\" alt=\"\" width=\"300\" height=\"184\" srcset=\"https:\/\/balcilar-blog.com\/wp-content\/uploads\/2019\/03\/cagatay-ulusoy-hayranlarina-mujde_9242_o-300x184.jpg 300w, https:\/\/balcilar-blog.com\/wp-content\/uploads\/2019\/03\/cagatay-ulusoy-hayranlarina-mujde_9242_o.jpg 500w\" sizes=\"auto, (max-width: 300px) 100vw, 300px\" \/><\/a><\/p>\n<p>\u00c7a\u011fatay Ulusoy son dizisi &#8216;Terzi&#8217;nin \u00e7ekimleri bitti. Yeni dizi ve filmler i\u00e7in teklif \u00fcst\u00fcne teklif alan Ulusoy \u015fimdi de yine Netflix&#8217;de yeni bir dizi ile geliyor.<\/p>\n<p>Bildi\u011finiz gibi yeni projeler konusunda \u00c7a\u011fatay, \u00e7ok titiz davran\u0131yor. Tabiri caizse ince eleyip s\u0131k dokuyor. Yeni \u00e7ekece\u011fi dizide bir Jigolonun hayat\u0131n\u0131 canland\u0131r\u0131yor.<\/p>\n<div class=\"xdj266r x11i5rnm xat24cr x1mh8g0r x1vvkbs x126k92a\">\n<div dir=\"auto\">\u00c7a\u011fatay Ulusoy&#8217;un bu dizisini OGM Pictures\u00a0 \u00e7ekecek. Senaryosunu\u00a0 Deniz Madano\u011flu yaz\u0131yor. Dizinin ad\u0131, &#8216;Centilmen&#8217;, Ulusoy dizide bir jigolonun hayat\u0131n\u0131 canland\u0131racakm\u0131\u015f. Onur Bilgetay y\u00f6netmen olarak g\u00f6rev yap\u0131yor. Netflix kanal\u0131nda ekranlara gelecek ve izleyece\u011fiz.<\/div>\n<\/div>\n<div class=\"x11i5rnm xat24cr x1mh8g0r x1vvkbs xtlvy1s x126k92a\">\n<div dir=\"auto\"><\/div>\n<div dir=\"auto\">Birsel Alunta\u015f&#8217;\u0131n haberine g\u00f6re, Ulusoy imzay\u0131 atm\u0131\u015f, yak\u0131\u015f\u0131kl\u0131 oyuncumuza jigololuk \u00e7ok da yak\u0131\u015facak.<\/div>\n<div dir=\"auto\"><\/div>\n<div dir=\"auto\">\u00c7a\u011fatay&#8217;a ge\u00e7en y\u0131llarda, Medcezir&#8217;de, \u0130\u00e7erde dizinde, Delibal sinema filminde \u00e7ok ilgin\u00e7 karakterlere canland\u0131rm\u0131\u015ft\u0131.<\/div>\n<div dir=\"auto\">\u00a0Art\u0131k s\u0131ra cast \u00e7al\u0131\u015fmalar\u0131nda&#8230; Ben \u00c7a\u011fatay&#8217;\u0131n Centilmen dizisinde canland\u0131raca\u011f\u0131 Jigolo karakteri ile olduk\u00e7a ses getirece\u011fini inan\u0131yorum.<\/div>\n<div dir=\"auto\"><\/div>\n<div dir=\"auto\"><\/div>\n<\/div>\n<div dir=\"auto\"><a href=\"https:\/\/balcilar-blog.com\/wp-content\/uploads\/2020\/02\/\u00c7A\u011eATAY-LONDRA-HELLO.jpg\"><img loading=\"lazy\" decoding=\"async\" class=\"alignnone size-medium wp-image-26028\" src=\"https:\/\/balcilar-blog.com\/wp-content\/uploads\/2020\/02\/\u00c7A\u011eATAY-LONDRA-HELLO-246x300.jpg\" alt=\"\" width=\"246\" height=\"300\" srcset=\"https:\/\/balcilar-blog.com\/wp-content\/uploads\/2020\/02\/\u00c7A\u011eATAY-LONDRA-HELLO-246x300.jpg 246w, https:\/\/balcilar-blog.com\/wp-content\/uploads\/2020\/02\/\u00c7A\u011eATAY-LONDRA-HELLO.jpg 462w\" sizes=\"auto, (max-width: 246px) 100vw, 246px\" \/><\/a><\/div>\n<div dir=\"auto\"><\/div>\n<div dir=\"auto\">\u00c7a\u011fatay Ulusoy, son y\u0131llar\u0131n en pop\u00fcler isimlerinden bir oyuncumuz. Yak\u0131\u015f\u0131kl\u0131\u011f\u0131n\u0131n yan\u0131nda mahcup tav\u0131rlar\u0131 ile \u00e7ok seviliyor. Gen\u00e7 k\u0131zlar\u0131m\u0131z kadar onu, de\u011fi\u015fik D\u00fcnya \u00dclkelerinden milyonlarca seveni var.<\/div>\n<div dir=\"auto\">\u00c7a\u011fatay Ulusoy, &#8216;<strong>Centilmen<\/strong>&#8216; dizisi ile \u00dclkemizde oldu\u011fu kadar\u00a0 D\u00fcnya \u00fclkelerinde, Hakan Muhaf\u0131z dizisindeki Hakan karakteri kadar ses getirecektir.<\/div>\n<div dir=\"auto\"><\/div>\n<div dir=\"auto\">\u00c7a\u011fatay&#8217;a ve t\u00fcm dizi ekibine \u015fimdiden ba\u015far\u0131lar diliyorum.<\/div>\n<div dir=\"auto\"><\/div>\n<div dir=\"auto\">Abdurrahman Balc\u0131lar<\/div>\n<div dir=\"auto\"><\/div>\n<div dir=\"auto\"><\/div>\n<div dir=\"auto\"><\/div>\n<div class=\"x11i5rnm xat24cr x1mh8g0r x1vvkbs xtlvy1s x126k92a\">\n<div dir=\"auto\"><\/div>\n<\/div>\n<div dir=\"auto\">\n<div id=\"share-bar\" class=\"\">\n<div class=\"share\">\n<p>&nbsp;<\/p>\n<\/div>\n<\/div>\n<\/div>\n","protected":false},"excerpt":{"rendered":"<p>\u00c7a\u011fatay Ulusoy son dizisi &#8216;Terzi&#8217;nin \u00e7ekimleri bitti. Yeni dizi ve filmler i\u00e7in teklif \u00fcst\u00fcne teklif alan Ulusoy \u015fimdi de yine Netflix&#8217;de yeni bir dizi ile geliyor. Bildi\u011finiz gibi yeni projeler konusunda \u00c7a\u011fatay, \u00e7ok titiz davran\u0131yor. Tabiri caizse ince eleyip s\u0131k dokuyor. Yeni \u00e7ekece\u011fi dizide bir Jigolonun hayat\u0131n\u0131 canland\u0131r\u0131yor. \u00c7a\u011fatay Ulusoy&#8217;un bu dizisini OGM Pictures\u00a0 \u00e7ekecek. [&hellip;]<\/p>\n","protected":false},"author":3,"featured_media":24322,"comment_status":"open","ping_status":"open","sticky":false,"template":"","format":"standard","meta":{"footnotes":""},"categories":[2123],"tags":[15,1478,2179,2394],"class_list":["post-28007","post","type-post","status-publish","format-standard","has-post-thumbnail","hentry","category-internet-dizileri","tag-cagatay-ulusoy","tag-netflix","tag-ogm-pictures","tag-onur-bilgetay"],"views":2485,"blog_post_layout_featured_media_urls":{"thumbnail":["https:\/\/balcilar-blog.com\/wp-content\/uploads\/2019\/03\/cagatay-ulusoy-hayranlarina-mujde_9242_o-150x150.jpg",150,150,true],"full":["https:\/\/balcilar-blog.com\/wp-content\/uploads\/2019\/03\/cagatay-ulusoy-hayranlarina-mujde_9242_o.jpg",500,306,false]},"categories_names":{"2123":{"name":"Internet Dizileri","link":"https:\/\/balcilar-blog.com\/?cat=2123"}},"tags_names":{"15":{"name":"\u00e7a\u011fatay ulusoy","link":"https:\/\/balcilar-blog.com\/?tag=cagatay-ulusoy"},"1478":{"name":"Netflix","link":"https:\/\/balcilar-blog.com\/?tag=netflix"},"2179":{"name":"OGM Pictures","link":"https:\/\/balcilar-blog.com\/?tag=ogm-pictures"},"2394":{"name":"Onur Bilgetay","link":"https:\/\/balcilar-blog.com\/?tag=onur-bilgetay"}},"comments_number":"0","wpmagazine_modules_lite_featured_media_urls":{"thumbnail":["https:\/\/balcilar-blog.com\/wp-content\/uploads\/2019\/03\/cagatay-ulusoy-hayranlarina-mujde_9242_o-150x150.jpg",150,150,true],"cvmm-medium":["https:\/\/balcilar-blog.com\/wp-content\/uploads\/2019\/03\/cagatay-ulusoy-hayranlarina-mujde_9242_o.jpg",300,184,false],"cvmm-medium-plus":["https:\/\/balcilar-blog.com\/wp-content\/uploads\/2019\/03\/cagatay-ulusoy-hayranlarina-mujde_9242_o.jpg",305,187,false],"cvmm-portrait":["https:\/\/balcilar-blog.com\/wp-content\/uploads\/2019\/03\/cagatay-ulusoy-hayranlarina-mujde_9242_o.jpg",400,245,false],"cvmm-medium-square":["https:\/\/balcilar-blog.com\/wp-content\/uploads\/2019\/03\/cagatay-ulusoy-hayranlarina-mujde_9242_o.jpg",500,306,false],"cvmm-large":["https:\/\/balcilar-blog.com\/wp-content\/uploads\/2019\/03\/cagatay-ulusoy-hayranlarina-mujde_9242_o.jpg",500,306,false],"cvmm-small":["https:\/\/balcilar-blog.com\/wp-content\/uploads\/2019\/03\/cagatay-ulusoy-hayranlarina-mujde_9242_o.jpg",130,80,false],"full":["https:\/\/balcilar-blog.com\/wp-content\/uploads\/2019\/03\/cagatay-ulusoy-hayranlarina-mujde_9242_o.jpg",500,306,false]},"_links":{"self":[{"href":"https:\/\/balcilar-blog.com\/index.php?rest_route=\/wp\/v2\/posts\/28007","targetHints":{"allow":["GET"]}}],"collection":[{"href":"https:\/\/balcilar-blog.com\/index.php?rest_route=\/wp\/v2\/posts"}],"about":[{"href":"https:\/\/balcilar-blog.com\/index.php?rest_route=\/wp\/v2\/types\/post"}],"author":[{"embeddable":true,"href":"https:\/\/balcilar-blog.com\/index.php?rest_route=\/wp\/v2\/users\/3"}],"replies":[{"embeddable":true,"href":"https:\/\/balcilar-blog.com\/index.php?rest_route=%2Fwp%2Fv2%2Fcomments&post=28007"}],"version-history":[{"count":4,"href":"https:\/\/balcilar-blog.com\/index.php?rest_route=\/wp\/v2\/posts\/28007\/revisions"}],"predecessor-version":[{"id":28020,"href":"https:\/\/balcilar-blog.com\/index.php?rest_route=\/wp\/v2\/posts\/28007\/revisions\/28020"}],"wp:featuredmedia":[{"embeddable":true,"href":"https:\/\/balcilar-blog.com\/index.php?rest_route=\/wp\/v2\/media\/24322"}],"wp:attachment":[{"href":"https:\/\/balcilar-blog.com\/index.php?rest_route=%2Fwp%2Fv2%2Fmedia&parent=28007"}],"wp:term":[{"taxonomy":"category","embeddable":true,"href":"https:\/\/balcilar-blog.com\/index.php?rest_route=%2Fwp%2Fv2%2Fcategories&post=28007"},{"taxonomy":"post_tag","embeddable":true,"href":"https:\/\/balcilar-blog.com\/index.php?rest_route=%2Fwp%2Fv2%2Ftags&post=28007"}],"curies":[{"name":"wp","href":"https:\/\/api.w.org\/{rel}","templated":true}]}}