{"id":27952,"date":"2022-10-27T16:38:53","date_gmt":"2022-10-27T13:38:53","guid":{"rendered":"https:\/\/balcilar-blog.com\/?p=27952"},"modified":"2022-10-27T16:38:53","modified_gmt":"2022-10-27T13:38:53","slug":"dun-gece-26-ekim-2022-tv-lerde-en-cok-izlenen-diziler","status":"publish","type":"post","link":"https:\/\/balcilar-blog.com\/?p=27952","title":{"rendered":"D\u00fcn Gece (26 Ekim 2022) Tv.lerde En \u00c7ok \u0130zlenen Diziler"},"content":{"rendered":"<p><a href=\"https:\/\/balcilar-blog.com\/wp-content\/uploads\/2022\/10\/kurulus-osman.jpg\"><img loading=\"lazy\" decoding=\"async\" class=\"alignnone size-medium wp-image-27835\" src=\"https:\/\/balcilar-blog.com\/wp-content\/uploads\/2022\/10\/kurulus-osman-300x200.jpg\" alt=\"\" width=\"300\" height=\"200\" srcset=\"https:\/\/balcilar-blog.com\/wp-content\/uploads\/2022\/10\/kurulus-osman-300x200.jpg 300w, https:\/\/balcilar-blog.com\/wp-content\/uploads\/2022\/10\/kurulus-osman.jpg 640w\" sizes=\"auto, (max-width: 300px) 100vw, 300px\" \/><\/a><\/p>\n<p>D\u00fcn gece Ulusal kanallar\u0131m\u0131z Atv, Kanal D, Fox Tv, Show Tv, Star, Tv8 ve Trt1 g\u00f6sterilen en \u00e7ok seyredilen diziler \u015f\u00f6yleydi. Total grubunda toplam 6 dizi yer ald\u0131. \u0130lk ona sadece 3 dizi girdi. Di\u011ferleri on&#8217;un \u00fcst\u00fcnde s\u0131ralamaya girdiler.<\/p>\n<p>&nbsp;<\/p>\n<p><strong>TOTAL&#8217;DE\u00a0<\/strong><\/p>\n<p>Sadece 3 dizi ilk 10&#8217;a girdi\u011fini g\u00f6r\u00fcyoruz.<\/p>\n<p>1.Kurulu\u015f Osman &#8211;\u00a0 102.B\u00f6l\u00fcm &#8211; Atv.<\/p>\n<p><a href=\"https:\/\/balcilar-blog.com\/wp-content\/uploads\/2022\/10\/o-kiz-1.jpg\"><img loading=\"lazy\" decoding=\"async\" class=\"alignnone size-medium wp-image-27955\" src=\"https:\/\/balcilar-blog.com\/wp-content\/uploads\/2022\/10\/o-kiz-1-300x200.jpg\" alt=\"\" width=\"300\" height=\"200\" srcset=\"https:\/\/balcilar-blog.com\/wp-content\/uploads\/2022\/10\/o-kiz-1-300x200.jpg 300w, https:\/\/balcilar-blog.com\/wp-content\/uploads\/2022\/10\/o-kiz-1.jpg 640w\" sizes=\"auto, (max-width: 300px) 100vw, 300px\" \/><\/a><\/p>\n<p>2.O K\u0131z &#8211; 6.B\u00f6l\u00fcm &#8211; Kanal D<\/p>\n<p>3.Hayat Bug\u00fcn &#8211; 2.B\u00f6l\u00fcm &#8211; Show Tv.<\/p>\n<p>Gecede yer alan 3 dizi ise onun \u00fcst\u00fcnde yer ald\u0131lar. O dizler,\u00a0 Star Tv&#8217;nin\u00a0 Gecenin Ucunda, Tv8 Tuzak ve Fox&#8217;un Bir Peri Masal\u0131.<\/p>\n<p>&nbsp;<\/p>\n<p><strong>AB&#8217;de ilk ona giren 5 dizi <\/strong><\/p>\n<p>1.Kurulu\u015f Osman &#8211; 102.B\u00f6l\u00fcm &#8211; Atv.<\/p>\n<p>2.Tuzak &#8211; 2.B\u00f6l\u00fcm &#8211; TV8.<\/p>\n<p>3.Gecenin Ucunda &#8211; 4.B\u00f6l\u00fcm &#8211; Star Tv.<\/p>\n<p>4.Hayat Bug\u00fcn &#8211; 2.B\u00f6l\u00fcm &#8211; Show Tv.<\/p>\n<p>5. O k\u0131z &#8211; 6.B\u00f6l\u00fcm &#8211; Kanal D.<\/p>\n<p>&nbsp;<\/p>\n<p>Bildi\u011finiz gibi izlenme oranlar\u0131 reyting \u00f6l\u00e7\u00fcm firmas\u0131 taraf\u0131ndan al\u0131nmakta ve yay\u0131nlanmaktad\u0131r.<\/p>\n<p>Bakal\u0131m haftaya \u00c7ar\u015famba yay\u0131nlanan hangi diziler dereceye girece\u011fini hep birlikte g\u00f6rece\u011fiz.<\/p>\n<p>Dereceye girsin girmesin, sizlerin severek izledi\u011finiz dizi sizin birincinizdir.<\/p>\n<p>Keyifli Seyirler<\/p>\n<p>Abdurrahman Balc\u0131lar<\/p>\n","protected":false},"excerpt":{"rendered":"<p>D\u00fcn gece Ulusal kanallar\u0131m\u0131z Atv, Kanal D, Fox Tv, Show Tv, Star, Tv8 ve Trt1 g\u00f6sterilen en \u00e7ok seyredilen diziler \u015f\u00f6yleydi. Total grubunda toplam 6 dizi yer ald\u0131. \u0130lk ona sadece 3 dizi girdi. Di\u011ferleri on&#8217;un \u00fcst\u00fcnde s\u0131ralamaya girdiler. &nbsp; TOTAL&#8217;DE\u00a0 Sadece 3 dizi ilk 10&#8217;a girdi\u011fini g\u00f6r\u00fcyoruz. 1.Kurulu\u015f Osman &#8211;\u00a0 102.B\u00f6l\u00fcm &#8211; Atv. 2.O [&hellip;]<\/p>\n","protected":false},"author":3,"featured_media":27835,"comment_status":"open","ping_status":"open","sticky":false,"template":"","format":"standard","meta":{"footnotes":""},"categories":[2],"tags":[48,2019,2392],"class_list":["post-27952","post","type-post","status-publish","format-standard","has-post-thumbnail","hentry","category-tv-programlari","tag-atv","tag-kurulus-osman","tag-o-kiz"],"views":1423,"blog_post_layout_featured_media_urls":{"thumbnail":["https:\/\/balcilar-blog.com\/wp-content\/uploads\/2022\/10\/kurulus-osman-150x150.jpg",150,150,true],"full":["https:\/\/balcilar-blog.com\/wp-content\/uploads\/2022\/10\/kurulus-osman.jpg",640,427,false]},"categories_names":{"2":{"name":"TV Programlar\u0131","link":"https:\/\/balcilar-blog.com\/?cat=2"}},"tags_names":{"48":{"name":"ATV","link":"https:\/\/balcilar-blog.com\/?tag=atv"},"2019":{"name":"Kurulu\u015f Osman","link":"https:\/\/balcilar-blog.com\/?tag=kurulus-osman"},"2392":{"name":"O K\u0131z","link":"https:\/\/balcilar-blog.com\/?tag=o-kiz"}},"comments_number":"0","wpmagazine_modules_lite_featured_media_urls":{"thumbnail":["https:\/\/balcilar-blog.com\/wp-content\/uploads\/2022\/10\/kurulus-osman-150x150.jpg",150,150,true],"cvmm-medium":["https:\/\/balcilar-blog.com\/wp-content\/uploads\/2022\/10\/kurulus-osman.jpg",300,200,false],"cvmm-medium-plus":["https:\/\/balcilar-blog.com\/wp-content\/uploads\/2022\/10\/kurulus-osman.jpg",305,203,false],"cvmm-portrait":["https:\/\/balcilar-blog.com\/wp-content\/uploads\/2022\/10\/kurulus-osman.jpg",400,267,false],"cvmm-medium-square":["https:\/\/balcilar-blog.com\/wp-content\/uploads\/2022\/10\/kurulus-osman.jpg",600,400,false],"cvmm-large":["https:\/\/balcilar-blog.com\/wp-content\/uploads\/2022\/10\/kurulus-osman.jpg",640,427,false],"cvmm-small":["https:\/\/balcilar-blog.com\/wp-content\/uploads\/2022\/10\/kurulus-osman.jpg",130,87,false],"full":["https:\/\/balcilar-blog.com\/wp-content\/uploads\/2022\/10\/kurulus-osman.jpg",640,427,false]},"_links":{"self":[{"href":"https:\/\/balcilar-blog.com\/index.php?rest_route=\/wp\/v2\/posts\/27952","targetHints":{"allow":["GET"]}}],"collection":[{"href":"https:\/\/balcilar-blog.com\/index.php?rest_route=\/wp\/v2\/posts"}],"about":[{"href":"https:\/\/balcilar-blog.com\/index.php?rest_route=\/wp\/v2\/types\/post"}],"author":[{"embeddable":true,"href":"https:\/\/balcilar-blog.com\/index.php?rest_route=\/wp\/v2\/users\/3"}],"replies":[{"embeddable":true,"href":"https:\/\/balcilar-blog.com\/index.php?rest_route=%2Fwp%2Fv2%2Fcomments&post=27952"}],"version-history":[{"count":2,"href":"https:\/\/balcilar-blog.com\/index.php?rest_route=\/wp\/v2\/posts\/27952\/revisions"}],"predecessor-version":[{"id":27956,"href":"https:\/\/balcilar-blog.com\/index.php?rest_route=\/wp\/v2\/posts\/27952\/revisions\/27956"}],"wp:featuredmedia":[{"embeddable":true,"href":"https:\/\/balcilar-blog.com\/index.php?rest_route=\/wp\/v2\/media\/27835"}],"wp:attachment":[{"href":"https:\/\/balcilar-blog.com\/index.php?rest_route=%2Fwp%2Fv2%2Fmedia&parent=27952"}],"wp:term":[{"taxonomy":"category","embeddable":true,"href":"https:\/\/balcilar-blog.com\/index.php?rest_route=%2Fwp%2Fv2%2Fcategories&post=27952"},{"taxonomy":"post_tag","embeddable":true,"href":"https:\/\/balcilar-blog.com\/index.php?rest_route=%2Fwp%2Fv2%2Ftags&post=27952"}],"curies":[{"name":"wp","href":"https:\/\/api.w.org\/{rel}","templated":true}]}}