{"id":27921,"date":"2022-10-25T22:38:07","date_gmt":"2022-10-25T19:38:07","guid":{"rendered":"https:\/\/balcilar-blog.com\/?p=27921"},"modified":"2022-10-25T23:31:44","modified_gmt":"2022-10-25T20:31:44","slug":"yali-capkini-zirveyi-birakmayacak","status":"publish","type":"post","link":"https:\/\/balcilar-blog.com\/?p=27921","title":{"rendered":"Yal\u0131 \u00c7apk\u0131n\u0131 Zirveyi B\u0131rakmayacak!"},"content":{"rendered":"<p><a href=\"https:\/\/balcilar-blog.com\/wp-content\/uploads\/2022\/10\/yali-capkini-2.jpg\"><img loading=\"lazy\" decoding=\"async\" class=\"alignnone size-medium wp-image-27920\" src=\"https:\/\/balcilar-blog.com\/wp-content\/uploads\/2022\/10\/yali-capkini-2-300x200.jpg\" alt=\"\" width=\"300\" height=\"200\" srcset=\"https:\/\/balcilar-blog.com\/wp-content\/uploads\/2022\/10\/yali-capkini-2-300x200.jpg 300w, https:\/\/balcilar-blog.com\/wp-content\/uploads\/2022\/10\/yali-capkini-2.jpg 640w\" sizes=\"auto, (max-width: 300px) 100vw, 300px\" \/><\/a><\/p>\n<p>Yal\u0131 \u00c7apk\u0131n\u0131 ge\u00e7en hafta 5.b\u00f6l\u00fcm\u00fc ile Star ekranlar\u0131na geldi. Ve yine Total&#8217;da ald\u0131\u011f\u0131 reyting puan\u0131 ile haftan\u0131n dizileri aras\u0131nda ilk s\u0131rada yer ald\u0131. \u0130zleyici oyuncular\u0131 ve oyunu sevdi ki zirveye oturttu.<\/p>\n<p>Yal\u0131 \u00c7apk\u0131n\u0131, G\u00fclseren Buday\u0131c\u0131o\u011flu&#8217;nun ayn\u0131 adl\u0131 roman\u0131ndan al\u0131nm\u0131\u015f. Gaziantepli bir aile olan Korhan ailesinin ba\u015f\u0131ndan ge\u00e7en ilgin\u00e7 olaylar\u0131 anlat\u0131yor. \u00c7etin Tekindor yaratt\u0131\u011f\u0131 Halis a\u011fa karakteri ile g\u00f6z dolduruyor. \u00c7ok sevdi\u011fi torunu Ferit \u00fczerine adeta titriyor. Ferit kal\u0131n ka\u015flar\u0131 ile k\u0131zlar\u0131n be\u011fenece\u011fi bir tip ve ad\u0131 \u00fcst\u00fcnde \u00e7apk\u0131n biri. 24 ya\u015f\u0131ndaki gen\u00e7 oyuncumuz olduk\u00e7a da yak\u0131\u015f\u0131kl\u0131.<\/p>\n<p><a href=\"https:\/\/balcilar-blog.com\/wp-content\/uploads\/2022\/10\/mert-ramazan-demir.jpg\"><img loading=\"lazy\" decoding=\"async\" class=\"alignnone size-medium wp-image-27926\" src=\"https:\/\/balcilar-blog.com\/wp-content\/uploads\/2022\/10\/mert-ramazan-demir-300x213.jpg\" alt=\"\" width=\"300\" height=\"213\" srcset=\"https:\/\/balcilar-blog.com\/wp-content\/uploads\/2022\/10\/mert-ramazan-demir-300x213.jpg 300w, https:\/\/balcilar-blog.com\/wp-content\/uploads\/2022\/10\/mert-ramazan-demir.jpg 310w\" sizes=\"auto, (max-width: 300px) 100vw, 300px\" \/><\/a><\/p>\n<p>Ferit karakterini Mert Ramazan Demir canland\u0131r\u0131yor. Halis A\u011fa torunun \u00e7apk\u0131nl\u0131klar\u0131ndan b\u0131kar ve onu evlendirmeye karar verir.<\/p>\n<p><a href=\"https:\/\/balcilar-blog.com\/wp-content\/uploads\/2022\/10\/87313.jpg\"><img loading=\"lazy\" decoding=\"async\" class=\"alignnone size-medium wp-image-27923\" src=\"https:\/\/balcilar-blog.com\/wp-content\/uploads\/2022\/10\/87313-300x169.jpg\" alt=\"\" width=\"300\" height=\"169\" srcset=\"https:\/\/balcilar-blog.com\/wp-content\/uploads\/2022\/10\/87313-300x169.jpg 300w, https:\/\/balcilar-blog.com\/wp-content\/uploads\/2022\/10\/87313.jpg 448w\" sizes=\"auto, (max-width: 300px) 100vw, 300px\" \/><\/a><\/p>\n<p>5.b\u00f6l\u00fcmde Ferit; Seyran&#8217;\u0131n (Afra Sara\u00e7o\u011flu) eski sevgilisi Yusuf oldu\u011funu \u00f6\u011frenir. Ferit \u00e7ok da bozulur. Yusuf, Seyran ile konu\u015fmak ister. K\u0131z karde\u015fler Suna ile Seyran yaln\u0131z kal\u0131p konu\u015fmak isterler. Ferit de durumun a\u00e7\u0131kl\u0131\u011fa kavu\u015fmas\u0131 i\u00e7in karde\u015fleri konu\u015fmas\u0131n\u0131 sa\u011flar.<\/p>\n<p>\u0130\u015fler kar\u0131\u015f\u0131r, Ferit Seyran&#8217;\u0131 hem sever, hem k\u0131skan\u0131r.<\/p>\n<p><a href=\"https:\/\/balcilar-blog.com\/wp-content\/uploads\/2022\/10\/cetin-tekindor.jpg\"><img loading=\"lazy\" decoding=\"async\" class=\"alignnone size-medium wp-image-27924\" src=\"https:\/\/balcilar-blog.com\/wp-content\/uploads\/2022\/10\/cetin-tekindor-300x300.jpg\" alt=\"\" width=\"300\" height=\"300\" srcset=\"https:\/\/balcilar-blog.com\/wp-content\/uploads\/2022\/10\/cetin-tekindor-300x300.jpg 300w, https:\/\/balcilar-blog.com\/wp-content\/uploads\/2022\/10\/cetin-tekindor-150x150.jpg 150w, https:\/\/balcilar-blog.com\/wp-content\/uploads\/2022\/10\/cetin-tekindor.jpg 480w\" sizes=\"auto, (max-width: 300px) 100vw, 300px\" \/><\/a><\/p>\n<p>Dizinin bu kadar \u00e7ok sevilip tutulmas\u0131nda dede \u00c7etin Tekindor ve babaanne \u015eerif Sezer&#8217;in rol\u00fc b\u00fcy\u00fckt\u00fcr. Y\u0131llar\u0131n oyuncusu Menderes Sa\u011fmalc\u0131lar Halis A\u011fan\u0131n sa\u011f kolu ve kahyas\u0131d\u0131r.<\/p>\n<p>B\u00f6yle giderse izleyici bu diziyi b\u0131rakmayacak ve zirvede tutacakt\u0131r.<\/p>\n<p>\u0130yi Seyirler<\/p>\n<p>Abdurrahman Balc\u0131lar<\/p>\n","protected":false},"excerpt":{"rendered":"<p>Yal\u0131 \u00c7apk\u0131n\u0131 ge\u00e7en hafta 5.b\u00f6l\u00fcm\u00fc ile Star ekranlar\u0131na geldi. Ve yine Total&#8217;da ald\u0131\u011f\u0131 reyting puan\u0131 ile haftan\u0131n dizileri aras\u0131nda ilk s\u0131rada yer ald\u0131. \u0130zleyici oyuncular\u0131 ve oyunu sevdi ki zirveye oturttu. Yal\u0131 \u00c7apk\u0131n\u0131, G\u00fclseren Buday\u0131c\u0131o\u011flu&#8217;nun ayn\u0131 adl\u0131 roman\u0131ndan al\u0131nm\u0131\u015f. Gaziantepli bir aile olan Korhan ailesinin ba\u015f\u0131ndan ge\u00e7en ilgin\u00e7 olaylar\u0131 anlat\u0131yor. \u00c7etin Tekindor yaratt\u0131\u011f\u0131 Halis a\u011fa [&hellip;]<\/p>\n","protected":false},"author":3,"featured_media":27920,"comment_status":"open","ping_status":"open","sticky":false,"template":"","format":"standard","meta":{"footnotes":""},"categories":[2],"tags":[2226,693,2390,2340],"class_list":["post-27921","post","type-post","status-publish","format-standard","has-post-thumbnail","hentry","category-tv-programlari","tag-afra-saracoglu","tag-cetin-tekindor","tag-mert-ramazan-demir","tag-yali-capkini"],"views":2222,"blog_post_layout_featured_media_urls":{"thumbnail":["https:\/\/balcilar-blog.com\/wp-content\/uploads\/2022\/10\/yali-capkini-2-150x150.jpg",150,150,true],"full":["https:\/\/balcilar-blog.com\/wp-content\/uploads\/2022\/10\/yali-capkini-2.jpg",640,427,false]},"categories_names":{"2":{"name":"TV Programlar\u0131","link":"https:\/\/balcilar-blog.com\/?cat=2"}},"tags_names":{"2226":{"name":"Afra Sara\u00e7o\u011flu","link":"https:\/\/balcilar-blog.com\/?tag=afra-saracoglu"},"693":{"name":"\u00c7etin Tekindor","link":"https:\/\/balcilar-blog.com\/?tag=cetin-tekindor"},"2390":{"name":"mert Ramazan Demir","link":"https:\/\/balcilar-blog.com\/?tag=mert-ramazan-demir"},"2340":{"name":"Yal\u0131 \u00c7apk\u0131n\u0131","link":"https:\/\/balcilar-blog.com\/?tag=yali-capkini"}},"comments_number":"0","wpmagazine_modules_lite_featured_media_urls":{"thumbnail":["https:\/\/balcilar-blog.com\/wp-content\/uploads\/2022\/10\/yali-capkini-2-150x150.jpg",150,150,true],"cvmm-medium":["https:\/\/balcilar-blog.com\/wp-content\/uploads\/2022\/10\/yali-capkini-2.jpg",300,200,false],"cvmm-medium-plus":["https:\/\/balcilar-blog.com\/wp-content\/uploads\/2022\/10\/yali-capkini-2.jpg",305,203,false],"cvmm-portrait":["https:\/\/balcilar-blog.com\/wp-content\/uploads\/2022\/10\/yali-capkini-2.jpg",400,267,false],"cvmm-medium-square":["https:\/\/balcilar-blog.com\/wp-content\/uploads\/2022\/10\/yali-capkini-2.jpg",600,400,false],"cvmm-large":["https:\/\/balcilar-blog.com\/wp-content\/uploads\/2022\/10\/yali-capkini-2.jpg",640,427,false],"cvmm-small":["https:\/\/balcilar-blog.com\/wp-content\/uploads\/2022\/10\/yali-capkini-2.jpg",130,87,false],"full":["https:\/\/balcilar-blog.com\/wp-content\/uploads\/2022\/10\/yali-capkini-2.jpg",640,427,false]},"_links":{"self":[{"href":"https:\/\/balcilar-blog.com\/index.php?rest_route=\/wp\/v2\/posts\/27921","targetHints":{"allow":["GET"]}}],"collection":[{"href":"https:\/\/balcilar-blog.com\/index.php?rest_route=\/wp\/v2\/posts"}],"about":[{"href":"https:\/\/balcilar-blog.com\/index.php?rest_route=\/wp\/v2\/types\/post"}],"author":[{"embeddable":true,"href":"https:\/\/balcilar-blog.com\/index.php?rest_route=\/wp\/v2\/users\/3"}],"replies":[{"embeddable":true,"href":"https:\/\/balcilar-blog.com\/index.php?rest_route=%2Fwp%2Fv2%2Fcomments&post=27921"}],"version-history":[{"count":5,"href":"https:\/\/balcilar-blog.com\/index.php?rest_route=\/wp\/v2\/posts\/27921\/revisions"}],"predecessor-version":[{"id":27929,"href":"https:\/\/balcilar-blog.com\/index.php?rest_route=\/wp\/v2\/posts\/27921\/revisions\/27929"}],"wp:featuredmedia":[{"embeddable":true,"href":"https:\/\/balcilar-blog.com\/index.php?rest_route=\/wp\/v2\/media\/27920"}],"wp:attachment":[{"href":"https:\/\/balcilar-blog.com\/index.php?rest_route=%2Fwp%2Fv2%2Fmedia&parent=27921"}],"wp:term":[{"taxonomy":"category","embeddable":true,"href":"https:\/\/balcilar-blog.com\/index.php?rest_route=%2Fwp%2Fv2%2Fcategories&post=27921"},{"taxonomy":"post_tag","embeddable":true,"href":"https:\/\/balcilar-blog.com\/index.php?rest_route=%2Fwp%2Fv2%2Ftags&post=27921"}],"curies":[{"name":"wp","href":"https:\/\/api.w.org\/{rel}","templated":true}]}}