{"id":27809,"date":"2022-10-05T21:50:21","date_gmt":"2022-10-05T18:50:21","guid":{"rendered":"https:\/\/balcilar-blog.com\/?p=27809"},"modified":"2022-10-05T21:50:21","modified_gmt":"2022-10-05T18:50:21","slug":"cagatay-ulusoyun-yeni-dizisinin-3-sezon-cekimleri-tamamlandi","status":"publish","type":"post","link":"https:\/\/balcilar-blog.com\/?p=27809","title":{"rendered":"\u00c7a\u011fatay Ulusoy&#8217;un Yeni Dizisinin 3.Sezon \u00c7ekimleri Tamamland\u0131!"},"content":{"rendered":"<p><a href=\"https:\/\/balcilar-blog.com\/wp-content\/uploads\/2022\/10\/cagatay-ulusoy-terzi-750x375-c.jpg\"><img loading=\"lazy\" decoding=\"async\" class=\"size-medium wp-image-27810\" src=\"https:\/\/balcilar-blog.com\/wp-content\/uploads\/2022\/10\/cagatay-ulusoy-terzi-750x375-c-300x170.jpg\" alt=\"\" width=\"300\" height=\"170\" \/><\/a><\/p>\n<p>\u00c7a\u011fatay Ulusoy&#8217;un ba\u015flang\u0131\u00e7ta Arap sa\u00e7\u0131na d\u00f6nen Terzi dizisi \u00e7ekimlerinin ilk b\u00f6l\u00fcm\u00fc Haziran ay\u0131nda ba\u015flam\u0131\u015ft\u0131. A\u011fustos ay\u0131nda 2.sezon \u00e7ekimleri tamamland\u0131. Planland\u0131\u011f\u0131 gibi oldu. 3.sezon \u00e7ekimler Ekim ay\u0131nda bitirilece\u011fi s\u00f6ylenmi\u015fti.<\/p>\n<p>Planland\u0131\u011f\u0131 gibi \u00f6nceki g\u00fcn 4 Ekim 2022&#8217;de 3.sezon \u00e7ekimleri tamamland\u0131.<\/p>\n<p>Netflix taraf\u0131ndan hi\u00e7 bir masraftan ka\u00e7\u0131n\u0131lmadan \u00e7ekilen 3 sezonluk &#8216;Terzi&#8217; dizisi ilk sezondan ba\u015flanarak, \u00f6n\u00fcm\u00fczde aylarda g\u00f6sterime ba\u015flayacak. En ge\u00e7 2023 Ocak ay\u0131nda ilk sezon b\u00f6l\u00fcmleri Netflix dijital ortamda ekranlara gelecektir. \u0130ki ve \u00fc\u00e7\u00fcnc\u00fc sezonlar s\u0131ras\u0131yla 2023 y\u0131l\u0131 i\u00e7inde yay\u0131nlanacakt\u0131r.<\/p>\n<p><a href=\"https:\/\/balcilar-blog.com\/wp-content\/uploads\/2022\/10\/sifanur-gul-1.jpg\"><img loading=\"lazy\" decoding=\"async\" class=\"alignnone size-medium wp-image-27813\" src=\"https:\/\/balcilar-blog.com\/wp-content\/uploads\/2022\/10\/sifanur-gul-1-300x211.jpg\" alt=\"\" width=\"300\" height=\"211\" srcset=\"https:\/\/balcilar-blog.com\/wp-content\/uploads\/2022\/10\/sifanur-gul-1-300x211.jpg 300w, https:\/\/balcilar-blog.com\/wp-content\/uploads\/2022\/10\/sifanur-gul-1.jpg 640w\" sizes=\"auto, (max-width: 300px) 100vw, 300px\" \/><\/a><\/p>\n<p>OGM Pictures yap\u0131mc\u0131l\u0131\u011f\u0131n\u0131 \u00fcstlendi\u011fi dizinin y\u00f6netmen koltu\u011funda Cem Karc\u0131 oturuyor. Dizinin ba\u015frollerinde \u00c7a\u011fatay Ulusoy (Peyami) ile \u015eifanur G\u00fcl (Esvet) payla\u015f\u0131yor.<\/p>\n<p><a href=\"https:\/\/balcilar-blog.com\/wp-content\/uploads\/2022\/10\/Terzi-dizisinin-Dimitrisi-salih-bademci.jpg\"><img loading=\"lazy\" decoding=\"async\" class=\"alignnone size-medium wp-image-27812\" src=\"https:\/\/balcilar-blog.com\/wp-content\/uploads\/2022\/10\/Terzi-dizisinin-Dimitrisi-salih-bademci-300x169.jpg\" alt=\"\" width=\"300\" height=\"169\" srcset=\"https:\/\/balcilar-blog.com\/wp-content\/uploads\/2022\/10\/Terzi-dizisinin-Dimitrisi-salih-bademci-300x169.jpg 300w, https:\/\/balcilar-blog.com\/wp-content\/uploads\/2022\/10\/Terzi-dizisinin-Dimitrisi-salih-bademci.jpg 640w\" sizes=\"auto, (max-width: 300px) 100vw, 300px\" \/><\/a><\/p>\n<p>Di\u011fer rollerde; Salih Bademci (Dimitri), Evrim Alasya, Engin \u015eenkan, Olgun \u015eim\u015fek (Mustafa), Ece S\u00fckan (Suzi) ve Berrak T\u00fcz\u00fcnata\u00e7 (Cemre) yer al\u0131yor.<\/p>\n<p><a href=\"https:\/\/balcilar-blog.com\/wp-content\/uploads\/2022\/10\/berrak-tuzunatac.webp\"><img loading=\"lazy\" decoding=\"async\" class=\"alignnone size-medium wp-image-27811\" src=\"https:\/\/balcilar-blog.com\/wp-content\/uploads\/2022\/10\/berrak-tuzunatac-300x169.webp\" alt=\"\" width=\"300\" height=\"169\" srcset=\"https:\/\/balcilar-blog.com\/wp-content\/uploads\/2022\/10\/berrak-tuzunatac-300x169.webp 300w, https:\/\/balcilar-blog.com\/wp-content\/uploads\/2022\/10\/berrak-tuzunatac.webp 750w\" sizes=\"auto, (max-width: 300px) 100vw, 300px\" \/><\/a><\/p>\n<p>Ulusoy&#8217;un bu dizisi ba\u015flang\u0131\u00e7ta Tv. dizisi olarak planlanm\u0131\u015ft\u0131. Ancak Tv8&#8217;in b\u00fct\u00e7e olarak alt\u0131ndan kalkamayaca\u011f\u0131 anla\u015f\u0131l\u0131nca &#8216;Terzi&#8217; dizisi Netflix taraf\u0131ndan sat\u0131n al\u0131nm\u0131\u015f dijital ortamda internet dizisi olarak yay\u0131nlanmas\u0131na karar verilmi\u015ftir.<\/p>\n<p>\u0130zleyicinin uzun zamand\u0131r bekledi\u011fi \u00c7a\u011fatay Ulusoy&#8217;un internet dizisi Netflix&#8217;te yay\u0131nlanmas\u0131 ile olduk\u00e7a ses getirmesi bekleniyor.<\/p>\n<p>Ba\u015fta \u00c7a\u011fatay Ulusoy ve t\u00fcm OGM ekibine ba\u015far\u0131lar.<\/p>\n<p>Abdurrahman Balc\u0131lar<\/p>\n<p>&nbsp;<\/p>\n<p>&nbsp;<\/p>\n<p>&nbsp;<\/p>\n","protected":false},"excerpt":{"rendered":"<p>\u00c7a\u011fatay Ulusoy&#8217;un ba\u015flang\u0131\u00e7ta Arap sa\u00e7\u0131na d\u00f6nen Terzi dizisi \u00e7ekimlerinin ilk b\u00f6l\u00fcm\u00fc Haziran ay\u0131nda ba\u015flam\u0131\u015ft\u0131. A\u011fustos ay\u0131nda 2.sezon \u00e7ekimleri tamamland\u0131. Planland\u0131\u011f\u0131 gibi oldu. 3.sezon \u00e7ekimler Ekim ay\u0131nda bitirilece\u011fi s\u00f6ylenmi\u015fti. Planland\u0131\u011f\u0131 gibi \u00f6nceki g\u00fcn 4 Ekim 2022&#8217;de 3.sezon \u00e7ekimleri tamamland\u0131. Netflix taraf\u0131ndan hi\u00e7 bir masraftan ka\u00e7\u0131n\u0131lmadan \u00e7ekilen 3 sezonluk &#8216;Terzi&#8217; dizisi ilk sezondan ba\u015flanarak, \u00f6n\u00fcm\u00fczde aylarda g\u00f6sterime [&hellip;]<\/p>\n","protected":false},"author":3,"featured_media":0,"comment_status":"open","ping_status":"open","sticky":false,"template":"","format":"standard","meta":{"footnotes":""},"categories":[2123],"tags":[2367,15,2320,2179,2360,2364,2362],"class_list":["post-27809","post","type-post","status-publish","format-standard","hentry","category-internet-dizileri","tag-berrak-tuzunatac","tag-cagatay-ulusoy","tag-cem-karci","tag-ogm-pictures","tag-salih-bademci","tag-sifanur-gul","tag-terzi"],"views":2827,"blog_post_layout_featured_media_urls":{"thumbnail":"","full":""},"categories_names":{"2123":{"name":"Internet Dizileri","link":"https:\/\/balcilar-blog.com\/?cat=2123"}},"tags_names":{"2367":{"name":"Berrak T\u00fcz\u00fcnata\u00e7","link":"https:\/\/balcilar-blog.com\/?tag=berrak-tuzunatac"},"15":{"name":"\u00e7a\u011fatay ulusoy","link":"https:\/\/balcilar-blog.com\/?tag=cagatay-ulusoy"},"2320":{"name":"Cem Karc\u0131","link":"https:\/\/balcilar-blog.com\/?tag=cem-karci"},"2179":{"name":"OGM Pictures","link":"https:\/\/balcilar-blog.com\/?tag=ogm-pictures"},"2360":{"name":"Salih Bademci","link":"https:\/\/balcilar-blog.com\/?tag=salih-bademci"},"2364":{"name":"\u015eifanur G\u00fcl","link":"https:\/\/balcilar-blog.com\/?tag=sifanur-gul"},"2362":{"name":"Terzi","link":"https:\/\/balcilar-blog.com\/?tag=terzi"}},"comments_number":"0","wpmagazine_modules_lite_featured_media_urls":{"thumbnail":"","cvmm-medium":"","cvmm-medium-plus":"","cvmm-portrait":"","cvmm-medium-square":"","cvmm-large":"","cvmm-small":"","full":""},"_links":{"self":[{"href":"https:\/\/balcilar-blog.com\/index.php?rest_route=\/wp\/v2\/posts\/27809","targetHints":{"allow":["GET"]}}],"collection":[{"href":"https:\/\/balcilar-blog.com\/index.php?rest_route=\/wp\/v2\/posts"}],"about":[{"href":"https:\/\/balcilar-blog.com\/index.php?rest_route=\/wp\/v2\/types\/post"}],"author":[{"embeddable":true,"href":"https:\/\/balcilar-blog.com\/index.php?rest_route=\/wp\/v2\/users\/3"}],"replies":[{"embeddable":true,"href":"https:\/\/balcilar-blog.com\/index.php?rest_route=%2Fwp%2Fv2%2Fcomments&post=27809"}],"version-history":[{"count":2,"href":"https:\/\/balcilar-blog.com\/index.php?rest_route=\/wp\/v2\/posts\/27809\/revisions"}],"predecessor-version":[{"id":27816,"href":"https:\/\/balcilar-blog.com\/index.php?rest_route=\/wp\/v2\/posts\/27809\/revisions\/27816"}],"wp:attachment":[{"href":"https:\/\/balcilar-blog.com\/index.php?rest_route=%2Fwp%2Fv2%2Fmedia&parent=27809"}],"wp:term":[{"taxonomy":"category","embeddable":true,"href":"https:\/\/balcilar-blog.com\/index.php?rest_route=%2Fwp%2Fv2%2Fcategories&post=27809"},{"taxonomy":"post_tag","embeddable":true,"href":"https:\/\/balcilar-blog.com\/index.php?rest_route=%2Fwp%2Fv2%2Ftags&post=27809"}],"curies":[{"name":"wp","href":"https:\/\/api.w.org\/{rel}","templated":true}]}}