{"id":27766,"date":"2022-07-06T13:22:04","date_gmt":"2022-07-06T10:22:04","guid":{"rendered":"https:\/\/balcilar-blog.com\/?p=27766"},"modified":"2022-07-06T13:26:30","modified_gmt":"2022-07-06T10:26:30","slug":"cagatay-ulusoyun-terzi-dizisinde-berrak-tuzunatac-surprizi","status":"publish","type":"post","link":"https:\/\/balcilar-blog.com\/?p=27766","title":{"rendered":"\u00c7a\u011fatay Ulusoy&#8217;un Terzi Dizisinde Berrak T\u00fcz\u00fcnata\u00e7 S\u00fcrprizi!"},"content":{"rendered":"<p><a href=\"https:\/\/balcilar-blog.com\/wp-content\/uploads\/2022\/07\/cagatay-berrak.jpg\"><img loading=\"lazy\" decoding=\"async\" class=\"alignnone size-medium wp-image-27769\" src=\"https:\/\/balcilar-blog.com\/wp-content\/uploads\/2022\/07\/cagatay-berrak-300x171.jpg\" alt=\"\" width=\"300\" height=\"171\" srcset=\"https:\/\/balcilar-blog.com\/wp-content\/uploads\/2022\/07\/cagatay-berrak-300x171.jpg 300w, https:\/\/balcilar-blog.com\/wp-content\/uploads\/2022\/07\/cagatay-berrak-624x357.jpg 624w, https:\/\/balcilar-blog.com\/wp-content\/uploads\/2022\/07\/cagatay-berrak.jpg 672w\" sizes=\"auto, (max-width: 300px) 100vw, 300px\" \/><\/a><\/p>\n<p>\u00c7a\u011fatay Ulusoy&#8217;un Netflix i\u00e7in \u00e7ekilen son dijital dizisinin ikinci sezon \u00e7ekimleri ba\u015flad\u0131.<\/p>\n<p>Y\u0131llar \u00f6nce \u00c7a\u011fatay&#8217;\u0131n \u00c7e\u015fme&#8217;de Berrak T\u00fcz\u00fcnata\u00e7 ile ba\u015f\u0131 a\u011fr\u0131m\u0131\u015ft\u0131. Paparaziler \u00c7a\u011fatay&#8217;\u0131n Berrak T\u00fcz\u00fcnata\u00e7 ile uygunsuz resimlerini \u00e7ekmi\u015flerdi. Bu olay Ulusoy&#8217;un magazin bas\u0131n\u0131nda ba\u015f\u0131n\u0131 a\u011fr\u0131tm\u0131\u015f, \u015fezlong olay\u0131 olarak an\u0131lm\u0131\u015ft\u0131.<\/p>\n<p><a href=\"https:\/\/balcilar-blog.com\/wp-content\/uploads\/2022\/07\/sezlog-2.jpg\"><img loading=\"lazy\" decoding=\"async\" class=\"alignnone size-medium wp-image-27768\" src=\"https:\/\/balcilar-blog.com\/wp-content\/uploads\/2022\/07\/sezlog-2-300x200.jpg\" alt=\"\" width=\"300\" height=\"200\" srcset=\"https:\/\/balcilar-blog.com\/wp-content\/uploads\/2022\/07\/sezlog-2-300x200.jpg 300w, https:\/\/balcilar-blog.com\/wp-content\/uploads\/2022\/07\/sezlog-2-624x416.jpg 624w, https:\/\/balcilar-blog.com\/wp-content\/uploads\/2022\/07\/sezlog-2.jpg 640w\" sizes=\"auto, (max-width: 300px) 100vw, 300px\" \/><\/a><\/p>\n<p>Birsen Alt\u0131nta\u015f&#8217;\u0131n haberine g\u00f6re; Dizinin ikinci sezonuna s\u00fcrpriz bir oyuncu kat\u0131ld\u0131. O oyuncu Berrak T\u00fcz\u00fcnata\u00e7.<\/p>\n<p><img decoding=\"async\" src=\"https:\/\/pbs.twimg.com\/media\/FW7Fls-WQAsibEz?format=jpg&amp;name=large\" alt=\"Resim\" \/><\/p>\n<p>Bildi\u011finiz gibi Terzi dizisinde \u00c7a\u011fatay Ulusoy ve \u015eifanur G\u00fcl ile birlikte ba\u015frol oynuyor. Di\u011fer rollerde; Olgun \u015eim\u015fek, Salih Bademci, Ece S\u00fckan ve Engin \u015eenken rol al\u0131yor.<\/p>\n<p>2012 Temmuz ay\u0131nda meydana gelen bu olay, \u00c7a\u011fatay Ulusoy&#8217;un akl\u0131nda kalm\u0131\u015f ki, \u015fimdi yeni dizisinde de rol almas\u0131na izin vermi\u015ftir.<\/p>\n<p>\u00c7a\u011fatay Ulusoy&#8217;un ba\u015frol\u00fc oynad\u0131\u011f\u0131 Netflix dizisi Terzi, sevenleri taraf\u0131ndan merakla bekleniyor.<\/p>\n<p>Abdurrahman Balc\u0131lar<\/p>\n","protected":false},"excerpt":{"rendered":"<p>\u00c7a\u011fatay Ulusoy&#8217;un Netflix i\u00e7in \u00e7ekilen son dijital dizisinin ikinci sezon \u00e7ekimleri ba\u015flad\u0131. Y\u0131llar \u00f6nce \u00c7a\u011fatay&#8217;\u0131n \u00c7e\u015fme&#8217;de Berrak T\u00fcz\u00fcnata\u00e7 ile ba\u015f\u0131 a\u011fr\u0131m\u0131\u015ft\u0131. Paparaziler \u00c7a\u011fatay&#8217;\u0131n Berrak T\u00fcz\u00fcnata\u00e7 ile uygunsuz resimlerini \u00e7ekmi\u015flerdi. Bu olay Ulusoy&#8217;un magazin bas\u0131n\u0131nda ba\u015f\u0131n\u0131 a\u011fr\u0131tm\u0131\u015f, \u015fezlong olay\u0131 olarak an\u0131lm\u0131\u015ft\u0131. Birsen Alt\u0131nta\u015f&#8217;\u0131n haberine g\u00f6re; Dizinin ikinci sezonuna s\u00fcrpriz bir oyuncu kat\u0131ld\u0131. O oyuncu Berrak T\u00fcz\u00fcnata\u00e7. [&hellip;]<\/p>\n","protected":false},"author":3,"featured_media":27769,"comment_status":"open","ping_status":"open","sticky":false,"template":"","format":"standard","meta":{"footnotes":""},"categories":[2123],"tags":[2367,15,1478,2362],"class_list":["post-27766","post","type-post","status-publish","format-standard","has-post-thumbnail","hentry","category-internet-dizileri","tag-berrak-tuzunatac","tag-cagatay-ulusoy","tag-netflix","tag-terzi"],"views":2943,"blog_post_layout_featured_media_urls":{"thumbnail":["https:\/\/balcilar-blog.com\/wp-content\/uploads\/2022\/07\/cagatay-berrak-150x150.jpg",150,150,true],"full":["https:\/\/balcilar-blog.com\/wp-content\/uploads\/2022\/07\/cagatay-berrak.jpg",672,384,false]},"categories_names":{"2123":{"name":"Internet Dizileri","link":"https:\/\/balcilar-blog.com\/?cat=2123"}},"tags_names":{"2367":{"name":"Berrak T\u00fcz\u00fcnata\u00e7","link":"https:\/\/balcilar-blog.com\/?tag=berrak-tuzunatac"},"15":{"name":"\u00e7a\u011fatay ulusoy","link":"https:\/\/balcilar-blog.com\/?tag=cagatay-ulusoy"},"1478":{"name":"Netflix","link":"https:\/\/balcilar-blog.com\/?tag=netflix"},"2362":{"name":"Terzi","link":"https:\/\/balcilar-blog.com\/?tag=terzi"}},"comments_number":"0","wpmagazine_modules_lite_featured_media_urls":{"thumbnail":["https:\/\/balcilar-blog.com\/wp-content\/uploads\/2022\/07\/cagatay-berrak-150x150.jpg",150,150,true],"cvmm-medium":["https:\/\/balcilar-blog.com\/wp-content\/uploads\/2022\/07\/cagatay-berrak.jpg",300,171,false],"cvmm-medium-plus":["https:\/\/balcilar-blog.com\/wp-content\/uploads\/2022\/07\/cagatay-berrak.jpg",305,174,false],"cvmm-portrait":["https:\/\/balcilar-blog.com\/wp-content\/uploads\/2022\/07\/cagatay-berrak.jpg",400,229,false],"cvmm-medium-square":["https:\/\/balcilar-blog.com\/wp-content\/uploads\/2022\/07\/cagatay-berrak.jpg",600,343,false],"cvmm-large":["https:\/\/balcilar-blog.com\/wp-content\/uploads\/2022\/07\/cagatay-berrak.jpg",672,384,false],"cvmm-small":["https:\/\/balcilar-blog.com\/wp-content\/uploads\/2022\/07\/cagatay-berrak.jpg",130,74,false],"full":["https:\/\/balcilar-blog.com\/wp-content\/uploads\/2022\/07\/cagatay-berrak.jpg",672,384,false]},"_links":{"self":[{"href":"https:\/\/balcilar-blog.com\/index.php?rest_route=\/wp\/v2\/posts\/27766","targetHints":{"allow":["GET"]}}],"collection":[{"href":"https:\/\/balcilar-blog.com\/index.php?rest_route=\/wp\/v2\/posts"}],"about":[{"href":"https:\/\/balcilar-blog.com\/index.php?rest_route=\/wp\/v2\/types\/post"}],"author":[{"embeddable":true,"href":"https:\/\/balcilar-blog.com\/index.php?rest_route=\/wp\/v2\/users\/3"}],"replies":[{"embeddable":true,"href":"https:\/\/balcilar-blog.com\/index.php?rest_route=%2Fwp%2Fv2%2Fcomments&post=27766"}],"version-history":[{"count":4,"href":"https:\/\/balcilar-blog.com\/index.php?rest_route=\/wp\/v2\/posts\/27766\/revisions"}],"predecessor-version":[{"id":27774,"href":"https:\/\/balcilar-blog.com\/index.php?rest_route=\/wp\/v2\/posts\/27766\/revisions\/27774"}],"wp:featuredmedia":[{"embeddable":true,"href":"https:\/\/balcilar-blog.com\/index.php?rest_route=\/wp\/v2\/media\/27769"}],"wp:attachment":[{"href":"https:\/\/balcilar-blog.com\/index.php?rest_route=%2Fwp%2Fv2%2Fmedia&parent=27766"}],"wp:term":[{"taxonomy":"category","embeddable":true,"href":"https:\/\/balcilar-blog.com\/index.php?rest_route=%2Fwp%2Fv2%2Fcategories&post=27766"},{"taxonomy":"post_tag","embeddable":true,"href":"https:\/\/balcilar-blog.com\/index.php?rest_route=%2Fwp%2Fv2%2Ftags&post=27766"}],"curies":[{"name":"wp","href":"https:\/\/api.w.org\/{rel}","templated":true}]}}