{"id":27708,"date":"2022-02-19T12:54:08","date_gmt":"2022-02-19T09:54:08","guid":{"rendered":"http:\/\/balcilar-blog.com\/?p=27708"},"modified":"2022-02-19T12:54:08","modified_gmt":"2022-02-19T09:54:08","slug":"26-turkiye-almanya-film-festivali","status":"publish","type":"post","link":"https:\/\/balcilar-blog.com\/?p=27708","title":{"rendered":"26. T\u00fcrkiye Almanya Film Festivali"},"content":{"rendered":"<p><a href=\"http:\/\/balcilar-blog.com\/wp-content\/uploads\/2022\/02\/bergen.jpg\"><img loading=\"lazy\" decoding=\"async\" class=\"alignnone size-full wp-image-27709\" src=\"http:\/\/balcilar-blog.com\/wp-content\/uploads\/2022\/02\/bergen.jpg\" alt=\"\" width=\"640\" height=\"298\" srcset=\"https:\/\/balcilar-blog.com\/wp-content\/uploads\/2022\/02\/bergen.jpg 640w, https:\/\/balcilar-blog.com\/wp-content\/uploads\/2022\/02\/bergen-300x140.jpg 300w\" sizes=\"auto, (max-width: 640px) 100vw, 640px\" \/><\/a><\/p>\n<p>26. T\u00fcrkiye Almanya Film Festivali 11 Mart Cuma ak\u015fam\u0131 g\u00f6rkemli bir gala gecesi ile a\u00e7\u0131l\u0131yor. A\u00e7\u0131l\u0131\u015f filmi T\u00fcrkiye 2022 yap\u0131m\u0131 BERGEN.<\/p>\n<p>Ayr\u0131ca Claudia Tronnier, Perihan Sava\u015f ve Ahmet Boyac\u0131o\u011flu&#8217;na T\u00fcrkiye Almanya Film Festivali&#8217;nin onur \u00f6d\u00fcl\u00fc veriliyor.<\/p>\n<p>A\u00e7\u0131l\u0131\u015f galas\u0131nda Claude Tronnier ve Ahmet Boyac\u0131o\u011flu&#8217;na onur \u00f6d\u00fclleri takdim edilecek. Galaya T\u00fcrkiye&#8217;den Bergen filminin yap\u0131mc\u0131s\u0131 Bayan Mine \u015eeng\u00f6z, y\u00f6netmenleri M. Caner Alper, Mehmet Binay Star oyunculardan Farah Zeynep Abdullah, Erdal Be\u015fik\u00e7io\u011flu, Tilbe Saran ve Nergis \u00d6zt\u00fcrk galaya kat\u0131lacak konuk sanat\u00e7\u0131lar\u0131 aras\u0131nda .<\/p>\n<p>N\u00fcrnberg Anakent Belediye Ba\u015fkan\u0131 Say\u0131n Marcus K\u00f6nig ve Belediye Ba\u015fkan\u0131 Prof. Dr. Julia Lehner, ayr\u0131ca Uluslararas\u0131 Film Ele\u015ftirmenleri Federasyonu F\u0131presc\u0131 genel Sekreteri Klaus Eder, \u00f6d\u00fcl t\u00f6reninin onur konuklar\u0131 aras\u0131nda.<\/p>\n<p><a href=\"http:\/\/balcilar-blog.com\/wp-content\/uploads\/2022\/02\/odatv_image_79__222eeea2d02c4b.jpg\"><img loading=\"lazy\" decoding=\"async\" class=\"alignnone size-full wp-image-27711\" src=\"http:\/\/balcilar-blog.com\/wp-content\/uploads\/2022\/02\/odatv_image_79__222eeea2d02c4b.jpg\" alt=\"\" width=\"640\" height=\"360\" srcset=\"https:\/\/balcilar-blog.com\/wp-content\/uploads\/2022\/02\/odatv_image_79__222eeea2d02c4b.jpg 640w, https:\/\/balcilar-blog.com\/wp-content\/uploads\/2022\/02\/odatv_image_79__222eeea2d02c4b-300x169.jpg 300w\" sizes=\"auto, (max-width: 640px) 100vw, 640px\" \/><\/a><\/p>\n<p><strong>Bergen<\/strong> filmi \u00fclkemizde 4 Mart tarihinde sinemalarda vizyona girecektir. Projede daha \u00f6nce Serenay Sar\u0131kaya&#8217;n\u0131n ismi ge\u00e7iyordu. Daha sonra rol\u00fc Farah Zeynep Abdullah ald\u0131. Di\u011fer rollerde Erdal Be\u015fik\u00e7io\u011flu ve Tilbe Saran ba\u015frolleri payla\u015ft\u0131. Ayr\u0131ca Ali Se\u00e7kiner Al\u0131c\u0131, Nergis \u00d6zt\u00fcrk, \u015eebnem S\u00f6nmez, Ahmet Kayakesen, Nurcan Eren Suzan Karde\u015f ve Arif Pi\u015fkin gibi \u00fcnl\u00fc oyuncular\u0131m\u0131z rol alm\u0131\u015ft\u0131r.<\/p>\n<p>&nbsp;<\/p>\n<p>Not: A\u00e7\u0131l\u0131\u015f ak\u015fam\u0131 (gala ve a\u00e7\u0131l\u0131\u015f filmi) biletlerinin online sat\u0131\u015flar\u0131 ba\u015flam\u0131\u015ft\u0131r. www.fftd.net ayr\u0131ca, festivalin uzun metrajl\u0131 yar\u0131\u015fma ve yar\u0131\u015fma d\u0131\u015f\u0131 b\u00f6l\u00fcmleri gelecek hafta a\u00e7\u0131klanacakm\u0131\u015f.<\/p>\n<p>Kaynak: Filmfestival T\u00fcrkei Dautschland taraf\u0131mdan taraf\u0131ma g\u00f6nderilen mailden al\u0131nm\u0131\u015ft\u0131r.<\/p>\n","protected":false},"excerpt":{"rendered":"<p>26. T\u00fcrkiye Almanya Film Festivali 11 Mart Cuma ak\u015fam\u0131 g\u00f6rkemli bir gala gecesi ile a\u00e7\u0131l\u0131yor. A\u00e7\u0131l\u0131\u015f filmi T\u00fcrkiye 2022 yap\u0131m\u0131 BERGEN. Ayr\u0131ca Claudia Tronnier, Perihan Sava\u015f ve Ahmet Boyac\u0131o\u011flu&#8217;na T\u00fcrkiye Almanya Film Festivali&#8217;nin onur \u00f6d\u00fcl\u00fc veriliyor. A\u00e7\u0131l\u0131\u015f galas\u0131nda Claude Tronnier ve Ahmet Boyac\u0131o\u011flu&#8217;na onur \u00f6d\u00fclleri takdim edilecek. Galaya T\u00fcrkiye&#8217;den Bergen filminin yap\u0131mc\u0131s\u0131 Bayan Mine \u015eeng\u00f6z, [&hellip;]<\/p>\n","protected":false},"author":3,"featured_media":27709,"comment_status":"open","ping_status":"open","sticky":false,"template":"","format":"standard","meta":{"footnotes":""},"categories":[10],"tags":[2355,2356,2354,2357,2358,1558],"class_list":["post-27708","post","type-post","status-publish","format-standard","has-post-thumbnail","hentry","category-sinema","tag-26-turkiye-almanya-film-festivali","tag-ahmat-boyacioglu","tag-bergen","tag-claudia-tronnier","tag-ferah-zeynep-abdullah","tag-perihan-savas"],"views":2243,"blog_post_layout_featured_media_urls":{"thumbnail":["https:\/\/balcilar-blog.com\/wp-content\/uploads\/2022\/02\/bergen-150x150.jpg",150,150,true],"full":["https:\/\/balcilar-blog.com\/wp-content\/uploads\/2022\/02\/bergen.jpg",640,298,false]},"categories_names":{"10":{"name":"Sinema","link":"https:\/\/balcilar-blog.com\/?cat=10"}},"tags_names":{"2355":{"name":"26. T\u00fcrkiye Almanya Film Festivali","link":"https:\/\/balcilar-blog.com\/?tag=26-turkiye-almanya-film-festivali"},"2356":{"name":"Ahmat Boyac\u0131o\u011flu","link":"https:\/\/balcilar-blog.com\/?tag=ahmat-boyacioglu"},"2354":{"name":"Bergen","link":"https:\/\/balcilar-blog.com\/?tag=bergen"},"2357":{"name":"Claudia Tronnier","link":"https:\/\/balcilar-blog.com\/?tag=claudia-tronnier"},"2358":{"name":"Ferah Zeynep Abdullah","link":"https:\/\/balcilar-blog.com\/?tag=ferah-zeynep-abdullah"},"1558":{"name":"Perihan Sava\u015f","link":"https:\/\/balcilar-blog.com\/?tag=perihan-savas"}},"comments_number":"0","wpmagazine_modules_lite_featured_media_urls":{"thumbnail":["https:\/\/balcilar-blog.com\/wp-content\/uploads\/2022\/02\/bergen-150x150.jpg",150,150,true],"cvmm-medium":["https:\/\/balcilar-blog.com\/wp-content\/uploads\/2022\/02\/bergen.jpg",300,140,false],"cvmm-medium-plus":["https:\/\/balcilar-blog.com\/wp-content\/uploads\/2022\/02\/bergen.jpg",305,142,false],"cvmm-portrait":["https:\/\/balcilar-blog.com\/wp-content\/uploads\/2022\/02\/bergen.jpg",400,186,false],"cvmm-medium-square":["https:\/\/balcilar-blog.com\/wp-content\/uploads\/2022\/02\/bergen.jpg",600,279,false],"cvmm-large":["https:\/\/balcilar-blog.com\/wp-content\/uploads\/2022\/02\/bergen.jpg",640,298,false],"cvmm-small":["https:\/\/balcilar-blog.com\/wp-content\/uploads\/2022\/02\/bergen.jpg",130,61,false],"full":["https:\/\/balcilar-blog.com\/wp-content\/uploads\/2022\/02\/bergen.jpg",640,298,false]},"_links":{"self":[{"href":"https:\/\/balcilar-blog.com\/index.php?rest_route=\/wp\/v2\/posts\/27708","targetHints":{"allow":["GET"]}}],"collection":[{"href":"https:\/\/balcilar-blog.com\/index.php?rest_route=\/wp\/v2\/posts"}],"about":[{"href":"https:\/\/balcilar-blog.com\/index.php?rest_route=\/wp\/v2\/types\/post"}],"author":[{"embeddable":true,"href":"https:\/\/balcilar-blog.com\/index.php?rest_route=\/wp\/v2\/users\/3"}],"replies":[{"embeddable":true,"href":"https:\/\/balcilar-blog.com\/index.php?rest_route=%2Fwp%2Fv2%2Fcomments&post=27708"}],"version-history":[{"count":2,"href":"https:\/\/balcilar-blog.com\/index.php?rest_route=\/wp\/v2\/posts\/27708\/revisions"}],"predecessor-version":[{"id":27712,"href":"https:\/\/balcilar-blog.com\/index.php?rest_route=\/wp\/v2\/posts\/27708\/revisions\/27712"}],"wp:featuredmedia":[{"embeddable":true,"href":"https:\/\/balcilar-blog.com\/index.php?rest_route=\/wp\/v2\/media\/27709"}],"wp:attachment":[{"href":"https:\/\/balcilar-blog.com\/index.php?rest_route=%2Fwp%2Fv2%2Fmedia&parent=27708"}],"wp:term":[{"taxonomy":"category","embeddable":true,"href":"https:\/\/balcilar-blog.com\/index.php?rest_route=%2Fwp%2Fv2%2Fcategories&post=27708"},{"taxonomy":"post_tag","embeddable":true,"href":"https:\/\/balcilar-blog.com\/index.php?rest_route=%2Fwp%2Fv2%2Ftags&post=27708"}],"curies":[{"name":"wp","href":"https:\/\/api.w.org\/{rel}","templated":true}]}}