{"id":2763,"date":"2014-07-27T14:19:21","date_gmt":"2014-07-27T11:19:21","guid":{"rendered":"http:\/\/balcilar-blog.com\/?p=2763"},"modified":"2014-07-27T15:06:04","modified_gmt":"2014-07-27T12:06:04","slug":"guzel-koylunun-yakisiklisi-berk-cankatin-dunu-bugunu-ve-yarini","status":"publish","type":"post","link":"https:\/\/balcilar-blog.com\/?p=2763","title":{"rendered":"G\u00fczel K\u00f6yl\u00fc\u2019n\u00fcn yak\u0131\u015f\u0131kl\u0131s\u0131 Berk Cankat\u2019\u0131n d\u00fcn\u00fc, bug\u00fcn\u00fc ve yar\u0131n\u0131!"},"content":{"rendered":"<p><a href=\"http:\/\/balcilar-blog.com\/wp-content\/uploads\/2014\/07\/untitled1.png\"><img loading=\"lazy\" decoding=\"async\" class=\"alignnone size-full wp-image-2766\" src=\"http:\/\/balcilar-blog.com\/wp-content\/uploads\/2014\/07\/untitled1.png\" alt=\"untitled\" width=\"300\" height=\"168\" \/><\/a><\/p>\n<p>Star Tv.in romantik komedi dizisi \u201cG\u00fczel K\u00f6yl\u00fc\u201d n\u00fcn yak\u0131\u015f\u0131kl\u0131 k\u00f6y delikanl\u0131s\u0131 \u201cCemal\u201d karakterini canland\u0131ran Berk Cankat\u2019\u0131 tan\u0131tmak istiyorum sizlere.<br \/>\nBerk Cankat, Ankara 9 May\u0131s 1984 do\u011fumlu, \u015fimdilerde tam 30 ya\u015f\u0131nda, 1,85 boyunda olduk\u00e7a yak\u0131\u015f\u0131kl\u0131 bir dizi oyuncular\u0131m\u0131zdan biri. Babas\u0131 mimard\u0131r. Bilkent \u00dcniversitesi G\u00fczel sanatlar Fak\u00fcltesi Grafik Tasar\u0131m B\u00f6l\u00fcm\u00fc\u2019nden mezun oldu. Akademi 35 Bu\u00e7uk Sanat Evi\u2019nde oyunculuk e\u011fitimi ald\u0131.<\/p>\n<p>Oyunculuk olarak ortaokul y\u0131llar\u0131nda tiyatro yaparak amat\u00f6r olarak \u00e7al\u0131\u015fm\u0131\u015ft\u0131r. \u00dcniversite y\u0131llar\u0131nda oyunculukla hi\u00e7 ilgilenmemi\u015ftir.<\/p>\n<p>Fox Tv.nin \u201cSana Bir S\u0131r Verece\u011fim\u201d adl\u0131 fantastik dizisinde canland\u0131rd\u0131\u011f\u0131 \u201cSava\u015f\u201d karakteri ile b\u00fcy\u00fck bir ba\u015far\u0131 elde eden yak\u0131\u015f\u0131kl\u0131 oyuncu dizide bak\u0131\u015flar\u0131 ile ki\u015filerin akl\u0131na girmekte ve onlara iste\u011fi \u015feyleri yapt\u0131rabilme \u00f6zelli\u011fine sahiptir. Dizide Tilki\u2019nin k\u00f6t\u00fc karde\u015fi rol\u00fcn\u00fc \u00fcstlenmi\u015ftir. 2013 y\u0131l\u0131nda bu diziyi 5.b\u00f6l\u00fcm\u00fcnden girmi\u015ftir.<\/p>\n<p>Ba\u015f rollerini \u00c7a\u011fatay Ulusoy ile Serenay Sar\u0131kaya\u2019n\u0131n oynad\u0131\u011f\u0131, Medcezir dizisine 24. B\u00f6l\u00fcmde Selim Serez\u2019in teyze o\u011flu \u201cCem\u201d karakteri, konuk oyuncu olarak kat\u0131lm\u0131\u015ft\u0131r. Dizide Yaman, sevgilisi Mira\u2019y\u0131 Cem\u2019den k\u0131skanm\u0131\u015f, aralar\u0131nda k\u0131skan\u00e7l\u0131k krizine sebep olmu\u015ftur. 25. B\u00f6l\u00fcm sonunda diziden ayr\u0131lm\u0131\u015ft\u0131r. Yak\u0131\u015f\u0131kl\u0131 oyuncunun sempatik ve cana yak\u0131n tav\u0131rlar\u0131 ile k\u0131sa s\u00fcrede binlerce hayran kitlesi olu\u015fmu\u015ftur.<\/p>\n<p><a href=\"http:\/\/balcilar-blog.com\/wp-content\/uploads\/2014\/07\/Ekran-Al\u0131nt\u0131s\u0131.PNGmd_.25-cem.png\"><img loading=\"lazy\" decoding=\"async\" class=\"alignnone size-full wp-image-2767\" src=\"http:\/\/balcilar-blog.com\/wp-content\/uploads\/2014\/07\/Ekran-Al\u0131nt\u0131s\u0131.PNGmd_.25-cem.png\" alt=\"Ekran Al\u0131nt\u0131s\u0131.PNGmd.25 cem\" width=\"708\" height=\"443\" srcset=\"https:\/\/balcilar-blog.com\/wp-content\/uploads\/2014\/07\/Ekran-Al\u0131nt\u0131s\u0131.PNGmd_.25-cem.png 708w, https:\/\/balcilar-blog.com\/wp-content\/uploads\/2014\/07\/Ekran-Al\u0131nt\u0131s\u0131.PNGmd_.25-cem-300x187.png 300w\" sizes=\"auto, (max-width: 708px) 100vw, 708px\" \/><\/a><\/p>\n<p>Ge\u00e7ti\u011fimiz Haziran ay\u0131 sonunda Star Tv.de ba\u015flayan Gold Film\u2019in komedi ve a\u015fk tad\u0131nda olan yeni yazl\u0131k dizisi \u201cG\u00fczel K\u00f6yl\u00fc\u201d de \u201cCemal\u201d karakterini canland\u0131rmaya ba\u015flam\u0131\u015f, Gizem Karaca ile ba\u015frol oyuncusu olarak yer alm\u0131\u015ft\u0131r. G\u00fczel K\u00f6yl\u00fc\u2019de milyonlar taraf\u0131ndan tan\u0131nan Berk Cankat, sempatikli\u011fi, \u00e7ok tatl\u0131 g\u00fczel y\u00fcz\u00fc, do\u011fal tav\u0131rlar\u0131, Mu\u011fla y\u00f6resinin \u015fivesini \u00e7ok g\u00fczel konu\u015fmas\u0131 ile \u00e7ok sevilmi\u015ftir.<\/p>\n<p>Berk Cankat oyunculu\u011fa Sana Bir S\u0131r verece\u011fim dizisinden teklif gelince kabul etmi\u015f ve ilk oyunculu\u011fa ad\u0131m atm\u0131\u015ft\u0131r. Oyunculukta \u00f6rnek ald\u0131\u011f\u0131n\u0131z var m\u0131? Sorusuna, o kadar \u00e7ok be\u011fendi\u011fim insan var ki saymak \u00e7ok zor. Medcezir\u2019de Ay\u015fenil abla (A\u015fyenil \u015eaml\u0131o\u011flu) ile oynam\u0131\u015ft\u0131k. O \u00e7ok \u00f6zeldi benim i\u00e7in. \u00c7ok mutlu olmu\u015ftum onunla oynad\u0131\u011f\u0131ma. Keza bu arada ayn\u0131 \u015fekilde \u015fimdi Devler liginde oynarken sahnede pi\u015fiyorum.<\/p>\n<div class=\"irc_mutc\"><a class=\"irc_mutl\" href=\"http:\/\/www.google.com.tr\/url?sa=i&amp;rct=j&amp;q=&amp;esrc=s&amp;frm=1&amp;source=images&amp;cd=&amp;cad=rja&amp;uact=8&amp;docid=znAFi4ujHPJdqM&amp;tbnid=xZobx8Ut4Cn6WM:&amp;ved=0CAUQjRw&amp;url=http%3A%2F%2Fwww.haberler.com%2Ffragman-guzel-koylu-6-bolum-hq-gul-ve-cemal-6305223-haberi%2F&amp;ei=FOfUU7LWJYqb0QX844CQDg&amp;bvm=bv.71778758,d.ZGU&amp;psig=AFQjCNFZFyZWwxABT5i7jyXsQPqddnyyBw&amp;ust=1406547934713538\" data-ved=\"0CAUQjRw\"><img loading=\"lazy\" decoding=\"async\" class=\"irc_mut\" src=\"https:\/\/encrypted-tbn3.gstatic.com\/images?q=tbn:ANd9GcSsrnZf-PezRzHUP1fDEbG6e9-6mdYdf7VQIfb4LvNuG8qjrhwqXA\" alt=\"\" width=\"707\" height=\"398\" \/><\/a><\/div>\n<p>Bu yaz tatil yapmay\u0131 planlarken G\u00fczel K\u00f6yl\u00fc\u2019de rol olan oyuncu, bu i\u015f olmasayd\u0131 \u0130spanya\u2019ya gitmeyi d\u00fc\u015f\u00fcn\u00fcyormu\u015f. Daha \u00f6nce de yurt d\u0131\u015f\u0131na hi\u00e7 \u00e7\u0131kmam\u0131\u015f. Ama Mu\u011fla y\u00f6resinin de bir tatil yeri oldu\u011funu s\u00f6yleyen Berk, buras\u0131 bir tatil gibi zaten demektedir.<br \/>\nBerk Cankat\u2019\u0131n a\u015fk hayat\u0131 nedir derseniz, kendisi \u201c\u015eu anda kalbim bo\u015f\u201d demektedir. Sosyal Medyadaki ilgi, \u00f6zel hayat\u0131n\u0131zda s\u0131k\u0131nt\u0131 yarat\u0131yor mu? Sorusuna; \u201cHayat\u0131mda \u00f6zel birisi olmad\u0131\u011f\u0131 i\u00e7in \u00f6yle bir derdim yok. Kalbim bo\u015f. \u0130leride olursa da mesle\u011fimi anlay\u0131\u015fla kar\u015f\u0131layacakt\u0131r. \u00d6yle biriyle anla\u015fabilirim.\u201d Demektedir.<br \/>\nM\u00fczik dinlemeyi seven Berk, e\u011flenceli ortamlarda bulunmay\u0131 severim ama e\u011flenceyi ba\u015flatan ki\u015fi ben de\u011filimdir. Hiperaktif g\u00f6r\u00fcnd\u00fc\u011f\u00fcm\u00fc s\u00f6ylerler ama hi\u00e7 hiperaktif bir insan olmad\u0131m. Genel olarak herkesle iyi anla\u015f\u0131r\u0131m ama insanlar\u0131 ilk ba\u015fta tartar\u0131m, zamanla samimi ili\u015fkiler kurar\u0131m.<br \/>\nBerk Cankat yar\u0131n\u0131 ile ilgili \u015f\u00f6yle konu\u015fmaktad\u0131r. \u0130leride olmak istedi\u011finiz bir yer var m\u0131? Sorusuna; \u201cHani denir ya \u2018biz planlar yaparken ba\u015f\u0131m\u0131za gelendir ya\u015fam\u2019, \u00e7ok do\u011fru bir s\u00f6z. Hayat\u0131n nereye s\u00fcr\u00fckleyece\u011fini bilemem. \u015eu an burada olaca\u011f\u0131m\u0131 hi\u00e7 d\u00fc\u015f\u00fcnmezdim. Tabii herkeste oldu\u011fu gibi g\u00f6l\u00fcm\u00fczde bir g\u00fczel bir sinema filmi var\u201d. Demektedir.<br \/>\nGelece\u011fe dair hedeflerini \u015f\u00f6yle ifade etmektedir. Bug\u00fcne kadar hedef koymad\u0131m. Bu projeye de \u00f6yle. Elbette istedi\u011fim hayal etti\u011fim \u015feyler var ama ne kadar kafamda kurarsam r\u00fczg\u00e2r nereye g\u00f6t\u00fcr\u00fcrse \u00f6yle yol al\u0131yoruz. Hakk\u0131n\u0131 vererek i\u00e7inde bulundu\u011fumuz i\u015fi yapar\u0131m, gerisi gelir.<\/p>\n<div class=\"irc_mutc\"><a class=\"irc_mutl\" href=\"http:\/\/www.google.com.tr\/url?sa=i&amp;rct=j&amp;q=&amp;esrc=s&amp;frm=1&amp;source=images&amp;cd=&amp;cad=rja&amp;uact=8&amp;docid=VAepu2mFCoafvM&amp;tbnid=MIgc6v-T-fIrAM:&amp;ved=0CAUQjRw&amp;url=http%3A%2F%2Fwww.netgazete.com%2Fmagazin%2F641441.html&amp;ei=c-bUU5afLIO40QXnh4CoAQ&amp;bvm=bv.71778758,d.ZGU&amp;psig=AFQjCNFZFyZWwxABT5i7jyXsQPqddnyyBw&amp;ust=1406547934713538\" data-ved=\"0CAUQjRw\"><img loading=\"lazy\" decoding=\"async\" class=\"irc_mut\" src=\"https:\/\/encrypted-tbn0.gstatic.com\/images?q=tbn:ANd9GcQzzk4csbmP-LoFGMDCKMhKiBoT78gyP02pbFQpbeEb3nCbXFPJ\" alt=\"\" width=\"600\" height=\"356\" \/><\/a><\/div>\n<p>\u0130nsan sevgisi \u00e7ok keyif verici diyen Berk Cankat, oyunculuk d\u0131\u015f\u0131nda de\u011fi\u015fen pek \u015fey olmad\u0131, hayat\u0131m ayn\u0131. Sadece insanlar\u0131 g\u00f6r\u00fcnce tan\u0131yor. Gen\u00e7lik dizisinde oynamak \u00e7ok fazla gen\u00e7 hayran kazand\u0131r\u0131yor. Beni buraya getiren de onlar, haklar\u0131n\u0131 \u00f6deyemem, demektedir.<br \/>\n\u00d6zel olarak ilgilendi\u011fi hobileri ars\u0131nda, grafik tasar\u0131m\u0131 mezunu olmas\u0131 nedeniyle, \u00e7izim yapt\u0131\u011f\u0131n\u0131, ayr\u0131ca ill\u00fcstrasyonla u\u011fra\u015ft\u0131\u011f\u0131n\u0131 belirten oyuncu, vaktim olursa sergi a\u00e7aca\u011f\u0131m. Daha \u00f6nce bir tane a\u00e7m\u0131\u015ft\u0131m. \u00c7al\u0131\u015f\u0131rken \u00e7ok zaman\u0131m\u0131z olmuyor ama vaktimiz olursa geziyoruz.<\/p>\n<div class=\"irc_mutc\"><a class=\"irc_mutl\" href=\"http:\/\/www.google.com.tr\/url?sa=i&amp;rct=j&amp;q=&amp;esrc=s&amp;frm=1&amp;source=images&amp;cd=&amp;cad=rja&amp;uact=8&amp;docid=ubWDowqiiwC6tM&amp;tbnid=m7DmkuDpb5vzUM:&amp;ved=0CAUQjRw&amp;url=http%3A%2F%2Fwww.medyahabercisi.com%2F2014%2F05%2Fguzel-koylu-cemal.html&amp;ei=rubUU53sL-ie0QXl7IGgCw&amp;bvm=bv.71778758,d.ZGU&amp;psig=AFQjCNFZFyZWwxABT5i7jyXsQPqddnyyBw&amp;ust=1406547934713538\" data-ved=\"0CAUQjRw\"><img loading=\"lazy\" decoding=\"async\" class=\"irc_mut\" src=\"https:\/\/encrypted-tbn2.gstatic.com\/images?q=tbn:ANd9GcQvW8U2H0Azx31Ir958yBgMtgKgPmsKFwspT5jO5SpJoPtL14pJSg\" alt=\"\" width=\"412\" height=\"398\" \/><\/a><\/div>\n<p>Berk Cankat\u2019\u0131n yeni dizisi \u201cG\u00fczel K\u00f6yl\u00fc\u201d n\u00fcn \u015fu g\u00fcnlerde 5.b\u00f6l\u00fcm\u00fc Star Tv. de g\u00f6sterildi. \u00c7ok da tutuldu ki, reytinglerde oynayan her b\u00f6l\u00fcm\u00fc birinci olmaktad\u0131r.<br \/>\nBerk Cankat\u2019\u0131 2014 y\u0131l\u0131n\u0131n en iyi \u00e7\u0131k\u0131\u015f yapan dizi oyuncu olarak g\u00f6rd\u00fc\u011f\u00fcm\u00fc belirtmek isterim.<br \/>\nKendisini bu dizide oldu\u011fu gibi, sonraki \u00e7al\u0131\u015fmalar\u0131nda da ba\u015far\u0131lar diliyorum. Her \u015feyi g\u00f6nl\u00fcnce olsun.<br \/>\nSayg\u0131lar, sevgiler.<\/p>\n<p>Abdurrahman Balc\u0131lar<br \/>\nTwitter: abdurrahman balc\u0131lar@abbalcilar<br \/>\nFace : ab.balcilar@hotmail.com<br \/>\nBlog: milliyet.com.tr\/cansever<br \/>\nBlog: balcilar-blog.com<br \/>\nNot: G\u00f6rseller internetten ve taraf\u0131mdan diziden kopyalanm\u0131\u015ft\u0131r<br \/>\nKaynak: Vikipedi, Oyuncular sitesi.com, HT magazin r\u00f6portaj\u0131, Net Gazete.com r\u00f6portaj\u0131.<\/p>\n<p>Not: Burada yaz\u0131lan t\u00fcm yaz\u0131lar\u0131n elektronik imza ve zaman damgas\u0131 g\u00fcvencesi alt\u0131nda yasal haklar\u0131 korunmaktad\u0131r. Hi\u00e7bir \u015fekilde bas\u0131l\u0131 ya da elektronik bir ortamda (CD, \u0130nternet vs.) kaynak g\u00f6sterilmeksizin izin al\u0131nmadan kullan\u0131lmaz.<\/p>\n<p>&nbsp;<\/p>\n<p>&nbsp;<\/p>\n","protected":false},"excerpt":{"rendered":"<p>Star Tv.in romantik komedi dizisi \u201cG\u00fczel K\u00f6yl\u00fc\u201d n\u00fcn yak\u0131\u015f\u0131kl\u0131 k\u00f6y delikanl\u0131s\u0131 \u201cCemal\u201d karakterini canland\u0131ran Berk Cankat\u2019\u0131 tan\u0131tmak istiyorum sizlere. Berk Cankat, Ankara 9 May\u0131s 1984 do\u011fumlu, \u015fimdilerde tam 30 ya\u015f\u0131nda, 1,85 boyunda olduk\u00e7a yak\u0131\u015f\u0131kl\u0131 bir dizi oyuncular\u0131m\u0131zdan biri. Babas\u0131 mimard\u0131r. Bilkent \u00dcniversitesi G\u00fczel sanatlar Fak\u00fcltesi Grafik Tasar\u0131m B\u00f6l\u00fcm\u00fc\u2019nden mezun oldu. Akademi 35 Bu\u00e7uk Sanat Evi\u2019nde [&hellip;]<\/p>\n","protected":false},"author":3,"featured_media":0,"comment_status":"open","ping_status":"open","sticky":false,"template":"","format":"standard","meta":{"footnotes":""},"categories":[7],"tags":[161,62,467,16,25],"class_list":["post-2763","post","type-post","status-publish","format-standard","hentry","category-magazin","tag-berk-cankat","tag-gizem-karaca","tag-guzel-koylu","tag-medcezir","tag-star-tv"],"views":9828,"blog_post_layout_featured_media_urls":{"thumbnail":"","full":""},"categories_names":{"7":{"name":"Magazin","link":"https:\/\/balcilar-blog.com\/?cat=7"}},"tags_names":{"161":{"name":"Berk Cankat","link":"https:\/\/balcilar-blog.com\/?tag=berk-cankat"},"62":{"name":"Gizem Karaca","link":"https:\/\/balcilar-blog.com\/?tag=gizem-karaca"},"467":{"name":"G\u00fczel K\u00f6yl\u00fc","link":"https:\/\/balcilar-blog.com\/?tag=guzel-koylu"},"16":{"name":"medcezir","link":"https:\/\/balcilar-blog.com\/?tag=medcezir"},"25":{"name":"Star Tv","link":"https:\/\/balcilar-blog.com\/?tag=star-tv"}},"comments_number":"0","wpmagazine_modules_lite_featured_media_urls":{"thumbnail":"","cvmm-medium":"","cvmm-medium-plus":"","cvmm-portrait":"","cvmm-medium-square":"","cvmm-large":"","cvmm-small":"","full":""},"_links":{"self":[{"href":"https:\/\/balcilar-blog.com\/index.php?rest_route=\/wp\/v2\/posts\/2763","targetHints":{"allow":["GET"]}}],"collection":[{"href":"https:\/\/balcilar-blog.com\/index.php?rest_route=\/wp\/v2\/posts"}],"about":[{"href":"https:\/\/balcilar-blog.com\/index.php?rest_route=\/wp\/v2\/types\/post"}],"author":[{"embeddable":true,"href":"https:\/\/balcilar-blog.com\/index.php?rest_route=\/wp\/v2\/users\/3"}],"replies":[{"embeddable":true,"href":"https:\/\/balcilar-blog.com\/index.php?rest_route=%2Fwp%2Fv2%2Fcomments&post=2763"}],"version-history":[{"count":4,"href":"https:\/\/balcilar-blog.com\/index.php?rest_route=\/wp\/v2\/posts\/2763\/revisions"}],"predecessor-version":[{"id":2769,"href":"https:\/\/balcilar-blog.com\/index.php?rest_route=\/wp\/v2\/posts\/2763\/revisions\/2769"}],"wp:attachment":[{"href":"https:\/\/balcilar-blog.com\/index.php?rest_route=%2Fwp%2Fv2%2Fmedia&parent=2763"}],"wp:term":[{"taxonomy":"category","embeddable":true,"href":"https:\/\/balcilar-blog.com\/index.php?rest_route=%2Fwp%2Fv2%2Fcategories&post=2763"},{"taxonomy":"post_tag","embeddable":true,"href":"https:\/\/balcilar-blog.com\/index.php?rest_route=%2Fwp%2Fv2%2Ftags&post=2763"}],"curies":[{"name":"wp","href":"https:\/\/api.w.org\/{rel}","templated":true}]}}