{"id":27558,"date":"2021-09-15T16:08:42","date_gmt":"2021-09-15T13:08:42","guid":{"rendered":"http:\/\/balcilar-blog.com\/?p=27558"},"modified":"2021-09-15T16:08:42","modified_gmt":"2021-09-15T13:08:42","slug":"burak-deniz-ile-serenay-sarikaya-sahmaran-dizisinde","status":"publish","type":"post","link":"https:\/\/balcilar-blog.com\/?p=27558","title":{"rendered":"Burak Deniz ile Serenay Sar\u0131kaya \u015eahmaran Dizisinde."},"content":{"rendered":"<p><a href=\"http:\/\/balcilar-blog.com\/wp-content\/uploads\/2021\/09\/B.D.-marasli.jpg\"><img loading=\"lazy\" decoding=\"async\" class=\"alignnone size-full wp-image-27559\" src=\"http:\/\/balcilar-blog.com\/wp-content\/uploads\/2021\/09\/B.D.-marasli.jpg\" alt=\"\" width=\"480\" height=\"480\" srcset=\"https:\/\/balcilar-blog.com\/wp-content\/uploads\/2021\/09\/B.D.-marasli.jpg 480w, https:\/\/balcilar-blog.com\/wp-content\/uploads\/2021\/09\/B.D.-marasli-300x300.jpg 300w, https:\/\/balcilar-blog.com\/wp-content\/uploads\/2021\/09\/B.D.-marasli-150x150.jpg 150w\" sizes=\"auto, (max-width: 480px) 100vw, 480px\" \/><\/a><\/p>\n<p>Burak Deniz nereden nereye geldi. Serenay Sar\u0131kaya onunla ba\u015f rol oynamay\u0131 kabul etti. Yanl\u0131\u015f anla\u015f\u0131lmas\u0131n bu ba\u015far\u0131 Burak Deniz&#8217;in oyunculuk kariyerinin nereden nere geldi\u011fini g\u00f6steriyor.<\/p>\n<p>Birsen Altunta\u015f&#8217;\u0131n haberine g\u00f6re; Sar\u0131kaya Natflix i\u00e7in \u00e7ekilecek &#8220;\u015eahmaran&#8221; dizisinin ba\u015frol\u00fcn\u00fc Burak Deniz ile oynamay\u0131 kabul etmi\u015f. Uzun s\u00fcredir i\u00e7ine sinen bir proje ar\u0131yormu\u015f. Hem proje, hemde ba\u015frol erkek oyuncuya tamam demi\u015f.<\/p>\n<p>&nbsp;<\/p>\n<p><a href=\"http:\/\/balcilar-blog.com\/wp-content\/uploads\/2021\/09\/serenay-sari-173550HC.jpg\"><img loading=\"lazy\" decoding=\"async\" class=\"alignnone size-full wp-image-27567\" src=\"http:\/\/balcilar-blog.com\/wp-content\/uploads\/2021\/09\/serenay-sari-173550HC.jpg\" alt=\"\" width=\"640\" height=\"410\" srcset=\"https:\/\/balcilar-blog.com\/wp-content\/uploads\/2021\/09\/serenay-sari-173550HC.jpg 640w, https:\/\/balcilar-blog.com\/wp-content\/uploads\/2021\/09\/serenay-sari-173550HC-300x192.jpg 300w\" sizes=\"auto, (max-width: 640px) 100vw, 640px\" \/><\/a><\/p>\n<p>Serenay Sar\u0131kaya, \u00c7a\u011fatay Ulusoy ile 2013 &#8211; 2015 y\u0131llar\u0131 aras\u0131nda Medcezir dizisinde &#8220;Mira Beylice&#8221; karakteri ile harikalar yaratm\u0131\u015ft\u0131. O dizide Burak Deniz&#8217;de yard\u0131mc\u0131 oyuncu, Kaleci Aras karakteri olarak oynam\u0131\u015ft\u0131. Ben de ilk defa bu dizide tan\u0131m\u0131\u015f, seyretmi\u015ftim.<\/p>\n<p><a href=\"http:\/\/balcilar-blog.com\/wp-content\/uploads\/2021\/09\/cagatay-burak.jpg\"><img loading=\"lazy\" decoding=\"async\" class=\"alignnone size-full wp-image-27561\" src=\"http:\/\/balcilar-blog.com\/wp-content\/uploads\/2021\/09\/cagatay-burak.jpg\" alt=\"\" width=\"640\" height=\"363\" srcset=\"https:\/\/balcilar-blog.com\/wp-content\/uploads\/2021\/09\/cagatay-burak.jpg 640w, https:\/\/balcilar-blog.com\/wp-content\/uploads\/2021\/09\/cagatay-burak-300x170.jpg 300w\" sizes=\"auto, (max-width: 640px) 100vw, 640px\" \/><\/a><\/p>\n<p>\u00dcnl\u00fc oyuncumuz Serenay Sar\u0131kaya&#8217;y\u0131 hepiniz tan\u0131rs\u0131n\u0131z ben as\u0131l sizlere Burak Deniz&#8217;i tan\u0131tmak istiyorum.<\/p>\n<p><strong>BURAK DEN\u0130Z K\u0130MD\u0130R<\/strong><\/p>\n<p>Burak Deniz, \u0130stanbul 1991 do\u011fumlu olup, \u00c7anakkale 18 Mart \u00dcniversitesi Sanat tarihi b\u00f6l\u00fcm\u00fcn\u00fc bitirmi\u015ftir. Lise y\u0131llar\u0131nda oyunculuk at\u00f6lyesinde cast direkt\u00f6r\u00fc G\u00f6k\u00e7e Doruk Eten ke\u015ffetmi\u015ftir. \u0130lk oyunculu\u011fu 2011 y\u0131l\u0131nda Kolej G\u00fcnl\u00fc\u011f\u00fc dizisinde olmu\u015ftur. Sultan (2012), Ka\u00e7ak (2013), Medcezir (2014), Tatl\u0131 K\u00fc\u00e7\u00fck Yalanc\u0131lar (2015), Gecenin Krali\u00e7esi (2016), A\u015fk Laftan Anlamaz (2016) ve Bizim Hikaye (2017) Hazal Kaya ile oynam\u0131\u015ft\u0131r.\u00a0 Onu en son bu y\u0131l ba\u015f\u0131nda Mara\u015fl\u0131 dizinde tan\u0131d\u0131k. Alina Boz ile oynam\u0131\u015f, Celal karakteri olarak izleyicilerden olumlu puan alm\u0131\u015ft\u0131r.<\/p>\n<p>\u0130lk sinema deneyimi 2018 y\u0131l\u0131nda, &#8220;Arada&#8221; filminde &#8216;Ozan&#8217; isimli Punk bir genci canland\u0131rarak ba\u015frolde oynam\u0131\u015ft\u0131r.<\/p>\n<p>Ayr\u0131ca yaz aylar\u0131nda Ferzan \u00d6zpetek&#8217;in Cahil Periler dizisi i\u00e7in \u0130talya&#8217;ya gitmi\u015f, dizinin 4 b\u00f6l\u00fcm\u00fcnde Asaf adl\u0131 bir foto\u011fraf\u00e7\u0131y\u0131 canland\u0131rm\u0131\u015ft\u0131r. Bu dizi ile d\u00fcnyada milyonlarca izleyici onu tan\u0131m\u0131\u015f olacakt\u0131r.<\/p>\n<p><strong>BURAK DEN\u0130Z&#8217;\u0130N \u00d6D\u00dcLLER\u0130<\/strong><\/p>\n<p>Burak Deniz 2017 y\u0131l\u0131nda; &#8220;<strong>GQ Men of the Year 2017 &#8211; Y\u0131l\u0131n Y\u00fckselen Oyuncusu<\/strong>&#8221; \u00f6d\u00fcl\u00fcne lay\u0131k g\u00f6r\u00fclm\u00fc\u015ft\u00fcr.<\/p>\n<p><a href=\"http:\/\/balcilar-blog.com\/wp-content\/uploads\/2021\/09\/screen-shot-2018-01-19-at-161739.png\"><img loading=\"lazy\" decoding=\"async\" class=\"alignnone size-full wp-image-27563\" src=\"http:\/\/balcilar-blog.com\/wp-content\/uploads\/2021\/09\/screen-shot-2018-01-19-at-161739.png\" alt=\"\" width=\"452\" height=\"640\" srcset=\"https:\/\/balcilar-blog.com\/wp-content\/uploads\/2021\/09\/screen-shot-2018-01-19-at-161739.png 452w, https:\/\/balcilar-blog.com\/wp-content\/uploads\/2021\/09\/screen-shot-2018-01-19-at-161739-212x300.png 212w\" sizes=\"auto, (max-width: 452px) 100vw, 452px\" \/><\/a><\/p>\n<p>NETFL\u0130X \u0130NTERNET D\u0130Z\u0130S\u0130<\/p>\n<p>\u015eimdi de iddial\u0131 bir dizi olan \u015eahmaran dizisnde Serenay Sar\u0131kaya ile ba\u015frol\u00fc oynuyor. Konu hakk\u0131nda tam bir net bilgi yok. Dizide yer alan oyuncular. Mert Ramazan Demir, Mustafa U\u011furlu, Mahir G\u00fcr\u015firay, Ebru \u00d6zkan, Mehmet Bilge Aslan ve Nihal Erd\u00f6nmez yer al\u0131yor.<\/p>\n<p>Tims&amp;B taraf\u0131ndan \u00e7ekilecek olan fantastik dizi \u015eahmaran ay sonunda Adana, Tarsus ve Dat\u00e7a&#8217;da \u00e7ekilecektir. 2022 Ocak &#8211; \u015eubat ayalar\u0131nda Netflix ekranlar\u0131nda olacakt\u0131r.<\/p>\n<p>Y\u00fckselen oyuncumuz Burak Deniz ile Serenay Sar\u0131kaya&#8217;y\u0131 bir araya getirecek olan bu Netflix dizisinde her iki oyuncumuza ba\u015far\u0131lar diliyorum.<\/p>\n<p>Abdurrahman Balc\u0131lar<\/p>\n<p>&nbsp;<\/p>\n","protected":false},"excerpt":{"rendered":"<p>Burak Deniz nereden nereye geldi. Serenay Sar\u0131kaya onunla ba\u015f rol oynamay\u0131 kabul etti. Yanl\u0131\u015f anla\u015f\u0131lmas\u0131n bu ba\u015far\u0131 Burak Deniz&#8217;in oyunculuk kariyerinin nereden nere geldi\u011fini g\u00f6steriyor. Birsen Altunta\u015f&#8217;\u0131n haberine g\u00f6re; Sar\u0131kaya Natflix i\u00e7in \u00e7ekilecek &#8220;\u015eahmaran&#8221; dizisinin ba\u015frol\u00fcn\u00fc Burak Deniz ile oynamay\u0131 kabul etmi\u015f. Uzun s\u00fcredir i\u00e7ine sinen bir proje ar\u0131yormu\u015f. Hem proje, hemde ba\u015frol erkek oyuncuya [&hellip;]<\/p>\n","protected":false},"author":3,"featured_media":27559,"comment_status":"open","ping_status":"open","sticky":false,"template":"","format":"standard","meta":{"footnotes":""},"categories":[2123],"tags":[654,2339,1478,2338,27,1980],"class_list":["post-27558","post","type-post","status-publish","format-standard","has-post-thumbnail","hentry","category-internet-dizileri","tag-burak-deniz","tag-ferzan-ozpetek","tag-netflix","tag-sahmaran","tag-serenay-sarikaya","tag-timsb"],"views":2262,"blog_post_layout_featured_media_urls":{"thumbnail":["https:\/\/balcilar-blog.com\/wp-content\/uploads\/2021\/09\/B.D.-marasli-150x150.jpg",150,150,true],"full":["https:\/\/balcilar-blog.com\/wp-content\/uploads\/2021\/09\/B.D.-marasli.jpg",480,480,false]},"categories_names":{"2123":{"name":"Internet Dizileri","link":"https:\/\/balcilar-blog.com\/?cat=2123"}},"tags_names":{"654":{"name":"Burak Deniz","link":"https:\/\/balcilar-blog.com\/?tag=burak-deniz"},"2339":{"name":"Ferzan \u00d6zpetek","link":"https:\/\/balcilar-blog.com\/?tag=ferzan-ozpetek"},"1478":{"name":"Netflix","link":"https:\/\/balcilar-blog.com\/?tag=netflix"},"2338":{"name":"\u015eahmaran","link":"https:\/\/balcilar-blog.com\/?tag=sahmaran"},"27":{"name":"Serenay Sar\u0131kaya","link":"https:\/\/balcilar-blog.com\/?tag=serenay-sarikaya"},"1980":{"name":"T\u0130MS&amp;B","link":"https:\/\/balcilar-blog.com\/?tag=timsb"}},"comments_number":"0","wpmagazine_modules_lite_featured_media_urls":{"thumbnail":["https:\/\/balcilar-blog.com\/wp-content\/uploads\/2021\/09\/B.D.-marasli-150x150.jpg",150,150,true],"cvmm-medium":["https:\/\/balcilar-blog.com\/wp-content\/uploads\/2021\/09\/B.D.-marasli.jpg",300,300,false],"cvmm-medium-plus":["https:\/\/balcilar-blog.com\/wp-content\/uploads\/2021\/09\/B.D.-marasli.jpg",207,207,false],"cvmm-portrait":["https:\/\/balcilar-blog.com\/wp-content\/uploads\/2021\/09\/B.D.-marasli.jpg",400,400,false],"cvmm-medium-square":["https:\/\/balcilar-blog.com\/wp-content\/uploads\/2021\/09\/B.D.-marasli.jpg",480,480,false],"cvmm-large":["https:\/\/balcilar-blog.com\/wp-content\/uploads\/2021\/09\/B.D.-marasli.jpg",480,480,false],"cvmm-small":["https:\/\/balcilar-blog.com\/wp-content\/uploads\/2021\/09\/B.D.-marasli.jpg",95,95,false],"full":["https:\/\/balcilar-blog.com\/wp-content\/uploads\/2021\/09\/B.D.-marasli.jpg",480,480,false]},"_links":{"self":[{"href":"https:\/\/balcilar-blog.com\/index.php?rest_route=\/wp\/v2\/posts\/27558","targetHints":{"allow":["GET"]}}],"collection":[{"href":"https:\/\/balcilar-blog.com\/index.php?rest_route=\/wp\/v2\/posts"}],"about":[{"href":"https:\/\/balcilar-blog.com\/index.php?rest_route=\/wp\/v2\/types\/post"}],"author":[{"embeddable":true,"href":"https:\/\/balcilar-blog.com\/index.php?rest_route=\/wp\/v2\/users\/3"}],"replies":[{"embeddable":true,"href":"https:\/\/balcilar-blog.com\/index.php?rest_route=%2Fwp%2Fv2%2Fcomments&post=27558"}],"version-history":[{"count":2,"href":"https:\/\/balcilar-blog.com\/index.php?rest_route=\/wp\/v2\/posts\/27558\/revisions"}],"predecessor-version":[{"id":27568,"href":"https:\/\/balcilar-blog.com\/index.php?rest_route=\/wp\/v2\/posts\/27558\/revisions\/27568"}],"wp:featuredmedia":[{"embeddable":true,"href":"https:\/\/balcilar-blog.com\/index.php?rest_route=\/wp\/v2\/media\/27559"}],"wp:attachment":[{"href":"https:\/\/balcilar-blog.com\/index.php?rest_route=%2Fwp%2Fv2%2Fmedia&parent=27558"}],"wp:term":[{"taxonomy":"category","embeddable":true,"href":"https:\/\/balcilar-blog.com\/index.php?rest_route=%2Fwp%2Fv2%2Fcategories&post=27558"},{"taxonomy":"post_tag","embeddable":true,"href":"https:\/\/balcilar-blog.com\/index.php?rest_route=%2Fwp%2Fv2%2Ftags&post=27558"}],"curies":[{"name":"wp","href":"https:\/\/api.w.org\/{rel}","templated":true}]}}