{"id":27551,"date":"2021-09-12T18:20:49","date_gmt":"2021-09-12T15:20:49","guid":{"rendered":"http:\/\/balcilar-blog.com\/?p=27551"},"modified":"2021-09-12T18:20:49","modified_gmt":"2021-09-12T15:20:49","slug":"cagatay-ulusoy-bulanik-sularda-balik-avliyor","status":"publish","type":"post","link":"https:\/\/balcilar-blog.com\/?p=27551","title":{"rendered":"\u00c7a\u011fatay Ulusoy; Bulan\u0131k Sularda Bal\u0131k Avl\u0131yor!"},"content":{"rendered":"<p><a href=\"http:\/\/balcilar-blog.com\/wp-content\/uploads\/2021\/08\/E5eLAPsX0AUmJlG.jpg\"><img loading=\"lazy\" decoding=\"async\" class=\"alignnone size-full wp-image-27491\" src=\"http:\/\/balcilar-blog.com\/wp-content\/uploads\/2021\/08\/E5eLAPsX0AUmJlG.jpg\" alt=\"\" width=\"480\" height=\"480\" srcset=\"https:\/\/balcilar-blog.com\/wp-content\/uploads\/2021\/08\/E5eLAPsX0AUmJlG.jpg 480w, https:\/\/balcilar-blog.com\/wp-content\/uploads\/2021\/08\/E5eLAPsX0AUmJlG-300x300.jpg 300w, https:\/\/balcilar-blog.com\/wp-content\/uploads\/2021\/08\/E5eLAPsX0AUmJlG-150x150.jpg 150w\" sizes=\"auto, (max-width: 480px) 100vw, 480px\" \/><\/a><\/p>\n<p>\u00c7a\u011fatay Ulusoy \u015fu g\u00fcnlerde yeni sezonda ne yapaca\u011f\u0131 merak ediliyor ve belirsizli\u011fini koruyor. Haber kanallar\u0131nda hakk\u0131nda bir tak\u0131m kulaktan do\u011fma haberler yay\u0131nlan\u0131yor. Televizyon kanallar\u0131nda yer alacak yeni bir sezon dizisinde mi oynayacak? Yoksa dijital platformlar\u0131n birinde yer alacak bir yap\u0131mda m\u0131 oynayaca\u011f\u0131 belirsiz.<\/p>\n<p>Bir yay\u0131nc\u0131 kurulu\u015fun ortaya att\u0131\u011f\u0131 iddiaya g\u00f6re, bundan takriben 4 y\u0131l \u00f6nce ortaya at\u0131lan Orhan Pamuk&#8217;un Masumiyet M\u00fczesi roman\u0131n diziye aktar\u0131laca\u011f\u0131 yaz\u0131lm\u0131\u015ft\u0131. 2020 de Masumiyet M\u00fczesi roman\u0131n Amazon i\u00e7in dizi haline getirilece\u011fi ve ba\u015frol\u00fc \u00c7a\u011fatay Ulusoy&#8217;un oynayaca\u011f\u0131 s\u00f6ylenmi\u015fti. Bu dizinin OGM Pictures taraf\u0131ndan \u00e7ekilece\u011fi belirtilmi\u015fti.<\/p>\n<p><a href=\"http:\/\/balcilar-blog.com\/wp-content\/uploads\/2021\/09\/120604165740.jpg\"><img loading=\"lazy\" decoding=\"async\" class=\"alignnone size-full wp-image-27554\" src=\"http:\/\/balcilar-blog.com\/wp-content\/uploads\/2021\/09\/120604165740.jpg\" alt=\"\" width=\"425\" height=\"640\" srcset=\"https:\/\/balcilar-blog.com\/wp-content\/uploads\/2021\/09\/120604165740.jpg 425w, https:\/\/balcilar-blog.com\/wp-content\/uploads\/2021\/09\/120604165740-199x300.jpg 199w\" sizes=\"auto, (max-width: 425px) 100vw, 425px\" \/><\/a><\/p>\n<p>Orhan Pamuk, Masumiyet M\u00fczesini 2008 y\u0131l\u0131nda yazm\u0131\u015f, okurlar\u0131n\u0131n kar\u015f\u0131na \u00e7\u0131karm\u0131\u015ft\u0131. Ben de bu roman\u0131 merak edip sat\u0131n al\u0131p okumu\u015ftum. \u0130ddial\u0131 konusu ile tutkulu a\u015fk hikayesinde ve bu a\u015fk\u0131n zengin \u00e7ocu\u011fu Kemal ile fakir uzak akrabas\u0131 F\u00fcsun&#8217;un a\u015fk\u0131 anlat\u0131l\u0131yordu.\u00a0 Orhan Pamuk , kitab\u0131n\u0131n bir de m\u00fczesini hayata ge\u00e7irmi\u015fti.<\/p>\n<p><a href=\"http:\/\/balcilar-blog.com\/wp-content\/uploads\/2021\/09\/1200px-The_Museum_of_Innocence.jpg\"><img loading=\"lazy\" decoding=\"async\" class=\"alignnone size-full wp-image-27552\" src=\"http:\/\/balcilar-blog.com\/wp-content\/uploads\/2021\/09\/1200px-The_Museum_of_Innocence.jpg\" alt=\"\" width=\"480\" height=\"640\" srcset=\"https:\/\/balcilar-blog.com\/wp-content\/uploads\/2021\/09\/1200px-The_Museum_of_Innocence.jpg 480w, https:\/\/balcilar-blog.com\/wp-content\/uploads\/2021\/09\/1200px-The_Museum_of_Innocence-225x300.jpg 225w\" sizes=\"auto, (max-width: 480px) 100vw, 480px\" \/><\/a><\/p>\n<p>Ancak \u00fczerinden bir y\u0131l ge\u00e7mesine ra\u011fmen diziyle ilgili herhangi bir geli\u015fme olmad\u0131. Bu da dizinin ertelendi\u011fi veya iptal edildi\u011fi yorumlar\u0131na sebep oldu. Birka\u00e7 g\u00fcn \u00f6nce ise yeni bir geli\u015fme payla\u015f\u0131ld\u0131.<\/p>\n<p>Buna g\u00f6re Orhan Pamuk ve yap\u0131m \u015firketi bir kez daha anla\u015fma i\u00e7in masaya oturdu. Yap\u0131m \u015firketi Orhan Pamuk\u2019u, roman\u0131n diziye \u00e7ekilmesi i\u00e7in ikna etmeye \u00e7al\u0131\u015ft\u0131\u011f\u0131 yaz\u0131ld\u0131. Bakal\u0131m bu masadan anla\u015fma ile kalk\u0131lacak m\u0131?<\/p>\n<p><strong>Masumiyet M\u00fczesi\u2019nin k\u0131saca konusu \u015f\u00f6yle:<\/strong><\/p>\n<p><a href=\"http:\/\/balcilar-blog.com\/wp-content\/uploads\/2021\/09\/neokur_1575036249.jpg\"><img loading=\"lazy\" decoding=\"async\" class=\"alignnone size-full wp-image-27556\" src=\"http:\/\/balcilar-blog.com\/wp-content\/uploads\/2021\/09\/neokur_1575036249.jpg\" alt=\"\" width=\"526\" height=\"480\" srcset=\"https:\/\/balcilar-blog.com\/wp-content\/uploads\/2021\/09\/neokur_1575036249.jpg 526w, https:\/\/balcilar-blog.com\/wp-content\/uploads\/2021\/09\/neokur_1575036249-300x274.jpg 300w\" sizes=\"auto, (max-width: 526px) 100vw, 526px\" \/><\/a><\/p>\n<p>\u201c1975\u2019te bir bahar g\u00fcn\u00fc ba\u015flay\u0131p g\u00fcn\u00fcm\u00fcze kadar gelen, \u0130stanbullu zengin \u00e7ocu\u011fu Kemal ile uzak ve yoksul akrabas\u0131 F\u00fcsun\u2019un hik\u00e2yesi: H\u0131z\u0131, hareketi, olaylar\u0131n\u0131n ve kahramanlar\u0131n\u0131n zenginli\u011fi, mizah duygusu ve insan ruhunun derinliklerindeki f\u0131rt\u0131nalar\u0131 hissettirme g\u00fcc\u00fcyle, \u2018Masumiyet M\u00fczesi\u2019 elinizden b\u0131rakamayaca\u011f\u0131n\u0131z ve yeniden okuyaca\u011f\u0131n\u0131z kitaplardan biri olacak. Masumiyet M\u00fczesi\u2019ni okurken yaln\u0131z a\u015fk hakk\u0131nda de\u011fil, evlilik, arkada\u015fl\u0131k, cinsellik, tutku, aile ve mutluluk hakk\u0131ndaki b\u00fct\u00fcn d\u00fc\u015f\u00fcncelerinizin derinden etkilendi\u011fini ve kitab\u0131n reng\u00e2renk d\u00fcnyas\u0131ndan hi\u00e7 ayr\u0131lmak istemedi\u011finizi g\u00f6receksiniz.\u201d<\/p>\n<p>&nbsp;<\/p>\n<p><strong>NETFL\u0130X D\u0130Z\u0130S\u0130 M\u0130 OLACAK?<\/strong><\/p>\n<p>\u00c7a\u011fatay Ulusoy&#8217;un sosyal medya hesab\u0131nda yapt\u0131\u011f\u0131 payla\u015f\u0131mda Netflix projenin hen\u00fcz belirsiz, ancak 03 Medya taraf\u0131ndan \u00e7ekece\u011fini duyurdu.<\/p>\n<p><a href=\"http:\/\/balcilar-blog.com\/wp-content\/uploads\/2021\/09\/1127627.jpg\"><img loading=\"lazy\" decoding=\"async\" class=\"alignnone size-full wp-image-27553\" src=\"http:\/\/balcilar-blog.com\/wp-content\/uploads\/2021\/09\/1127627.jpg\" alt=\"\" width=\"640\" height=\"360\" srcset=\"https:\/\/balcilar-blog.com\/wp-content\/uploads\/2021\/09\/1127627.jpg 640w, https:\/\/balcilar-blog.com\/wp-content\/uploads\/2021\/09\/1127627-300x169.jpg 300w\" sizes=\"auto, (max-width: 640px) 100vw, 640px\" \/><\/a><\/p>\n<p>03 Medya&#8217;n\u0131n &#8220;Black \u0130stanbul&#8221; ad\u0131yla \u00e7ekece\u011fi, \u0130ngiliz bilim kurgu dizisi Black Mirror&#8217;un T\u00fcrkiye versiyonu olaca\u011f\u0131 ve her b\u00f6l\u00fcm\u00fcnde farkl\u0131 hikayelerin anlat\u0131lacak ve ana karakteri \u00c7a\u011fatay Ulusoy canland\u0131raca\u011f\u0131 s\u00f6yleniyor. \u0130nternet dizisi olarak dijital ortamda Netflix i\u00e7in \u00e7ekilece\u011fi yaz\u0131l\u0131yor.<\/p>\n<p>Bu t\u00fcr \u00e7al\u0131\u015fmalar hakk\u0131nda \u00c7a\u011fatay Ulusoy; yada Menajerlik b\u00fcrosu bir a\u00e7\u0131klama yapmad\u0131. Anlayaca\u011f\u0131n\u0131z denizlerde bal\u0131k tutmay\u0131 seven Ulusoy, yap\u0131mlar\u0131 i\u00e7in biz de, &#8220;Bulan\u0131k sularda bal\u0131k avl\u0131yoruz&#8221; diyebiliriz.<\/p>\n<p>\u00c7a\u011fatay Ulusoy&#8217;un Ye\u015fil\u00e7am dizisinde g\u00f6sterdi\u011fi ayn\u0131 performans\u0131 bu defa da, yeni yap\u0131mlar\u0131nda da g\u00f6sterece\u011fini umuyor ve bekliyorum.<\/p>\n<p>Hay\u0131rl\u0131 Olsun<\/p>\n<p>Abdurrahman Balc\u0131lar<\/p>\n<p>&nbsp;<\/p>\n","protected":false},"excerpt":{"rendered":"<p>\u00c7a\u011fatay Ulusoy \u015fu g\u00fcnlerde yeni sezonda ne yapaca\u011f\u0131 merak ediliyor ve belirsizli\u011fini koruyor. Haber kanallar\u0131nda hakk\u0131nda bir tak\u0131m kulaktan do\u011fma haberler yay\u0131nlan\u0131yor. Televizyon kanallar\u0131nda yer alacak yeni bir sezon dizisinde mi oynayacak? Yoksa dijital platformlar\u0131n birinde yer alacak bir yap\u0131mda m\u0131 oynayaca\u011f\u0131 belirsiz. Bir yay\u0131nc\u0131 kurulu\u015fun ortaya att\u0131\u011f\u0131 iddiaya g\u00f6re, bundan takriben 4 y\u0131l \u00f6nce [&hellip;]<\/p>\n","protected":false},"author":3,"featured_media":27491,"comment_status":"open","ping_status":"open","sticky":false,"template":"","format":"standard","meta":{"footnotes":""},"categories":[2123],"tags":[897,2336,15,2146,1478,2337,2149],"class_list":["post-27551","post","type-post","status-publish","format-standard","has-post-thumbnail","hentry","category-internet-dizileri","tag-03-medya","tag-black-istanbul","tag-cagatay-ulusoy","tag-masumiyet-muzesi","tag-netflix","tag-omg-pictures","tag-orhan-pamuk"],"views":1993,"blog_post_layout_featured_media_urls":{"thumbnail":["https:\/\/balcilar-blog.com\/wp-content\/uploads\/2021\/08\/E5eLAPsX0AUmJlG-150x150.jpg",150,150,true],"full":["https:\/\/balcilar-blog.com\/wp-content\/uploads\/2021\/08\/E5eLAPsX0AUmJlG.jpg",480,480,false]},"categories_names":{"2123":{"name":"Internet Dizileri","link":"https:\/\/balcilar-blog.com\/?cat=2123"}},"tags_names":{"897":{"name":"03 Medya","link":"https:\/\/balcilar-blog.com\/?tag=03-medya"},"2336":{"name":"Black \u0130stanbul","link":"https:\/\/balcilar-blog.com\/?tag=black-istanbul"},"15":{"name":"\u00e7a\u011fatay ulusoy","link":"https:\/\/balcilar-blog.com\/?tag=cagatay-ulusoy"},"2146":{"name":"Masumiyet M\u00fczesi","link":"https:\/\/balcilar-blog.com\/?tag=masumiyet-muzesi"},"1478":{"name":"Netflix","link":"https:\/\/balcilar-blog.com\/?tag=netflix"},"2337":{"name":"OMG Pictures","link":"https:\/\/balcilar-blog.com\/?tag=omg-pictures"},"2149":{"name":"Orhan Pamuk","link":"https:\/\/balcilar-blog.com\/?tag=orhan-pamuk"}},"comments_number":"0","wpmagazine_modules_lite_featured_media_urls":{"thumbnail":["https:\/\/balcilar-blog.com\/wp-content\/uploads\/2021\/08\/E5eLAPsX0AUmJlG-150x150.jpg",150,150,true],"cvmm-medium":["https:\/\/balcilar-blog.com\/wp-content\/uploads\/2021\/08\/E5eLAPsX0AUmJlG.jpg",300,300,false],"cvmm-medium-plus":["https:\/\/balcilar-blog.com\/wp-content\/uploads\/2021\/08\/E5eLAPsX0AUmJlG.jpg",207,207,false],"cvmm-portrait":["https:\/\/balcilar-blog.com\/wp-content\/uploads\/2021\/08\/E5eLAPsX0AUmJlG.jpg",400,400,false],"cvmm-medium-square":["https:\/\/balcilar-blog.com\/wp-content\/uploads\/2021\/08\/E5eLAPsX0AUmJlG.jpg",480,480,false],"cvmm-large":["https:\/\/balcilar-blog.com\/wp-content\/uploads\/2021\/08\/E5eLAPsX0AUmJlG.jpg",480,480,false],"cvmm-small":["https:\/\/balcilar-blog.com\/wp-content\/uploads\/2021\/08\/E5eLAPsX0AUmJlG.jpg",95,95,false],"full":["https:\/\/balcilar-blog.com\/wp-content\/uploads\/2021\/08\/E5eLAPsX0AUmJlG.jpg",480,480,false]},"_links":{"self":[{"href":"https:\/\/balcilar-blog.com\/index.php?rest_route=\/wp\/v2\/posts\/27551","targetHints":{"allow":["GET"]}}],"collection":[{"href":"https:\/\/balcilar-blog.com\/index.php?rest_route=\/wp\/v2\/posts"}],"about":[{"href":"https:\/\/balcilar-blog.com\/index.php?rest_route=\/wp\/v2\/types\/post"}],"author":[{"embeddable":true,"href":"https:\/\/balcilar-blog.com\/index.php?rest_route=\/wp\/v2\/users\/3"}],"replies":[{"embeddable":true,"href":"https:\/\/balcilar-blog.com\/index.php?rest_route=%2Fwp%2Fv2%2Fcomments&post=27551"}],"version-history":[{"count":1,"href":"https:\/\/balcilar-blog.com\/index.php?rest_route=\/wp\/v2\/posts\/27551\/revisions"}],"predecessor-version":[{"id":27557,"href":"https:\/\/balcilar-blog.com\/index.php?rest_route=\/wp\/v2\/posts\/27551\/revisions\/27557"}],"wp:featuredmedia":[{"embeddable":true,"href":"https:\/\/balcilar-blog.com\/index.php?rest_route=\/wp\/v2\/media\/27491"}],"wp:attachment":[{"href":"https:\/\/balcilar-blog.com\/index.php?rest_route=%2Fwp%2Fv2%2Fmedia&parent=27551"}],"wp:term":[{"taxonomy":"category","embeddable":true,"href":"https:\/\/balcilar-blog.com\/index.php?rest_route=%2Fwp%2Fv2%2Fcategories&post=27551"},{"taxonomy":"post_tag","embeddable":true,"href":"https:\/\/balcilar-blog.com\/index.php?rest_route=%2Fwp%2Fv2%2Ftags&post=27551"}],"curies":[{"name":"wp","href":"https:\/\/api.w.org\/{rel}","templated":true}]}}