{"id":27544,"date":"2021-09-11T21:07:39","date_gmt":"2021-09-11T18:07:39","guid":{"rendered":"http:\/\/balcilar-blog.com\/?p=27544"},"modified":"2021-09-11T21:17:51","modified_gmt":"2021-09-11T18:17:51","slug":"afra-saracoglu-tiyatro-dedi","status":"publish","type":"post","link":"https:\/\/balcilar-blog.com\/?p=27544","title":{"rendered":"Afra Sara\u00e7o\u011flu Tiyatro Dedi."},"content":{"rendered":"<p><a href=\"http:\/\/balcilar-blog.com\/wp-content\/uploads\/2021\/09\/557284.jpg\"><img loading=\"lazy\" decoding=\"async\" class=\"alignnone size-full wp-image-27547\" src=\"http:\/\/balcilar-blog.com\/wp-content\/uploads\/2021\/09\/557284.jpg\" alt=\"\" width=\"480\" height=\"640\" srcset=\"https:\/\/balcilar-blog.com\/wp-content\/uploads\/2021\/09\/557284.jpg 480w, https:\/\/balcilar-blog.com\/wp-content\/uploads\/2021\/09\/557284-225x300.jpg 225w\" sizes=\"auto, (max-width: 480px) 100vw, 480px\" \/><\/a><\/p>\n<p>Son y\u0131llarda y\u0131ld\u0131z\u0131 parlayan g\u00fczel oyuncu Afra Sara\u00e7o\u011flu tiyatroyu tercih etti. BluTv&#8217;de \u00c7a\u011fatay Ulusoy ile Ye\u015fil\u00e7am\u00a0 inernet dizisinde oynayan Sara\u00e7o\u011flu Mert F\u0131rat&#8217;\u0131n y\u00f6netece\u011fi tiyatro oyununda oynayacak.<\/p>\n<p><a href=\"http:\/\/balcilar-blog.com\/wp-content\/uploads\/2021\/09\/ExupKhSXAAIsjqC.jpg\"><img loading=\"lazy\" decoding=\"async\" class=\"alignnone size-full wp-image-27546\" src=\"http:\/\/balcilar-blog.com\/wp-content\/uploads\/2021\/09\/ExupKhSXAAIsjqC.jpg\" alt=\"\" width=\"640\" height=\"427\" srcset=\"https:\/\/balcilar-blog.com\/wp-content\/uploads\/2021\/09\/ExupKhSXAAIsjqC.jpg 640w, https:\/\/balcilar-blog.com\/wp-content\/uploads\/2021\/09\/ExupKhSXAAIsjqC-300x200.jpg 300w\" sizes=\"auto, (max-width: 640px) 100vw, 640px\" \/><\/a><\/p>\n<p>03 Medya, BKM, Gold Film, ve Ay Yap\u0131m gibi \u00f6nemli yap\u0131m \u015firketlerinden gelen dizi oyunlar\u0131n\u0131 hay\u0131r demi\u015f oldu. Mert F\u0131rat y\u00f6netece\u011fi DasDas&#8217;\u0131n tiyatro oyununda oynamay\u0131 kabul etmi\u015f. Bu da demek ki, seyirci kar\u015f\u0131s\u0131nda canl\u0131 tiyatro yapacak.<\/p>\n<p>Afra Sara\u00e7o\u011flu \u00e7ok heyecanl\u0131 oldu\u011funu belirtmi\u015f. Ger\u00e7ekten seyirci kar\u015f\u0131s\u0131nda canl\u0131 tiyatro oynamak b\u00fcy\u00fck bir beceri i\u015fi. Oyunun konusu ve i\u00e7eri\u011fi hen\u00fcz belli de\u011fil. Yak\u0131nda da provalar\u0131 ba\u015flayacakm\u0131\u015f. Afra Sara\u00e7o\u011flu&#8217;nu Nisan May\u0131s aylar\u0131nda Ye\u015fil\u00e7am dizisinde seyrettik, performans\u0131 ile g\u00f6z doldurdu. Ye\u015fil\u00e7am&#8217;\u0131n 2.sezonu \u00e7ekildi ama, hen\u00fcz BluTv internet platformunda hen\u00fcz g\u00f6sterime girmedi.<\/p>\n<p>Tv dizi yap\u0131mc\u0131lar\u0131n\u0131n teklif etti\u011fi, Sara\u00e7o\u011flu&#8217;nun kabul etmedi\u011fi diziler aras\u0131nda, \u00dc\u00e7kuru\u015f, El K\u0131z\u0131, Destan, \u0130ntiba, \u0130yi Adam\u0131n 10 G\u00fcn\u00fc ve Kanunsuz Topraklar gibi \u00f6nemli diziler vard\u0131. Reddinin sebebi ne olursa olsun, televizyonda ba\u015frol oynayarak, daha iyi para kazanabilece\u011fi dizileri ret etmesinin sebebi, tiyatro sahnelerinde daha fazla deneyim kazanmak istiyor herhalde diyelim.<\/p>\n<p><a href=\"http:\/\/balcilar-blog.com\/wp-content\/uploads\/2021\/09\/afra-saracoglu-yeni-dizisiyle-donuyor_ad1d2.jpg\"><img loading=\"lazy\" decoding=\"async\" class=\"alignnone size-full wp-image-27545\" src=\"http:\/\/balcilar-blog.com\/wp-content\/uploads\/2021\/09\/afra-saracoglu-yeni-dizisiyle-donuyor_ad1d2.jpg\" alt=\"\" width=\"640\" height=\"333\" srcset=\"https:\/\/balcilar-blog.com\/wp-content\/uploads\/2021\/09\/afra-saracoglu-yeni-dizisiyle-donuyor_ad1d2.jpg 640w, https:\/\/balcilar-blog.com\/wp-content\/uploads\/2021\/09\/afra-saracoglu-yeni-dizisiyle-donuyor_ad1d2-300x156.jpg 300w\" sizes=\"auto, (max-width: 640px) 100vw, 640px\" \/><\/a><\/p>\n<p>Afra Sara\u00e7o\u011flu&#8217;na sahnelerde \u015fimdiden ba\u015far\u0131lar dileyelim, hakk\u0131nda hay\u0131rl\u0131s\u0131 olsun.<\/p>\n<p>Abdurrahman Balc\u0131lar<\/p>\n<p>&nbsp;<\/p>\n<p>&nbsp;<\/p>\n<p>Not: H\u00fcrriyet, Mehmet \u00dcst\u00fcnda\u011f&#8217;\u0131n haberi.<\/p>\n<p>&nbsp;<\/p>\n<p>&nbsp;<\/p>\n","protected":false},"excerpt":{"rendered":"<p>Son y\u0131llarda y\u0131ld\u0131z\u0131 parlayan g\u00fczel oyuncu Afra Sara\u00e7o\u011flu tiyatroyu tercih etti. BluTv&#8217;de \u00c7a\u011fatay Ulusoy ile Ye\u015fil\u00e7am\u00a0 inernet dizisinde oynayan Sara\u00e7o\u011flu Mert F\u0131rat&#8217;\u0131n y\u00f6netece\u011fi tiyatro oyununda oynayacak. 03 Medya, BKM, Gold Film, ve Ay Yap\u0131m gibi \u00f6nemli yap\u0131m \u015firketlerinden gelen dizi oyunlar\u0131n\u0131 hay\u0131r demi\u015f oldu. Mert F\u0131rat y\u00f6netece\u011fi DasDas&#8217;\u0131n tiyatro oyununda oynamay\u0131 kabul etmi\u015f. Bu da [&hellip;]<\/p>\n","protected":false},"author":3,"featured_media":27547,"comment_status":"open","ping_status":"open","sticky":false,"template":"","format":"standard","meta":{"footnotes":""},"categories":[908],"tags":[2226,1673,15,1909,1365,1825],"class_list":["post-27544","post","type-post","status-publish","format-standard","has-post-thumbnail","hentry","category-tiyatro","tag-afra-saracoglu","tag-blutv","tag-cagatay-ulusoy","tag-dasdas","tag-mert-firat","tag-yesilcam"],"views":1967,"blog_post_layout_featured_media_urls":{"thumbnail":["https:\/\/balcilar-blog.com\/wp-content\/uploads\/2021\/09\/557284-150x150.jpg",150,150,true],"full":["https:\/\/balcilar-blog.com\/wp-content\/uploads\/2021\/09\/557284.jpg",480,640,false]},"categories_names":{"908":{"name":"Tiyatro","link":"https:\/\/balcilar-blog.com\/?cat=908"}},"tags_names":{"2226":{"name":"Afra Sara\u00e7o\u011flu","link":"https:\/\/balcilar-blog.com\/?tag=afra-saracoglu"},"1673":{"name":"BluTV","link":"https:\/\/balcilar-blog.com\/?tag=blutv"},"15":{"name":"\u00e7a\u011fatay ulusoy","link":"https:\/\/balcilar-blog.com\/?tag=cagatay-ulusoy"},"1909":{"name":"DasDas","link":"https:\/\/balcilar-blog.com\/?tag=dasdas"},"1365":{"name":"Mert F\u0131rat","link":"https:\/\/balcilar-blog.com\/?tag=mert-firat"},"1825":{"name":"Ye\u015fil\u00e7am","link":"https:\/\/balcilar-blog.com\/?tag=yesilcam"}},"comments_number":"0","wpmagazine_modules_lite_featured_media_urls":{"thumbnail":["https:\/\/balcilar-blog.com\/wp-content\/uploads\/2021\/09\/557284-150x150.jpg",150,150,true],"cvmm-medium":["https:\/\/balcilar-blog.com\/wp-content\/uploads\/2021\/09\/557284.jpg",225,300,false],"cvmm-medium-plus":["https:\/\/balcilar-blog.com\/wp-content\/uploads\/2021\/09\/557284.jpg",155,207,false],"cvmm-portrait":["https:\/\/balcilar-blog.com\/wp-content\/uploads\/2021\/09\/557284.jpg",400,533,false],"cvmm-medium-square":["https:\/\/balcilar-blog.com\/wp-content\/uploads\/2021\/09\/557284.jpg",450,600,false],"cvmm-large":["https:\/\/balcilar-blog.com\/wp-content\/uploads\/2021\/09\/557284.jpg",480,640,false],"cvmm-small":["https:\/\/balcilar-blog.com\/wp-content\/uploads\/2021\/09\/557284.jpg",71,95,false],"full":["https:\/\/balcilar-blog.com\/wp-content\/uploads\/2021\/09\/557284.jpg",480,640,false]},"_links":{"self":[{"href":"https:\/\/balcilar-blog.com\/index.php?rest_route=\/wp\/v2\/posts\/27544","targetHints":{"allow":["GET"]}}],"collection":[{"href":"https:\/\/balcilar-blog.com\/index.php?rest_route=\/wp\/v2\/posts"}],"about":[{"href":"https:\/\/balcilar-blog.com\/index.php?rest_route=\/wp\/v2\/types\/post"}],"author":[{"embeddable":true,"href":"https:\/\/balcilar-blog.com\/index.php?rest_route=\/wp\/v2\/users\/3"}],"replies":[{"embeddable":true,"href":"https:\/\/balcilar-blog.com\/index.php?rest_route=%2Fwp%2Fv2%2Fcomments&post=27544"}],"version-history":[{"count":3,"href":"https:\/\/balcilar-blog.com\/index.php?rest_route=\/wp\/v2\/posts\/27544\/revisions"}],"predecessor-version":[{"id":27550,"href":"https:\/\/balcilar-blog.com\/index.php?rest_route=\/wp\/v2\/posts\/27544\/revisions\/27550"}],"wp:featuredmedia":[{"embeddable":true,"href":"https:\/\/balcilar-blog.com\/index.php?rest_route=\/wp\/v2\/media\/27547"}],"wp:attachment":[{"href":"https:\/\/balcilar-blog.com\/index.php?rest_route=%2Fwp%2Fv2%2Fmedia&parent=27544"}],"wp:term":[{"taxonomy":"category","embeddable":true,"href":"https:\/\/balcilar-blog.com\/index.php?rest_route=%2Fwp%2Fv2%2Fcategories&post=27544"},{"taxonomy":"post_tag","embeddable":true,"href":"https:\/\/balcilar-blog.com\/index.php?rest_route=%2Fwp%2Fv2%2Ftags&post=27544"}],"curies":[{"name":"wp","href":"https:\/\/api.w.org\/{rel}","templated":true}]}}