{"id":27477,"date":"2021-08-31T15:49:07","date_gmt":"2021-08-31T12:49:07","guid":{"rendered":"http:\/\/balcilar-blog.com\/?p=27477"},"modified":"2021-08-31T15:49:07","modified_gmt":"2021-08-31T12:49:07","slug":"bir-zamanlar-cukurovada-neler-oluyor","status":"publish","type":"post","link":"https:\/\/balcilar-blog.com\/?p=27477","title":{"rendered":"Bir Zamanlar \u00c7ukurova&#8217;da Neler Oluyor?"},"content":{"rendered":"<p>Bir Zamanlar \u00c7ukurova dizisi herkesin ilgi ile izledi\u011fi sevilen bir dizi. Yaman Han\u0131m\u0131n (Vahide Per\u00e7in) diziden ayr\u0131lmas\u0131 ile arkas\u0131 \u00e7orap s\u00f6k\u00fc\u011f\u00fc gibi geldi.<\/p>\n<p><a href=\"http:\/\/balcilar-blog.com\/wp-content\/uploads\/2021\/08\/3158839_810x458.jpg\"><img loading=\"lazy\" decoding=\"async\" class=\"alignnone size-full wp-image-27481\" src=\"http:\/\/balcilar-blog.com\/wp-content\/uploads\/2021\/08\/3158839_810x458.jpg\" alt=\"\" width=\"640\" height=\"362\" srcset=\"https:\/\/balcilar-blog.com\/wp-content\/uploads\/2021\/08\/3158839_810x458.jpg 640w, https:\/\/balcilar-blog.com\/wp-content\/uploads\/2021\/08\/3158839_810x458-300x170.jpg 300w\" sizes=\"auto, (max-width: 640px) 100vw, 640px\" \/><\/a><\/p>\n<p>Y\u0131lmaz (U\u011fur G\u00fcne\u015f) yeni bir dizi i\u00e7in ayr\u0131ld\u0131. Arkas\u0131ndan M\u00fcjgan&#8217;\u0131n halas\u0131 k\u00f6t\u00fc kad\u0131n Behice (Esra Dermenc\u0131o\u011flu) diziden kendini u\u00e7urumdan atarak \u00f6ld\u00fc ve ayr\u0131ld\u0131.<\/p>\n<p>\u015eimdi de ana karakterlerden Demir (Murat \u00dcnalm\u0131\u015f) ayr\u0131lacakm\u0131\u015f.<\/p>\n<p><a href=\"http:\/\/balcilar-blog.com\/wp-content\/uploads\/2021\/08\/bir-zamanlar-cukurova_3.jpg\"><img loading=\"lazy\" decoding=\"async\" class=\"alignnone size-full wp-image-27482\" src=\"http:\/\/balcilar-blog.com\/wp-content\/uploads\/2021\/08\/bir-zamanlar-cukurova_3.jpg\" alt=\"\" width=\"640\" height=\"360\" srcset=\"https:\/\/balcilar-blog.com\/wp-content\/uploads\/2021\/08\/bir-zamanlar-cukurova_3.jpg 640w, https:\/\/balcilar-blog.com\/wp-content\/uploads\/2021\/08\/bir-zamanlar-cukurova_3-300x169.jpg 300w\" sizes=\"auto, (max-width: 640px) 100vw, 640px\" \/><\/a><\/p>\n<p>Fekeli de diziden ayr\u0131lmas\u0131 ile dizde ba\u015frol oyuncular\u0131ndan Z\u00fcleyha (Hilal Alt\u0131nbilek) kald\u0131. Bir de daha \u00f6nce diziye sonradan giren Fikret karakteri (Furkan Palal\u0131) kald\u0131. \u00dcst\u00fcne \u00fcstelik bilge ki\u015fi karakteri olarak dizeye g\u00fc\u00e7 katan Kerem Al\u0131\u015f\u0131k da ayr\u0131l\u0131yormu\u015f. Tam 4.sezona girerken \u00c7ukurova da yaprak d\u00f6k\u00fcm\u00fc devam etti.<\/p>\n<p>Dizinin yap\u0131mc\u0131s\u0131 Tims&amp;B Production harekete ge\u00e7ti. Murat \u00dcnalm\u0131\u015f&#8217;\u0131n yerini doldurmak i\u00e7in \u0130brahim \u00c7elikkol&#8217;u diziye katt\u0131. \u00c7elikkol diziye itibarl\u0131, kendi zenginli\u011fi kendi kazanm\u0131\u015f bir i\u015f adam\u0131 &#8220;Hakan G\u00fcm\u00fc\u015fo\u011flu&#8221; karakteri olarak geliyor.<\/p>\n<p>&nbsp;<\/p>\n<p>&nbsp;<\/p>\n<p><a href=\"http:\/\/balcilar-blog.com\/wp-content\/uploads\/2021\/08\/612de27b4e3fe00c40fa6322.jpg\"><img loading=\"lazy\" decoding=\"async\" class=\"alignnone size-full wp-image-27485\" src=\"http:\/\/balcilar-blog.com\/wp-content\/uploads\/2021\/08\/612de27b4e3fe00c40fa6322.jpg\" alt=\"\" width=\"640\" height=\"362\" srcset=\"https:\/\/balcilar-blog.com\/wp-content\/uploads\/2021\/08\/612de27b4e3fe00c40fa6322.jpg 640w, https:\/\/balcilar-blog.com\/wp-content\/uploads\/2021\/08\/612de27b4e3fe00c40fa6322-300x170.jpg 300w\" sizes=\"auto, (max-width: 640px) 100vw, 640px\" \/><\/a><\/p>\n<p>\u0130brahim \u00c7elikkol, &#8220;Hakan G\u00fcm\u00fc\u015fo\u011flu&#8221; karakteri olarak \u00c7ukurova cemiyet hayat\u0131na h\u0131zl\u0131 bir giri\u015f yapacakm\u0131\u015f, bakal\u0131m Demir Bey ile kozlar\u0131n\u0131 payla\u015f\u0131p, meydan ona m\u0131 kalacak!<\/p>\n<p><a href=\"http:\/\/balcilar-blog.com\/wp-content\/uploads\/2021\/08\/400x225-bir-zamanlar-cukurova-1622647055927.jpg\"><img loading=\"lazy\" decoding=\"async\" class=\"alignnone size-full wp-image-27479\" src=\"http:\/\/balcilar-blog.com\/wp-content\/uploads\/2021\/08\/400x225-bir-zamanlar-cukurova-1622647055927.jpg\" alt=\"\" width=\"640\" height=\"360\" srcset=\"https:\/\/balcilar-blog.com\/wp-content\/uploads\/2021\/08\/400x225-bir-zamanlar-cukurova-1622647055927.jpg 640w, https:\/\/balcilar-blog.com\/wp-content\/uploads\/2021\/08\/400x225-bir-zamanlar-cukurova-1622647055927-300x169.jpg 300w\" sizes=\"auto, (max-width: 640px) 100vw, 640px\" \/><\/a><\/p>\n<p>Demir ile \u00fcniversite y\u0131llar\u0131ndan eski has\u0131m biri. Art\u0131k Demir Bey diziden nas\u0131l ayr\u0131lacak, \u00f6lecek mi hikayesi nas\u0131l bitecek bilmiyorum.<\/p>\n<p>Ben kendi ad\u0131ma bug\u00fcne kadar s\u0131k\u0131 takip etti\u011fim bir dizi idi &#8220;Bir Zamanlar \u00c7ukurova&#8221;. \u00d6n\u00fcm\u00fczdeki g\u00fcnlerde 4 sezonun ilk b\u00f6l\u00fcm\u00fc olan 103.b\u00f6l\u00fcm ile ba\u015flayacak. B\u00f6l\u00fcm fragman\u0131 da yay\u0131nland\u0131. Fragmanda \u0130brahim \u00c7elikkol bir an g\u00f6z\u00fck\u00fcyor.<\/p>\n<p><a href=\"http:\/\/balcilar-blog.com\/wp-content\/uploads\/2021\/08\/0x0-1623317920898.jpg\"><img loading=\"lazy\" decoding=\"async\" class=\"alignnone size-full wp-image-27478\" src=\"http:\/\/balcilar-blog.com\/wp-content\/uploads\/2021\/08\/0x0-1623317920898.jpg\" alt=\"\" width=\"640\" height=\"236\" srcset=\"https:\/\/balcilar-blog.com\/wp-content\/uploads\/2021\/08\/0x0-1623317920898.jpg 640w, https:\/\/balcilar-blog.com\/wp-content\/uploads\/2021\/08\/0x0-1623317920898-300x111.jpg 300w\" sizes=\"auto, (max-width: 640px) 100vw, 640px\" \/><\/a><\/p>\n<p>Bir Zamanlar \u00c7ukurova dizisinde neler oluyor? Fekeli Kerem Al\u0131\u015f\u0131k ve Demir Bey (Murat \u00dcnalm\u0131\u015f) diziden ayr\u0131lmas\u0131 dizde izleyici kayb\u0131 olacak m\u0131? \u0130brahim \u00c7elikkol yerlerini doldurabilecek mi? Merakla bekliyoruz.<\/p>\n<p><a href=\"http:\/\/balcilar-blog.com\/wp-content\/uploads\/2021\/08\/61273a6386b24426cc84d6c8.jpg\"><img loading=\"lazy\" decoding=\"async\" class=\"alignnone size-full wp-image-27480\" src=\"http:\/\/balcilar-blog.com\/wp-content\/uploads\/2021\/08\/61273a6386b24426cc84d6c8.jpg\" alt=\"\" width=\"640\" height=\"377\" srcset=\"https:\/\/balcilar-blog.com\/wp-content\/uploads\/2021\/08\/61273a6386b24426cc84d6c8.jpg 640w, https:\/\/balcilar-blog.com\/wp-content\/uploads\/2021\/08\/61273a6386b24426cc84d6c8-300x177.jpg 300w\" sizes=\"auto, (max-width: 640px) 100vw, 640px\" \/><\/a><\/p>\n<p>Merak edilen di\u011fer bir konu; Z\u00fcleyha ile yeni oyuncu Hakan aras\u0131nda yeni bir a\u015fk do\u011facak m\u0131?<\/p>\n<p>Bir Zamanlar \u00c7ukurova yine Per\u015fembe ak\u015famlar\u0131 ekranlara gelecek. 103.B\u00f6l\u00fcm 9 Eyl\u00fcl Per\u015fembe ak\u015fam\u0131 Atv ekranlar\u0131nda olacak.<\/p>\n<p>Keyifli Seyirler<\/p>\n<p>Abdurrahman Balc\u0131lar<\/p>\n<p>&nbsp;<\/p>\n<p>&nbsp;<\/p>\n<p>&nbsp;<\/p>\n","protected":false},"excerpt":{"rendered":"<p>Bir Zamanlar \u00c7ukurova dizisi herkesin ilgi ile izledi\u011fi sevilen bir dizi. Yaman Han\u0131m\u0131n (Vahide Per\u00e7in) diziden ayr\u0131lmas\u0131 ile arkas\u0131 \u00e7orap s\u00f6k\u00fc\u011f\u00fc gibi geldi. Y\u0131lmaz (U\u011fur G\u00fcne\u015f) yeni bir dizi i\u00e7in ayr\u0131ld\u0131. Arkas\u0131ndan M\u00fcjgan&#8217;\u0131n halas\u0131 k\u00f6t\u00fc kad\u0131n Behice (Esra Dermenc\u0131o\u011flu) diziden kendini u\u00e7urumdan atarak \u00f6ld\u00fc ve ayr\u0131ld\u0131. \u015eimdi de ana karakterlerden Demir (Murat \u00dcnalm\u0131\u015f) ayr\u0131lacakm\u0131\u015f. Fekeli [&hellip;]<\/p>\n","protected":false},"author":3,"featured_media":27485,"comment_status":"open","ping_status":"open","sticky":false,"template":"","format":"standard","meta":{"footnotes":""},"categories":[2],"tags":[1770,1181,1774,94,911,1772],"class_list":["post-27477","post","type-post","status-publish","format-standard","has-post-thumbnail","hentry","category-tv-programlari","tag-bir-zamanlar-cukurova","tag-furkan-palali","tag-hilal-altinbilek","tag-ibrahim-celikkol","tag-kerem-alisik","tag-murat-unalmis"],"views":2086,"blog_post_layout_featured_media_urls":{"thumbnail":["https:\/\/balcilar-blog.com\/wp-content\/uploads\/2021\/08\/612de27b4e3fe00c40fa6322-150x150.jpg",150,150,true],"full":["https:\/\/balcilar-blog.com\/wp-content\/uploads\/2021\/08\/612de27b4e3fe00c40fa6322.jpg",640,362,false]},"categories_names":{"2":{"name":"TV Programlar\u0131","link":"https:\/\/balcilar-blog.com\/?cat=2"}},"tags_names":{"1770":{"name":"Bir Zamanlar \u00c7ukurova","link":"https:\/\/balcilar-blog.com\/?tag=bir-zamanlar-cukurova"},"1181":{"name":"Furkan Palal\u0131","link":"https:\/\/balcilar-blog.com\/?tag=furkan-palali"},"1774":{"name":"Hilal Alt\u0131nbilek","link":"https:\/\/balcilar-blog.com\/?tag=hilal-altinbilek"},"94":{"name":"\u0130brahim \u00c7elikkol","link":"https:\/\/balcilar-blog.com\/?tag=ibrahim-celikkol"},"911":{"name":"Kerem Al\u0131\u015f\u0131k","link":"https:\/\/balcilar-blog.com\/?tag=kerem-alisik"},"1772":{"name":"Murat \u00dcnalm\u0131\u015f","link":"https:\/\/balcilar-blog.com\/?tag=murat-unalmis"}},"comments_number":"0","wpmagazine_modules_lite_featured_media_urls":{"thumbnail":["https:\/\/balcilar-blog.com\/wp-content\/uploads\/2021\/08\/612de27b4e3fe00c40fa6322-150x150.jpg",150,150,true],"cvmm-medium":["https:\/\/balcilar-blog.com\/wp-content\/uploads\/2021\/08\/612de27b4e3fe00c40fa6322.jpg",300,170,false],"cvmm-medium-plus":["https:\/\/balcilar-blog.com\/wp-content\/uploads\/2021\/08\/612de27b4e3fe00c40fa6322.jpg",305,173,false],"cvmm-portrait":["https:\/\/balcilar-blog.com\/wp-content\/uploads\/2021\/08\/612de27b4e3fe00c40fa6322.jpg",400,226,false],"cvmm-medium-square":["https:\/\/balcilar-blog.com\/wp-content\/uploads\/2021\/08\/612de27b4e3fe00c40fa6322.jpg",600,339,false],"cvmm-large":["https:\/\/balcilar-blog.com\/wp-content\/uploads\/2021\/08\/612de27b4e3fe00c40fa6322.jpg",640,362,false],"cvmm-small":["https:\/\/balcilar-blog.com\/wp-content\/uploads\/2021\/08\/612de27b4e3fe00c40fa6322.jpg",130,74,false],"full":["https:\/\/balcilar-blog.com\/wp-content\/uploads\/2021\/08\/612de27b4e3fe00c40fa6322.jpg",640,362,false]},"_links":{"self":[{"href":"https:\/\/balcilar-blog.com\/index.php?rest_route=\/wp\/v2\/posts\/27477","targetHints":{"allow":["GET"]}}],"collection":[{"href":"https:\/\/balcilar-blog.com\/index.php?rest_route=\/wp\/v2\/posts"}],"about":[{"href":"https:\/\/balcilar-blog.com\/index.php?rest_route=\/wp\/v2\/types\/post"}],"author":[{"embeddable":true,"href":"https:\/\/balcilar-blog.com\/index.php?rest_route=\/wp\/v2\/users\/3"}],"replies":[{"embeddable":true,"href":"https:\/\/balcilar-blog.com\/index.php?rest_route=%2Fwp%2Fv2%2Fcomments&post=27477"}],"version-history":[{"count":1,"href":"https:\/\/balcilar-blog.com\/index.php?rest_route=\/wp\/v2\/posts\/27477\/revisions"}],"predecessor-version":[{"id":27486,"href":"https:\/\/balcilar-blog.com\/index.php?rest_route=\/wp\/v2\/posts\/27477\/revisions\/27486"}],"wp:featuredmedia":[{"embeddable":true,"href":"https:\/\/balcilar-blog.com\/index.php?rest_route=\/wp\/v2\/media\/27485"}],"wp:attachment":[{"href":"https:\/\/balcilar-blog.com\/index.php?rest_route=%2Fwp%2Fv2%2Fmedia&parent=27477"}],"wp:term":[{"taxonomy":"category","embeddable":true,"href":"https:\/\/balcilar-blog.com\/index.php?rest_route=%2Fwp%2Fv2%2Fcategories&post=27477"},{"taxonomy":"post_tag","embeddable":true,"href":"https:\/\/balcilar-blog.com\/index.php?rest_route=%2Fwp%2Fv2%2Ftags&post=27477"}],"curies":[{"name":"wp","href":"https:\/\/api.w.org\/{rel}","templated":true}]}}