{"id":27463,"date":"2021-08-23T13:06:44","date_gmt":"2021-08-23T10:06:44","guid":{"rendered":"http:\/\/balcilar-blog.com\/?p=27463"},"modified":"2021-08-23T13:13:28","modified_gmt":"2021-08-23T10:13:28","slug":"ay-yapimdan-yeni-dizi-yargi-geliyor","status":"publish","type":"post","link":"https:\/\/balcilar-blog.com\/?p=27463","title":{"rendered":"Ay Yap\u0131m&#8217;dan Yeni Dizi &#8220;Yarg\u0131&#8221; Geliyor!"},"content":{"rendered":"<p>&nbsp;<\/p>\n<p><a href=\"http:\/\/balcilar-blog.com\/wp-content\/uploads\/2021\/08\/kaan-pinar.jpg\"><img loading=\"lazy\" decoding=\"async\" class=\"alignnone size-full wp-image-27468\" src=\"http:\/\/balcilar-blog.com\/wp-content\/uploads\/2021\/08\/kaan-pinar.jpg\" alt=\"\" width=\"640\" height=\"353\" srcset=\"https:\/\/balcilar-blog.com\/wp-content\/uploads\/2021\/08\/kaan-pinar.jpg 640w, https:\/\/balcilar-blog.com\/wp-content\/uploads\/2021\/08\/kaan-pinar-300x165.jpg 300w\" sizes=\"auto, (max-width: 640px) 100vw, 640px\" \/><\/a><\/p>\n<p>Ay Yap\u0131m yeni dizisi Yarg\u0131&#8217;n\u0131n haz\u0131rl\u0131klar\u0131 h\u0131zla devam ediyor. \u015eu g\u00fcnlerde okuma provalar\u0131 yap\u0131lan dizinin \u00e7ekimleri ay sonu ba\u015flayacak.<\/p>\n<p>Ali Bilgin&#8217;in y\u00f6netmenli\u011fini \u00fcstlendi\u011fi dizinin ba\u015f rollerini, P\u0131nar Deniz &#8220;Avukat Ceylin&#8221; karakteri ve Kaan Urganc\u0131o\u011flu &#8220;Savc\u0131 Ilgaz&#8221; karakterini payla\u015farak kar\u015f\u0131m\u0131za geliyorlar. Di\u011fer rollerde U\u011fur Aslan, H\u00fcseyin Avni Danyal, Zeyno Eracar ve Mehmet Y\u0131lmaz Ak yer al\u0131yor. Dizinin senaryosunu Sema Ergenekon yaz\u0131yor. Konu ilgin\u00e7&#8230; Avukatlar\u0131n rekabete dayal\u0131 hikayesini konu al\u0131yor ve \u015fimdilerde okuma provalar\u0131 yap\u0131l\u0131yormu\u015f.<\/p>\n<p><a href=\"http:\/\/balcilar-blog.com\/wp-content\/uploads\/2021\/08\/E9dUPJvXoAArgLs.jpg\"><img loading=\"lazy\" decoding=\"async\" class=\"alignnone size-full wp-image-27464\" src=\"http:\/\/balcilar-blog.com\/wp-content\/uploads\/2021\/08\/E9dUPJvXoAArgLs.jpg\" alt=\"\" width=\"640\" height=\"408\" srcset=\"https:\/\/balcilar-blog.com\/wp-content\/uploads\/2021\/08\/E9dUPJvXoAArgLs.jpg 640w, https:\/\/balcilar-blog.com\/wp-content\/uploads\/2021\/08\/E9dUPJvXoAArgLs-300x191.jpg 300w\" sizes=\"auto, (max-width: 640px) 100vw, 640px\" \/><\/a><\/p>\n<p>Yarg\u0131 dizisi Kanal D ekranlar\u0131nda yay\u0131nlanacak. Okuma provalar\u0131ndan sonra h\u0131zla ilk b\u00f6l\u00fcmlerin \u00e7ekimlerine ge\u00e7ilecek! Eyl\u00fcl ay\u0131 i\u00e7inde yeni sezonda ilk b\u00f6l\u00fcm\u00fc ile izleyici kar\u015f\u0131s\u0131na \u00e7\u0131kacak.<\/p>\n<p><a href=\"http:\/\/balcilar-blog.com\/wp-content\/uploads\/2021\/08\/612343a686b244175cd86e4f.jpg\"><img loading=\"lazy\" decoding=\"async\" class=\"alignnone size-full wp-image-27465\" src=\"http:\/\/balcilar-blog.com\/wp-content\/uploads\/2021\/08\/612343a686b244175cd86e4f.jpg\" alt=\"\" width=\"640\" height=\"337\" srcset=\"https:\/\/balcilar-blog.com\/wp-content\/uploads\/2021\/08\/612343a686b244175cd86e4f.jpg 640w, https:\/\/balcilar-blog.com\/wp-content\/uploads\/2021\/08\/612343a686b244175cd86e4f-300x158.jpg 300w\" sizes=\"auto, (max-width: 640px) 100vw, 640px\" \/><\/a><\/p>\n<p>Ge\u00e7en y\u0131l Pandomi nedeniyle dizi sekt\u00f6r\u00fc olduk\u00e7a duraksam\u0131\u015f, diziler \u00e7ekilememi\u015fti. Bu nedenle bu y\u0131l, 2021 &#8211; 2022 sezonu olduk\u00e7a iyi ge\u00e7ecek gibi g\u00f6z\u00fck\u00fcyor.<\/p>\n<p>Ay Yap\u0131mdan g\u00fczel bir dizi geliyor. Yarg\u0131 yeni sezonda g\u00fc\u00e7l\u00fc kadrosu ile Kanal D ekranlar\u0131nda severek izleyece\u011finiz bir dizi olacak!<\/p>\n<p>Keyifli Seyirler<\/p>\n<p>Abdurrahman Balc\u0131lar<\/p>\n","protected":false},"excerpt":{"rendered":"<p>&nbsp; Ay Yap\u0131m yeni dizisi Yarg\u0131&#8217;n\u0131n haz\u0131rl\u0131klar\u0131 h\u0131zla devam ediyor. \u015eu g\u00fcnlerde okuma provalar\u0131 yap\u0131lan dizinin \u00e7ekimleri ay sonu ba\u015flayacak. Ali Bilgin&#8217;in y\u00f6netmenli\u011fini \u00fcstlendi\u011fi dizinin ba\u015f rollerini, P\u0131nar Deniz &#8220;Avukat Ceylin&#8221; karakteri ve Kaan Urganc\u0131o\u011flu &#8220;Savc\u0131 Ilgaz&#8221; karakterini payla\u015farak kar\u015f\u0131m\u0131za geliyorlar. Di\u011fer rollerde U\u011fur Aslan, H\u00fcseyin Avni Danyal, Zeyno Eracar ve Mehmet Y\u0131lmaz Ak yer [&hellip;]<\/p>\n","protected":false},"author":3,"featured_media":27468,"comment_status":"open","ping_status":"open","sticky":false,"template":"","format":"standard","meta":{"footnotes":""},"categories":[2],"tags":[31,26,355,91,1447,1000,2322],"class_list":["post-27463","post","type-post","status-publish","format-standard","has-post-thumbnail","hentry","category-tv-programlari","tag-ali-bilgin","tag-ay-yapim","tag-kaan-urgancioglu","tag-kanal-d","tag-pinar-deniz","tag-sema-ergenekon","tag-yargi"],"views":2369,"blog_post_layout_featured_media_urls":{"thumbnail":["https:\/\/balcilar-blog.com\/wp-content\/uploads\/2021\/08\/kaan-pinar-150x150.jpg",150,150,true],"full":["https:\/\/balcilar-blog.com\/wp-content\/uploads\/2021\/08\/kaan-pinar.jpg",640,353,false]},"categories_names":{"2":{"name":"TV Programlar\u0131","link":"https:\/\/balcilar-blog.com\/?cat=2"}},"tags_names":{"31":{"name":"Ali Bilgin","link":"https:\/\/balcilar-blog.com\/?tag=ali-bilgin"},"26":{"name":"Ay Yap\u0131m","link":"https:\/\/balcilar-blog.com\/?tag=ay-yapim"},"355":{"name":"Kaan Urganc\u0131o\u011flu","link":"https:\/\/balcilar-blog.com\/?tag=kaan-urgancioglu"},"91":{"name":"Kanal D","link":"https:\/\/balcilar-blog.com\/?tag=kanal-d"},"1447":{"name":"P\u0131nar Deniz","link":"https:\/\/balcilar-blog.com\/?tag=pinar-deniz"},"1000":{"name":"Sema Ergenekon","link":"https:\/\/balcilar-blog.com\/?tag=sema-ergenekon"},"2322":{"name":"Yarg\u0131","link":"https:\/\/balcilar-blog.com\/?tag=yargi"}},"comments_number":"0","wpmagazine_modules_lite_featured_media_urls":{"thumbnail":["https:\/\/balcilar-blog.com\/wp-content\/uploads\/2021\/08\/kaan-pinar-150x150.jpg",150,150,true],"cvmm-medium":["https:\/\/balcilar-blog.com\/wp-content\/uploads\/2021\/08\/kaan-pinar.jpg",300,165,false],"cvmm-medium-plus":["https:\/\/balcilar-blog.com\/wp-content\/uploads\/2021\/08\/kaan-pinar.jpg",305,168,false],"cvmm-portrait":["https:\/\/balcilar-blog.com\/wp-content\/uploads\/2021\/08\/kaan-pinar.jpg",400,221,false],"cvmm-medium-square":["https:\/\/balcilar-blog.com\/wp-content\/uploads\/2021\/08\/kaan-pinar.jpg",600,331,false],"cvmm-large":["https:\/\/balcilar-blog.com\/wp-content\/uploads\/2021\/08\/kaan-pinar.jpg",640,353,false],"cvmm-small":["https:\/\/balcilar-blog.com\/wp-content\/uploads\/2021\/08\/kaan-pinar.jpg",130,72,false],"full":["https:\/\/balcilar-blog.com\/wp-content\/uploads\/2021\/08\/kaan-pinar.jpg",640,353,false]},"_links":{"self":[{"href":"https:\/\/balcilar-blog.com\/index.php?rest_route=\/wp\/v2\/posts\/27463","targetHints":{"allow":["GET"]}}],"collection":[{"href":"https:\/\/balcilar-blog.com\/index.php?rest_route=\/wp\/v2\/posts"}],"about":[{"href":"https:\/\/balcilar-blog.com\/index.php?rest_route=\/wp\/v2\/types\/post"}],"author":[{"embeddable":true,"href":"https:\/\/balcilar-blog.com\/index.php?rest_route=\/wp\/v2\/users\/3"}],"replies":[{"embeddable":true,"href":"https:\/\/balcilar-blog.com\/index.php?rest_route=%2Fwp%2Fv2%2Fcomments&post=27463"}],"version-history":[{"count":4,"href":"https:\/\/balcilar-blog.com\/index.php?rest_route=\/wp\/v2\/posts\/27463\/revisions"}],"predecessor-version":[{"id":27472,"href":"https:\/\/balcilar-blog.com\/index.php?rest_route=\/wp\/v2\/posts\/27463\/revisions\/27472"}],"wp:featuredmedia":[{"embeddable":true,"href":"https:\/\/balcilar-blog.com\/index.php?rest_route=\/wp\/v2\/media\/27468"}],"wp:attachment":[{"href":"https:\/\/balcilar-blog.com\/index.php?rest_route=%2Fwp%2Fv2%2Fmedia&parent=27463"}],"wp:term":[{"taxonomy":"category","embeddable":true,"href":"https:\/\/balcilar-blog.com\/index.php?rest_route=%2Fwp%2Fv2%2Fcategories&post=27463"},{"taxonomy":"post_tag","embeddable":true,"href":"https:\/\/balcilar-blog.com\/index.php?rest_route=%2Fwp%2Fv2%2Ftags&post=27463"}],"curies":[{"name":"wp","href":"https:\/\/api.w.org\/{rel}","templated":true}]}}