{"id":27453,"date":"2021-08-09T13:06:35","date_gmt":"2021-08-09T10:06:35","guid":{"rendered":"http:\/\/balcilar-blog.com\/?p=27453"},"modified":"2021-08-09T17:09:00","modified_gmt":"2021-08-09T14:09:00","slug":"cagatay-ulusoy-duygu-sarisin-evlilige-dogru","status":"publish","type":"post","link":"https:\/\/balcilar-blog.com\/?p=27453","title":{"rendered":"\u00c7a\u011fatay Ulusoy &#038; Duygu Sar\u0131\u015f\u0131n Evlili\u011fe Do\u011fru&#8230;"},"content":{"rendered":"<p><a href=\"http:\/\/balcilar-blog.com\/wp-content\/uploads\/2021\/08\/E8RZ8CeWQAEq6v_.jpg\"><img loading=\"lazy\" decoding=\"async\" class=\"alignnone size-full wp-image-27455\" src=\"http:\/\/balcilar-blog.com\/wp-content\/uploads\/2021\/08\/E8RZ8CeWQAEq6v_.jpg\" alt=\"\" width=\"480\" height=\"528\" srcset=\"https:\/\/balcilar-blog.com\/wp-content\/uploads\/2021\/08\/E8RZ8CeWQAEq6v_.jpg 480w, https:\/\/balcilar-blog.com\/wp-content\/uploads\/2021\/08\/E8RZ8CeWQAEq6v_-273x300.jpg 273w\" sizes=\"auto, (max-width: 480px) 100vw, 480px\" \/><\/a><\/p>\n<p>\u00c7a\u011fatay Ulusoy, yak\u0131\u015f\u0131kl\u0131 oldu\u011fu kadar sanat hayat\u0131nda da ba\u015far\u0131l\u0131 olan, oyuncular aras\u0131nda \u00f6ne \u00e7\u0131kan bir oyuncumuz. 10 Y\u0131ld\u0131r oyunculu\u011funu s\u00fcrd\u00fcr\u00fcyor. 2016 y\u0131l\u0131nda Duygu Sar\u0131\u015f\u0131n&#8217;\u0131n da rol ald\u0131\u011f\u0131 &#8220;\u0130\u00e7erde&#8221; dizisinde oynam\u0131\u015flard\u0131. O g\u00fcnlerde ba\u015flayan arkada\u015fl\u0131k 5 y\u0131ld\u0131r s\u00fcr\u00fcyor. Birbirlerine iyice tan\u0131m\u0131\u015f olmal\u0131lar ki, bu a\u015fk evlili\u011fe gidiyor.<\/p>\n<p>Yukar\u0131da G\u00fcne\u015f Gazetesinin att\u0131\u011f\u0131 man\u015fette, &#8220;Mutlu Sona Az Kald\u0131&#8221; yazm\u0131\u015flar. Ne diyelim Allah tamam\u0131na erdirsin, bir yast\u0131k da kocas\u0131nlar.<\/p>\n<p>Bu ge\u00e7en be\u015f y\u0131l i\u00e7inde haklar\u0131nda \u00e7ok yaz\u0131ld\u0131-\u00e7izildi. Ama onlar kararlar\u0131ndan taviz vermediler. Duygu Sar\u0131\u015f\u0131n Magazin bas\u0131n\u0131n sorular\u0131n\u0131 hep g\u00fcld\u00fc ge\u00e7ti. \u00d6nceki g\u00fcn de \u00e7\u0131kt\u0131\u011f\u0131 al\u0131\u015fveri\u015f esnas\u0131nda magazincilere cevap vermedi.<\/p>\n<p><a href=\"http:\/\/balcilar-blog.com\/wp-content\/uploads\/2021\/08\/duygu-sarisin-cagatay-ulusoy-ile-evlenecek-mi-6-14294458_o.jpg\"><img loading=\"lazy\" decoding=\"async\" class=\"alignnone size-full wp-image-27456\" src=\"http:\/\/balcilar-blog.com\/wp-content\/uploads\/2021\/08\/duygu-sarisin-cagatay-ulusoy-ile-evlenecek-mi-6-14294458_o.jpg\" alt=\"\" width=\"480\" height=\"573\" srcset=\"https:\/\/balcilar-blog.com\/wp-content\/uploads\/2021\/08\/duygu-sarisin-cagatay-ulusoy-ile-evlenecek-mi-6-14294458_o.jpg 480w, https:\/\/balcilar-blog.com\/wp-content\/uploads\/2021\/08\/duygu-sarisin-cagatay-ulusoy-ile-evlenecek-mi-6-14294458_o-251x300.jpg 251w\" sizes=\"auto, (max-width: 480px) 100vw, 480px\" \/><\/a><\/p>\n<p>Tan\u0131d\u0131\u011f\u0131m \u00c7a\u011fatay Ulusoy, sanat hayat\u0131 ile \u00f6zelini hi\u00e7 kar\u0131\u015ft\u0131rmad\u0131. Bazen Magazin bas\u0131n\u0131n \u0131srarl\u0131 sorular\u0131nda sinirlendi\u011fi oldu. Ama \u00c7a\u011fatay sakin tavr\u0131n\u0131 ve efendili\u011fini hi\u00e7 bozmadan bas\u0131n\u0131n mensuplar\u0131na \u015fu cevab\u0131 verdi.<\/p>\n<p class=\"selectionShareable\">&#8220;Neredeyse 5 y\u0131ld\u0131r gayet g\u00fczel giden bir ili\u015fkim varken, her sene bug\u00fcnk\u00fc gibi yap\u0131lan yalan haberleri \u0131s\u0131t\u0131p \u0131s\u0131t\u0131p veriyorsunuz, bir de kendinizden eminmi\u015f gibi bir tarz sergileyip alg\u0131 y\u00f6netimi \u00e7aban\u0131z yok mu? \u00c7ok \u00fcz\u00fcc\u00fc&#8230; Gayeniz nedir? Anlam\u0131yorum, bir sal\u0131n bizi be karde\u015fim&#8230;&#8221;<\/p>\n<p><a href=\"http:\/\/balcilar-blog.com\/wp-content\/uploads\/2021\/04\/Ekran-Alintisi.png\"><img loading=\"lazy\" decoding=\"async\" class=\"alignnone size-full wp-image-27339\" src=\"http:\/\/balcilar-blog.com\/wp-content\/uploads\/2021\/04\/Ekran-Alintisi.png\" alt=\"\" width=\"480\" height=\"640\" srcset=\"https:\/\/balcilar-blog.com\/wp-content\/uploads\/2021\/04\/Ekran-Alintisi.png 480w, https:\/\/balcilar-blog.com\/wp-content\/uploads\/2021\/04\/Ekran-Alintisi-225x300.png 225w\" sizes=\"auto, (max-width: 480px) 100vw, 480px\" \/><\/a><\/p>\n<p>En son BluTv de ilk sezonu ekranlara gelen &#8220;Ye\u015fil\u00e7am&#8221; internet dizisinde izledi\u011fimiz Ulusoy sanat hayat\u0131n\u0131n zirvesinde. \u00d6n\u00fcm\u00fczdeki aylarda 2.sezonu dijitalde yay\u0131nlanacak.<\/p>\n<p>Ulusoy, birlikte oturacaklar\u0131 Zekeriyak\u00f6y deki evlerini restore ettiriyor ve dekorasyon i\u015flerini m\u00fcstakbel e\u015fine b\u0131rakt\u0131\u011f\u0131 s\u00f6yleniyor.<\/p>\n<p>Oyuncumuz \u00c7a\u011fatay Ulusoy, kendisi gibi oyuncu olan \u0130zmirli gelin Duygu Sar\u0131\u015f\u0131n ile d\u00fcnya evine girecek. Nikaha \u00e7ok yak\u0131n arkada\u015flar\u0131 ile aileleri ile birlikte olacaklar.<\/p>\n<p><a href=\"http:\/\/balcilar-blog.com\/wp-content\/uploads\/2021\/08\/60e7d96386b2472abcfe15c4.jpg\"><img loading=\"lazy\" decoding=\"async\" class=\"alignnone size-full wp-image-27457\" src=\"http:\/\/balcilar-blog.com\/wp-content\/uploads\/2021\/08\/60e7d96386b2472abcfe15c4.jpg\" alt=\"\" width=\"517\" height=\"480\" srcset=\"https:\/\/balcilar-blog.com\/wp-content\/uploads\/2021\/08\/60e7d96386b2472abcfe15c4.jpg 517w, https:\/\/balcilar-blog.com\/wp-content\/uploads\/2021\/08\/60e7d96386b2472abcfe15c4-300x279.jpg 300w\" sizes=\"auto, (max-width: 517px) 100vw, 517px\" \/><\/a><\/p>\n<p>Allah mutluluklar\u0131n\u0131 daim etsin.<\/p>\n<p>Abdurrahman Balc\u0131lar<\/p>\n<p>&nbsp;<\/p>\n","protected":false},"excerpt":{"rendered":"<p>\u00c7a\u011fatay Ulusoy, yak\u0131\u015f\u0131kl\u0131 oldu\u011fu kadar sanat hayat\u0131nda da ba\u015far\u0131l\u0131 olan, oyuncular aras\u0131nda \u00f6ne \u00e7\u0131kan bir oyuncumuz. 10 Y\u0131ld\u0131r oyunculu\u011funu s\u00fcrd\u00fcr\u00fcyor. 2016 y\u0131l\u0131nda Duygu Sar\u0131\u015f\u0131n&#8217;\u0131n da rol ald\u0131\u011f\u0131 &#8220;\u0130\u00e7erde&#8221; dizisinde oynam\u0131\u015flard\u0131. O g\u00fcnlerde ba\u015flayan arkada\u015fl\u0131k 5 y\u0131ld\u0131r s\u00fcr\u00fcyor. Birbirlerine iyice tan\u0131m\u0131\u015f olmal\u0131lar ki, bu a\u015fk evlili\u011fe gidiyor. Yukar\u0131da G\u00fcne\u015f Gazetesinin att\u0131\u011f\u0131 man\u015fette, &#8220;Mutlu Sona Az Kald\u0131&#8221; [&hellip;]<\/p>\n","protected":false},"author":3,"featured_media":27457,"comment_status":"open","ping_status":"open","sticky":false,"template":"","format":"standard","meta":{"footnotes":""},"categories":[8],"tags":[15,1425,1219,2321,1825],"class_list":["post-27453","post","type-post","status-publish","format-standard","has-post-thumbnail","hentry","category-guncel","tag-cagatay-ulusoy","tag-duygu-sarisin","tag-icerde","tag-mutlu-sona-az-kaldi","tag-yesilcam"],"views":2500,"blog_post_layout_featured_media_urls":{"thumbnail":["https:\/\/balcilar-blog.com\/wp-content\/uploads\/2021\/08\/60e7d96386b2472abcfe15c4-150x150.jpg",150,150,true],"full":["https:\/\/balcilar-blog.com\/wp-content\/uploads\/2021\/08\/60e7d96386b2472abcfe15c4.jpg",517,480,false]},"categories_names":{"8":{"name":"G\u00fcncel","link":"https:\/\/balcilar-blog.com\/?cat=8"}},"tags_names":{"15":{"name":"\u00e7a\u011fatay ulusoy","link":"https:\/\/balcilar-blog.com\/?tag=cagatay-ulusoy"},"1425":{"name":"Duygu Sar\u0131\u015f\u0131n","link":"https:\/\/balcilar-blog.com\/?tag=duygu-sarisin"},"1219":{"name":"\u0130\u00c7ERDE","link":"https:\/\/balcilar-blog.com\/?tag=icerde"},"2321":{"name":"Mutlu sona az kald\u0131","link":"https:\/\/balcilar-blog.com\/?tag=mutlu-sona-az-kaldi"},"1825":{"name":"Ye\u015fil\u00e7am","link":"https:\/\/balcilar-blog.com\/?tag=yesilcam"}},"comments_number":"0","wpmagazine_modules_lite_featured_media_urls":{"thumbnail":["https:\/\/balcilar-blog.com\/wp-content\/uploads\/2021\/08\/60e7d96386b2472abcfe15c4-150x150.jpg",150,150,true],"cvmm-medium":["https:\/\/balcilar-blog.com\/wp-content\/uploads\/2021\/08\/60e7d96386b2472abcfe15c4.jpg",300,279,false],"cvmm-medium-plus":["https:\/\/balcilar-blog.com\/wp-content\/uploads\/2021\/08\/60e7d96386b2472abcfe15c4.jpg",223,207,false],"cvmm-portrait":["https:\/\/balcilar-blog.com\/wp-content\/uploads\/2021\/08\/60e7d96386b2472abcfe15c4.jpg",400,371,false],"cvmm-medium-square":["https:\/\/balcilar-blog.com\/wp-content\/uploads\/2021\/08\/60e7d96386b2472abcfe15c4.jpg",517,480,false],"cvmm-large":["https:\/\/balcilar-blog.com\/wp-content\/uploads\/2021\/08\/60e7d96386b2472abcfe15c4.jpg",517,480,false],"cvmm-small":["https:\/\/balcilar-blog.com\/wp-content\/uploads\/2021\/08\/60e7d96386b2472abcfe15c4.jpg",102,95,false],"full":["https:\/\/balcilar-blog.com\/wp-content\/uploads\/2021\/08\/60e7d96386b2472abcfe15c4.jpg",517,480,false]},"_links":{"self":[{"href":"https:\/\/balcilar-blog.com\/index.php?rest_route=\/wp\/v2\/posts\/27453","targetHints":{"allow":["GET"]}}],"collection":[{"href":"https:\/\/balcilar-blog.com\/index.php?rest_route=\/wp\/v2\/posts"}],"about":[{"href":"https:\/\/balcilar-blog.com\/index.php?rest_route=\/wp\/v2\/types\/post"}],"author":[{"embeddable":true,"href":"https:\/\/balcilar-blog.com\/index.php?rest_route=\/wp\/v2\/users\/3"}],"replies":[{"embeddable":true,"href":"https:\/\/balcilar-blog.com\/index.php?rest_route=%2Fwp%2Fv2%2Fcomments&post=27453"}],"version-history":[{"count":4,"href":"https:\/\/balcilar-blog.com\/index.php?rest_route=\/wp\/v2\/posts\/27453\/revisions"}],"predecessor-version":[{"id":27461,"href":"https:\/\/balcilar-blog.com\/index.php?rest_route=\/wp\/v2\/posts\/27453\/revisions\/27461"}],"wp:featuredmedia":[{"embeddable":true,"href":"https:\/\/balcilar-blog.com\/index.php?rest_route=\/wp\/v2\/media\/27457"}],"wp:attachment":[{"href":"https:\/\/balcilar-blog.com\/index.php?rest_route=%2Fwp%2Fv2%2Fmedia&parent=27453"}],"wp:term":[{"taxonomy":"category","embeddable":true,"href":"https:\/\/balcilar-blog.com\/index.php?rest_route=%2Fwp%2Fv2%2Fcategories&post=27453"},{"taxonomy":"post_tag","embeddable":true,"href":"https:\/\/balcilar-blog.com\/index.php?rest_route=%2Fwp%2Fv2%2Ftags&post=27453"}],"curies":[{"name":"wp","href":"https:\/\/api.w.org\/{rel}","templated":true}]}}