{"id":2745,"date":"2014-07-25T18:10:07","date_gmt":"2014-07-25T15:10:07","guid":{"rendered":"http:\/\/balcilar-blog.com\/?p=2745"},"modified":"2014-07-25T18:40:24","modified_gmt":"2014-07-25T15:40:24","slug":"gullerin-savasi-cihan-kosku-yakti-mert-gulruya-evlenme-teklif-etti","status":"publish","type":"post","link":"https:\/\/balcilar-blog.com\/?p=2745","title":{"rendered":"G\u00fcllerin Sava\u015f\u0131 \/ Cihan k\u00f6\u015fk\u00fc yakt\u0131, Mert G\u00fclru\u2019ya evlenme teklif etti!"},"content":{"rendered":"<p><a href=\"http:\/\/balcilar-blog.com\/wp-content\/uploads\/2014\/07\/190720141511364178165_2.jpg\"><img loading=\"lazy\" decoding=\"async\" class=\"alignnone size-full wp-image-2761\" src=\"http:\/\/balcilar-blog.com\/wp-content\/uploads\/2014\/07\/190720141511364178165_2.jpg\" alt=\"190720141511364178165_2\" width=\"625\" height=\"313\" srcset=\"https:\/\/balcilar-blog.com\/wp-content\/uploads\/2014\/07\/190720141511364178165_2.jpg 625w, https:\/\/balcilar-blog.com\/wp-content\/uploads\/2014\/07\/190720141511364178165_2-300x150.jpg 300w\" sizes=\"auto, (max-width: 625px) 100vw, 625px\" \/><\/a><\/p>\n<p>Kanal D.in yeni dizisi \u201cG\u00fcllerin Sava\u015f\u0131\u201d 3.b\u00f6l\u00fcm\u00fc ile ekranlar\u0131m\u0131zdayd\u0131. Ge\u00e7en yaz\u0131mda belirtti\u011fim gibi dizi tuttu ki, reytinglerde her iki kategoride gecenin birincisi oldu.<\/p>\n<p>G\u00fclru\u2019ya ge\u00e7en b\u00f6l\u00fcm sonunda, G\u00fclfem Han\u0131m k\u00f6\u015fkte ailesi ile kalmas\u0131 i\u00e7in i\u015f teklif etmi\u015fti. G\u00fclru, at\u00f6lyede \u00e7al\u0131\u015faca\u011f\u0131n\u0131 zannediyordu. Halbuki G\u00fclfem Han\u0131m onu \u00f6zel hizmetlisi olmas\u0131n\u0131 istemesi, onda \u015fok etkisi yarat\u0131r. Hal bu ki G\u00fclru mesle\u011fini yapaca\u011f\u0131n\u0131 zannediyordu. Bu hayal k\u0131r\u0131kl\u0131\u011f\u0131 ile eve d\u00f6ner. Banyoya kapan\u0131r, a\u011flar. Karde\u015fleri onu banyodan zor \u00e7\u0131kart\u0131r. Karde\u015fleri ve babas\u0131na i\u015fi kabul etti\u011fini s\u00f6yler, kendisini ispat edene kadar i\u015fini yapacakt\u0131r.<\/p>\n<p>Mert, G\u00fclru\u2019nun ablas\u0131 al\u0131\u015fveri\u015ften d\u00f6nerken kar\u015f\u0131la\u015f\u0131r. G\u00fclru\u2019un G\u00fclfem han\u0131m ile \u00e7al\u0131\u015faca\u011f\u0131n\u0131, bu nedenle ta\u015f\u0131nmaktan vazge\u00e7tiklerini s\u00f6yler.<\/p>\n<p>G\u00fclfem Han\u0131m\u0131n halas\u0131 Ayla Han\u0131m gelir. Halas\u0131n\u0131 ak\u015fama k\u00fc\u00e7\u00fck bir parti vereceklerini s\u00f6yler. Halas\u0131, babas\u0131n\u0131n hen\u00fcz haftas\u0131 dolarken nas\u0131l bir meydan okuma diyerek G\u00fclfem\u2019i ele\u015ftirir.<\/p>\n<p>Parti \u00d6mer\u2019in ailesinin kom\u015fu olarak ta\u015f\u0131nma \u015ferefine verilir. \u015eevket kar\u0131s\u0131 Mebrure\u2019nin gelmesini istemez. Anne Cahide Han\u0131m bu parti ailemiz i\u00e7in veriliyor o da gelecek. \u015eevket\u2019in kar\u0131s\u0131 evin hizmetlisi iken, \u015eekvet ile evlenmi\u015ftir. \u015eevket de bu nedenle onu hor g\u00f6rmektedir.<\/p>\n<p><a href=\"http:\/\/balcilar-blog.com\/wp-content\/uploads\/2014\/07\/Ekran-Al\u0131nt\u0131s\u0131.PNG-GS3.1.png\"><img loading=\"lazy\" decoding=\"async\" class=\"alignnone size-full wp-image-2747\" src=\"http:\/\/balcilar-blog.com\/wp-content\/uploads\/2014\/07\/Ekran-Al\u0131nt\u0131s\u0131.PNG-GS3.1.png\" alt=\"Ekran Al\u0131nt\u0131s\u0131.PNG GS3.1\" width=\"745\" height=\"420\" srcset=\"https:\/\/balcilar-blog.com\/wp-content\/uploads\/2014\/07\/Ekran-Al\u0131nt\u0131s\u0131.PNG-GS3.1.png 745w, https:\/\/balcilar-blog.com\/wp-content\/uploads\/2014\/07\/Ekran-Al\u0131nt\u0131s\u0131.PNG-GS3.1-300x169.png 300w\" sizes=\"auto, (max-width: 745px) 100vw, 745px\" \/><\/a><\/p>\n<p>K\u00f6\u015fkte parti b\u00fct\u00fcn h\u0131z\u0131yla ba\u015flam\u0131\u015ft\u0131r. Herkes e\u011flenirken Cihan pencereden bakar, kendi kendisine babam\u0131n \u00f6l\u00fcm\u00fcn\u00fc kutlayamayacaks\u0131n diye s\u00f6ylenir. Di\u011fer tarafta m\u00fc\u015ftemilatta, G\u00fclru\u2019nun ailesi 7. g\u00fcn helvas\u0131n\u0131 yerler. Damat k\u00f6\u015fke de g\u00f6nderelim diyerek adeta dalga ge\u00e7er. O s\u0131rada Halide gelip, parti i\u00e7in yard\u0131m ister.<\/p>\n<p>Cihan, oyunu bozma, partiyi engellemek i\u00e7in bir \u015feyler yapacakt\u0131r.<\/p>\n<p>Doktor \u00d6mer de partiye kat\u0131l\u0131r. G\u00fclru, pot k\u0131rar b\u00fct\u00fcn kad\u0131nlar pe\u015finizde deyiverir.<\/p>\n<p><a href=\"http:\/\/balcilar-blog.com\/wp-content\/uploads\/2014\/07\/Ekran-Al\u0131nt\u0131s\u0131.PNGGS3_.2.png\"><img loading=\"lazy\" decoding=\"async\" class=\"alignnone size-full wp-image-2748\" src=\"http:\/\/balcilar-blog.com\/wp-content\/uploads\/2014\/07\/Ekran-Al\u0131nt\u0131s\u0131.PNGGS3_.2.png\" alt=\"Ekran Al\u0131nt\u0131s\u0131.PNGGS3.2\" width=\"740\" height=\"440\" srcset=\"https:\/\/balcilar-blog.com\/wp-content\/uploads\/2014\/07\/Ekran-Al\u0131nt\u0131s\u0131.PNGGS3_.2.png 740w, https:\/\/balcilar-blog.com\/wp-content\/uploads\/2014\/07\/Ekran-Al\u0131nt\u0131s\u0131.PNGGS3_.2-300x178.png 300w\" sizes=\"auto, (max-width: 740px) 100vw, 740px\" \/><\/a><\/p>\n<p>G\u00fclfem Han\u0131m bir ho\u015f geldiniz konu\u015fmas\u0131 yapar. Cihan, yukar\u0131da benzin bidonunu yerlere bo\u015falt\u0131r. Kibriti \u00e7akar, yang\u0131n ba\u015flar. G\u00fclru g\u00f6r\u00fcnce \u015fok olur. Yang\u0131n b\u00fct\u00fcn k\u00f6\u015fk\u00fc sarm\u0131\u015ft\u0131r.<\/p>\n<p><a href=\"http:\/\/balcilar-blog.com\/wp-content\/uploads\/2014\/07\/Ekran-Al\u0131nt\u0131s\u0131.PNGGS3_.3-Kopya.png\"><img loading=\"lazy\" decoding=\"async\" class=\"alignnone size-full wp-image-2749\" src=\"http:\/\/balcilar-blog.com\/wp-content\/uploads\/2014\/07\/Ekran-Al\u0131nt\u0131s\u0131.PNGGS3_.3-Kopya.png\" alt=\"Ekran Al\u0131nt\u0131s\u0131.PNGGS3.3 - Kopya\" width=\"730\" height=\"441\" srcset=\"https:\/\/balcilar-blog.com\/wp-content\/uploads\/2014\/07\/Ekran-Al\u0131nt\u0131s\u0131.PNGGS3_.3-Kopya.png 730w, https:\/\/balcilar-blog.com\/wp-content\/uploads\/2014\/07\/Ekran-Al\u0131nt\u0131s\u0131.PNGGS3_.3-Kopya-300x181.png 300w\" sizes=\"auto, (max-width: 730px) 100vw, 730px\" \/><\/a><\/p>\n<p>Cihan alevlerin ortas\u0131ndad\u0131r. G\u00fclru ona ko\u015far, tutar alevlerin aras\u0131ndan \u00e7\u0131kart\u0131r, ama a\u015fa\u011f\u0131ya indiremez, kendisi de dumandan bay\u0131l\u0131r. Herkes panik halindedir. Mebrure alevlerin aras\u0131nda kalmas\u0131na ra\u011fmen kocas\u0131 \u015eevket oradan uzakla\u015f\u0131r. \u00d6mer, G\u00fclru\u2019yu kucaklar \u00e7\u0131kart\u0131r. Cihan\u2019\u0131 da Salih omuzlar indirir. G\u00fclfem Han\u0131m peri\u015fand\u0131r. G\u00fclru ciddi bir duman zehirlenmesi sonunda yo\u011fum bak\u0131ma al\u0131n\u0131r.<\/p>\n<p><a href=\"http:\/\/balcilar-blog.com\/wp-content\/uploads\/2014\/07\/Ekran-Al\u0131nt\u0131s\u0131.PNGGS3_.4-Kopya.png\"><img loading=\"lazy\" decoding=\"async\" class=\"alignnone size-full wp-image-2750\" src=\"http:\/\/balcilar-blog.com\/wp-content\/uploads\/2014\/07\/Ekran-Al\u0131nt\u0131s\u0131.PNGGS3_.4-Kopya.png\" alt=\"Ekran Al\u0131nt\u0131s\u0131.PNGGS3.4 - Kopya\" width=\"720\" height=\"436\" srcset=\"https:\/\/balcilar-blog.com\/wp-content\/uploads\/2014\/07\/Ekran-Al\u0131nt\u0131s\u0131.PNGGS3_.4-Kopya.png 720w, https:\/\/balcilar-blog.com\/wp-content\/uploads\/2014\/07\/Ekran-Al\u0131nt\u0131s\u0131.PNGGS3_.4-Kopya-300x181.png 300w\" sizes=\"auto, (max-width: 720px) 100vw, 720px\" \/><\/a><\/p>\n<p>Cihan da zehirlenmi\u015ftir. Ablas\u0131 ba\u015f\u0131nda konu\u015fmaya \u00e7al\u0131\u015f\u0131r. Cihan, bab\u0131m\u0131n \u00f6l\u00fcm\u00fcn\u00fc kutlad\u0131n, ben de senin partini yakt\u0131m. Dr. \u00d6mer onlar\u0131 kap\u0131dan dinler.<\/p>\n<p><a href=\"http:\/\/balcilar-blog.com\/wp-content\/uploads\/2014\/07\/Ekran-Al\u0131nt\u0131s\u0131.PNGGS3_.5-Kopya.png\"><img loading=\"lazy\" decoding=\"async\" class=\"alignnone size-full wp-image-2751\" src=\"http:\/\/balcilar-blog.com\/wp-content\/uploads\/2014\/07\/Ekran-Al\u0131nt\u0131s\u0131.PNGGS3_.5-Kopya.png\" alt=\"Ekran Al\u0131nt\u0131s\u0131.PNGGS3.5 - Kopya\" width=\"709\" height=\"441\" srcset=\"https:\/\/balcilar-blog.com\/wp-content\/uploads\/2014\/07\/Ekran-Al\u0131nt\u0131s\u0131.PNGGS3_.5-Kopya.png 709w, https:\/\/balcilar-blog.com\/wp-content\/uploads\/2014\/07\/Ekran-Al\u0131nt\u0131s\u0131.PNGGS3_.5-Kopya-300x186.png 300w\" sizes=\"auto, (max-width: 709px) 100vw, 709px\" \/><\/a><\/p>\n<p>G\u00fclfem Han\u0131m, g\u00f6zya\u015flar\u0131n\u0131 tutamaz. Cihan, G\u00fclru da oradayd\u0131 diye panikler, ortal\u0131\u011f\u0131 birbirine katar. Sakinle\u015ftirici i\u011fne vururlar. G\u00fclru da kendine gelir, g\u00f6zlerine a\u00e7ar. Dr. \u00d6mer yang\u0131n s\u00f6nd\u00fc, herkes iyi diyerek onu da sakinle\u015ftirir.\u00a0 G\u00fclru, kendisini kurtard\u0131\u011f\u0131 i\u00e7in \u00d6mer\u2019e te\u015fekk\u00fcr eder.<\/p>\n<p>Mebrure de hastanede panik i\u00e7indedir. Yang\u0131nda \u00e7ok korkmu\u015ftur, onu da sakinle\u015ftirmek gene Dr. \u00d6mer\u2019e d\u00fc\u015fer.<\/p>\n<p>Mert, hastane bah\u00e7esinde bekler. G\u00fclru\u2019yu merak etmektedir. Dr. \u00d6mer G\u00fclru\u2019nun iyi oldu\u011funu Mert\u2019e s\u00f6yler. Mert, \u00d6mer\u2019e hesap sorar, kimsin sen orada burada kar\u015f\u0131ma \u00e7\u0131k\u0131yorsun.<\/p>\n<p><a href=\"http:\/\/balcilar-blog.com\/wp-content\/uploads\/2014\/07\/Ekran-Al\u0131nt\u0131s\u0131.PNGGS3_.6-Kopya.png\"><img loading=\"lazy\" decoding=\"async\" class=\"alignnone size-full wp-image-2752\" src=\"http:\/\/balcilar-blog.com\/wp-content\/uploads\/2014\/07\/Ekran-Al\u0131nt\u0131s\u0131.PNGGS3_.6-Kopya.png\" alt=\"Ekran Al\u0131nt\u0131s\u0131.PNGGS3.6 - Kopya\" width=\"718\" height=\"429\" srcset=\"https:\/\/balcilar-blog.com\/wp-content\/uploads\/2014\/07\/Ekran-Al\u0131nt\u0131s\u0131.PNGGS3_.6-Kopya.png 718w, https:\/\/balcilar-blog.com\/wp-content\/uploads\/2014\/07\/Ekran-Al\u0131nt\u0131s\u0131.PNGGS3_.6-Kopya-300x179.png 300w\" sizes=\"auto, (max-width: 718px) 100vw, 718px\" \/><\/a><\/p>\n<p>G\u00fclru ailesi taraf\u0131ndan hastaneden \u00e7\u0131kart\u0131l\u0131r. Sende nazar var kur\u015fun d\u00f6kt\u00fcrelim diye espri yaparlar.<\/p>\n<p>Cahide Han\u0131m ta\u015f\u0131nd\u0131klar\u0131 evde e\u015fyalar\u0131n yerle\u015ftirilmesini nezaret eder. \u00d6mer, a\u011fabeyi \u015fevket ile konu\u015fmak ister.\u00a0 \u015eevket konu\u015facak bir \u015fey yok<\/p>\n<p>diye ge\u00e7i\u015ftirir. Mebrure ne anlatt\u0131ysa beni su\u00e7layacaks\u0131n. \u00d6mer, yang\u0131n\u0131n ortas\u0131nda onu g\u00f6rd\u00fc\u011f\u00fcn halde, kurtarmad\u0131n, onu \u00f6l\u00fcme nas\u0131l terk ettin.<\/p>\n<p><a href=\"http:\/\/balcilar-blog.com\/wp-content\/uploads\/2014\/07\/Ekran-Al\u0131nt\u0131s\u0131.PNGgs3_.7.png\"><img loading=\"lazy\" decoding=\"async\" class=\"alignnone size-full wp-image-2753\" src=\"http:\/\/balcilar-blog.com\/wp-content\/uploads\/2014\/07\/Ekran-Al\u0131nt\u0131s\u0131.PNGgs3_.7.png\" alt=\"Ekran Al\u0131nt\u0131s\u0131.PNGgs3.7\" width=\"751\" height=\"437\" srcset=\"https:\/\/balcilar-blog.com\/wp-content\/uploads\/2014\/07\/Ekran-Al\u0131nt\u0131s\u0131.PNGgs3_.7.png 751w, https:\/\/balcilar-blog.com\/wp-content\/uploads\/2014\/07\/Ekran-Al\u0131nt\u0131s\u0131.PNGgs3_.7-300x174.png 300w\" sizes=\"auto, (max-width: 751px) 100vw, 751px\" \/><\/a><\/p>\n<p>A\u011fabey \u015eevket g\u00f6zlerini a\u00e7arak, \u00f6lmesini istedim. Bir sarho\u015fluk gecesi y\u00fcz\u00fcnden, hayat\u0131m\u0131n bahar\u0131nda evlenmek zorunda kald\u0131m. 5 ay sonra hamile oldu\u011funu \u00f6\u011frendi\u011fimde, babam zorla evlendirdi. \u00d6mer bir \u015fey s\u00f6yleyemez.<\/p>\n<p>Mert elinde bir demet papatya ile k\u00f6\u015fk\u00fcn duvar\u0131n dan atlar girer. K\u0131zlar aralar\u0131ndaki konu\u015furlar. \u00d6mer Beyin karizmas\u0131 ile Mert\u2019in odunlu\u011funu kar\u015f\u0131la\u015ft\u0131r\u0131rlar. Mert duyduklar\u0131ndan bozum olur, d\u00f6ner gider. G\u00fclru, t\u0131k\u0131rt\u0131 hisseder, telefon eder ama ula\u015famaz. Pencereyi a\u00e7\u0131nca yerde papatyalar\u0131 g\u00f6r\u00fcler. G\u00fclru, Mert\u2019i g\u00f6rmem laz\u0131m diyerek evden \u00e7\u0131kar. Deniz k\u0131y\u0131s\u0131nda bulur, konu\u015fmalar\u0131 duydu\u011funu, anlad\u0131klar\u0131n\u0131 s\u00f6yler. G\u00fclru duyduklar\u0131n Yonca ile \u00c7i\u00e7ek\u2019in sa\u00e7malamalar\u0131 dese de Mert\u2019i ikna edemez.<\/p>\n<p>G\u00fclfem Han\u0131m bas\u0131nda \u00e7\u0131kan yang\u0131n ile ilgili haberleri \u00e7ok \u00fcz\u00fclm\u00fc\u015ft\u00fcr. Bu haberi yazanlara tazminat davas\u0131 a\u00e7aca\u011f\u0131n\u0131 s\u00f6yler. O s\u0131rada gelen Dr. \u00d6mer\u2019in yang\u0131n\u0131 Cihan\u2019\u0131n \u00e7\u0131kard\u0131\u011f\u0131n\u0131 bilmesi G\u00fclfem\u2019i \u00fczmektedir. \u00d6mer G\u00fclfem\u2019e Cihan\u2019\u0131n \u00f6fkesi ile y\u00fczle\u015fmesini ister. G\u00fclfem Han\u0131m \u00d6mer\u2019e babam sana sadece hastaneyi emanet etti, Cihan\u2019\u0131 de\u011fil.<\/p>\n<p><a href=\"http:\/\/balcilar-blog.com\/wp-content\/uploads\/2014\/07\/Ekran-Al\u0131nt\u0131s\u0131.PNGGS3_.8.png\"><img loading=\"lazy\" decoding=\"async\" class=\"alignnone size-full wp-image-2754\" src=\"http:\/\/balcilar-blog.com\/wp-content\/uploads\/2014\/07\/Ekran-Al\u0131nt\u0131s\u0131.PNGGS3_.8.png\" alt=\"Ekran Al\u0131nt\u0131s\u0131.PNGGS3.8\" width=\"724\" height=\"435\" srcset=\"https:\/\/balcilar-blog.com\/wp-content\/uploads\/2014\/07\/Ekran-Al\u0131nt\u0131s\u0131.PNGGS3_.8.png 724w, https:\/\/balcilar-blog.com\/wp-content\/uploads\/2014\/07\/Ekran-Al\u0131nt\u0131s\u0131.PNGGS3_.8-300x180.png 300w\" sizes=\"auto, (max-width: 724px) 100vw, 724px\" \/><\/a><\/p>\n<p>\u015eevket kar\u0131s\u0131 Mebrure\u2019ye bu gece sen yatakta ben yerde yatay\u0131m, der. O s\u0131rada o\u011flu Taner gelir. Annemi nas\u0131l yerde yat\u0131r\u0131rs\u0131n diye \u00e7\u0131k\u0131\u015f\u0131r. Olaya babaanne de kar\u0131\u015f\u0131r, kavga ba\u015flar. Taner babas\u0131na a\u011f\u0131r konu\u015fur. Annen d\u00fcn de hizmet\u00e7iydi, bu g\u00fcn de hizmet\u00e7i deyince Taner babas\u0131n\u0131n \u00e7enesine sert bir yumruk atar. Baba o\u011ful kavgas\u0131 ba\u015flar.<\/p>\n<p>G\u00fclru \u0131srarla Mert\u2019i arar ula\u015famaz. Ablas\u0131 siz Mert ile sadece \u00e7ocukluk arkada\u015f\u0131s\u0131n\u0131z, sen seviyor musun Mert\u2019i diye sorar. Halide, G\u00fclru\u2019yu Cihan\u2019\u0131n \u00e7a\u011f\u0131rd\u0131\u011f\u0131n\u0131 haber verir. G\u00fcru Cihan\u2019a gider, Cihan sana bir \u015fey olsayd\u0131 \u00f6l\u00fcrd\u00fcm ben. G\u00fclru, k\u00f6\u015fk\u00fc yakmaya \u00e7al\u0131\u015ft\u0131\u011f\u0131n\u0131 s\u00f6yler, nedenini sorar.<\/p>\n<p><a href=\"http:\/\/balcilar-blog.com\/wp-content\/uploads\/2014\/07\/Ekran-Al\u0131nt\u0131s\u0131.PNGgs3_.9.png\"><img loading=\"lazy\" decoding=\"async\" class=\"alignnone size-full wp-image-2755\" src=\"http:\/\/balcilar-blog.com\/wp-content\/uploads\/2014\/07\/Ekran-Al\u0131nt\u0131s\u0131.PNGgs3_.9.png\" alt=\"Ekran Al\u0131nt\u0131s\u0131.PNGgs3.9\" width=\"755\" height=\"440\" srcset=\"https:\/\/balcilar-blog.com\/wp-content\/uploads\/2014\/07\/Ekran-Al\u0131nt\u0131s\u0131.PNGgs3_.9.png 755w, https:\/\/balcilar-blog.com\/wp-content\/uploads\/2014\/07\/Ekran-Al\u0131nt\u0131s\u0131.PNGgs3_.9-300x174.png 300w\" sizes=\"auto, (max-width: 755px) 100vw, 755px\" \/><\/a><\/p>\n<p>\u00d6mer Bey, taksi direksiyonunda uyuyan ye\u011feni Taner\u2019in yan\u0131na gelir, aniden kornas\u0131na basar, Taner irkilerek uyan\u0131r. Amca sen sormadan ben s\u00f6yleyeyim, babama vurdu\u011fum i\u00e7in pi\u015fman de\u011filim, eve girmiyorsam onun surat\u0131na bir yumruk daha vurmamak i\u00e7in, der. \u00d6mer \u00f6nce babandan \u00f6z\u00fcr dileyeceksin, sonra babaannenden dilersin. \u00d6mer otelden valizlerini toplar, anne evine d\u00f6nm\u00fc\u015ft\u00fcr.<\/p>\n<p>Mert\u2019in babas\u0131 \u015eevket\u2019de yang\u0131n i\u00e7in ge\u00e7mi\u015f olsun der. Senin k\u0131z yanmaya al\u0131\u015fk\u0131n, benim i\u015fsiz o\u011flana da yan\u0131k deyince, Salih \u00e7ok bozulur.<\/p>\n<p>G\u00fclru\u2019nun babas\u0131 k\u0131z\u0131 Mesude ile konu\u015fur. Mert\u2019ten uzak durmas\u0131n\u0131, babas\u0131 \u00e7ok pis konu\u015ftu\u011funu s\u00f6yler. Mert ile G\u00fclru a\u011f\u0131z dala\u015f\u0131na girer, kavga ederler.<\/p>\n<p>Cihan\u2019\u0131n halas\u0131 Ayla Han\u0131m, Cihan\u2019\u0131 yan\u0131nda \u00e7iftli\u011fe g\u00f6t\u00fcrmek ister. Cihan kabul etmez. Cahide Han\u0131m, \u00d6mer\u2019in eve ta\u015f\u0131nd\u0131\u011f\u0131 m\u00fcjdesini G\u00fclfem Han\u0131ma verir.<\/p>\n<p>G\u00fclfem Han\u0131ma yan evden, Cahide Han\u0131m ak\u015fam yeme\u011fine davet eder. G\u00fclfem Han\u0131m, G\u00fclru\u2019nun yard\u0131m\u0131yla haz\u0131rlan\u0131r, yeme\u011fe gelir. Cihan\u2019\u0131n ila\u00e7lar\u0131n\u0131 d\u00fczenli vermesi i\u00e7in tembih eder.\u00a0 G\u00fclfem Han\u0131m, o sana \u00e7ok de\u011fer veriyor. G\u00fclru, arkada\u015f\u0131m o benim der.<\/p>\n<p>G\u00fclru\u2019yu karde\u015fi \u00c7i\u00e7ek Mert\u2019in yan\u0131na g\u00f6t\u00fcr\u00fcr. Cihan bu manzaray\u0131 yukar\u0131dan g\u00f6r\u00fcr. Cihan ifade edemese de G\u00fclru\u2019yu gizli bir a\u015fk duymaktad\u0131r. Cihan, bar\u0131\u015fma, gelmesin \u00fczmesin seni, der. Cihan bir daha buraya gelmesin diye tembih eder.<\/p>\n<p>G\u00fclfem Han\u0131m \u00d6mer Beyin yan\u0131na hastaneye gelir. Cihan ile G\u00fclru konusunu a\u00e7ar. Cihan\u0131n G\u00fclru\u2019ya kar\u015f\u0131 \u00f6zel duygular\u0131 var. Aralar\u0131nda bu meseleyi biraz da tart\u0131\u015farak konu\u015furlar. \u00d6mer, G\u00fclru ile olan ili\u015fkisinden korkma, onun yaln\u0131zl\u0131\u011f\u0131ndan kork. \u00d6mer, sen kendi k\u00f6rl\u00fc\u011f\u00fcnden kork G\u00fclfem. \u00c7ok sinirlenen G\u00fclfem \u00e7\u0131kar gider.<\/p>\n<p><a href=\"http:\/\/balcilar-blog.com\/wp-content\/uploads\/2014\/07\/Ekran-Al\u0131nt\u0131s\u0131.PNGgs3_.10.png\"><img loading=\"lazy\" decoding=\"async\" class=\"alignnone size-full wp-image-2756\" src=\"http:\/\/balcilar-blog.com\/wp-content\/uploads\/2014\/07\/Ekran-Al\u0131nt\u0131s\u0131.PNGgs3_.10.png\" alt=\"Ekran Al\u0131nt\u0131s\u0131.PNGgs3.10\" width=\"727\" height=\"444\" srcset=\"https:\/\/balcilar-blog.com\/wp-content\/uploads\/2014\/07\/Ekran-Al\u0131nt\u0131s\u0131.PNGgs3_.10.png 727w, https:\/\/balcilar-blog.com\/wp-content\/uploads\/2014\/07\/Ekran-Al\u0131nt\u0131s\u0131.PNGgs3_.10-300x183.png 300w\" sizes=\"auto, (max-width: 727px) 100vw, 727px\" \/><\/a><\/p>\n<p>Mert ile sokakta kar\u015f\u0131la\u015fan Mesude konu\u015furlar. Mert\u2019in babas\u0131n\u0131n s\u00f6ylediklerini anlat\u0131r. Mert eve ko\u015far, G\u00fclru\u2019nun babas\u0131 Salih\u2019den \u00f6z\u00fcr dilemesini s\u00f6yler. Mert\u2019in babas\u0131 o\u011fluna sa\u011fl\u0131 sollu tokat ile kar\u015f\u0131l\u0131k verir. Mert \u0131srar eder, \u00f6z\u00fcr dilemesini ister.<\/p>\n<p>G\u00fclfem kafay\u0131 da\u011f\u0131tmak i\u00e7in bir bara gider, i\u00e7er, dans eder. Barda bir arkada\u015f\u0131 ile kar\u015f\u0131la\u015f\u0131r. G\u00fclfem\u2019i eve getirir. Bir kahve i\u00e7mek ister. O s\u0131rada gelen \u00d6mer, onu o eski arkada\u015f\u0131n\u0131n elinden kurtar\u0131r. \u00d6mer yatak odas\u0131na kadar \u00e7\u0131kar\u0131r. G\u00fclfem \u00e7ok uykum var der, \u00d6mer\u2019i korkakl\u0131kla su\u00e7lar, b\u00fct\u00fcn ona kar\u015f\u0131 kinini kusar. \u0130lk g\u00fcnden beri k\u0131zg\u0131n oldu\u011funu, beni \u00e7aresiz b\u0131rakt\u0131\u011f\u0131ndan beri k\u0131zg\u0131n\u0131m. \u00d6mer\u2019in g\u00f6\u011fs\u00fcn\u00fc yumruklar. \u00d6mer dayanamaz G\u00fclfem\u2019i \u00f6per. O geceyi birlikte ge\u00e7irirler.<\/p>\n<p><a href=\"http:\/\/balcilar-blog.com\/wp-content\/uploads\/2014\/07\/Ekran-Al\u0131nt\u0131s\u0131.PNGGS311.png\"><img loading=\"lazy\" decoding=\"async\" class=\"alignnone size-full wp-image-2746\" src=\"http:\/\/balcilar-blog.com\/wp-content\/uploads\/2014\/07\/Ekran-Al\u0131nt\u0131s\u0131.PNGGS311.png\" alt=\"Ekran Al\u0131nt\u0131s\u0131.PNGGS311\" width=\"742\" height=\"436\" srcset=\"https:\/\/balcilar-blog.com\/wp-content\/uploads\/2014\/07\/Ekran-Al\u0131nt\u0131s\u0131.PNGGS311.png 742w, https:\/\/balcilar-blog.com\/wp-content\/uploads\/2014\/07\/Ekran-Al\u0131nt\u0131s\u0131.PNGGS311-300x176.png 300w\" sizes=\"auto, (max-width: 742px) 100vw, 742px\" \/><\/a><\/p>\n<p>Sabah \u00d6mer kalkar, giyinir gider. G\u00fclfem g\u00f6z\u00fcn\u00fc a\u00e7ar ama, bir \u015fey s\u00f6ylemez.<\/p>\n<p>Mert bir \u00e7\u0131lg\u0131nl\u0131k yapar. Bir araban\u0131n \u00fcst\u00fcne hoparl\u00f6r koyar, mikrofondan G\u00fclru\u2026 \u00a0diyerek ba\u011f\u0131r\u0131r. Babam\u0131n e\u015feklikleri i\u00e7in \u00f6z\u00fcr dilerim. Bir \u00e7uval dolusu \u00e7i\u00e7e\u011fi G\u00fclru\u2019nun ba\u015f\u0131ndan a\u015fa\u011f\u0131 d\u00f6ker.<\/p>\n<p><a href=\"http:\/\/balcilar-blog.com\/wp-content\/uploads\/2014\/07\/Ekran-Al\u0131nt\u0131s\u0131.PNGGS3_.12.png\"><img loading=\"lazy\" decoding=\"async\" class=\"alignnone size-full wp-image-2757\" src=\"http:\/\/balcilar-blog.com\/wp-content\/uploads\/2014\/07\/Ekran-Al\u0131nt\u0131s\u0131.PNGGS3_.12.png\" alt=\"Ekran Al\u0131nt\u0131s\u0131.PNGGS3.12\" width=\"730\" height=\"441\" srcset=\"https:\/\/balcilar-blog.com\/wp-content\/uploads\/2014\/07\/Ekran-Al\u0131nt\u0131s\u0131.PNGGS3_.12.png 730w, https:\/\/balcilar-blog.com\/wp-content\/uploads\/2014\/07\/Ekran-Al\u0131nt\u0131s\u0131.PNGGS3_.12-300x181.png 300w\" sizes=\"auto, (max-width: 730px) 100vw, 730px\" \/><\/a><\/p>\n<p>Bu \u00e7\u0131lg\u0131n hareketi G\u00fclfem Han\u0131m da yukar\u0131dan g\u00f6r\u00fcr. Sonra da, benimle evlenir misin? Diye evlenme teklifini yapar. G\u00fclru \u015fa\u015fk\u0131nl\u0131ktan ne s\u00f6yleyece\u011fini bilemez. Karma\u015f\u0131k duygular i\u00e7inde Mert\u2019e bakar ve 3.b\u00f6l\u00fcm burada sona erer.<\/p>\n<p><a href=\"http:\/\/balcilar-blog.com\/wp-content\/uploads\/2014\/07\/Ekran-Al\u0131nt\u0131s\u0131.PNGGS3_.13.png\"><img loading=\"lazy\" decoding=\"async\" class=\"alignnone size-full wp-image-2758\" src=\"http:\/\/balcilar-blog.com\/wp-content\/uploads\/2014\/07\/Ekran-Al\u0131nt\u0131s\u0131.PNGGS3_.13.png\" alt=\"Ekran Al\u0131nt\u0131s\u0131.PNGGS3.13\" width=\"744\" height=\"440\" srcset=\"https:\/\/balcilar-blog.com\/wp-content\/uploads\/2014\/07\/Ekran-Al\u0131nt\u0131s\u0131.PNGGS3_.13.png 744w, https:\/\/balcilar-blog.com\/wp-content\/uploads\/2014\/07\/Ekran-Al\u0131nt\u0131s\u0131.PNGGS3_.13-300x177.png 300w\" sizes=\"auto, (max-width: 744px) 100vw, 744px\" \/><\/a><\/p>\n<p>Mert\u2019e G\u00fclru\u2019nun cevab\u0131 ne olacak, bu evlenme teklifini duyacak olan Cihan nas\u0131l bir tepki verecek, haftaya hep beraber g\u00f6rece\u011fiz.<\/p>\n<p>\u0130yi seyirler.<\/p>\n<p>Sayg\u0131lar, sevgiler.<\/p>\n<p>Abdurrahman Balc\u0131lar<\/p>\n<p>Twitter: abdurrahman balc\u0131lar@abbalcilar<\/p>\n<p>Mail : <a href=\"mailto:ab.balcilar@hotmail.com\">ab.balcilar@hotmail.com<\/a><\/p>\n<p>Blog: milliyet.com.tr\/cansever<\/p>\n<p>Blog: balcilar-blog.com<\/p>\n<p>Not: G\u00f6rseller \u0130nternetten, dizifilm.com\u2019dan ve taraf\u0131mdan diziden al\u0131nm\u0131\u015ft\u0131r.<\/p>\n<p>&nbsp;<\/p>\n<p>&nbsp;<\/p>\n<p>&nbsp;<\/p>\n<p>&nbsp;<\/p>\n","protected":false},"excerpt":{"rendered":"<p>Kanal D.in yeni dizisi \u201cG\u00fcllerin Sava\u015f\u0131\u201d 3.b\u00f6l\u00fcm\u00fc ile ekranlar\u0131m\u0131zdayd\u0131. Ge\u00e7en yaz\u0131mda belirtti\u011fim gibi dizi tuttu ki, reytinglerde her iki kategoride gecenin birincisi oldu. G\u00fclru\u2019ya ge\u00e7en b\u00f6l\u00fcm sonunda, G\u00fclfem Han\u0131m k\u00f6\u015fkte ailesi ile kalmas\u0131 i\u00e7in i\u015f teklif etmi\u015fti. G\u00fclru, at\u00f6lyede \u00e7al\u0131\u015faca\u011f\u0131n\u0131 zannediyordu. Halbuki G\u00fclfem Han\u0131m onu \u00f6zel hizmetlisi olmas\u0131n\u0131 istemesi, onda \u015fok etkisi yarat\u0131r. Hal bu [&hellip;]<\/p>\n","protected":false},"author":3,"featured_media":0,"comment_status":"open","ping_status":"open","sticky":false,"template":"","format":"standard","meta":{"footnotes":""},"categories":[2],"tags":[473,91],"class_list":["post-2745","post","type-post","status-publish","format-standard","hentry","category-tv-programlari","tag-gullerin-savasi","tag-kanal-d"],"views":8454,"blog_post_layout_featured_media_urls":{"thumbnail":"","full":""},"categories_names":{"2":{"name":"TV Programlar\u0131","link":"https:\/\/balcilar-blog.com\/?cat=2"}},"tags_names":{"473":{"name":"G\u00fcllerin Sava\u015f\u0131","link":"https:\/\/balcilar-blog.com\/?tag=gullerin-savasi"},"91":{"name":"Kanal D","link":"https:\/\/balcilar-blog.com\/?tag=kanal-d"}},"comments_number":"0","wpmagazine_modules_lite_featured_media_urls":{"thumbnail":"","cvmm-medium":"","cvmm-medium-plus":"","cvmm-portrait":"","cvmm-medium-square":"","cvmm-large":"","cvmm-small":"","full":""},"_links":{"self":[{"href":"https:\/\/balcilar-blog.com\/index.php?rest_route=\/wp\/v2\/posts\/2745","targetHints":{"allow":["GET"]}}],"collection":[{"href":"https:\/\/balcilar-blog.com\/index.php?rest_route=\/wp\/v2\/posts"}],"about":[{"href":"https:\/\/balcilar-blog.com\/index.php?rest_route=\/wp\/v2\/types\/post"}],"author":[{"embeddable":true,"href":"https:\/\/balcilar-blog.com\/index.php?rest_route=\/wp\/v2\/users\/3"}],"replies":[{"embeddable":true,"href":"https:\/\/balcilar-blog.com\/index.php?rest_route=%2Fwp%2Fv2%2Fcomments&post=2745"}],"version-history":[{"count":3,"href":"https:\/\/balcilar-blog.com\/index.php?rest_route=\/wp\/v2\/posts\/2745\/revisions"}],"predecessor-version":[{"id":2762,"href":"https:\/\/balcilar-blog.com\/index.php?rest_route=\/wp\/v2\/posts\/2745\/revisions\/2762"}],"wp:attachment":[{"href":"https:\/\/balcilar-blog.com\/index.php?rest_route=%2Fwp%2Fv2%2Fmedia&parent=2745"}],"wp:term":[{"taxonomy":"category","embeddable":true,"href":"https:\/\/balcilar-blog.com\/index.php?rest_route=%2Fwp%2Fv2%2Fcategories&post=2745"},{"taxonomy":"post_tag","embeddable":true,"href":"https:\/\/balcilar-blog.com\/index.php?rest_route=%2Fwp%2Fv2%2Ftags&post=2745"}],"curies":[{"name":"wp","href":"https:\/\/api.w.org\/{rel}","templated":true}]}}