{"id":27333,"date":"2021-04-24T18:46:44","date_gmt":"2021-04-24T15:46:44","guid":{"rendered":"http:\/\/balcilar-blog.com\/?p=27333"},"modified":"2021-04-24T19:11:28","modified_gmt":"2021-04-24T16:11:28","slug":"cagatay-ulusoyun-blutvdeki-yesilcam-dizisi-basladi","status":"publish","type":"post","link":"https:\/\/balcilar-blog.com\/?p=27333","title":{"rendered":"\u00c7a\u011fatay Ulusoy&#8217;un BluTv&#8217;deki Ye\u015fil\u00e7am Dizisi Ba\u015flad\u0131"},"content":{"rendered":"<p><a href=\"http:\/\/balcilar-blog.com\/wp-content\/uploads\/2021\/04\/Ekran-Alintisi.png\"><img loading=\"lazy\" decoding=\"async\" class=\"alignnone size-full wp-image-27339\" src=\"http:\/\/balcilar-blog.com\/wp-content\/uploads\/2021\/04\/Ekran-Alintisi.png\" alt=\"\" width=\"480\" height=\"640\" srcset=\"https:\/\/balcilar-blog.com\/wp-content\/uploads\/2021\/04\/Ekran-Alintisi.png 480w, https:\/\/balcilar-blog.com\/wp-content\/uploads\/2021\/04\/Ekran-Alintisi-225x300.png 225w\" sizes=\"auto, (max-width: 480px) 100vw, 480px\" \/><\/a><\/p>\n<p><strong>\u00c7a\u011fatay Ulusoy<\/strong>&#8216;un yeni internet dizisi &#8220;<strong>YE\u015e\u0130L\u00c7AM<\/strong>&#8221; 22 Nisan ak\u015fam\u0131 ilk 2 b\u00f6l\u00fcm\u00fc Saat:19.00&#8217;da BluTv de yay\u0131na ba\u015flad\u0131. Dizi 60 y\u0131llarda ya\u015fam\u0131\u015f sinema film yap\u0131mc\u0131 Semih Ate\u015f&#8217;in hayat\u0131n\u0131 anlat\u0131yor. Ye\u015fil\u00e7am&#8217;da k\u00fcllerinden yeniden do\u011fmaya \u00e7al\u0131\u015fan sinema a\u015f\u0131\u011f\u0131 yap\u0131mc\u0131n\u0131n dramatik hikayesi canland\u0131r\u0131l\u0131yor.<\/p>\n<p>&nbsp;<\/p>\n<p><a href=\"http:\/\/balcilar-blog.com\/wp-content\/uploads\/2021\/04\/indir.jpg\"><img loading=\"lazy\" decoding=\"async\" class=\"alignnone size-full wp-image-27342\" src=\"http:\/\/balcilar-blog.com\/wp-content\/uploads\/2021\/04\/indir.jpg\" alt=\"\" width=\"640\" height=\"408\" srcset=\"https:\/\/balcilar-blog.com\/wp-content\/uploads\/2021\/04\/indir.jpg 640w, https:\/\/balcilar-blog.com\/wp-content\/uploads\/2021\/04\/indir-300x191.jpg 300w\" sizes=\"auto, (max-width: 640px) 100vw, 640px\" \/><\/a><\/p>\n<p>Ba\u015frollerini;\u00a0\u00c7a\u011fatay Ulusoy, Afra Sara\u00e7o\u011flu, Selin \u015eekerci, G\u00fcng\u00f6r Bayrak, Nil\u00fcfer A\u00e7\u0131kal\u0131n, Altan Erkekli, Yetkin Dikinciler, \u00d6zg\u00fcr \u00c7evik, Ayta S\u00f6zeri ve Bora Akka\u015f gibi ku\u015faklar\u0131n\u0131n \u00f6nemli isimlerini bir araya getiren \u2018<strong>Ye\u015fil\u00e7am<\/strong>\u2019, 7\u2019den 70\u2019e t\u00fcm izleyicilere ge\u00e7mi\u015fin \u00f6zlenilen de\u011ferlerini, duygular\u0131n\u0131 hat\u0131rlat\u0131p ya\u015fat\u0131yor.<\/p>\n<p>\u00d6rnek ben 60&#8217;l\u0131 y\u0131llarda ortaokul, lise ve \u00fcniversite y\u0131llar\u0131mda gen\u00e7lik ya\u015f\u0131mda, o y\u0131llarda \u00fcretilen sinema filmlerini izleyerek b\u00fcy\u00fcd\u00fcm. Ayhan I\u015f\u0131k&#8217;lar, Kartal Tibet&#8217;ler, Tanju G\u00fcrsoy ve T\u00fcrkan \u015eoray&#8217;lar\u0131n filmlerini seyrederek.<\/p>\n<section class=\"content\">\n<article class=\"article-detail\">Yap\u0131mc\u0131l\u0131\u011f\u0131n\u0131 Sibel Tuna\u2019n\u0131n \u00fcstlendi\u011fi, Sunset Film imzal\u0131 \u2018Ye\u015fil\u00e7am\u2019 dizisinin y\u00f6netmenli\u011fini \u00c7a\u011fan Irmak yap\u0131yor. \u00c7a\u011fatay Ulusoy&#8217;un oyunculu\u011fu di\u011fer yap\u0131mlar\u0131nda oldu\u011fu gibi ayakta alk\u0131\u015flanacak cinsten.<a href=\"http:\/\/balcilar-blog.com\/wp-content\/uploads\/2021\/04\/1619011266914-rdmdrmdr.jpg\"><img loading=\"lazy\" decoding=\"async\" class=\"alignnone size-full wp-image-27344\" src=\"http:\/\/balcilar-blog.com\/wp-content\/uploads\/2021\/04\/1619011266914-rdmdrmdr.jpg\" alt=\"\" width=\"640\" height=\"360\" srcset=\"https:\/\/balcilar-blog.com\/wp-content\/uploads\/2021\/04\/1619011266914-rdmdrmdr.jpg 640w, https:\/\/balcilar-blog.com\/wp-content\/uploads\/2021\/04\/1619011266914-rdmdrmdr-300x169.jpg 300w\" sizes=\"auto, (max-width: 640px) 100vw, 640px\" \/><\/a><\/p>\n<p>Her \u015feyini kaybeden Semih Ate\u015f, \u00f6yle h\u0131rsl\u0131d\u0131r ki; &#8220;<strong>Bir film yapar\u0131m hastalar iyile\u015fir, mevsimler de\u011fi\u015fir<\/strong>.&#8221; Diyerek elinden senaryosunu \u00e7alan rakiplerine meydan okumaktad\u0131r.<\/p>\n<p>Dizinin senaryosunu Levent Cantek ve Volkan S\u00fcmb\u00fcl yazm\u0131\u015f.<\/p>\n<p><a href=\"http:\/\/balcilar-blog.com\/wp-content\/uploads\/2021\/04\/74ca1c84f4fff8d6ba4e43e9bbeb926f.jpeg\"><img loading=\"lazy\" decoding=\"async\" class=\"alignnone size-full wp-image-27343\" src=\"http:\/\/balcilar-blog.com\/wp-content\/uploads\/2021\/04\/74ca1c84f4fff8d6ba4e43e9bbeb926f.jpeg\" alt=\"\" width=\"640\" height=\"360\" srcset=\"https:\/\/balcilar-blog.com\/wp-content\/uploads\/2021\/04\/74ca1c84f4fff8d6ba4e43e9bbeb926f.jpeg 640w, https:\/\/balcilar-blog.com\/wp-content\/uploads\/2021\/04\/74ca1c84f4fff8d6ba4e43e9bbeb926f-300x169.jpeg 300w\" sizes=\"auto, (max-width: 640px) 100vw, 640px\" \/><\/a><\/p>\n<p>Yap\u0131mc\u0131 Semih Ate\u015f, Ate\u015f Film firmas\u0131n\u0131 kaybeder. \u00c7ok zor duruma d\u00fc\u015fer, tekrar aya\u011fa kalkabilmek i\u00e7in \u00e7ok k\u0131ymetli kol saatini bile satmak zorunda kal\u0131r. En yak\u0131n\u0131ndaki kay\u0131nbiraderi, senaryosunu sat\u0131n ald\u0131\u011f\u0131 arkada\u015f\u0131 bile kaz\u0131k atar. Semih Beyo\u011flu Ye\u015fil\u00e7am sokaklar\u0131nda ko\u015fturur. Zaman zaman g\u00f6z ya\u015flar\u0131n\u0131 tutamaz.<\/p>\n<p><a href=\"http:\/\/balcilar-blog.com\/wp-content\/uploads\/2021\/04\/EvLEAUTXAAAAPPU.jpg\"><img loading=\"lazy\" decoding=\"async\" class=\"alignnone size-full wp-image-27345\" src=\"http:\/\/balcilar-blog.com\/wp-content\/uploads\/2021\/04\/EvLEAUTXAAAAPPU.jpg\" alt=\"\" width=\"640\" height=\"427\" srcset=\"https:\/\/balcilar-blog.com\/wp-content\/uploads\/2021\/04\/EvLEAUTXAAAAPPU.jpg 640w, https:\/\/balcilar-blog.com\/wp-content\/uploads\/2021\/04\/EvLEAUTXAAAAPPU-300x200.jpg 300w\" sizes=\"auto, (max-width: 640px) 100vw, 640px\" \/><\/a><\/p>\n<p>\u00c7a\u011fatay Ulusoy, 10 y\u0131ll\u0131k oyunculuk birikimle g\u00f6z dolduruyor. Dizinin ilk 2 b\u00f6l\u00fcm\u00fcn\u00fc iki\u015fer kez izledim. Dizi bana g\u00f6re 9 numara. On numara verecektim ama \u00c7a\u011fatay&#8217;\u0131n Semih karakteri olarak \u00e7ok sigara i\u00e7mesinden bir puan k\u0131rd\u0131m. \u015eaka bir tarafa bu diziyi anlatmakla olmaz, Ye\u015fil\u00e7am&#8217;\u0131 seyretmek laz\u0131m, \u00c7a\u011fatay Ulusoy&#8217;un oyunculu\u011funu g\u00f6rmek laz\u0131m. Dizide saat yok, Internetten her an BluTv&#8217;e girip seyredebilirsiniz. 1-2 b\u00f6l\u00fcmler yay\u0131nda, \u00f6n\u00fcm\u00fczdeki Per\u015fembe 3.b\u00f6l\u00fcm yay\u0131nda olacak! Ye\u015fil\u00e7am dizisi 2 sezon 20 b\u00f6l\u00fcm \u00e7ekildi, ilk on b\u00f6l\u00fcm yay\u0131nlanacak.<\/p>\n<p>\u00c7a\u011fatay Ulusoy&#8217;un can verdi\u011fi Yap\u0131mc\u0131 Semih Ate\u015f&#8217;in, Sineman\u0131n alt\u0131n \u00e7a\u011f\u0131nda 60&#8217;l\u0131 y\u0131llarda varolu\u015f hikayesini heyecanla seyredece\u011fiz.<\/p>\n<p>&#8220;Ye\u015fil\u00e7am&#8221; Dizisi BluTV&#8217;de internette yay\u0131nda&#8230;<\/p>\n<p>T\u00fcm Ye\u015fil\u00e7am ekibine ba\u015far\u0131lar diliyorum, elinize sa\u011fl\u0131k, \u00e7ok kaliteli bir i\u015f olmu\u015f.<\/p>\n<p>Keyifli Seyirler<\/p>\n<p>Abdurrahman Balc\u0131lar<\/p>\n<\/article>\n<\/section>\n<p>&nbsp;<\/p>\n","protected":false},"excerpt":{"rendered":"<p>\u00c7a\u011fatay Ulusoy&#8216;un yeni internet dizisi &#8220;YE\u015e\u0130L\u00c7AM&#8221; 22 Nisan ak\u015fam\u0131 ilk 2 b\u00f6l\u00fcm\u00fc Saat:19.00&#8217;da BluTv de yay\u0131na ba\u015flad\u0131. Dizi 60 y\u0131llarda ya\u015fam\u0131\u015f sinema film yap\u0131mc\u0131 Semih Ate\u015f&#8217;in hayat\u0131n\u0131 anlat\u0131yor. Ye\u015fil\u00e7am&#8217;da k\u00fcllerinden yeniden do\u011fmaya \u00e7al\u0131\u015fan sinema a\u015f\u0131\u011f\u0131 yap\u0131mc\u0131n\u0131n dramatik hikayesi canland\u0131r\u0131l\u0131yor. &nbsp; Ba\u015frollerini;\u00a0\u00c7a\u011fatay Ulusoy, Afra Sara\u00e7o\u011flu, Selin \u015eekerci, G\u00fcng\u00f6r Bayrak, Nil\u00fcfer A\u00e7\u0131kal\u0131n, Altan Erkekli, Yetkin Dikinciler, \u00d6zg\u00fcr [&hellip;]<\/p>\n","protected":false},"author":3,"featured_media":27339,"comment_status":"open","ping_status":"open","sticky":false,"template":"","format":"standard","meta":{"footnotes":""},"categories":[2123],"tags":[2226,1281,15,1825],"class_list":["post-27333","post","type-post","status-publish","format-standard","has-post-thumbnail","hentry","category-internet-dizileri","tag-afra-saracoglu","tag-cagan-irmak","tag-cagatay-ulusoy","tag-yesilcam"],"views":2750,"blog_post_layout_featured_media_urls":{"thumbnail":["https:\/\/balcilar-blog.com\/wp-content\/uploads\/2021\/04\/Ekran-Alintisi-150x150.png",150,150,true],"full":["https:\/\/balcilar-blog.com\/wp-content\/uploads\/2021\/04\/Ekran-Alintisi.png",480,640,false]},"categories_names":{"2123":{"name":"Internet Dizileri","link":"https:\/\/balcilar-blog.com\/?cat=2123"}},"tags_names":{"2226":{"name":"Afra Sara\u00e7o\u011flu","link":"https:\/\/balcilar-blog.com\/?tag=afra-saracoglu"},"1281":{"name":"\u00c7a\u011fan Irmak","link":"https:\/\/balcilar-blog.com\/?tag=cagan-irmak"},"15":{"name":"\u00e7a\u011fatay ulusoy","link":"https:\/\/balcilar-blog.com\/?tag=cagatay-ulusoy"},"1825":{"name":"Ye\u015fil\u00e7am","link":"https:\/\/balcilar-blog.com\/?tag=yesilcam"}},"comments_number":"0","wpmagazine_modules_lite_featured_media_urls":{"thumbnail":["https:\/\/balcilar-blog.com\/wp-content\/uploads\/2021\/04\/Ekran-Alintisi-150x150.png",150,150,true],"cvmm-medium":["https:\/\/balcilar-blog.com\/wp-content\/uploads\/2021\/04\/Ekran-Alintisi.png",225,300,false],"cvmm-medium-plus":["https:\/\/balcilar-blog.com\/wp-content\/uploads\/2021\/04\/Ekran-Alintisi.png",155,207,false],"cvmm-portrait":["https:\/\/balcilar-blog.com\/wp-content\/uploads\/2021\/04\/Ekran-Alintisi.png",400,533,false],"cvmm-medium-square":["https:\/\/balcilar-blog.com\/wp-content\/uploads\/2021\/04\/Ekran-Alintisi.png",450,600,false],"cvmm-large":["https:\/\/balcilar-blog.com\/wp-content\/uploads\/2021\/04\/Ekran-Alintisi.png",480,640,false],"cvmm-small":["https:\/\/balcilar-blog.com\/wp-content\/uploads\/2021\/04\/Ekran-Alintisi.png",71,95,false],"full":["https:\/\/balcilar-blog.com\/wp-content\/uploads\/2021\/04\/Ekran-Alintisi.png",480,640,false]},"_links":{"self":[{"href":"https:\/\/balcilar-blog.com\/index.php?rest_route=\/wp\/v2\/posts\/27333","targetHints":{"allow":["GET"]}}],"collection":[{"href":"https:\/\/balcilar-blog.com\/index.php?rest_route=\/wp\/v2\/posts"}],"about":[{"href":"https:\/\/balcilar-blog.com\/index.php?rest_route=\/wp\/v2\/types\/post"}],"author":[{"embeddable":true,"href":"https:\/\/balcilar-blog.com\/index.php?rest_route=\/wp\/v2\/users\/3"}],"replies":[{"embeddable":true,"href":"https:\/\/balcilar-blog.com\/index.php?rest_route=%2Fwp%2Fv2%2Fcomments&post=27333"}],"version-history":[{"count":5,"href":"https:\/\/balcilar-blog.com\/index.php?rest_route=\/wp\/v2\/posts\/27333\/revisions"}],"predecessor-version":[{"id":27346,"href":"https:\/\/balcilar-blog.com\/index.php?rest_route=\/wp\/v2\/posts\/27333\/revisions\/27346"}],"wp:featuredmedia":[{"embeddable":true,"href":"https:\/\/balcilar-blog.com\/index.php?rest_route=\/wp\/v2\/media\/27339"}],"wp:attachment":[{"href":"https:\/\/balcilar-blog.com\/index.php?rest_route=%2Fwp%2Fv2%2Fmedia&parent=27333"}],"wp:term":[{"taxonomy":"category","embeddable":true,"href":"https:\/\/balcilar-blog.com\/index.php?rest_route=%2Fwp%2Fv2%2Fcategories&post=27333"},{"taxonomy":"post_tag","embeddable":true,"href":"https:\/\/balcilar-blog.com\/index.php?rest_route=%2Fwp%2Fv2%2Ftags&post=27333"}],"curies":[{"name":"wp","href":"https:\/\/api.w.org\/{rel}","templated":true}]}}