{"id":27316,"date":"2021-04-14T16:11:39","date_gmt":"2021-04-14T13:11:39","guid":{"rendered":"http:\/\/balcilar-blog.com\/?p=27316"},"modified":"2021-04-14T16:12:44","modified_gmt":"2021-04-14T13:12:44","slug":"brad-pitt-cagatay-ulusoy","status":"publish","type":"post","link":"https:\/\/balcilar-blog.com\/?p=27316","title":{"rendered":"Brad Pitt &#038; \u00c7a\u011fatay Ulusoy"},"content":{"rendered":"<p>&nbsp;<\/p>\n<p><a href=\"http:\/\/balcilar-blog.com\/wp-content\/uploads\/2021\/04\/Brad-Pitt-Cagatay-Ulusoy.jpg\"><img loading=\"lazy\" decoding=\"async\" class=\"alignnone size-full wp-image-27327\" src=\"http:\/\/balcilar-blog.com\/wp-content\/uploads\/2021\/04\/Brad-Pitt-Cagatay-Ulusoy.jpg\" alt=\"\" width=\"640\" height=\"326\" srcset=\"https:\/\/balcilar-blog.com\/wp-content\/uploads\/2021\/04\/Brad-Pitt-Cagatay-Ulusoy.jpg 640w, https:\/\/balcilar-blog.com\/wp-content\/uploads\/2021\/04\/Brad-Pitt-Cagatay-Ulusoy-300x153.jpg 300w\" sizes=\"auto, (max-width: 640px) 100vw, 640px\" \/><\/a><\/p>\n<p>Son iki hafta i\u00e7inde d\u00fcnyan\u0131n en sevilen oyuncular\u0131ndan <span style=\"color: #ff0000;\"><strong>Brad Pitt&#8217;<\/strong><\/span>in iki \u00f6l\u00fcms\u00fcz sinema filmini tekrar izledim. 1997 y\u0131l\u0131nda \u00e7evirdi\u011fi &#8220;<span style=\"color: #0000ff;\"><strong>Tibet&#8217;te 7 Y\u0131l<\/strong><\/span>&#8221; (Seven Years in Tibet) filmde bat\u0131 ve do\u011fu k\u00fclt\u00fcr\u00fcn\u00fcn bir kriti\u011fi yap\u0131l\u0131yor.<\/p>\n<p><a href=\"http:\/\/balcilar-blog.com\/wp-content\/uploads\/2021\/04\/Tibet-te-7-Yil.jpg\"><img loading=\"lazy\" decoding=\"async\" class=\"alignnone size-full wp-image-27318\" src=\"http:\/\/balcilar-blog.com\/wp-content\/uploads\/2021\/04\/Tibet-te-7-Yil.jpg\" alt=\"\" width=\"640\" height=\"397\" srcset=\"https:\/\/balcilar-blog.com\/wp-content\/uploads\/2021\/04\/Tibet-te-7-Yil.jpg 640w, https:\/\/balcilar-blog.com\/wp-content\/uploads\/2021\/04\/Tibet-te-7-Yil-300x186.jpg 300w\" sizes=\"auto, (max-width: 640px) 100vw, 640px\" \/><\/a><\/p>\n<p>Bir Alman da\u011fc\u0131 olarak \u00fclkesinden kilometrelerce uzakta, e\u015finden ve kendi \u00e7ocu\u011fundan uzakta 11 ya\u015f\u0131nda dini lider (<span style=\"color: #0000ff;\"><strong>Dalay Lama<\/strong><\/span>) bir \u00e7ocuktan bir \u015feyler \u00f6\u011freniyor ve \u00f6\u011fretiyor.<\/p>\n<p>&nbsp;<\/p>\n<p><strong>TRUVA SAVA\u015eI F\u0130LM\u0130<\/strong><\/p>\n<p>Brad Pitt&#8217;in M.\u00d6. 500&#8217;l\u00fc y\u0131larda Yunanl\u0131larla Anadolu topraklar\u0131nda yer alan Truva da ge\u00e7en bir sava\u015f filmi. Yunan Kral Menelaus&#8217;un kar\u0131s\u0131 krali\u00e7e Helen\u00a0 y\u00fcz\u00fcnden \u00e7\u0131kan sava\u015fta yer alm\u0131\u015ft\u0131r.<\/p>\n<p><a href=\"http:\/\/balcilar-blog.com\/wp-content\/uploads\/2021\/04\/brad_pitt.jpg\"><img loading=\"lazy\" decoding=\"async\" class=\"alignnone size-full wp-image-27319\" src=\"http:\/\/balcilar-blog.com\/wp-content\/uploads\/2021\/04\/brad_pitt.jpg\" alt=\"\" width=\"640\" height=\"439\" srcset=\"https:\/\/balcilar-blog.com\/wp-content\/uploads\/2021\/04\/brad_pitt.jpg 640w, https:\/\/balcilar-blog.com\/wp-content\/uploads\/2021\/04\/brad_pitt-300x206.jpg 300w\" sizes=\"auto, (max-width: 640px) 100vw, 640px\" \/><\/a><\/p>\n<p>Yunanl\u0131lar ile Anadolu topraklar\u0131nda bulunun Truval\u0131&#8217;lar\u00a0 aras\u0131ndaki sava\u015fta <span style=\"color: #0000ff;\"><strong>A\u015fil<\/strong><\/span> (Brad Pitt) tek ba\u015f\u0131na sava\u015f\u0131r. <span style=\"color: #0000ff;\"><span style=\"color: #000000;\">A\u015fil<\/span><strong>, <\/strong><\/span>Truva Prensi Paris&#8217;in a\u011fabeyini ikili d\u00fcelloda \u00f6ld\u00fcr\u00fcr. K\u0131sa bir s\u00fcre sonra \u201c\u00f6l\u00fcml\u00fc erkeklerin en g\u00fczeli\u201d olarak bilinen Paris\u2019in zehirli okuyla topu\u011fundan vurulur, tek zay\u0131f noktas\u0131ndan ald\u0131\u011f\u0131 bu yara y\u00fcz\u00fcnden can verir. A\u015fil\u2019den dolay\u0131, bald\u0131r\u0131n arka k\u0131sm\u0131ndaki kas grubunun, topuk kemi\u011fine birle\u015fmesini ve aya\u011f\u0131n a\u015fa\u011f\u0131-yukar\u0131 hareketini sa\u011flayan yap\u0131, \u201ca\u015fil tendonu\u201d ad\u0131 verilmi\u015ftir.<\/p>\n<p><a href=\"http:\/\/balcilar-blog.com\/wp-content\/uploads\/2021\/04\/231763.jpg\"><img loading=\"lazy\" decoding=\"async\" class=\"alignnone size-full wp-image-27328\" src=\"http:\/\/balcilar-blog.com\/wp-content\/uploads\/2021\/04\/231763.jpg\" alt=\"\" width=\"640\" height=\"328\" srcset=\"https:\/\/balcilar-blog.com\/wp-content\/uploads\/2021\/04\/231763.jpg 640w, https:\/\/balcilar-blog.com\/wp-content\/uploads\/2021\/04\/231763-300x154.jpg 300w\" sizes=\"auto, (max-width: 640px) 100vw, 640px\" \/><\/a><\/p>\n<p>Bug\u00fcn \u00c7anakkale ilimizdeki Truva kentinde sembolik Truva at\u0131 vard\u0131r. O sava\u015fta 10 y\u0131l al\u0131namayan kale, bir sava\u015f hilesi ile, at i\u00e7inde kaleye sokulan askerlerin kale kap\u0131lar\u0131n\u0131 bir gece a\u00e7mas\u0131 ile Truva d\u00fc\u015fm\u00fc\u015ft\u00fcr.<\/p>\n<p><span style=\"color: #000000;\">Brad Pitt&#8217;<\/span>in bu iki filmini, <span style=\"color: #000000;\">\u00c7a\u011fatay Ulusoy<\/span>&#8216;un defalarca seyretti\u011fini d\u00fc\u015f\u00fcn\u00fcyorum.<\/p>\n<p>&nbsp;<\/p>\n<p><span style=\"color: #0000ff;\"><strong><span style=\"color: #ff0000;\">Brad Pitt<\/span>&#8216;in ve <span style=\"color: #ff0000;\">\u00c7a\u011fatay Ulusoy<\/span>&#8216;un benzer foto\u011fraflar\u0131n\u0131 yay\u0131nl\u0131yor, herhangi bir yorum yapm\u0131yor, yorumu sizlere b\u0131rak\u0131yorum.<\/strong><\/span><\/p>\n<p>&nbsp;<\/p>\n<p><a href=\"http:\/\/balcilar-blog.com\/wp-content\/uploads\/2021\/04\/ec256c39b39d8700653c594614bd582a.jpg\">il<img loading=\"lazy\" decoding=\"async\" class=\"alignnone size-full wp-image-27321\" src=\"http:\/\/balcilar-blog.com\/wp-content\/uploads\/2021\/04\/ec256c39b39d8700653c594614bd582a.jpg\" alt=\"\" width=\"540\" height=\"480\" srcset=\"https:\/\/balcilar-blog.com\/wp-content\/uploads\/2021\/04\/ec256c39b39d8700653c594614bd582a.jpg 540w, https:\/\/balcilar-blog.com\/wp-content\/uploads\/2021\/04\/ec256c39b39d8700653c594614bd582a-300x267.jpg 300w\" sizes=\"auto, (max-width: 540px) 100vw, 540px\" \/><\/a><\/p>\n<p><a href=\"http:\/\/balcilar-blog.com\/wp-content\/uploads\/2021\/04\/cd1fad7c6694953c172a88ce941e4cd9.jpg\"><img loading=\"lazy\" decoding=\"async\" class=\"alignnone size-full wp-image-27323\" src=\"http:\/\/balcilar-blog.com\/wp-content\/uploads\/2021\/04\/cd1fad7c6694953c172a88ce941e4cd9.jpg\" alt=\"\" width=\"640\" height=\"454\" srcset=\"https:\/\/balcilar-blog.com\/wp-content\/uploads\/2021\/04\/cd1fad7c6694953c172a88ce941e4cd9.jpg 640w, https:\/\/balcilar-blog.com\/wp-content\/uploads\/2021\/04\/cd1fad7c6694953c172a88ce941e4cd9-300x213.jpg 300w\" sizes=\"auto, (max-width: 640px) 100vw, 640px\" \/><\/a><\/p>\n<p><a href=\"http:\/\/balcilar-blog.com\/wp-content\/uploads\/2021\/04\/e3b5ae225a74c23d1adb467ca8f1d064.jpg\"><img loading=\"lazy\" decoding=\"async\" class=\"alignnone size-full wp-image-27317\" src=\"http:\/\/balcilar-blog.com\/wp-content\/uploads\/2021\/04\/e3b5ae225a74c23d1adb467ca8f1d064.jpg\" alt=\"\" width=\"426\" height=\"640\" srcset=\"https:\/\/balcilar-blog.com\/wp-content\/uploads\/2021\/04\/e3b5ae225a74c23d1adb467ca8f1d064.jpg 426w, https:\/\/balcilar-blog.com\/wp-content\/uploads\/2021\/04\/e3b5ae225a74c23d1adb467ca8f1d064-200x300.jpg 200w\" sizes=\"auto, (max-width: 426px) 100vw, 426px\" \/><\/a><\/p>\n<p><a href=\"http:\/\/balcilar-blog.com\/wp-content\/uploads\/2021\/04\/2pfuR_1604041054_739.jpg\"><img loading=\"lazy\" decoding=\"async\" class=\"alignnone size-full wp-image-27324\" src=\"http:\/\/balcilar-blog.com\/wp-content\/uploads\/2021\/04\/2pfuR_1604041054_739.jpg\" alt=\"\" width=\"480\" height=\"480\" srcset=\"https:\/\/balcilar-blog.com\/wp-content\/uploads\/2021\/04\/2pfuR_1604041054_739.jpg 480w, https:\/\/balcilar-blog.com\/wp-content\/uploads\/2021\/04\/2pfuR_1604041054_739-300x300.jpg 300w, https:\/\/balcilar-blog.com\/wp-content\/uploads\/2021\/04\/2pfuR_1604041054_739-150x150.jpg 150w\" sizes=\"auto, (max-width: 480px) 100vw, 480px\" \/><\/a><\/p>\n<p><a href=\"http:\/\/balcilar-blog.com\/wp-content\/uploads\/2021\/04\/d9691ffbf581338acecebac183fd7a31-brad-pitt-mens-hair.jpg\"><img loading=\"lazy\" decoding=\"async\" class=\"alignnone size-full wp-image-27320\" src=\"http:\/\/balcilar-blog.com\/wp-content\/uploads\/2021\/04\/d9691ffbf581338acecebac183fd7a31-brad-pitt-mens-hair.jpg\" alt=\"\" width=\"444\" height=\"640\" srcset=\"https:\/\/balcilar-blog.com\/wp-content\/uploads\/2021\/04\/d9691ffbf581338acecebac183fd7a31-brad-pitt-mens-hair.jpg 444w, https:\/\/balcilar-blog.com\/wp-content\/uploads\/2021\/04\/d9691ffbf581338acecebac183fd7a31-brad-pitt-mens-hair-208x300.jpg 208w\" sizes=\"auto, (max-width: 444px) 100vw, 444px\" \/><\/a><\/p>\n<p><a href=\"http:\/\/balcilar-blog.com\/wp-content\/uploads\/2021\/04\/cagatay-sigara.jpg\"><img loading=\"lazy\" decoding=\"async\" class=\"alignnone size-full wp-image-27326\" src=\"http:\/\/balcilar-blog.com\/wp-content\/uploads\/2021\/04\/cagatay-sigara.jpg\" alt=\"\" width=\"640\" height=\"426\" srcset=\"https:\/\/balcilar-blog.com\/wp-content\/uploads\/2021\/04\/cagatay-sigara.jpg 640w, https:\/\/balcilar-blog.com\/wp-content\/uploads\/2021\/04\/cagatay-sigara-300x200.jpg 300w\" sizes=\"auto, (max-width: 640px) 100vw, 640px\" \/><\/a><\/p>\n<p>&nbsp;<\/p>\n<p><strong><span style=\"color: #ff0000;\">Brad Pitt<\/span> <\/strong>Amerikal\u0131 oyuncu ve film yap\u0131mc\u0131s\u0131 d\u00fcnya sanat\u00e7\u0131s\u0131d\u0131r. Bizim <span style=\"color: #ff0000;\"><strong>\u00c7a\u011fatay Ulusoy<\/strong> <\/span>da oyuncu ve yap\u0131mc\u0131 olarak D\u00fcnya Sanat\u00e7\u0131s\u0131 olma yolunda&#8230; Brad Pitt <span style=\"color: #0000ff;\"><strong>Oscar<\/strong><\/span> alm\u0131\u015f bir oyuncu. \u00c7a\u011fatay Ulusoy&#8217;un da ilerleyen y\u0131llarda Oscar&#8217;a aday olaca\u011f\u0131n\u0131 ve bu \u00f6d\u00fcl\u00fc alaca\u011f\u0131n\u0131 inan\u0131yorum.<\/p>\n<p>Abdurrahman Balc\u0131lar<\/p>\n","protected":false},"excerpt":{"rendered":"<p>&nbsp; Son iki hafta i\u00e7inde d\u00fcnyan\u0131n en sevilen oyuncular\u0131ndan Brad Pitt&#8217;in iki \u00f6l\u00fcms\u00fcz sinema filmini tekrar izledim. 1997 y\u0131l\u0131nda \u00e7evirdi\u011fi &#8220;Tibet&#8217;te 7 Y\u0131l&#8221; (Seven Years in Tibet) filmde bat\u0131 ve do\u011fu k\u00fclt\u00fcr\u00fcn\u00fcn bir kriti\u011fi yap\u0131l\u0131yor. Bir Alman da\u011fc\u0131 olarak \u00fclkesinden kilometrelerce uzakta, e\u015finden ve kendi \u00e7ocu\u011fundan uzakta 11 ya\u015f\u0131nda dini lider (Dalay Lama) bir \u00e7ocuktan [&hellip;]<\/p>\n","protected":false},"author":3,"featured_media":27327,"comment_status":"open","ping_status":"open","sticky":false,"template":"","format":"standard","meta":{"footnotes":""},"categories":[2],"tags":[1574,15,2302,894,2300,2299,2301],"class_list":["post-27316","post","type-post","status-publish","format-standard","has-post-thumbnail","hentry","category-tv-programlari","tag-brad-pitt","tag-cagatay-ulusoy","tag-canakkale","tag-oscar","tag-tibette-7-yil","tag-truva","tag-truva-ati"],"views":2712,"blog_post_layout_featured_media_urls":{"thumbnail":["https:\/\/balcilar-blog.com\/wp-content\/uploads\/2021\/04\/Brad-Pitt-Cagatay-Ulusoy-150x150.jpg",150,150,true],"full":["https:\/\/balcilar-blog.com\/wp-content\/uploads\/2021\/04\/Brad-Pitt-Cagatay-Ulusoy.jpg",640,326,false]},"categories_names":{"2":{"name":"TV Programlar\u0131","link":"https:\/\/balcilar-blog.com\/?cat=2"}},"tags_names":{"1574":{"name":"Brad Pitt","link":"https:\/\/balcilar-blog.com\/?tag=brad-pitt"},"15":{"name":"\u00e7a\u011fatay ulusoy","link":"https:\/\/balcilar-blog.com\/?tag=cagatay-ulusoy"},"2302":{"name":"\u00c7anakkale","link":"https:\/\/balcilar-blog.com\/?tag=canakkale"},"894":{"name":"Oscar","link":"https:\/\/balcilar-blog.com\/?tag=oscar"},"2300":{"name":"Tibet'te 7 Y\u0131l","link":"https:\/\/balcilar-blog.com\/?tag=tibette-7-yil"},"2299":{"name":"Truva","link":"https:\/\/balcilar-blog.com\/?tag=truva"},"2301":{"name":"Truva At\u0131","link":"https:\/\/balcilar-blog.com\/?tag=truva-ati"}},"comments_number":"0","wpmagazine_modules_lite_featured_media_urls":{"thumbnail":["https:\/\/balcilar-blog.com\/wp-content\/uploads\/2021\/04\/Brad-Pitt-Cagatay-Ulusoy-150x150.jpg",150,150,true],"cvmm-medium":["https:\/\/balcilar-blog.com\/wp-content\/uploads\/2021\/04\/Brad-Pitt-Cagatay-Ulusoy.jpg",300,153,false],"cvmm-medium-plus":["https:\/\/balcilar-blog.com\/wp-content\/uploads\/2021\/04\/Brad-Pitt-Cagatay-Ulusoy.jpg",305,155,false],"cvmm-portrait":["https:\/\/balcilar-blog.com\/wp-content\/uploads\/2021\/04\/Brad-Pitt-Cagatay-Ulusoy.jpg",400,204,false],"cvmm-medium-square":["https:\/\/balcilar-blog.com\/wp-content\/uploads\/2021\/04\/Brad-Pitt-Cagatay-Ulusoy.jpg",600,306,false],"cvmm-large":["https:\/\/balcilar-blog.com\/wp-content\/uploads\/2021\/04\/Brad-Pitt-Cagatay-Ulusoy.jpg",640,326,false],"cvmm-small":["https:\/\/balcilar-blog.com\/wp-content\/uploads\/2021\/04\/Brad-Pitt-Cagatay-Ulusoy.jpg",130,66,false],"full":["https:\/\/balcilar-blog.com\/wp-content\/uploads\/2021\/04\/Brad-Pitt-Cagatay-Ulusoy.jpg",640,326,false]},"_links":{"self":[{"href":"https:\/\/balcilar-blog.com\/index.php?rest_route=\/wp\/v2\/posts\/27316","targetHints":{"allow":["GET"]}}],"collection":[{"href":"https:\/\/balcilar-blog.com\/index.php?rest_route=\/wp\/v2\/posts"}],"about":[{"href":"https:\/\/balcilar-blog.com\/index.php?rest_route=\/wp\/v2\/types\/post"}],"author":[{"embeddable":true,"href":"https:\/\/balcilar-blog.com\/index.php?rest_route=\/wp\/v2\/users\/3"}],"replies":[{"embeddable":true,"href":"https:\/\/balcilar-blog.com\/index.php?rest_route=%2Fwp%2Fv2%2Fcomments&post=27316"}],"version-history":[{"count":3,"href":"https:\/\/balcilar-blog.com\/index.php?rest_route=\/wp\/v2\/posts\/27316\/revisions"}],"predecessor-version":[{"id":27329,"href":"https:\/\/balcilar-blog.com\/index.php?rest_route=\/wp\/v2\/posts\/27316\/revisions\/27329"}],"wp:featuredmedia":[{"embeddable":true,"href":"https:\/\/balcilar-blog.com\/index.php?rest_route=\/wp\/v2\/media\/27327"}],"wp:attachment":[{"href":"https:\/\/balcilar-blog.com\/index.php?rest_route=%2Fwp%2Fv2%2Fmedia&parent=27316"}],"wp:term":[{"taxonomy":"category","embeddable":true,"href":"https:\/\/balcilar-blog.com\/index.php?rest_route=%2Fwp%2Fv2%2Fcategories&post=27316"},{"taxonomy":"post_tag","embeddable":true,"href":"https:\/\/balcilar-blog.com\/index.php?rest_route=%2Fwp%2Fv2%2Ftags&post=27316"}],"curies":[{"name":"wp","href":"https:\/\/api.w.org\/{rel}","templated":true}]}}