{"id":2728,"date":"2014-08-02T09:18:42","date_gmt":"2014-08-02T06:18:42","guid":{"rendered":"http:\/\/balcilar-blog.com\/?p=2728"},"modified":"2015-02-21T21:30:13","modified_gmt":"2015-02-21T19:30:13","slug":"milliyet-blogda-500-bloga-ulastim-2","status":"publish","type":"post","link":"https:\/\/balcilar-blog.com\/?p=2728","title":{"rendered":"Milliyet Blog\u2019da 500. Blog\u2019a ula\u015ft\u0131m."},"content":{"rendered":"<p><a href=\"http:\/\/balcilar-blog.com\/wp-content\/uploads\/2015\/01\/\u0130\u00e7erikmilliyet-blog.jpg\"><img loading=\"lazy\" decoding=\"async\" class=\"alignnone size-full wp-image-6777\" src=\"http:\/\/balcilar-blog.com\/wp-content\/uploads\/2015\/01\/\u0130\u00e7erikmilliyet-blog.jpg\" alt=\"\u0130\u00e7erikmilliyet blog\" width=\"265\" height=\"191\" \/><\/a><\/p>\n<p>Milliyet Blog\u2019da ilk Blog yaz\u0131m 14 Ocak 2013 tarihinde yay\u0131nland\u0131. O g\u00fcnden bu yana tam 1,5 y\u0131l ge\u00e7ti ve ben 500 Blog yaz\u0131s\u0131na ula\u015ft\u0131m. Yazarl\u0131kta deneyimim olmasa da bu bana keyif veriyor. As\u0131l mesle\u011fim, iktisat, i\u015fletmecilik. Sadece Lisenin edebiyat b\u00f6l\u00fcm\u00fcnde okudum. Ukalal\u0131k yapmak istemem ama yazarl\u0131kta, epeyce de deneyim kazand\u0131m diyebilirim.<\/p>\n<p>Bu 1,5 y\u0131lda yazd\u0131\u011f\u0131m yaz\u0131lar\u0131n bir muhasebesini yapmak istedim.<\/p>\n<p>G\u00f6r\u00fcld\u00fc\u011f\u00fc gibi her kategoride yaz\u0131yorum.40 kategoride yazm\u0131\u015f\u0131m. Yaz\u0131lar\u0131m\u0131 takip edenler bilir. \u0130lk s\u0131rada Tv. Programlar\u0131 ve magazin yaz\u0131lar\u0131 yer alm\u0131\u015f. Sonra s\u0131ras\u0131yla, Gelenekler, Sinema, Do\u011fal Hayat ve di\u011ferleri geliyor.<\/p>\n<p>Okuma oranlar\u0131m\u0131n iyi oldu\u011funu g\u00f6r\u00fcyorum. Bu s\u00fcre zarf\u0131nda 1.858.000 ki\u015fi yaz\u0131lar\u0131m\u0131 okumu\u015f. Bu da demek ki, yaz\u0131 ba\u015f\u0131na 3.723 okuma oran\u0131 d\u00fc\u015f\u00fcyor. G\u00f6rd\u00fc\u011f\u00fcn\u00fcz gibi haftal\u0131k en \u00e7ok okunanlarda iyi bir yerdeyim.<\/p>\n<p>&nbsp;<\/p>\n<p><strong>En \u00c7ok G\u00f6r\u00fcnt\u00fclenen Bloglar\u0131m Toplam:<\/strong><\/p>\n<ol>\n<li>\u00a0<a href=\"http:\/\/blog.milliyet.com.tr\/Uye\/UyeBlogGiris\/index.htm?BlogID=442940\">Firuze \/ Finalsiz yay\u0131n\u0131na son verildi!<\/a>\u00a0 \u2026\u2026\u2026\u2026\u2026\u2026\u2026\u2026\u2026\u2026\u2026\u2026\u2026\u2026\u2026\u2026\u2026\u2026. \u00a0 \u00a0 \u00a0 \u00a0 \u00a0 \u00a0 \u00a0 \u00a0 \u00a0 \u00a0 \u00a0 \u00a0 67.435<\/li>\n<li>\u00a0<a href=\"http:\/\/blog.milliyet.com.tr\/Uye\/UyeBlogGiris\/index.htm?BlogID=444901\">Bir A\u015fk Hikayesi \/ Final ac\u0131 sonla oldu.<\/a> \u2026\u2026\u2026\u2026\u2026\u2026\u2026\u2026\u2026\u2026\u2026\u2026\u2026\u2026\u2026\u2026\u2026\u2026 \u00a0 \u00a0 \u00a0 \u00a0 \u00a0 \u00a0 \u00a0 \u00a0 \u00a0 \u00a0 \u00a0 \u00a061.509<\/li>\n<li>\u00a0<a href=\"http:\/\/blog.milliyet.com.tr\/Uye\/UyeBlogGiris\/index.htm?BlogID=403541\">\u00c7a\u011fatay Ulusoy, yeni bir a\u015fk hikayesi ile ekranlara d\u00f6n\u00fcyor<\/a> \u2026\u2026\u2026\u2026\u2026\u2026\u2026\u2026\u2026 \u00a0 \u00a0 \u00a0 \u00a0 \u00a0 \u00a0 \u00a0 \u00a0 49.155<\/li>\n<li>\u00a0<a href=\"http:\/\/blog.milliyet.com.tr\/Uye\/UyeBlogGiris\/index.htm?BlogID=443109\">Beni B\u00f6yle Sev \/ Nezih\u2019in (Mert Turak) ac\u0131 sonu!<\/a>\u00a0 \u2026\u2026\u2026\u2026\u2026\u2026\u2026\u2026\u2026\u2026\u2026\u2026 \u00a0 \u00a0 \u00a0 \u00a0 \u00a0 \u00a0 \u00a0 \u00a0 \u00a0 \u00a0 \u00a0 \u00a0 \u00a034.663<\/li>\n<li><a href=\"http:\/\/blog.milliyet.com.tr\/Uye\/UyeBlogGiris\/index.htm?BlogID=441188\">\u00a0Kadir Do\u011fulu, d\u00fcn\u00fc, bug\u00fcn\u00fc ve yar\u0131n\u0131<\/a>\u00a0 \u2026\u2026\u2026\u2026\u2026\u2026\u2026\u2026\u2026\u2026\u2026\u2026\u2026\u2026\u2026\u2026\u2026 \u00a0 \u00a0 \u00a0 \u00a0 \u00a0 \u00a0 \u00a0 \u00a0 \u00a0 \u00a0 \u00a0 \u00a0 \u00a0 \u00a032.623<\/li>\n<li>\u00a0<a href=\"http:\/\/blog.milliyet.com.tr\/Uye\/UyeBlogGiris\/index.htm?BlogID=444474\">Ad\u0131n\u0131 Kalbime Yazd\u0131m \/ \u00d6mer A\u011fa \u00f6ld\u00fc. Leyla\u2019n\u0131n yeni a\u015fk\u0131 Halil A\u011fa m\u0131 olacak!<\/a>\u00a0 \u00a0 \u00a0 \u00a0 \u00a0 28.397<\/li>\n<li>\u00a0<a href=\"http:\/\/blog.milliyet.com.tr\/Uye\/UyeBlogGiris\/index.htm?BlogID=405580\">\u00c7a\u011fatay Ulusoy&#8217;un Yeni dizisinin ad\u0131 ?<\/a>\u00a0 \u2026\u2026\u2026\u2026\u2026\u2026\u2026\u2026\u2026\u2026\u2026\u2026\u2026\u2026\u2026\u2026 \u00a0 \u00a0 \u00a0 \u00a0 \u00a0 \u00a0 \u00a0 \u00a0 \u00a0 \u00a0 \u00a0 \u00a0 \u00a0 \u00a0 \u00a0 \u00a025.474<\/li>\n<li>\u00a0<a href=\"http:\/\/blog.milliyet.com.tr\/Uye\/UyeBlogGiris\/index.htm?BlogID=442918\">A.\u015e.K. final yapt\u0131 ve bitti! \/ Peki neden?<\/a>\u00a0 \u2026\u2026\u2026\u2026\u2026\u2026\u2026\u2026\u2026\u2026\u2026\u2026\u2026\u2026\u2026\u2026\u2026 \u00a0 \u00a0 \u00a0 \u00a0 \u00a0 \u00a0 \u00a0 \u00a0 \u00a0 \u00a0 \u00a0 \u00a0 \u00a0 24.934<\/li>\n<li>\u00a0<a href=\"http:\/\/blog.milliyet.com.tr\/Uye\/UyeBlogGiris\/index.htm?BlogID=424000\">\u00c7a\u011fatay Ulusoy &#8211; Serenay Sar\u0131kaya yeni dizi ad\u0131 &#8220;Medcezir&#8221; oldu.<\/a>\u00a0\u00a0 \u2026\u2026\u2026\u2026\u2026 \u00a0 \u00a0 \u00a0 \u00a0 \u00a0 \u00a0 \u00a0 \u00a0 \u00a0 \u00a023.961<\/li>\n<li>\u00a0<a href=\"http:\/\/blog.milliyet.com.tr\/Uye\/UyeBlogGiris\/index.htm?BlogID=452522\">\u201cAd\u0131nKalbime Yazd\u0131m\u201d Show Tv.de 2 haftad\u0131r yok, Final b\u00f6l\u00fcm\u00fcn\u00fc \u00e7ekiyorlarm\u0131\u015f!<\/a>\u00a0 \u00a0 \u00a0 \u00a0 23.460<\/li>\n<li>\u00a0Di\u011fer 489 Blog yaz\u0131s\u0131 okunma toplam\u0131\u00a0\u00a0 \u2026\u2026\u2026\u2026\u2026\u2026\u2026\u2026\u2026\u2026\u2026\u2026\u2026\u2026\u2026\u2026\u2026. \u00a0 \u00a0 \u00a0 \u00a0 \u00a0 \u00a0 \u00a0 \u00a0 \u00a0 \u00a0 \u00a01.486.389<\/li>\n<li>\u00a0 \u00a0 \u00a0 \u00a0 \u00a0 \u00a0 \u00a0 \u00a0 \u00a0 \u00a0 \u00a0 \u00a0 \u00a0 \u00a0 \u00a0 \u00a0 \u00a0 \u00a0 \u00a0 \u00a0 \u00a0 \u00a0 \u00a0 \u00a0 \u00a0 \u00a0 \u00a0 \u00a0 \u00a0 \u00a0 \u00a0 \u00a0 \u00a0 \u00a0 \u00a0 \u00a0 \u00a0 \u00a0 \u00a0 \u00a0 \u00a0 \u00a0 \u00a0 \u00a0 \u00a0 \u00a0 \u00a0 \u00a0 \u00a0 \u00a0 \u00a0 \u00a0 \u00a0 \u00a0 \u00a0 \u00a0 \u00a0 \u00a0 \u00a0 \u00a0 \u00a0 \u00a0 \u00a0 \u00a0 \u00a0 \u00a0 \u00a0 \u00a0 \u00a0 \u00a0 \u00a0 \u00a0 \u00a0 \u00a0 \u00a0 \u00a0 \u00a0 \u00a0 \u00a0 ___________<\/li>\n<li>\u00a0 \u00a0 \u00a0 \u00a0 \u00a0 \u00a0 \u00a0 \u00a0 \u00a0 \u00a0 \u00a0 \u00a0 \u00a0 \u00a0 \u00a0 \u00a0 \u00a0 \u00a0 \u00a0 \u00a0 \u00a0 \u00a0 \u00a0 \u00a0 \u00a0 \u00a0 \u00a0 \u00a0 \u00a0 \u00a0 \u00a0 \u00a0 \u00a0 \u00a0 \u00a0 \u00a0 \u00a0 \u00a0 \u00a0 \u00a0 \u00a0 \u00a0 \u00a0 \u00a0 \u00a0 \u00a0 \u00a0 \u00a0 \u00a0 \u00a0 \u00a0 \u00a0 \u00a0 \u00a0Toplam : \u00a0 \u00a0 \u00a0 \u00a0 \u00a0 \u00a0 \u00a0 \u00a0 \u00a0 \u00a0 \u00a0 \u00a0 \u00a0 \u00a0 \u00a0 1.858.000<\/li>\n<\/ol>\n<h5>Ayr\u0131ca kendi \u00e7ekti\u011fim yada internetyten al\u0131p yay\u0131nlad\u0131\u011f\u0131m \u00a019 galeri g\u00f6r\u00fcnt\u00fcleri de 148.914 kez g\u00f6r\u00fcnt\u00fclenmi\u015f.<\/h5>\n<h5>Galeri G\u00f6r\u00fcnt\u00fclenmeleri en \u00e7ok t\u0131klanan ilk \u00fc\u00e7 \u015f\u00f6yle:<\/h5>\n<ul>\n<li><a href=\"http:\/\/blog.milliyet.com.tr\/Uye\/UyeGaleriGiris\/index.htm?GalleryID=\">\u00c7a\u011fatay Ulusoy ve Ben McKenzie (Ryan) sa\u00e7 modelleri;<\/a>\u00a0 \u00a0 \u00a0\u00a070.243<\/li>\n<li><a href=\"http:\/\/blog.milliyet.com.tr\/Uye\/UyeGaleriGiris\/index.htm?GalleryID=\">Feriha&#8217; \u0131n \u00f6l\u00fcm\u00fcn\u00fcn 1.ci Y\u0131ld\u00f6n\u00fcm\u00fc G\u00f6rselleri,<\/a>\u00a0 \u00a0 \u00a0 \u00a0 \u00a0 \u00a0 \u00a0 \u00a0 \u00a0 \u00a0 \u00a022.632<\/li>\n<li><a href=\"http:\/\/blog.milliyet.com.tr\/Uye\/UyeGaleriGiris\/index.htm?GalleryID=\">El eme\u011fi, g\u00f6z nuru \u0130\u011fne Oyalar\u0131,<\/a>\u00a0 \u00a0 \u00a0 \u00a0 \u00a0 \u00a0 \u00a0 \u00a0 \u00a0 \u00a0 \u00a0 \u00a0 \u00a0 \u00a0 \u00a0 \u00a0 \u00a0 \u00a0 \u00a0 \u00a0 \u00a0 \u00a0 \u00a0 \u00a0 \u00a019.442<\/li>\n<\/ul>\n<p>Di\u011ferleri, \u00a0 \u00a0 \u00a0 \u00a0 \u00a0 \u00a0 \u00a0 \u00a0 \u00a0 \u00a0 \u00a0 \u00a0 \u00a0 \u00a0 \u00a0 \u00a0 \u00a0 \u00a0 \u00a0 \u00a0 \u00a0 \u00a0 \u00a0 \u00a0 \u00a0 \u00a0 \u00a0 \u00a0 \u00a0 \u00a0 \u00a0 \u00a0 \u00a0 \u00a0 \u00a0 \u00a0 \u00a0 \u00a0 \u00a0 \u00a0 \u00a0 \u00a0 \u00a0 \u00a0 \u00a0 \u00a0 \u00a0 \u00a0 \u00a0 \u00a036.597<\/p>\n<p>_______<\/p>\n<p>Toplam \u00a0 \u00a0 \u00a0 \u00a0 \u00a0 \u00a0 \u00a0 \u00a0 \u00a0 \u00a0 \u00a0 \u00a0 \u00a0 \u00a0 \u00a0 \u00a0 \u00a0 \u00a0 \u00a0 \u00a0 \u00a0 \u00a0 \u00a0 \u00a0 \u00a0 \u00a0 \u00a0 \u00a0 \u00a0 \u00a0 \u00a0 \u00a0 \u00a0 \u00a0 \u00a0 \u00a0 \u00a0 \u00a0 \u00a0 \u00a0 \u00a0 \u00a0 \u00a0 \u00a0 \u00a0 \u00a0 \u00a0 \u00a0 \u00a0 \u00a0148.914<\/p>\n<p>\u0130nsano\u011flu ne i\u015f yaparsa yaps\u0131n, \u015fapkas\u0131n\u0131 \u00f6n\u00fcne koyup yapt\u0131\u011f\u0131 i\u015fin muhasebesini yapmak zorundad\u0131r. Ben de bunu yapmak istedim. Yeni Blog yazar\u0131 arkada\u015flara tavsiyem, en keyif ald\u0131\u011f\u0131n\u0131z konuda yaz\u0131n. Bir a\u015f\u00e7\u0131 yemek yaparken o yeme\u011fi \u00f6zenerek yaparsa, o yemek \u00e7ok lezzetli olur. O yeme\u011fi yiyen de tat al\u0131r. Ben buna inan\u0131r\u0131m. Bu nedenle yaz\u0131lar\u0131m\u0131 \u00f6zenerek yazar\u0131m. S\u00f6yledi\u011fim gibi bu da bana keyif verir.<\/p>\n<p>Milliyet Blog \u015femsiyesi alt\u0131nda olmaktan da mutluyum. Milliyet Blog yazarlar\u0131na bir te\u015fekk\u00fcr mesaj\u0131 atmasa da, ben Milliyet Blogun biz amat\u00f6r yazarlara bu olana\u011f\u0131 sa\u011flad\u0131\u011f\u0131 i\u00e7in te\u015fekk\u00fcr\u00fc bir bor\u00e7 bilirim. Ayr\u0131ca yaz\u0131lar\u0131m\u0131 ilgi g\u00f6steren, okuyan, t\u00fcm okuyucular\u0131m\u0131n hepsine de minnettar\u0131m.<\/p>\n<p>Allah sa\u011fl\u0131k verdik\u00e7e, parmaklar\u0131m\u0131z tu\u015flara dokunma g\u00fcc\u00fcn\u00fc kaybedene kadar yazmaya devam.<\/p>\n<p>Sayg\u0131lar, sevgiler.<\/p>\n<p>Abdurrahman Balc\u0131lar<\/p>\n<p>Twitter: abdurrahman balc\u0131lar@abbalcilar<\/p>\n<p>Mail : <a href=\"mailto:ab.balcilar@hotmail.com\">ab.balcilar@hotmail.com<\/a><\/p>\n<p>Blog: milliyet.com.tr\/cansever<\/p>\n<p>&nbsp;<\/p>\n<p>&nbsp;<\/p>\n","protected":false},"excerpt":{"rendered":"<p>Milliyet Blog\u2019da ilk Blog yaz\u0131m 14 Ocak 2013 tarihinde yay\u0131nland\u0131. O g\u00fcnden bu yana tam 1,5 y\u0131l ge\u00e7ti ve ben 500 Blog yaz\u0131s\u0131na ula\u015ft\u0131m. Yazarl\u0131kta deneyimim olmasa da bu bana keyif veriyor. As\u0131l mesle\u011fim, iktisat, i\u015fletmecilik. Sadece Lisenin edebiyat b\u00f6l\u00fcm\u00fcnde okudum. Ukalal\u0131k yapmak istemem ama yazarl\u0131kta, epeyce de deneyim kazand\u0131m diyebilirim. Bu 1,5 y\u0131lda yazd\u0131\u011f\u0131m [&hellip;]<\/p>\n","protected":false},"author":3,"featured_media":0,"comment_status":"open","ping_status":"open","sticky":false,"template":"","format":"standard","meta":{"footnotes":""},"categories":[1],"tags":[],"class_list":["post-2728","post","type-post","status-publish","format-standard","hentry","category-genel"],"views":3442,"blog_post_layout_featured_media_urls":{"thumbnail":"","full":""},"categories_names":{"1":{"name":"Genel","link":"https:\/\/balcilar-blog.com\/?cat=1"}},"tags_names":[],"comments_number":"0","wpmagazine_modules_lite_featured_media_urls":{"thumbnail":"","cvmm-medium":"","cvmm-medium-plus":"","cvmm-portrait":"","cvmm-medium-square":"","cvmm-large":"","cvmm-small":"","full":""},"_links":{"self":[{"href":"https:\/\/balcilar-blog.com\/index.php?rest_route=\/wp\/v2\/posts\/2728","targetHints":{"allow":["GET"]}}],"collection":[{"href":"https:\/\/balcilar-blog.com\/index.php?rest_route=\/wp\/v2\/posts"}],"about":[{"href":"https:\/\/balcilar-blog.com\/index.php?rest_route=\/wp\/v2\/types\/post"}],"author":[{"embeddable":true,"href":"https:\/\/balcilar-blog.com\/index.php?rest_route=\/wp\/v2\/users\/3"}],"replies":[{"embeddable":true,"href":"https:\/\/balcilar-blog.com\/index.php?rest_route=%2Fwp%2Fv2%2Fcomments&post=2728"}],"version-history":[{"count":4,"href":"https:\/\/balcilar-blog.com\/index.php?rest_route=\/wp\/v2\/posts\/2728\/revisions"}],"predecessor-version":[{"id":6780,"href":"https:\/\/balcilar-blog.com\/index.php?rest_route=\/wp\/v2\/posts\/2728\/revisions\/6780"}],"wp:attachment":[{"href":"https:\/\/balcilar-blog.com\/index.php?rest_route=%2Fwp%2Fv2%2Fmedia&parent=2728"}],"wp:term":[{"taxonomy":"category","embeddable":true,"href":"https:\/\/balcilar-blog.com\/index.php?rest_route=%2Fwp%2Fv2%2Fcategories&post=2728"},{"taxonomy":"post_tag","embeddable":true,"href":"https:\/\/balcilar-blog.com\/index.php?rest_route=%2Fwp%2Fv2%2Ftags&post=2728"}],"curies":[{"name":"wp","href":"https:\/\/api.w.org\/{rel}","templated":true}]}}