{"id":27106,"date":"2021-01-23T14:55:41","date_gmt":"2021-01-23T11:55:41","guid":{"rendered":"http:\/\/balcilar-blog.com\/?p=27106"},"modified":"2021-01-23T14:55:41","modified_gmt":"2021-01-23T11:55:41","slug":"vucut-ve-ruh-sagligi","status":"publish","type":"post","link":"https:\/\/balcilar-blog.com\/?p=27106","title":{"rendered":"V\u00fccut ve Ruh Sa\u011fl\u0131\u011f\u0131!"},"content":{"rendered":"<p><a href=\"http:\/\/balcilar-blog.com\/wp-content\/uploads\/2021\/01\/dunya-ruh-agligi.png\"><img loading=\"lazy\" decoding=\"async\" class=\"alignnone size-full wp-image-27108\" src=\"http:\/\/balcilar-blog.com\/wp-content\/uploads\/2021\/01\/dunya-ruh-agligi.png\" alt=\"\" width=\"696\" height=\"385\" srcset=\"https:\/\/balcilar-blog.com\/wp-content\/uploads\/2021\/01\/dunya-ruh-agligi.png 696w, https:\/\/balcilar-blog.com\/wp-content\/uploads\/2021\/01\/dunya-ruh-agligi-300x166.png 300w\" sizes=\"auto, (max-width: 696px) 100vw, 696px\" \/><\/a><\/p>\n<p>Her insan\u0131n v\u00fccut sa\u011fl\u0131\u011f\u0131 kadar ruh sa\u011fl\u0131\u011f\u0131 da \u00f6nemlidir. Bizler makine de\u011filiz, etten kemikten yap\u0131lm\u0131\u015f birer canl\u0131y\u0131z. Makinan\u0131n bile normal \u00e7al\u0131\u015fmas\u0131 i\u00e7in ya\u011flar\u0131z t\u0131k\u0131r t\u0131k\u0131r \u00e7al\u0131\u015f\u0131r. \u0130nsan b\u00fcnyesi de \u00f6yle&#8230; Her sabah yap\u0131lan normal bir kahvalt\u0131n\u0131n \u00f6nemi b\u00fcy\u00fckt\u00fcr. Sabah yap\u0131lan g\u00fczel bir kahvalt\u0131 sonunda insan kedini iyi hisseder ve arkas\u0131ndan sabah kahvesi ister. Sonra gel keyfim gel.<\/p>\n<p>Bir insan\u0131n v\u00fccut sa\u011fl\u0131\u011f\u0131 kadar ruh sa\u011fl\u0131\u011f\u0131 da \u00f6nemlidir. \u0130\u015fte o ruh sa\u011fl\u0131\u011f\u0131n\u0131n anahtar\u0131 yine bizim elimizdedir. \u0130nsan o\u011flu ne d\u00fc\u015f\u00fcn\u00fcrse o akl\u0131na ve ba\u015f\u0131na gelir. \u0130yi d\u00fc\u015f\u00fcn\u00fcrsen onu ya\u015far, k\u00f6t\u00fc \u015feyler d\u00fc\u015f\u00fcn\u00fcrsen de o ba\u015f\u0131na gelir. Sabah duydu\u011funuz bir haber sizi iyi y\u00f6ne de, tersi k\u00f6t\u00fc y\u00f6ne de s\u00fcr\u00fckler. O haberin hep iyi taraf\u0131ndan bakmal\u0131s\u0131n\u0131z. \u015e\u00f6yle bir laf vard\u0131r, barda\u011f\u0131n bo\u015f raf\u0131na de\u011fil , dolu taraf\u0131n\u0131 bakman\u0131z laz\u0131m. \u0130nsan beyni bilgisayar gibidir. Neyi \u00e7a\u011f\u0131r\u0131rsan onu ya\u015fars\u0131n. B\u00fcnyenizde hafif bir k\u0131r\u0131kl\u0131k varsa; k\u00f6t\u00fc bir hastal\u0131\u011f\u0131 d\u00fc\u015f\u00fcn\u00fcrsen onu \u00e7a\u011f\u0131r\u0131r, onu hissedersin. D\u00fc\u015f\u00fcncelerinizi iyi g\u00fczel \u015feylere y\u00f6nlendirmelisiniz.<\/p>\n<p>&nbsp;<\/p>\n<p><a href=\"http:\/\/balcilar-blog.com\/wp-content\/uploads\/2021\/01\/basini-yastiga-koymak.jpg\"><img loading=\"lazy\" decoding=\"async\" class=\"alignnone size-full wp-image-27107\" src=\"http:\/\/balcilar-blog.com\/wp-content\/uploads\/2021\/01\/basini-yastiga-koymak.jpg\" alt=\"\" width=\"900\" height=\"675\" srcset=\"https:\/\/balcilar-blog.com\/wp-content\/uploads\/2021\/01\/basini-yastiga-koymak.jpg 900w, https:\/\/balcilar-blog.com\/wp-content\/uploads\/2021\/01\/basini-yastiga-koymak-300x225.jpg 300w, https:\/\/balcilar-blog.com\/wp-content\/uploads\/2021\/01\/basini-yastiga-koymak-768x576.jpg 768w\" sizes=\"auto, (max-width: 900px) 100vw, 900px\" \/><\/a><\/p>\n<p>Gece ba\u015f\u0131n\u0131z\u0131 yast\u0131\u011fa koydu\u011funuz zaman g\u00fczel \u015feyler d\u00fc\u015f\u00fcn\u00fcrseniz, hayal d\u00fcnyas\u0131 i\u00e7inde hemen uykuya dalars\u0131n\u0131z. Yoksa g\u00fcn\u00fcn en k\u00f6t\u00fc olaylar\u0131n\u0131 duyduklar\u0131n\u0131z\u0131 d\u00fc\u015f\u00fcn\u00fcrseniz, muhakemesini yaparsan\u0131z uyku gelmez, uyamazs\u0131n\u0131z. Yukar\u0131daki resimdeki gen\u00e7 adam k\u00f6t\u00fc bir r\u00fcya g\u00f6r\u00fcyor olmal\u0131 ki, uykuda bile y\u00fcz\u00fcnde bir gerginlik var. Ben hep ge\u00e7mi\u015fte en \u00e7ok keyif ald\u0131\u011f\u0131m anlar\u0131 d\u00fc\u015f\u00fcnerek uyurum. En sevdi\u011fim, keyif ald\u0131\u011f\u0131m anlar vard\u0131r. Y\u00fczmeyi ve dalmay\u0131 \u00e7ok severdim. Denizin derinliklerinde mavinin katmanlar\u0131n\u0131 d\u00fc\u015f\u00fcnmek bana iyi gelmi\u015ftir. Dalar uykunun derinliklerine gider, hemen uyurum.<\/p>\n<p>Netice itibariyle ruh sa\u011fl\u0131\u011f\u0131m\u0131za \u00f6nem verelim. Eskilerden gelen \u015f\u00f6yle bir s\u00f6z vard\u0131r. Aya\u011f\u0131n\u0131 s\u0131cak tut, ba\u015f\u0131n\u0131 serin; g\u00f6nl\u00fcn\u00fc ferah tut d\u00fc\u015f\u00fcnme derin. \u00c7ok do\u011fru bir s\u00f6z. Her hastal\u0131k ayaktan al\u0131n\u0131r. Ba\u015f\u0131n\u0131 serin de, olur olmaz \u015feylerle beynimizi me\u015fgul etmeyelim. \u00c7ok derin d\u00fc\u015f\u00fcncelere dalmayal\u0131m. Geni\u015f y\u00fcrekli olal\u0131m.<\/p>\n<p>Allah hepinize v\u00fccut sa\u011fl\u0131kl\u0131 ve ruh sa\u011fl\u0131\u011f\u0131 versin!<\/p>\n<p>\u015eu Pandemi d\u00f6nemi bir an \u00f6nce bitsin ki, sa\u011fl\u0131kl\u0131 ya\u015fam, normal ya\u015fant\u0131m\u0131za d\u00f6nelim.<\/p>\n<p>Sevgi ve sayg\u0131lar<\/p>\n<p>Abdurrahman Balc\u0131lar<\/p>\n","protected":false},"excerpt":{"rendered":"<p>Her insan\u0131n v\u00fccut sa\u011fl\u0131\u011f\u0131 kadar ruh sa\u011fl\u0131\u011f\u0131 da \u00f6nemlidir. Bizler makine de\u011filiz, etten kemikten yap\u0131lm\u0131\u015f birer canl\u0131y\u0131z. Makinan\u0131n bile normal \u00e7al\u0131\u015fmas\u0131 i\u00e7in ya\u011flar\u0131z t\u0131k\u0131r t\u0131k\u0131r \u00e7al\u0131\u015f\u0131r. \u0130nsan b\u00fcnyesi de \u00f6yle&#8230; Her sabah yap\u0131lan normal bir kahvalt\u0131n\u0131n \u00f6nemi b\u00fcy\u00fckt\u00fcr. Sabah yap\u0131lan g\u00fczel bir kahvalt\u0131 sonunda insan kedini iyi hisseder ve arkas\u0131ndan sabah kahvesi ister. Sonra gel [&hellip;]<\/p>\n","protected":false},"author":3,"featured_media":27108,"comment_status":"open","ping_status":"open","sticky":false,"template":"","format":"standard","meta":{"footnotes":""},"categories":[189],"tags":[2269,813,614,2268],"class_list":["post-27106","post","type-post","status-publish","format-standard","has-post-thumbnail","hentry","category-ruh-sagligi","tag-pandemi-donemi","tag-ruh-sagligi","tag-saglikli-yasam","tag-vucut-sagligi"],"views":2069,"blog_post_layout_featured_media_urls":{"thumbnail":["https:\/\/balcilar-blog.com\/wp-content\/uploads\/2021\/01\/dunya-ruh-agligi-150x150.png",150,150,true],"full":["https:\/\/balcilar-blog.com\/wp-content\/uploads\/2021\/01\/dunya-ruh-agligi.png",696,385,false]},"categories_names":{"189":{"name":"Ruh Sa\u011fl\u0131\u011f\u0131","link":"https:\/\/balcilar-blog.com\/?cat=189"}},"tags_names":{"2269":{"name":"Pandemi d\u00f6nemi","link":"https:\/\/balcilar-blog.com\/?tag=pandemi-donemi"},"813":{"name":"Ruh Sa\u011fl\u0131\u011f\u0131","link":"https:\/\/balcilar-blog.com\/?tag=ruh-sagligi"},"614":{"name":"sa\u011fl\u0131kl\u0131 ya\u015fam","link":"https:\/\/balcilar-blog.com\/?tag=saglikli-yasam"},"2268":{"name":"V\u00fccut sa\u011fl\u0131\u011f\u0131","link":"https:\/\/balcilar-blog.com\/?tag=vucut-sagligi"}},"comments_number":"0","wpmagazine_modules_lite_featured_media_urls":{"thumbnail":["https:\/\/balcilar-blog.com\/wp-content\/uploads\/2021\/01\/dunya-ruh-agligi-150x150.png",150,150,true],"cvmm-medium":["https:\/\/balcilar-blog.com\/wp-content\/uploads\/2021\/01\/dunya-ruh-agligi.png",300,166,false],"cvmm-medium-plus":["https:\/\/balcilar-blog.com\/wp-content\/uploads\/2021\/01\/dunya-ruh-agligi.png",305,169,false],"cvmm-portrait":["https:\/\/balcilar-blog.com\/wp-content\/uploads\/2021\/01\/dunya-ruh-agligi.png",400,221,false],"cvmm-medium-square":["https:\/\/balcilar-blog.com\/wp-content\/uploads\/2021\/01\/dunya-ruh-agligi.png",600,332,false],"cvmm-large":["https:\/\/balcilar-blog.com\/wp-content\/uploads\/2021\/01\/dunya-ruh-agligi.png",696,385,false],"cvmm-small":["https:\/\/balcilar-blog.com\/wp-content\/uploads\/2021\/01\/dunya-ruh-agligi.png",130,72,false],"full":["https:\/\/balcilar-blog.com\/wp-content\/uploads\/2021\/01\/dunya-ruh-agligi.png",696,385,false]},"_links":{"self":[{"href":"https:\/\/balcilar-blog.com\/index.php?rest_route=\/wp\/v2\/posts\/27106","targetHints":{"allow":["GET"]}}],"collection":[{"href":"https:\/\/balcilar-blog.com\/index.php?rest_route=\/wp\/v2\/posts"}],"about":[{"href":"https:\/\/balcilar-blog.com\/index.php?rest_route=\/wp\/v2\/types\/post"}],"author":[{"embeddable":true,"href":"https:\/\/balcilar-blog.com\/index.php?rest_route=\/wp\/v2\/users\/3"}],"replies":[{"embeddable":true,"href":"https:\/\/balcilar-blog.com\/index.php?rest_route=%2Fwp%2Fv2%2Fcomments&post=27106"}],"version-history":[{"count":1,"href":"https:\/\/balcilar-blog.com\/index.php?rest_route=\/wp\/v2\/posts\/27106\/revisions"}],"predecessor-version":[{"id":27109,"href":"https:\/\/balcilar-blog.com\/index.php?rest_route=\/wp\/v2\/posts\/27106\/revisions\/27109"}],"wp:featuredmedia":[{"embeddable":true,"href":"https:\/\/balcilar-blog.com\/index.php?rest_route=\/wp\/v2\/media\/27108"}],"wp:attachment":[{"href":"https:\/\/balcilar-blog.com\/index.php?rest_route=%2Fwp%2Fv2%2Fmedia&parent=27106"}],"wp:term":[{"taxonomy":"category","embeddable":true,"href":"https:\/\/balcilar-blog.com\/index.php?rest_route=%2Fwp%2Fv2%2Fcategories&post=27106"},{"taxonomy":"post_tag","embeddable":true,"href":"https:\/\/balcilar-blog.com\/index.php?rest_route=%2Fwp%2Fv2%2Ftags&post=27106"}],"curies":[{"name":"wp","href":"https:\/\/api.w.org\/{rel}","templated":true}]}}