{"id":27084,"date":"2021-01-21T20:20:45","date_gmt":"2021-01-21T17:20:45","guid":{"rendered":"http:\/\/balcilar-blog.com\/?p=27084"},"modified":"2021-01-21T20:27:04","modified_gmt":"2021-01-21T17:27:04","slug":"marasli-dizisi-saglam-gidiyor","status":"publish","type":"post","link":"https:\/\/balcilar-blog.com\/?p=27084","title":{"rendered":"Mara\u015fl\u0131 Dizisi Sa\u011flam Gidiyor!"},"content":{"rendered":"<p><a href=\"http:\/\/balcilar-blog.com\/wp-content\/uploads\/2021\/01\/333x287-marasli-1610186033648.jpg\"><img loading=\"lazy\" decoding=\"async\" class=\"alignnone size-full wp-image-27101\" src=\"http:\/\/balcilar-blog.com\/wp-content\/uploads\/2021\/01\/333x287-marasli-1610186033648.jpg\" alt=\"\" width=\"640\" height=\"477\" srcset=\"https:\/\/balcilar-blog.com\/wp-content\/uploads\/2021\/01\/333x287-marasli-1610186033648.jpg 640w, https:\/\/balcilar-blog.com\/wp-content\/uploads\/2021\/01\/333x287-marasli-1610186033648-300x224.jpg 300w\" sizes=\"auto, (max-width: 640px) 100vw, 640px\" \/><\/a><\/p>\n<p>Atv&#8217;nin be\u011fenilen yeni dizisi Mara\u015fl\u0131 2.b\u00f6l\u00fcm\u00fc Pazartesi ak\u015fam\u0131 ekranlara geldi. Birinci b\u00f6l\u00fcmde oldu\u011fu gibi yine reytinglerde iyiydi. Gecenin en \u00e7ok seyredilen dizileri ars\u0131nda 3.s\u0131ras\u0131nda yer ald\u0131. Pazartesi gecesinde \u00e7ok seyredilen diziler var. Bu gecede reyting almak ger\u00e7ekten zor.<\/p>\n<p>1.B\u00f6l\u00fcm Total&#8217;de : 5,79\u00a0 \u00a0 AB&#8217;de : 5,14<\/p>\n<p>2.B\u00f6l\u00fcm Total&#8217;de : 6,99\u00a0 \u00a0AB&#8217;de : 6,30\u00a0 reyting ald\u0131.<\/p>\n<p>Ge\u00e7en haftaki yaz\u0131mda bu seyredilir demi\u015ftim, \u015fimdi de bu dizinin \u00f6n\u00fc a\u00e7\u0131k diyorum. \u0130lerleyen b\u00f6l\u00fcmlerde hep birlikte g\u00f6rece\u011fiz.<\/p>\n<p>Bu g\u00fczel dizinin yap\u0131mc\u0131s\u0131 Tims &amp; B ortakl\u0131\u011f\u0131. Ba\u015frollerinde Burak Deniz (Mara\u015fl\u0131), Alina Boz (Mahur), Kerem Atabeyo\u011flu (Aziz), Sayg\u0131n Soysal (Sava\u015f), Serhat K\u0131l\u0131\u00e7 (Necati), Cemil B\u00fcy\u00fckd\u00f6gerli (\u0130lhan) ve Rojda Demirer (F\u00fcr\u00fczan) oynuyor.<\/p>\n<p>\u015eimdi t\u00fcm dizide ge\u00e7enleri anlatamam ama, 2.b\u00f6l\u00fcm finali ger\u00e7ekten g\u00fczeldi. T\u00fcm ta\u015flar yerine oturdu. \u0130lerleyen b\u00f6l\u00fcmler i\u00e7in ipucu verdi. Mahur&#8217;un babas\u0131 s\u0131rf k\u0131n\u0131n can emniyeti i\u00e7in Mara\u015fl\u0131&#8217;y\u0131 tutmu\u015ftu. Ama Mahur; Mara\u015fl\u0131,y\u0131 bir t\u00fcrl\u00fc sevememi\u015f onu \u00e7ok kaba-saba buluyordu.<\/p>\n<p>&nbsp;<\/p>\n<p><a href=\"http:\/\/balcilar-blog.com\/wp-content\/uploads\/2021\/01\/Ekran-Alintisi444.png\"><img loading=\"lazy\" decoding=\"async\" class=\"alignnone size-full wp-image-27098\" src=\"http:\/\/balcilar-blog.com\/wp-content\/uploads\/2021\/01\/Ekran-Alintisi444.png\" alt=\"\" width=\"640\" height=\"364\" srcset=\"https:\/\/balcilar-blog.com\/wp-content\/uploads\/2021\/01\/Ekran-Alintisi444.png 640w, https:\/\/balcilar-blog.com\/wp-content\/uploads\/2021\/01\/Ekran-Alintisi444-300x171.png 300w\" sizes=\"auto, (max-width: 640px) 100vw, 640px\" \/><\/a><\/p>\n<p>Mahur, makinedeki foto\u011fraf kay\u0131tlar\u0131n\u0131 bilgisayara y\u00fckler ve polise Sava\u015f&#8217;\u0131 ihbar eder. Baba Aziz ile Mara\u015fl\u0131 konu\u015furken polis gelir ve hepsini tutuklar. Baba Aziz Film kay\u0131tlar\u0131n\u0131 Sava\u015f&#8217;a vermi\u015f bu i\u015f bitti demi\u015fti. Tehlike bitti diyerek Mara\u015fl\u0131&#8217;n\u0131n i\u015fini son verirler. Aziz Mara\u015fl\u0131&#8217;ya kap\u0131n\u0131n daima a\u00e7\u0131k oldu\u011fu s\u00f6yler. Mahur ile vedala\u015f\u0131rlar. Mara\u015fl\u0131 Aziz Bey g\u00fcvenlik say\u0131s\u0131n\u0131 artt\u0131rmalar\u0131 tavsiye eder. Finans M\u00fcd\u00fcr\u00fc Ozan i\u015fsiz kalan Mara\u015fl\u0131&#8217;ya G\u00fcvenlikte bir i\u015f ayarlar\u0131z diye dalga ge\u00e7er.\u00a0 Mara\u015fl\u0131 Sahaf d\u00fckkan\u0131nda Mahur&#8217;un arad\u0131\u011f\u0131 &#8220;Kaybolan Y\u0131llar\u0131m&#8221; adl\u0131 kitab\u0131 hediye eder. Mahur \u00e7ok memnun olur ve te\u015fekk\u00fcr eder.<\/p>\n<p>&nbsp;<\/p>\n<p><a href=\"http:\/\/balcilar-blog.com\/wp-content\/uploads\/2021\/01\/Ekran-Alintisi447.png\"><img loading=\"lazy\" decoding=\"async\" class=\"alignnone size-full wp-image-27099\" src=\"http:\/\/balcilar-blog.com\/wp-content\/uploads\/2021\/01\/Ekran-Alintisi447.png\" alt=\"\" width=\"640\" height=\"369\" srcset=\"https:\/\/balcilar-blog.com\/wp-content\/uploads\/2021\/01\/Ekran-Alintisi447.png 640w, https:\/\/balcilar-blog.com\/wp-content\/uploads\/2021\/01\/Ekran-Alintisi447-300x173.png 300w\" sizes=\"auto, (max-width: 640px) 100vw, 640px\" \/><\/a><\/p>\n<p>Tetik\u00e7i Sava\u015f Mara\u015fl\u0131&#8217;ya da tehdit savurur. &#8220;Burdan \u00e7\u0131k\u0131cam Mara\u015fl\u0131.. \u00c7\u0131kt\u0131\u011f\u0131mda da o Afganistan&#8217;daki g\u00fcnlerini mumla arayacaks\u0131n.&#8221;<\/p>\n<p><a href=\"http:\/\/balcilar-blog.com\/wp-content\/uploads\/2021\/01\/Ekran-Alintisi448.png\"><img loading=\"lazy\" decoding=\"async\" class=\"alignnone size-full wp-image-27100\" src=\"http:\/\/balcilar-blog.com\/wp-content\/uploads\/2021\/01\/Ekran-Alintisi448.png\" alt=\"\" width=\"640\" height=\"363\" srcset=\"https:\/\/balcilar-blog.com\/wp-content\/uploads\/2021\/01\/Ekran-Alintisi448.png 640w, https:\/\/balcilar-blog.com\/wp-content\/uploads\/2021\/01\/Ekran-Alintisi448-300x170.png 300w\" sizes=\"auto, (max-width: 640px) 100vw, 640px\" \/><\/a><\/p>\n<p>Mara\u015fl\u0131 ko\u015farak karakoldan \u00e7\u0131kar. Mahur Han\u0131m\u0131n kolundan tutar kenara \u00e7eker. &#8220;Ailenden biri.. Seni \u00f6ld\u00fcrmek isteyen ki\u015fi.. Senin \u00f6lmeni isteyen ki\u015fi ailenin i\u00e7inden biri&#8230;&#8221; Mahur \u015fa\u015f\u0131r\u0131r&#8230; D\u00f6ner ailesine bakar.<\/p>\n<p><a href=\"http:\/\/balcilar-blog.com\/wp-content\/uploads\/2021\/01\/Ekran-Alintisi449.png\"><img loading=\"lazy\" decoding=\"async\" class=\"alignnone size-full wp-image-27097\" src=\"http:\/\/balcilar-blog.com\/wp-content\/uploads\/2021\/01\/Ekran-Alintisi449.png\" alt=\"\" width=\"640\" height=\"356\" srcset=\"https:\/\/balcilar-blog.com\/wp-content\/uploads\/2021\/01\/Ekran-Alintisi449.png 640w, https:\/\/balcilar-blog.com\/wp-content\/uploads\/2021\/01\/Ekran-Alintisi449-300x167.png 300w\" sizes=\"auto, (max-width: 640px) 100vw, 640px\" \/><\/a><\/p>\n<p>Ve ikinci b\u00f6l\u00fcm burada sona erer. Bana g\u00f6re bu dizi sa\u011flam gidiyor.<\/p>\n<p>\u0130yi Seyirler<\/p>\n<p>Abdurrahman Balc\u0131lar<\/p>\n","protected":false},"excerpt":{"rendered":"<p>Atv&#8217;nin be\u011fenilen yeni dizisi Mara\u015fl\u0131 2.b\u00f6l\u00fcm\u00fc Pazartesi ak\u015fam\u0131 ekranlara geldi. Birinci b\u00f6l\u00fcmde oldu\u011fu gibi yine reytinglerde iyiydi. Gecenin en \u00e7ok seyredilen dizileri ars\u0131nda 3.s\u0131ras\u0131nda yer ald\u0131. Pazartesi gecesinde \u00e7ok seyredilen diziler var. Bu gecede reyting almak ger\u00e7ekten zor. 1.B\u00f6l\u00fcm Total&#8217;de : 5,79\u00a0 \u00a0 AB&#8217;de : 5,14 2.B\u00f6l\u00fcm Total&#8217;de : 6,99\u00a0 \u00a0AB&#8217;de : 6,30\u00a0 reyting ald\u0131. [&hellip;]<\/p>\n","protected":false},"author":3,"featured_media":27101,"comment_status":"open","ping_status":"open","sticky":false,"template":"","format":"standard","meta":{"footnotes":""},"categories":[2],"tags":[2255,654,2266,2264,2143,2265,779,2263,2267],"class_list":["post-27084","post","type-post","status-publish","format-standard","has-post-thumbnail","hentry","category-tv-programlari","tag-alina-boz","tag-burak-deniz","tag-cemil-buyukdogerli","tag-kerem-alabeyoglu","tag-marasli","tag-rojda-demirer","tag-saygin-soysal","tag-serhat-kilic","tag-tims-b"],"views":2671,"blog_post_layout_featured_media_urls":{"thumbnail":["https:\/\/balcilar-blog.com\/wp-content\/uploads\/2021\/01\/333x287-marasli-1610186033648-150x150.jpg",150,150,true],"full":["https:\/\/balcilar-blog.com\/wp-content\/uploads\/2021\/01\/333x287-marasli-1610186033648.jpg",640,477,false]},"categories_names":{"2":{"name":"TV Programlar\u0131","link":"https:\/\/balcilar-blog.com\/?cat=2"}},"tags_names":{"2255":{"name":"Alina Boz","link":"https:\/\/balcilar-blog.com\/?tag=alina-boz"},"654":{"name":"Burak Deniz","link":"https:\/\/balcilar-blog.com\/?tag=burak-deniz"},"2266":{"name":"Cemil B\u00fcy\u00fckd\u00f6\u011ferli","link":"https:\/\/balcilar-blog.com\/?tag=cemil-buyukdogerli"},"2264":{"name":"Kerem Alabeyo\u011flu","link":"https:\/\/balcilar-blog.com\/?tag=kerem-alabeyoglu"},"2143":{"name":"Mara\u015fl\u0131","link":"https:\/\/balcilar-blog.com\/?tag=marasli"},"2265":{"name":"Rojda Demirer","link":"https:\/\/balcilar-blog.com\/?tag=rojda-demirer"},"779":{"name":"Sayg\u0131n Soysal","link":"https:\/\/balcilar-blog.com\/?tag=saygin-soysal"},"2263":{"name":"Serhat K\u0131l\u0131\u00e7","link":"https:\/\/balcilar-blog.com\/?tag=serhat-kilic"},"2267":{"name":"Tims &amp; B","link":"https:\/\/balcilar-blog.com\/?tag=tims-b"}},"comments_number":"0","wpmagazine_modules_lite_featured_media_urls":{"thumbnail":["https:\/\/balcilar-blog.com\/wp-content\/uploads\/2021\/01\/333x287-marasli-1610186033648-150x150.jpg",150,150,true],"cvmm-medium":["https:\/\/balcilar-blog.com\/wp-content\/uploads\/2021\/01\/333x287-marasli-1610186033648.jpg",300,224,false],"cvmm-medium-plus":["https:\/\/balcilar-blog.com\/wp-content\/uploads\/2021\/01\/333x287-marasli-1610186033648.jpg",278,207,false],"cvmm-portrait":["https:\/\/balcilar-blog.com\/wp-content\/uploads\/2021\/01\/333x287-marasli-1610186033648.jpg",400,298,false],"cvmm-medium-square":["https:\/\/balcilar-blog.com\/wp-content\/uploads\/2021\/01\/333x287-marasli-1610186033648.jpg",600,447,false],"cvmm-large":["https:\/\/balcilar-blog.com\/wp-content\/uploads\/2021\/01\/333x287-marasli-1610186033648.jpg",640,477,false],"cvmm-small":["https:\/\/balcilar-blog.com\/wp-content\/uploads\/2021\/01\/333x287-marasli-1610186033648.jpg",127,95,false],"full":["https:\/\/balcilar-blog.com\/wp-content\/uploads\/2021\/01\/333x287-marasli-1610186033648.jpg",640,477,false]},"_links":{"self":[{"href":"https:\/\/balcilar-blog.com\/index.php?rest_route=\/wp\/v2\/posts\/27084","targetHints":{"allow":["GET"]}}],"collection":[{"href":"https:\/\/balcilar-blog.com\/index.php?rest_route=\/wp\/v2\/posts"}],"about":[{"href":"https:\/\/balcilar-blog.com\/index.php?rest_route=\/wp\/v2\/types\/post"}],"author":[{"embeddable":true,"href":"https:\/\/balcilar-blog.com\/index.php?rest_route=\/wp\/v2\/users\/3"}],"replies":[{"embeddable":true,"href":"https:\/\/balcilar-blog.com\/index.php?rest_route=%2Fwp%2Fv2%2Fcomments&post=27084"}],"version-history":[{"count":6,"href":"https:\/\/balcilar-blog.com\/index.php?rest_route=\/wp\/v2\/posts\/27084\/revisions"}],"predecessor-version":[{"id":27105,"href":"https:\/\/balcilar-blog.com\/index.php?rest_route=\/wp\/v2\/posts\/27084\/revisions\/27105"}],"wp:featuredmedia":[{"embeddable":true,"href":"https:\/\/balcilar-blog.com\/index.php?rest_route=\/wp\/v2\/media\/27101"}],"wp:attachment":[{"href":"https:\/\/balcilar-blog.com\/index.php?rest_route=%2Fwp%2Fv2%2Fmedia&parent=27084"}],"wp:term":[{"taxonomy":"category","embeddable":true,"href":"https:\/\/balcilar-blog.com\/index.php?rest_route=%2Fwp%2Fv2%2Fcategories&post=27084"},{"taxonomy":"post_tag","embeddable":true,"href":"https:\/\/balcilar-blog.com\/index.php?rest_route=%2Fwp%2Fv2%2Ftags&post=27084"}],"curies":[{"name":"wp","href":"https:\/\/api.w.org\/{rel}","templated":true}]}}