{"id":27075,"date":"2021-01-20T16:49:32","date_gmt":"2021-01-20T13:49:32","guid":{"rendered":"http:\/\/balcilar-blog.com\/?p=27075"},"modified":"2021-01-20T17:05:51","modified_gmt":"2021-01-20T14:05:51","slug":"sefirin-kizinda-zorunlu-degisiklik","status":"publish","type":"post","link":"https:\/\/balcilar-blog.com\/?p=27075","title":{"rendered":"Sefirin K\u0131z\u0131&#8217;nda Zorunlu De\u011fi\u015fiklik"},"content":{"rendered":"<p><a href=\"http:\/\/balcilar-blog.com\/wp-content\/uploads\/2021\/01\/EsCzD_YW8AESyc3.jpg\"><img loading=\"lazy\" decoding=\"async\" class=\"alignnone size-full wp-image-27080\" src=\"http:\/\/balcilar-blog.com\/wp-content\/uploads\/2021\/01\/EsCzD_YW8AESyc3.jpg\" alt=\"\" width=\"640\" height=\"427\" srcset=\"https:\/\/balcilar-blog.com\/wp-content\/uploads\/2021\/01\/EsCzD_YW8AESyc3.jpg 640w, https:\/\/balcilar-blog.com\/wp-content\/uploads\/2021\/01\/EsCzD_YW8AESyc3-300x200.jpg 300w\" sizes=\"auto, (max-width: 640px) 100vw, 640px\" \/><\/a><\/p>\n<p>Star Tv&#8217;nin sevilen dizilerinden Sefirin k\u0131z\u0131&#8217;nda zorunlu bir de\u011fi\u015fiklik ya\u015fand\u0131. 03 Medya ve NGM&#8217;nin yap\u0131mc\u0131s\u0131 oldu\u011fu dizide Engin Aky\u00fcrek, Neslihan Atag\u00fcl ile birlikte oynuyordu.<\/p>\n<p>Neslihan Atag\u00fcl sa\u011fl\u0131k nedenleri ile diziye devem edemeyece\u011fini a\u00e7\u0131klad\u0131. Ve diziden ayr\u0131ld\u0131 bu nedenle son b\u00f6l\u00fcmde Neslihan Atag\u00fcl&#8217;\u00fcn canland\u0131rd\u0131\u011f\u0131 &#8220;Nare&#8221; karakteri yok. Dizinin yap\u0131mc\u0131s\u0131 hemen aceleyle yeni bir ba\u015f rol oyuncu buldu. Engin Aky\u00fcrek 7 y\u0131l \u00f6nce Tuba B\u00fcy\u00fck\u00fcst\u00fcn ile birlikte Kara Para A\u015fk dizisinde birlikte oynam\u0131\u015flar, \u00e7ok da g\u00fczel i\u015f \u00e7\u0131kartm\u0131\u015flard\u0131. B\u00fcy\u00fck\u00fcst\u00fcn ile konu\u015fuldu, anla\u015f\u0131ld\u0131 &#8220;Nare&#8221; karakterini Tuba B\u00fcy\u00fck\u00fcst\u00fcn canland\u0131racak! Ancak Tuba B\u00fcy\u00fck\u00fcst\u00fcn ayn\u0131 karakteri mi canland\u0131racak yoksa yeni bir karakter olarak m\u0131 girecek bileniyoruz.<\/p>\n<p>Dizinin senaristleri Eylem Canpolat ve Ozan Aksungur nas\u0131l bir yerle\u015ftirme yapacak ancak yeni b\u00f6l\u00fcmlerde g\u00f6rece\u011fiz. Dizinin Y\u00f6netmenli\u011fini Emre Kabaku\u015fak yap\u0131yor.<\/p>\n<p>Tuba B\u00fcy\u00fck\u00fcst\u00fcn de \u00e7ok g\u00fczel bir bayan oyuncumuz. Kara Para A\u015fk dizisinde Engin Aky\u00fcrek ile m\u00fcthi\u015f uyumlar\u0131 vard\u0131.<\/p>\n<p><a href=\"http:\/\/balcilar-blog.com\/wp-content\/uploads\/2021\/01\/0x0-sefirin-kizinda-bomba-tuba.jpg\"><img loading=\"lazy\" decoding=\"async\" class=\"alignnone size-full wp-image-27076\" src=\"http:\/\/balcilar-blog.com\/wp-content\/uploads\/2021\/01\/0x0-sefirin-kizinda-bomba-tuba.jpg\" alt=\"\" width=\"480\" height=\"485\" srcset=\"https:\/\/balcilar-blog.com\/wp-content\/uploads\/2021\/01\/0x0-sefirin-kizinda-bomba-tuba.jpg 480w, https:\/\/balcilar-blog.com\/wp-content\/uploads\/2021\/01\/0x0-sefirin-kizinda-bomba-tuba-297x300.jpg 297w\" sizes=\"auto, (max-width: 480px) 100vw, 480px\" \/><\/a><\/p>\n<p>Neslihan Atag\u00fcl, Twitter hesab\u0131ndan sa\u011fl\u0131k sebebini a\u00e7\u0131klam\u0131\u015f, biraz dinlenmesi gerekti\u011fini yazm\u0131\u015ft\u0131r. A\u015fa\u011f\u0131daki resimli mesaj\u0131n\u0131 bu g\u00fcn payla\u015ft\u0131. Oyuncumuza ge\u00e7mi\u015f olsun der, acil \u015fifalar dilerim.<\/p>\n<p><a href=\"http:\/\/balcilar-blog.com\/wp-content\/uploads\/2021\/01\/neslihan-atagul.jpg\"><img loading=\"lazy\" decoding=\"async\" class=\"alignnone size-full wp-image-27079\" src=\"http:\/\/balcilar-blog.com\/wp-content\/uploads\/2021\/01\/neslihan-atagul.jpg\" alt=\"\" width=\"480\" height=\"632\" srcset=\"https:\/\/balcilar-blog.com\/wp-content\/uploads\/2021\/01\/neslihan-atagul.jpg 480w, https:\/\/balcilar-blog.com\/wp-content\/uploads\/2021\/01\/neslihan-atagul-228x300.jpg 228w\" sizes=\"auto, (max-width: 480px) 100vw, 480px\" \/><\/a><\/p>\n<p>Yeni oyuncular\u0131 Tuba B\u00fcy\u00fck\u00fcst\u00fcn ve Engin Aky\u00fcrek&#8217;e Sefrin K\u0131z\u0131 dizisinde ba\u015far\u0131lar diliyorum.<\/p>\n<p><a href=\"http:\/\/balcilar-blog.com\/wp-content\/uploads\/2021\/01\/140052825_3847868735302216_4584894914470623736_o.jpg\"><img loading=\"lazy\" decoding=\"async\" class=\"alignnone size-full wp-image-27078\" src=\"http:\/\/balcilar-blog.com\/wp-content\/uploads\/2021\/01\/140052825_3847868735302216_4584894914470623736_o.jpg\" alt=\"\" width=\"594\" height=\"480\" srcset=\"https:\/\/balcilar-blog.com\/wp-content\/uploads\/2021\/01\/140052825_3847868735302216_4584894914470623736_o.jpg 594w, https:\/\/balcilar-blog.com\/wp-content\/uploads\/2021\/01\/140052825_3847868735302216_4584894914470623736_o-300x242.jpg 300w\" sizes=\"auto, (max-width: 594px) 100vw, 594px\" \/><\/a><\/p>\n<p>Reytinginiz y\u00fcksek ve yolunuz a\u00e7\u0131k olsun.<\/p>\n<p>Sayg\u0131 ve Selamlar<\/p>\n<p>Abdurrahman Balc\u0131lar<\/p>\n","protected":false},"excerpt":{"rendered":"<p>Star Tv&#8217;nin sevilen dizilerinden Sefirin k\u0131z\u0131&#8217;nda zorunlu bir de\u011fi\u015fiklik ya\u015fand\u0131. 03 Medya ve NGM&#8217;nin yap\u0131mc\u0131s\u0131 oldu\u011fu dizide Engin Aky\u00fcrek, Neslihan Atag\u00fcl ile birlikte oynuyordu. Neslihan Atag\u00fcl sa\u011fl\u0131k nedenleri ile diziye devem edemeyece\u011fini a\u00e7\u0131klad\u0131. Ve diziden ayr\u0131ld\u0131 bu nedenle son b\u00f6l\u00fcmde Neslihan Atag\u00fcl&#8217;\u00fcn canland\u0131rd\u0131\u011f\u0131 &#8220;Nare&#8221; karakteri yok. Dizinin yap\u0131mc\u0131s\u0131 hemen aceleyle yeni bir ba\u015f rol oyuncu [&hellip;]<\/p>\n","protected":false},"author":3,"featured_media":27080,"comment_status":"open","ping_status":"open","sticky":false,"template":"","format":"standard","meta":{"footnotes":""},"categories":[2],"tags":[2258,1014,82,1001,2133,119,2259,1995,25,305],"class_list":["post-27075","post","type-post","status-publish","format-standard","has-post-thumbnail","hentry","category-tv-programlari","tag-03-medya-ve-ngm","tag-emre-kabakusak","tag-engin-akyurek","tag-eylem-canpolat","tag-nare","tag-neslihan-atagul","tag-ozan-akungur","tag-sefirin-kizi","tag-star-tv","tag-tuba-buyukustun"],"views":2096,"blog_post_layout_featured_media_urls":{"thumbnail":["https:\/\/balcilar-blog.com\/wp-content\/uploads\/2021\/01\/EsCzD_YW8AESyc3-150x150.jpg",150,150,true],"full":["https:\/\/balcilar-blog.com\/wp-content\/uploads\/2021\/01\/EsCzD_YW8AESyc3.jpg",640,427,false]},"categories_names":{"2":{"name":"TV Programlar\u0131","link":"https:\/\/balcilar-blog.com\/?cat=2"}},"tags_names":{"2258":{"name":"03 Medya ve NGM","link":"https:\/\/balcilar-blog.com\/?tag=03-medya-ve-ngm"},"1014":{"name":"Emre Kabaku\u015fak","link":"https:\/\/balcilar-blog.com\/?tag=emre-kabakusak"},"82":{"name":"Engin Aky\u00fcrek","link":"https:\/\/balcilar-blog.com\/?tag=engin-akyurek"},"1001":{"name":"Eylem Canpolat","link":"https:\/\/balcilar-blog.com\/?tag=eylem-canpolat"},"2133":{"name":"Nare","link":"https:\/\/balcilar-blog.com\/?tag=nare"},"119":{"name":"Neslihan Atag\u00fcl","link":"https:\/\/balcilar-blog.com\/?tag=neslihan-atagul"},"2259":{"name":"Ozan Akungur","link":"https:\/\/balcilar-blog.com\/?tag=ozan-akungur"},"1995":{"name":"Sefirin K\u0131z\u0131","link":"https:\/\/balcilar-blog.com\/?tag=sefirin-kizi"},"25":{"name":"Star Tv","link":"https:\/\/balcilar-blog.com\/?tag=star-tv"},"305":{"name":"Tuba B\u00fcy\u00fck\u00fcst\u00fcn","link":"https:\/\/balcilar-blog.com\/?tag=tuba-buyukustun"}},"comments_number":"0","wpmagazine_modules_lite_featured_media_urls":{"thumbnail":["https:\/\/balcilar-blog.com\/wp-content\/uploads\/2021\/01\/EsCzD_YW8AESyc3-150x150.jpg",150,150,true],"cvmm-medium":["https:\/\/balcilar-blog.com\/wp-content\/uploads\/2021\/01\/EsCzD_YW8AESyc3.jpg",300,200,false],"cvmm-medium-plus":["https:\/\/balcilar-blog.com\/wp-content\/uploads\/2021\/01\/EsCzD_YW8AESyc3.jpg",305,203,false],"cvmm-portrait":["https:\/\/balcilar-blog.com\/wp-content\/uploads\/2021\/01\/EsCzD_YW8AESyc3.jpg",400,267,false],"cvmm-medium-square":["https:\/\/balcilar-blog.com\/wp-content\/uploads\/2021\/01\/EsCzD_YW8AESyc3.jpg",600,400,false],"cvmm-large":["https:\/\/balcilar-blog.com\/wp-content\/uploads\/2021\/01\/EsCzD_YW8AESyc3.jpg",640,427,false],"cvmm-small":["https:\/\/balcilar-blog.com\/wp-content\/uploads\/2021\/01\/EsCzD_YW8AESyc3.jpg",130,87,false],"full":["https:\/\/balcilar-blog.com\/wp-content\/uploads\/2021\/01\/EsCzD_YW8AESyc3.jpg",640,427,false]},"_links":{"self":[{"href":"https:\/\/balcilar-blog.com\/index.php?rest_route=\/wp\/v2\/posts\/27075","targetHints":{"allow":["GET"]}}],"collection":[{"href":"https:\/\/balcilar-blog.com\/index.php?rest_route=\/wp\/v2\/posts"}],"about":[{"href":"https:\/\/balcilar-blog.com\/index.php?rest_route=\/wp\/v2\/types\/post"}],"author":[{"embeddable":true,"href":"https:\/\/balcilar-blog.com\/index.php?rest_route=\/wp\/v2\/users\/3"}],"replies":[{"embeddable":true,"href":"https:\/\/balcilar-blog.com\/index.php?rest_route=%2Fwp%2Fv2%2Fcomments&post=27075"}],"version-history":[{"count":3,"href":"https:\/\/balcilar-blog.com\/index.php?rest_route=\/wp\/v2\/posts\/27075\/revisions"}],"predecessor-version":[{"id":27083,"href":"https:\/\/balcilar-blog.com\/index.php?rest_route=\/wp\/v2\/posts\/27075\/revisions\/27083"}],"wp:featuredmedia":[{"embeddable":true,"href":"https:\/\/balcilar-blog.com\/index.php?rest_route=\/wp\/v2\/media\/27080"}],"wp:attachment":[{"href":"https:\/\/balcilar-blog.com\/index.php?rest_route=%2Fwp%2Fv2%2Fmedia&parent=27075"}],"wp:term":[{"taxonomy":"category","embeddable":true,"href":"https:\/\/balcilar-blog.com\/index.php?rest_route=%2Fwp%2Fv2%2Fcategories&post=27075"},{"taxonomy":"post_tag","embeddable":true,"href":"https:\/\/balcilar-blog.com\/index.php?rest_route=%2Fwp%2Fv2%2Ftags&post=27075"}],"curies":[{"name":"wp","href":"https:\/\/api.w.org\/{rel}","templated":true}]}}