{"id":27069,"date":"2021-01-19T17:09:12","date_gmt":"2021-01-19T14:09:12","guid":{"rendered":"http:\/\/balcilar-blog.com\/?p=27069"},"modified":"2021-01-19T17:10:03","modified_gmt":"2021-01-19T14:10:03","slug":"cagatay-ulusoy-izmir-cesme-mustakil-villa-aldi","status":"publish","type":"post","link":"https:\/\/balcilar-blog.com\/?p=27069","title":{"rendered":"\u00c7a\u011fatay Ulusoy \u0130zmir \u00c7e\u015fme&#8217;de M\u00fcstakil Villa Ald\u0131!"},"content":{"rendered":"<p><a href=\"http:\/\/balcilar-blog.com\/wp-content\/uploads\/2021\/01\/c.ulusoy.jpg\"><img loading=\"lazy\" decoding=\"async\" class=\"alignnone size-full wp-image-27071\" src=\"http:\/\/balcilar-blog.com\/wp-content\/uploads\/2021\/01\/c.ulusoy.jpg\" alt=\"\" width=\"640\" height=\"391\" srcset=\"https:\/\/balcilar-blog.com\/wp-content\/uploads\/2021\/01\/c.ulusoy.jpg 640w, https:\/\/balcilar-blog.com\/wp-content\/uploads\/2021\/01\/c.ulusoy-300x183.jpg 300w\" sizes=\"auto, (max-width: 640px) 100vw, 640px\" \/><\/a><\/p>\n<p>Sevilen oyuncumuz oyunculu\u011funun yan\u0131nda ticaret de yap\u0131yor. Dizi ve reklamlardan kazand\u0131\u011f\u0131 paralar\u0131n\u0131 yat\u0131r\u0131ma y\u00f6nlendiriyor. Ge\u00e7ti\u011fimiz y\u0131lda Amerika&#8217;da so\u011fuk \u00e7ay \u00fcretimi ve sat\u0131\u015flar\u0131na ba\u015flam\u0131\u015ft\u0131. Ge\u00e7en y\u0131l da gene so\u011fuk \u00e7ay \u00fcretim ve sat\u0131\u015f\u0131n\u0131n Avrupa aya\u011f\u0131n\u0131 da ba\u015flatm\u0131\u015ft\u0131. \u015eimdi de gayrimenkul al\u0131m-sat\u0131m i\u015fine giri\u015fti. Yat\u0131r\u0131m ama\u00e7l\u0131 \u0130zmir \u00c7e\u015fme&#8217;de 6 milyon liraya, 4-1 m\u00fcstakil havuzlu villa sat\u0131n alm\u0131\u015f. Restorasyonunu yap\u0131p satacak ve para kazanacak.<\/p>\n<p>Bildi\u011finiz \u00fczere sevgilisi Duygu Sar\u0131\u015f\u0131n \u0130zmir&#8217;li. M\u00fcstakbel kay\u0131n pederi de Konak il\u00e7esi eski belediye ba\u015fkanlar\u0131ndan Ahmet Sar\u0131\u015f\u0131n. Belki de; Ulusoy karar de\u011fi\u015ftirip bu villay\u0131 satmaz kendi oturur, buna zaman g\u00f6sterecek!<\/p>\n<p><a href=\"http:\/\/balcilar-blog.com\/wp-content\/uploads\/2021\/01\/cagatay-ulusoy.jpg\"><img loading=\"lazy\" decoding=\"async\" class=\"alignnone size-full wp-image-27070\" src=\"http:\/\/balcilar-blog.com\/wp-content\/uploads\/2021\/01\/cagatay-ulusoy.jpg\" alt=\"\" width=\"640\" height=\"362\" srcset=\"https:\/\/balcilar-blog.com\/wp-content\/uploads\/2021\/01\/cagatay-ulusoy.jpg 640w, https:\/\/balcilar-blog.com\/wp-content\/uploads\/2021\/01\/cagatay-ulusoy-300x170.jpg 300w\" sizes=\"auto, (max-width: 640px) 100vw, 640px\" \/><\/a><\/p>\n<p>\u00c7a\u011fatay Ulusoy \u0130stanbul Zekeriyak\u00f6y&#8217;de kirada oturuyor. Ge\u00e7en sonbaharda ev sahibi Ulusoy&#8217;a ihtarname g\u00f6ndererek bo\u015faltmas\u0131n\u0131 istemi\u015fti. \u00c7a\u011fatay yeni ev aray\u0131\u015f\u0131na girmi\u015f, can dostu K\u0131van\u00e7 Tatl\u0131tu\u011f&#8217;un Kemerburgaz&#8217;daki evinin yak\u0131nlar\u0131nda ev sat\u0131n almak i\u00e7in kollar\u0131 s\u0131vam\u0131\u015ft\u0131. Ama olmad\u0131 tahmin ediyorum, halen Zekariyak\u00f6y&#8217;de ayn\u0131 evde oturmaya devam ediyor.<\/p>\n<p><strong>\u00c7a\u011fatay Ulusoy<\/strong> ak\u0131ll\u0131 \u00e7ocuk. Ticaret de yatk\u0131n. Eskilerin bir laf\u0131 vard\u0131r; At binenin (i\u015f bilenin), k\u0131l\u0131\u00e7 kullanan\u0131n. Haz\u0131r bu dereden su akarken kenardaki kovalar\u0131n\u0131 da dolduruyor.\u00a0 Dizilerde b\u00f6l\u00fcm ba\u015f\u0131na \u00fccretini 150&#8217;den 250 bin liraya y\u00fckseltmi\u015fti. Oyunculuktaki ba\u015far\u0131s\u0131n\u0131 \u00f6zel hayatta da s\u00fcrd\u00fcr\u00fcyor.<\/p>\n<p>Her \u015feyin g\u00f6nl\u00fcnce olsun \u00c7a\u011fatay o\u011flum. Bilhassa yurt d\u0131\u015f\u0131 sevenlerin bana y\u00fczlerce mail at\u0131yor, seninle gurur duyuyorlar.<\/p>\n<p>15 Mart 2021&#8217;de <strong>Netflix<\/strong>&#8216;de vizyona girecek &#8220;M\u00fccadele \u00c7\u0131kmaz\u0131&#8221; filmini ve <strong>BluTv<\/strong>&#8216;de yay\u0131nlanacak Ye\u015fil\u00e7am dizisini sab\u0131rs\u0131zla bekliyorlar.<\/p>\n<p>Yolun a\u00e7\u0131k olsun<\/p>\n<p>Abdurrahman Balc\u0131lar<\/p>\n<p>Not: Kaynak, Milliyet&#8217;ten Umut \u00dcnver&#8217;in haberine g\u00f6re.<\/p>\n","protected":false},"excerpt":{"rendered":"<p>Sevilen oyuncumuz oyunculu\u011funun yan\u0131nda ticaret de yap\u0131yor. Dizi ve reklamlardan kazand\u0131\u011f\u0131 paralar\u0131n\u0131 yat\u0131r\u0131ma y\u00f6nlendiriyor. Ge\u00e7ti\u011fimiz y\u0131lda Amerika&#8217;da so\u011fuk \u00e7ay \u00fcretimi ve sat\u0131\u015flar\u0131na ba\u015flam\u0131\u015ft\u0131. Ge\u00e7en y\u0131l da gene so\u011fuk \u00e7ay \u00fcretim ve sat\u0131\u015f\u0131n\u0131n Avrupa aya\u011f\u0131n\u0131 da ba\u015flatm\u0131\u015ft\u0131. \u015eimdi de gayrimenkul al\u0131m-sat\u0131m i\u015fine giri\u015fti. Yat\u0131r\u0131m ama\u00e7l\u0131 \u0130zmir \u00c7e\u015fme&#8217;de 6 milyon liraya, 4-1 m\u00fcstakil havuzlu villa sat\u0131n alm\u0131\u015f. [&hellip;]<\/p>\n","protected":false},"author":3,"featured_media":27071,"comment_status":"open","ping_status":"open","sticky":false,"template":"","format":"standard","meta":{"footnotes":""},"categories":[7],"tags":[1673,15,1425,2257,2256,80,2160,1478,1825],"class_list":["post-27069","post","type-post","status-publish","format-standard","has-post-thumbnail","hentry","category-magazin","tag-blutv","tag-cagatay-ulusoy","tag-duygu-sarisin","tag-gayrimenkul-alim-satim","tag-izmir-cesme","tag-kivanc-tatlitug","tag-mucadele-cikmazi","tag-netflix","tag-yesilcam"],"views":3370,"blog_post_layout_featured_media_urls":{"thumbnail":["https:\/\/balcilar-blog.com\/wp-content\/uploads\/2021\/01\/c.ulusoy-150x150.jpg",150,150,true],"full":["https:\/\/balcilar-blog.com\/wp-content\/uploads\/2021\/01\/c.ulusoy.jpg",640,391,false]},"categories_names":{"7":{"name":"Magazin","link":"https:\/\/balcilar-blog.com\/?cat=7"}},"tags_names":{"1673":{"name":"BluTV","link":"https:\/\/balcilar-blog.com\/?tag=blutv"},"15":{"name":"\u00e7a\u011fatay ulusoy","link":"https:\/\/balcilar-blog.com\/?tag=cagatay-ulusoy"},"1425":{"name":"Duygu Sar\u0131\u015f\u0131n","link":"https:\/\/balcilar-blog.com\/?tag=duygu-sarisin"},"2257":{"name":"Gayrimenkul al\u0131m-sat\u0131m","link":"https:\/\/balcilar-blog.com\/?tag=gayrimenkul-alim-satim"},"2256":{"name":"\u0130zmir \u00c7e\u015fme","link":"https:\/\/balcilar-blog.com\/?tag=izmir-cesme"},"80":{"name":"K\u0131van\u00e7 Tatl\u0131tu\u011f","link":"https:\/\/balcilar-blog.com\/?tag=kivanc-tatlitug"},"2160":{"name":"M\u00fccadele \u00c7\u0131kmaz\u0131","link":"https:\/\/balcilar-blog.com\/?tag=mucadele-cikmazi"},"1478":{"name":"Netflix","link":"https:\/\/balcilar-blog.com\/?tag=netflix"},"1825":{"name":"Ye\u015fil\u00e7am","link":"https:\/\/balcilar-blog.com\/?tag=yesilcam"}},"comments_number":"0","wpmagazine_modules_lite_featured_media_urls":{"thumbnail":["https:\/\/balcilar-blog.com\/wp-content\/uploads\/2021\/01\/c.ulusoy-150x150.jpg",150,150,true],"cvmm-medium":["https:\/\/balcilar-blog.com\/wp-content\/uploads\/2021\/01\/c.ulusoy.jpg",300,183,false],"cvmm-medium-plus":["https:\/\/balcilar-blog.com\/wp-content\/uploads\/2021\/01\/c.ulusoy.jpg",305,186,false],"cvmm-portrait":["https:\/\/balcilar-blog.com\/wp-content\/uploads\/2021\/01\/c.ulusoy.jpg",400,244,false],"cvmm-medium-square":["https:\/\/balcilar-blog.com\/wp-content\/uploads\/2021\/01\/c.ulusoy.jpg",600,367,false],"cvmm-large":["https:\/\/balcilar-blog.com\/wp-content\/uploads\/2021\/01\/c.ulusoy.jpg",640,391,false],"cvmm-small":["https:\/\/balcilar-blog.com\/wp-content\/uploads\/2021\/01\/c.ulusoy.jpg",130,79,false],"full":["https:\/\/balcilar-blog.com\/wp-content\/uploads\/2021\/01\/c.ulusoy.jpg",640,391,false]},"_links":{"self":[{"href":"https:\/\/balcilar-blog.com\/index.php?rest_route=\/wp\/v2\/posts\/27069","targetHints":{"allow":["GET"]}}],"collection":[{"href":"https:\/\/balcilar-blog.com\/index.php?rest_route=\/wp\/v2\/posts"}],"about":[{"href":"https:\/\/balcilar-blog.com\/index.php?rest_route=\/wp\/v2\/types\/post"}],"author":[{"embeddable":true,"href":"https:\/\/balcilar-blog.com\/index.php?rest_route=\/wp\/v2\/users\/3"}],"replies":[{"embeddable":true,"href":"https:\/\/balcilar-blog.com\/index.php?rest_route=%2Fwp%2Fv2%2Fcomments&post=27069"}],"version-history":[{"count":2,"href":"https:\/\/balcilar-blog.com\/index.php?rest_route=\/wp\/v2\/posts\/27069\/revisions"}],"predecessor-version":[{"id":27073,"href":"https:\/\/balcilar-blog.com\/index.php?rest_route=\/wp\/v2\/posts\/27069\/revisions\/27073"}],"wp:featuredmedia":[{"embeddable":true,"href":"https:\/\/balcilar-blog.com\/index.php?rest_route=\/wp\/v2\/media\/27071"}],"wp:attachment":[{"href":"https:\/\/balcilar-blog.com\/index.php?rest_route=%2Fwp%2Fv2%2Fmedia&parent=27069"}],"wp:term":[{"taxonomy":"category","embeddable":true,"href":"https:\/\/balcilar-blog.com\/index.php?rest_route=%2Fwp%2Fv2%2Fcategories&post=27069"},{"taxonomy":"post_tag","embeddable":true,"href":"https:\/\/balcilar-blog.com\/index.php?rest_route=%2Fwp%2Fv2%2Ftags&post=27069"}],"curies":[{"name":"wp","href":"https:\/\/api.w.org\/{rel}","templated":true}]}}