{"id":27056,"date":"2021-01-12T20:52:33","date_gmt":"2021-01-12T17:52:33","guid":{"rendered":"http:\/\/balcilar-blog.com\/?p=27056"},"modified":"2021-01-12T20:57:41","modified_gmt":"2021-01-12T17:57:41","slug":"cagatay-ulusoyun-basrolu-oynayacagi-yesilcam-dizisi-hazirliklari-devam-ediyor","status":"publish","type":"post","link":"https:\/\/balcilar-blog.com\/?p=27056","title":{"rendered":"\u00c7a\u011fatay Ulusoy&#8217;un Ba\u015frol\u00fc Oynayaca\u011f\u0131 Ye\u015fil\u00e7am Dizisi Haz\u0131rl\u0131klar\u0131 Devam Ediyor!"},"content":{"rendered":"<p><a href=\"http:\/\/balcilar-blog.com\/wp-content\/uploads\/2021\/01\/cagatay-afra.jpg\"><img loading=\"lazy\" decoding=\"async\" class=\"alignnone size-full wp-image-27057\" src=\"http:\/\/balcilar-blog.com\/wp-content\/uploads\/2021\/01\/cagatay-afra.jpg\" alt=\"\" width=\"640\" height=\"374\" srcset=\"https:\/\/balcilar-blog.com\/wp-content\/uploads\/2021\/01\/cagatay-afra.jpg 640w, https:\/\/balcilar-blog.com\/wp-content\/uploads\/2021\/01\/cagatay-afra-300x175.jpg 300w\" sizes=\"auto, (max-width: 640px) 100vw, 640px\" \/><\/a><\/p>\n<p><span style=\"color: #ff0000;\"><strong>\u00c7a\u011fatay Ulusoy<\/strong><\/span>&#8216;un partneri <span style=\"color: #ff0000;\"><strong>Afra Sara\u00e7o\u011flu<\/strong><\/span> ile birlikte oynayaca\u011f\u0131 <span style=\"color: #ff0000;\"><strong>Ye\u015fil\u00e7am<\/strong><\/span> dizisi \u00e7al\u0131\u015fmalar\u0131 h\u0131zla devam ediyor. Y\u00f6netmenli\u011fini <span style=\"color: #0000ff;\"><strong>\u00c7a\u011fan Irmak<\/strong><\/span>&#8216;\u0131n yapt\u0131\u011f\u0131 dizinin \u00f6nceki hafta okuma provalar\u0131 ba\u015flam\u0131\u015ft\u0131. \u015eimdi de 60&#8217;l\u0131 y\u0131llarda oynayacak oyuncular\u0131n o d\u00f6neme ait k\u0131yafetli provalar\u0131 ba\u015flad\u0131 ve foto\u011fraf \u00e7ekimleri yap\u0131lm\u0131\u015f.<\/p>\n<p>Ye\u015fil\u00e7am dizide \u00c7a\u011fatay Ulusoy (Semih), Afra Sara\u00e7o\u011flu (T\u00fclin), Selin \u015eekerci (Mine), Ayta S\u00f6zeri, Selin Kahraman,\u00a0 G\u00fcng\u00f6r Bayrak, Nil\u00fcfer A\u00e7\u0131kal\u0131n, Bora Akka\u015f, \u00d6zg\u00fcr \u00c7evik ve Yetkin Dikinciler dizide yer alan oyuncular\u0131m\u0131z.<\/p>\n<p>Dizinin Senaryosunu <span style=\"color: #0000ff;\"><strong>Levent Cantek<\/strong><\/span> yaz\u0131yor. <span style=\"color: #0000ff;\"><strong>Dizi 1960&#8217;l\u0131 y\u0131llar\u0131n T\u00fcrkiye<\/strong><\/span>&#8216;sinde o d\u00f6nem ya\u015fanan alt\u0131n \u00e7a\u011f\u0131 anlat\u0131l\u0131yor.<\/p>\n<p>T\u00fcm haz\u0131rl\u0131klar tamamland\u0131ktan sonra motor denecek ve \u00e7ekimler ba\u015flayacak. \u0130lk 10 b\u00f6l\u00fcm \u00e7ekilecek. Daha sonra May\u0131s ay\u0131 ortalar\u0131nda ilk on b\u00f6l\u00fcm\u00fcn yay\u0131n\u0131 BlueTv&#8217;de ba\u015flayacak. Sonra 2.10 b\u00f6l\u00fcm yay\u0131nlanacak.<\/p>\n<p><strong>\u00c7a\u011fan Irmak&#8217;\u0131n payla\u015f\u0131m\u0131ndan gelen resimler:<\/strong><\/p>\n<p><a href=\"http:\/\/balcilar-blog.com\/wp-content\/uploads\/2021\/01\/1-20210111181009.jpg\"><img loading=\"lazy\" decoding=\"async\" class=\"alignnone size-full wp-image-27052\" src=\"http:\/\/balcilar-blog.com\/wp-content\/uploads\/2021\/01\/1-20210111181009.jpg\" alt=\"\" width=\"363\" height=\"640\" srcset=\"https:\/\/balcilar-blog.com\/wp-content\/uploads\/2021\/01\/1-20210111181009.jpg 363w, https:\/\/balcilar-blog.com\/wp-content\/uploads\/2021\/01\/1-20210111181009-170x300.jpg 170w\" sizes=\"auto, (max-width: 363px) 100vw, 363px\" \/><\/a><\/p>\n<p><a href=\"http:\/\/balcilar-blog.com\/wp-content\/uploads\/2021\/01\/3-20210111181009.jpg\"><img loading=\"lazy\" decoding=\"async\" class=\"alignnone size-full wp-image-27054\" src=\"http:\/\/balcilar-blog.com\/wp-content\/uploads\/2021\/01\/3-20210111181009.jpg\" alt=\"\" width=\"357\" height=\"640\" srcset=\"https:\/\/balcilar-blog.com\/wp-content\/uploads\/2021\/01\/3-20210111181009.jpg 357w, https:\/\/balcilar-blog.com\/wp-content\/uploads\/2021\/01\/3-20210111181009-167x300.jpg 167w\" sizes=\"auto, (max-width: 357px) 100vw, 357px\" \/><\/a><\/p>\n<p><a href=\"http:\/\/balcilar-blog.com\/wp-content\/uploads\/2021\/01\/2-20210111181009.jpg\"><img loading=\"lazy\" decoding=\"async\" class=\"alignnone size-full wp-image-27053\" src=\"http:\/\/balcilar-blog.com\/wp-content\/uploads\/2021\/01\/2-20210111181009.jpg\" alt=\"\" width=\"640\" height=\"361\" srcset=\"https:\/\/balcilar-blog.com\/wp-content\/uploads\/2021\/01\/2-20210111181009.jpg 640w, https:\/\/balcilar-blog.com\/wp-content\/uploads\/2021\/01\/2-20210111181009-300x169.jpg 300w\" sizes=\"auto, (max-width: 640px) 100vw, 640px\" \/><\/a><\/p>\n<p>Haz\u0131rl\u0131klar\u0131 devam eden Ye\u015fil\u00e7am dizisinde, ba\u015fta \u00c7a\u011fan Irmak ve ba\u015frol oyuncumuz \u00c7a\u011fatay Ulusoy&#8217;a ba\u015far\u0131lar diliyorum. Ulusoy \u015fimdiye kadar yapt\u0131\u011f\u0131 yap\u0131mlarda \u00fcst\u00fcn performans g\u00f6stermi\u015f, \u00e7ok g\u00fczel i\u015fler \u00e7\u0131karm\u0131\u015ft\u0131. Ay Yap\u0131m; Medcezir, \u0130\u00e7erde, Netflix; Hakan: Muhaf\u0131z Med Yap\u0131m; Ad\u0131n\u0131 Feriha Koydum. Gene s\u00fcper bir i\u015f \u00e7\u0131kaca\u011f\u0131n\u0131 tahmin ediyorum.<\/p>\n<p>Kolay Gelsin<\/p>\n<p>Abdurrahman Balc\u0131lar<\/p>\n<p>&nbsp;<\/p>\n<p>Not: Kaynak haber ve g\u00f6rseller Yeni\u00e7a\u011f gazetesi.<\/p>\n","protected":false},"excerpt":{"rendered":"<p>\u00c7a\u011fatay Ulusoy&#8216;un partneri Afra Sara\u00e7o\u011flu ile birlikte oynayaca\u011f\u0131 Ye\u015fil\u00e7am dizisi \u00e7al\u0131\u015fmalar\u0131 h\u0131zla devam ediyor. Y\u00f6netmenli\u011fini \u00c7a\u011fan Irmak&#8216;\u0131n yapt\u0131\u011f\u0131 dizinin \u00f6nceki hafta okuma provalar\u0131 ba\u015flam\u0131\u015ft\u0131. \u015eimdi de 60&#8217;l\u0131 y\u0131llarda oynayacak oyuncular\u0131n o d\u00f6neme ait k\u0131yafetli provalar\u0131 ba\u015flad\u0131 ve foto\u011fraf \u00e7ekimleri yap\u0131lm\u0131\u015f. Ye\u015fil\u00e7am dizide \u00c7a\u011fatay Ulusoy (Semih), Afra Sara\u00e7o\u011flu (T\u00fclin), Selin \u015eekerci (Mine), Ayta S\u00f6zeri, Selin Kahraman,\u00a0 [&hellip;]<\/p>\n","protected":false},"author":3,"featured_media":27057,"comment_status":"open","ping_status":"open","sticky":false,"template":"","format":"standard","meta":{"footnotes":""},"categories":[2],"tags":[2226,1791,1281,15,2236,1825],"class_list":["post-27056","post","type-post","status-publish","format-standard","has-post-thumbnail","hentry","category-tv-programlari","tag-afra-saracoglu","tag-bluetv","tag-cagan-irmak","tag-cagatay-ulusoy","tag-levent-cantek","tag-yesilcam"],"views":2143,"blog_post_layout_featured_media_urls":{"thumbnail":["https:\/\/balcilar-blog.com\/wp-content\/uploads\/2021\/01\/cagatay-afra-150x150.jpg",150,150,true],"full":["https:\/\/balcilar-blog.com\/wp-content\/uploads\/2021\/01\/cagatay-afra.jpg",640,374,false]},"categories_names":{"2":{"name":"TV Programlar\u0131","link":"https:\/\/balcilar-blog.com\/?cat=2"}},"tags_names":{"2226":{"name":"Afra Sara\u00e7o\u011flu","link":"https:\/\/balcilar-blog.com\/?tag=afra-saracoglu"},"1791":{"name":"BlueTV","link":"https:\/\/balcilar-blog.com\/?tag=bluetv"},"1281":{"name":"\u00c7a\u011fan Irmak","link":"https:\/\/balcilar-blog.com\/?tag=cagan-irmak"},"15":{"name":"\u00e7a\u011fatay ulusoy","link":"https:\/\/balcilar-blog.com\/?tag=cagatay-ulusoy"},"2236":{"name":"Levent Cantek","link":"https:\/\/balcilar-blog.com\/?tag=levent-cantek"},"1825":{"name":"Ye\u015fil\u00e7am","link":"https:\/\/balcilar-blog.com\/?tag=yesilcam"}},"comments_number":"0","wpmagazine_modules_lite_featured_media_urls":{"thumbnail":["https:\/\/balcilar-blog.com\/wp-content\/uploads\/2021\/01\/cagatay-afra-150x150.jpg",150,150,true],"cvmm-medium":["https:\/\/balcilar-blog.com\/wp-content\/uploads\/2021\/01\/cagatay-afra.jpg",300,175,false],"cvmm-medium-plus":["https:\/\/balcilar-blog.com\/wp-content\/uploads\/2021\/01\/cagatay-afra.jpg",305,178,false],"cvmm-portrait":["https:\/\/balcilar-blog.com\/wp-content\/uploads\/2021\/01\/cagatay-afra.jpg",400,234,false],"cvmm-medium-square":["https:\/\/balcilar-blog.com\/wp-content\/uploads\/2021\/01\/cagatay-afra.jpg",600,351,false],"cvmm-large":["https:\/\/balcilar-blog.com\/wp-content\/uploads\/2021\/01\/cagatay-afra.jpg",640,374,false],"cvmm-small":["https:\/\/balcilar-blog.com\/wp-content\/uploads\/2021\/01\/cagatay-afra.jpg",130,76,false],"full":["https:\/\/balcilar-blog.com\/wp-content\/uploads\/2021\/01\/cagatay-afra.jpg",640,374,false]},"_links":{"self":[{"href":"https:\/\/balcilar-blog.com\/index.php?rest_route=\/wp\/v2\/posts\/27056","targetHints":{"allow":["GET"]}}],"collection":[{"href":"https:\/\/balcilar-blog.com\/index.php?rest_route=\/wp\/v2\/posts"}],"about":[{"href":"https:\/\/balcilar-blog.com\/index.php?rest_route=\/wp\/v2\/types\/post"}],"author":[{"embeddable":true,"href":"https:\/\/balcilar-blog.com\/index.php?rest_route=\/wp\/v2\/users\/3"}],"replies":[{"embeddable":true,"href":"https:\/\/balcilar-blog.com\/index.php?rest_route=%2Fwp%2Fv2%2Fcomments&post=27056"}],"version-history":[{"count":3,"href":"https:\/\/balcilar-blog.com\/index.php?rest_route=\/wp\/v2\/posts\/27056\/revisions"}],"predecessor-version":[{"id":27059,"href":"https:\/\/balcilar-blog.com\/index.php?rest_route=\/wp\/v2\/posts\/27056\/revisions\/27059"}],"wp:featuredmedia":[{"embeddable":true,"href":"https:\/\/balcilar-blog.com\/index.php?rest_route=\/wp\/v2\/media\/27057"}],"wp:attachment":[{"href":"https:\/\/balcilar-blog.com\/index.php?rest_route=%2Fwp%2Fv2%2Fmedia&parent=27056"}],"wp:term":[{"taxonomy":"category","embeddable":true,"href":"https:\/\/balcilar-blog.com\/index.php?rest_route=%2Fwp%2Fv2%2Fcategories&post=27056"},{"taxonomy":"post_tag","embeddable":true,"href":"https:\/\/balcilar-blog.com\/index.php?rest_route=%2Fwp%2Fv2%2Ftags&post=27056"}],"curies":[{"name":"wp","href":"https:\/\/api.w.org\/{rel}","templated":true}]}}