{"id":27042,"date":"2021-01-12T14:51:44","date_gmt":"2021-01-12T11:51:44","guid":{"rendered":"http:\/\/balcilar-blog.com\/?p=27042"},"modified":"2021-01-12T19:35:50","modified_gmt":"2021-01-12T16:35:50","slug":"marasli-dizisi-tutar","status":"publish","type":"post","link":"https:\/\/balcilar-blog.com\/?p=27042","title":{"rendered":"&#8220;Mara\u015fl\u0131&#8221; Dizisi Tutar!"},"content":{"rendered":"<p><a href=\"http:\/\/balcilar-blog.com\/wp-content\/uploads\/2021\/01\/marasli.jpg\"><img loading=\"lazy\" decoding=\"async\" class=\"alignnone size-full wp-image-27043\" src=\"http:\/\/balcilar-blog.com\/wp-content\/uploads\/2021\/01\/marasli.jpg\" alt=\"\" width=\"640\" height=\"427\" srcset=\"https:\/\/balcilar-blog.com\/wp-content\/uploads\/2021\/01\/marasli.jpg 640w, https:\/\/balcilar-blog.com\/wp-content\/uploads\/2021\/01\/marasli-300x200.jpg 300w\" sizes=\"auto, (max-width: 640px) 100vw, 640px\" \/><\/a><\/p>\n<p>D\u00fcn ak\u015fam gece ge\u00e7 saatte Atv&#8217;de ekranlara gelen Mara\u015fl\u0131 dizisinin 2.tekrar\u0131n\u0131 izledim. Konusu ve kurgusu ho\u015fuma gitti. Bug\u00fcn reytinglerini bakt\u0131m. Olduk\u00e7a iyi, Totalde 5,79 AB&#8217;de 5,14 alm\u0131\u015f.<\/p>\n<p>Bu dizi ge\u00e7en y\u0131l Pandemi d\u00f6neminde Kenan \u0130mirzal\u0131o\u011flu ve \u00c7a\u011fatay Ulusoy&#8217;a teklif edilmi\u015fti.<\/p>\n<p>Ba\u015frollerde Burak Deniz ve Alina Boz oynuyor. Tims-B Yap\u0131m\u0131 olan dizi ho\u015fuma gitti. Seyredece\u011fim diziler aras\u0131na ald\u0131m. Burak Deniz&#8217;i Medcezir dizisinde tan\u0131m\u0131\u015ft\u0131m. \u00c7a\u011fatay Ulusoy ile oynam\u0131\u015f, &#8216;Aras&#8217; karakteri ile bir futbol kalecisini canland\u0131rm\u0131\u015ft\u0131. \u00d6nceki y\u0131llarda da Hazal Kaya ile Bizim Hikaye dizisinde oynam\u0131\u015ft\u0131. Burak Deniz be\u011fendi\u011fim oyuncular aras\u0131ndad\u0131r.<\/p>\n<p><strong>Mara\u015fl\u0131 Dizisinin Konusu:<\/strong><\/p>\n<p>Hikaye Kahramanmara\u015f&#8217;ta ge\u00e7iyor. Mara\u015fl\u0131 eski bir mavi bereli g\u00f6z\u00fc pek asker. Bir g\u00fcn k\u0131z\u0131 Zeli\u015f&#8217;in vurulmas\u0131 ile hayat\u0131 de\u011fi\u015fir. Kar\u0131s\u0131ndan bo\u015fanm\u0131\u015f olan Mara\u015fl\u0131, kendini k\u0131z\u0131n\u0131n bak\u0131m\u0131na adar. Bir g\u00fcn \u00e7al\u0131\u015ft\u0131\u011f\u0131 kitap\u00e7\u0131 d\u00fckkan\u0131na g\u00fczel bir k\u0131z (Alina Boz) gelir. Mahur adl\u0131 k\u0131z iyi bir foto\u011fraf\u00e7\u0131 ve zengin bir k\u0131zd\u0131r. K\u0131z cinayet i\u015fleyen bir tetik\u00e7inin foto\u011fraf\u0131n\u0131 \u00e7eker ve ba\u015f\u0131 derde girer. Hayat\u0131 tehlikeye girer, Mahur&#8217;un babas\u0131 Mara\u015fl\u0131&#8217;y\u0131 k\u0131z\u0131n\u0131n koruma olmas\u0131 i\u00e7in ikna eder. Olaylar geli\u015fir.<\/p>\n<p><a href=\"http:\/\/balcilar-blog.com\/wp-content\/uploads\/2021\/01\/marasli-1-7.jpg\"><img loading=\"lazy\" decoding=\"async\" class=\"alignnone size-full wp-image-27046\" src=\"http:\/\/balcilar-blog.com\/wp-content\/uploads\/2021\/01\/marasli-1-7.jpg\" alt=\"\" width=\"640\" height=\"385\" srcset=\"https:\/\/balcilar-blog.com\/wp-content\/uploads\/2021\/01\/marasli-1-7.jpg 640w, https:\/\/balcilar-blog.com\/wp-content\/uploads\/2021\/01\/marasli-1-7-300x180.jpg 300w\" sizes=\"auto, (max-width: 640px) 100vw, 640px\" \/><\/a><\/p>\n<p>Mahur zengin ve \u015f\u0131mar\u0131k, iyi bir foto\u011fraf\u00e7\u0131d\u0131r. Mara\u015fl\u0131&#8217;y\u0131 pek sevmez, oysa Mara\u015fl\u0131 kendi halinde pos b\u0131y\u0131kl\u0131 yak\u0131\u015f\u0131kl\u0131 bir adamd\u0131r.<\/p>\n<p><a href=\"http:\/\/balcilar-blog.com\/wp-content\/uploads\/2021\/01\/marasli-1-3.jpg\"><img loading=\"lazy\" decoding=\"async\" class=\"alignnone size-full wp-image-27045\" src=\"http:\/\/balcilar-blog.com\/wp-content\/uploads\/2021\/01\/marasli-1-3.jpg\" alt=\"\" width=\"640\" height=\"470\" srcset=\"https:\/\/balcilar-blog.com\/wp-content\/uploads\/2021\/01\/marasli-1-3.jpg 640w, https:\/\/balcilar-blog.com\/wp-content\/uploads\/2021\/01\/marasli-1-3-300x220.jpg 300w, https:\/\/balcilar-blog.com\/wp-content\/uploads\/2021\/01\/marasli-1-3-210x155.jpg 210w\" sizes=\"auto, (max-width: 640px) 100vw, 640px\" \/><\/a><\/p>\n<p>Tetik\u00e7i makinadaki resimleri ele ge\u00e7irmek i\u00e7in k\u0131z\u0131n pe\u015fine d\u00fc\u015fer. \u00d6d\u00fcl gecesinde \u00f6ld\u00fcrmek ister. Korumas\u0131 Mara\u015fl\u0131 olaya m\u00fcdahale eder ve \u00f6nler.<\/p>\n<p><a href=\"http:\/\/balcilar-blog.com\/wp-content\/uploads\/2021\/01\/marasli-1-1.jpg\"><img loading=\"lazy\" decoding=\"async\" class=\"alignnone size-full wp-image-27044\" src=\"http:\/\/balcilar-blog.com\/wp-content\/uploads\/2021\/01\/marasli-1-1.jpg\" alt=\"\" width=\"640\" height=\"440\" srcset=\"https:\/\/balcilar-blog.com\/wp-content\/uploads\/2021\/01\/marasli-1-1.jpg 640w, https:\/\/balcilar-blog.com\/wp-content\/uploads\/2021\/01\/marasli-1-1-300x206.jpg 300w\" sizes=\"auto, (max-width: 640px) 100vw, 640px\" \/><\/a><\/p>\n<p>Mahur, Mara\u015fl\u0131&#8217;y\u0131 etraf\u0131nda istemez. Babas\u0131n\u0131n g\u00f6z\u00fc tutmu\u015f, bu d\u00fcr\u00fcst eski askeri b\u0131rakmak istemez. \u0130lerleyen b\u00f6l\u00fcmlerde neler olaca\u011f\u0131n\u0131 hep birlikte g\u00f6rece\u011fiz. Mara\u015fl\u0131 ile Mahur aras\u0131nda bir a\u015fk do\u011facak gibi g\u00f6z\u00fck\u00fcyor.<\/p>\n<p>\u0130yi Seyirler<\/p>\n<p>Abdurrahman Balc\u0131lar<\/p>\n","protected":false},"excerpt":{"rendered":"<p>D\u00fcn ak\u015fam gece ge\u00e7 saatte Atv&#8217;de ekranlara gelen Mara\u015fl\u0131 dizisinin 2.tekrar\u0131n\u0131 izledim. Konusu ve kurgusu ho\u015fuma gitti. Bug\u00fcn reytinglerini bakt\u0131m. Olduk\u00e7a iyi, Totalde 5,79 AB&#8217;de 5,14 alm\u0131\u015f. Bu dizi ge\u00e7en y\u0131l Pandemi d\u00f6neminde Kenan \u0130mirzal\u0131o\u011flu ve \u00c7a\u011fatay Ulusoy&#8217;a teklif edilmi\u015fti. Ba\u015frollerde Burak Deniz ve Alina Boz oynuyor. Tims-B Yap\u0131m\u0131 olan dizi ho\u015fuma gitti. Seyredece\u011fim diziler [&hellip;]<\/p>\n","protected":false},"author":3,"featured_media":27043,"comment_status":"open","ping_status":"open","sticky":false,"template":"","format":"standard","meta":{"footnotes":""},"categories":[2],"tags":[2255,654,2143,1833],"class_list":["post-27042","post","type-post","status-publish","format-standard","has-post-thumbnail","hentry","category-tv-programlari","tag-alina-boz","tag-burak-deniz","tag-marasli","tag-tims-b-yapim"],"views":2037,"blog_post_layout_featured_media_urls":{"thumbnail":["https:\/\/balcilar-blog.com\/wp-content\/uploads\/2021\/01\/marasli-150x150.jpg",150,150,true],"full":["https:\/\/balcilar-blog.com\/wp-content\/uploads\/2021\/01\/marasli.jpg",640,427,false]},"categories_names":{"2":{"name":"TV Programlar\u0131","link":"https:\/\/balcilar-blog.com\/?cat=2"}},"tags_names":{"2255":{"name":"Alina Boz","link":"https:\/\/balcilar-blog.com\/?tag=alina-boz"},"654":{"name":"Burak Deniz","link":"https:\/\/balcilar-blog.com\/?tag=burak-deniz"},"2143":{"name":"Mara\u015fl\u0131","link":"https:\/\/balcilar-blog.com\/?tag=marasli"},"1833":{"name":"Tims &amp; B Yap\u0131m","link":"https:\/\/balcilar-blog.com\/?tag=tims-b-yapim"}},"comments_number":"0","wpmagazine_modules_lite_featured_media_urls":{"thumbnail":["https:\/\/balcilar-blog.com\/wp-content\/uploads\/2021\/01\/marasli-150x150.jpg",150,150,true],"cvmm-medium":["https:\/\/balcilar-blog.com\/wp-content\/uploads\/2021\/01\/marasli.jpg",300,200,false],"cvmm-medium-plus":["https:\/\/balcilar-blog.com\/wp-content\/uploads\/2021\/01\/marasli.jpg",305,203,false],"cvmm-portrait":["https:\/\/balcilar-blog.com\/wp-content\/uploads\/2021\/01\/marasli.jpg",400,267,false],"cvmm-medium-square":["https:\/\/balcilar-blog.com\/wp-content\/uploads\/2021\/01\/marasli.jpg",600,400,false],"cvmm-large":["https:\/\/balcilar-blog.com\/wp-content\/uploads\/2021\/01\/marasli.jpg",640,427,false],"cvmm-small":["https:\/\/balcilar-blog.com\/wp-content\/uploads\/2021\/01\/marasli.jpg",130,87,false],"full":["https:\/\/balcilar-blog.com\/wp-content\/uploads\/2021\/01\/marasli.jpg",640,427,false]},"_links":{"self":[{"href":"https:\/\/balcilar-blog.com\/index.php?rest_route=\/wp\/v2\/posts\/27042","targetHints":{"allow":["GET"]}}],"collection":[{"href":"https:\/\/balcilar-blog.com\/index.php?rest_route=\/wp\/v2\/posts"}],"about":[{"href":"https:\/\/balcilar-blog.com\/index.php?rest_route=\/wp\/v2\/types\/post"}],"author":[{"embeddable":true,"href":"https:\/\/balcilar-blog.com\/index.php?rest_route=\/wp\/v2\/users\/3"}],"replies":[{"embeddable":true,"href":"https:\/\/balcilar-blog.com\/index.php?rest_route=%2Fwp%2Fv2%2Fcomments&post=27042"}],"version-history":[{"count":4,"href":"https:\/\/balcilar-blog.com\/index.php?rest_route=\/wp\/v2\/posts\/27042\/revisions"}],"predecessor-version":[{"id":27051,"href":"https:\/\/balcilar-blog.com\/index.php?rest_route=\/wp\/v2\/posts\/27042\/revisions\/27051"}],"wp:featuredmedia":[{"embeddable":true,"href":"https:\/\/balcilar-blog.com\/index.php?rest_route=\/wp\/v2\/media\/27043"}],"wp:attachment":[{"href":"https:\/\/balcilar-blog.com\/index.php?rest_route=%2Fwp%2Fv2%2Fmedia&parent=27042"}],"wp:term":[{"taxonomy":"category","embeddable":true,"href":"https:\/\/balcilar-blog.com\/index.php?rest_route=%2Fwp%2Fv2%2Fcategories&post=27042"},{"taxonomy":"post_tag","embeddable":true,"href":"https:\/\/balcilar-blog.com\/index.php?rest_route=%2Fwp%2Fv2%2Ftags&post=27042"}],"curies":[{"name":"wp","href":"https:\/\/api.w.org\/{rel}","templated":true}]}}