{"id":26811,"date":"2020-11-29T13:06:06","date_gmt":"2020-11-29T10:06:06","guid":{"rendered":"http:\/\/balcilar-blog.com\/?p=26811"},"modified":"2020-11-29T13:06:06","modified_gmt":"2020-11-29T10:06:06","slug":"sinema-sektoru-oluyor-mu","status":"publish","type":"post","link":"https:\/\/balcilar-blog.com\/?p=26811","title":{"rendered":"Sinema Sekt\u00f6r\u00fc \u00d6l\u00fcyor mu?"},"content":{"rendered":"<p><img loading=\"lazy\" decoding=\"async\" class=\"alignnone size-full wp-image-26812\" src=\"http:\/\/balcilar-blog.com\/wp-content\/uploads\/2020\/11\/yesilcam.jpg\" alt=\"\" width=\"640\" height=\"365\" srcset=\"https:\/\/balcilar-blog.com\/wp-content\/uploads\/2020\/11\/yesilcam.jpg 640w, https:\/\/balcilar-blog.com\/wp-content\/uploads\/2020\/11\/yesilcam-300x171.jpg 300w, https:\/\/balcilar-blog.com\/wp-content\/uploads\/2020\/11\/yesilcam-624x356.jpg 624w\" sizes=\"auto, (max-width: 640px) 100vw, 640px\" \/><\/p>\n<p>Koronavir\u00fcs insanlar\u0131 \u00f6ld\u00fcrd\u00fc\u011f\u00fc gibi bir \u00e7ok sekt\u00f6r\u00fcn de sonunu haz\u0131rl\u0131yor, yok olmas\u0131na sebep oluyor. B\u00fcy\u00fck emek harcanan film \u00e7ekimleri g\u00fcn\u00fcm\u00fczde yok denecek kadar az. Kamera \u00f6n\u00fcnde ve arkas\u0131nda y\u00fczlerce \u00e7al\u0131\u015fan emeklerinin kar\u015f\u0131l\u0131\u011f\u0131n\u0131 alam\u0131yorlar, zira yap\u0131mc\u0131lar \u00fcrettikleri filmleri de\u011fer fiyata satam\u0131yor. dolay\u0131s\u0131yla da emeklerinin kar\u015f\u0131l\u0131\u011f\u0131n\u0131 alam\u0131yor.<\/p>\n<p>Neden? bu yap\u0131mlar\u0131n g\u00f6sterime girece\u011fi sinemalar vir\u00fcs nedeniyle kapan\u0131yor. Ayakta duramayan bir \u00e7ok sinema salonu kapand\u0131. \u00d6ld\u00fcr\u00fcc\u00fc vir\u00fcs insanlar\u0131 sinemaya sokmuyor!<\/p>\n<p>Bir\u00e7ok yap\u0131mc\u0131 ellerindeki yap\u0131mlar\u0131 de\u011fer fiyata pazarlayam\u0131yor, bekletiyor. Nereye kadar? Vir\u00fcs biter mi diye bekliyor. bu defa sinema yerine filmler dijital platformlara sat\u0131l\u0131yor oralarda g\u00f6sterime giriyor. En son \u00f6rne\u011fi \u00c7a\u011fatay Ulusoy ge\u00e7ti\u011fimiz A\u011fustos ay\u0131nda ba\u015frol\u00fc oynad\u0131\u011f\u0131 &#8220;<strong>M\u00fccadele \u00c7\u0131kmaz\u0131<\/strong>&#8221; sinema filmi g\u00f6sterim i\u00e7in Netflix&#8217;e sat\u0131ld\u0131. OGM Picture&#8217;sin yap\u0131mc\u0131s\u0131 oldu\u011fu, Ayla, M\u00fcsl\u00fcm ve Turkish Dondurma gibi kaliteli filmlerin \u00fcnl\u00fc y\u00f6netmeni Can Ulkay&#8217;\u0131n son sinema filmi 15 Mart 2021 y\u0131l\u0131nda Netflixte yay\u0131na girecek.<\/p>\n<p><img loading=\"lazy\" decoding=\"async\" class=\"alignnone size-full wp-image-26663\" src=\"http:\/\/balcilar-blog.com\/wp-content\/uploads\/2020\/10\/EhBT1J6XkAEKr7L.jpg\" alt=\"\" width=\"480\" height=\"480\" srcset=\"https:\/\/balcilar-blog.com\/wp-content\/uploads\/2020\/10\/EhBT1J6XkAEKr7L.jpg 480w, https:\/\/balcilar-blog.com\/wp-content\/uploads\/2020\/10\/EhBT1J6XkAEKr7L-300x300.jpg 300w, https:\/\/balcilar-blog.com\/wp-content\/uploads\/2020\/10\/EhBT1J6XkAEKr7L-150x150.jpg 150w\" sizes=\"auto, (max-width: 480px) 100vw, 480px\" \/><\/p>\n<p>Paral\u0131 dijital platformda sadece \u00fcye olanlar seyredebilecek! Oysa kapal\u0131 ve a\u00e7\u0131k sinemalarda milyonlarca ki\u015fi seyredebiliyordu.<\/p>\n<p>Ge\u00e7ti\u011fimiz hafta i\u00e7inde Fox Tv&#8217;de \u0130smail K\u00fc\u00e7\u00fckkaya&#8217;n\u0131n \u00c7alar Saat program\u0131na konuk olan K\u00fclt\u00fcr ve Turizm Bakan\u0131 Mehmet Nuri Ersoy, Sinema ve Tiyatro i\u015fletmelerine Aral\u0131k ay\u0131 ba\u015f\u0131ndan itibaren maddi destek yap\u0131laca\u011f\u0131 a\u00e7\u0131klamas\u0131n\u0131 yapt\u0131. Hi\u00e7 olmazsa baz\u0131 i\u015fetmeler, \u00f6zel tiyatrolar\u00a0 kapanmayacak, ayakta kalabilecekler. Halk\u0131n tek e\u011flencesi olan Sinema sekt\u00f6r\u00fc bu vir\u00fcs belas\u0131 y\u00fcz\u00fcnden kapanmayacak, bu g\u00fcnleri ge\u00e7irecek mevcudiyetlerini koruyabilecekler.<\/p>\n<p>D\u00fcnyam\u0131z insan\u0131 y\u00fcz y\u00fcze konu\u015fmak yerine cep telefonlar\u0131na sar\u0131ld\u0131lar. Koronavir\u00fcs nedeniyle kapal\u0131 Sinemada salonlar\u0131nda izleyemedikleri filmleri televizyonlarda, internette dijital platformlarda izliyorlar.<\/p>\n<p><img loading=\"lazy\" decoding=\"async\" class=\"alignnone size-full wp-image-26815\" src=\"http:\/\/balcilar-blog.com\/wp-content\/uploads\/2020\/11\/maxresdefault.jpg\" alt=\"\" width=\"448\" height=\"252\" srcset=\"https:\/\/balcilar-blog.com\/wp-content\/uploads\/2020\/11\/maxresdefault.jpg 448w, https:\/\/balcilar-blog.com\/wp-content\/uploads\/2020\/11\/maxresdefault-300x169.jpg 300w\" sizes=\"auto, (max-width: 448px) 100vw, 448px\" \/><img loading=\"lazy\" decoding=\"async\" class=\"alignnone size-full wp-image-26814\" src=\"http:\/\/balcilar-blog.com\/wp-content\/uploads\/2020\/11\/100-yili-deviren-turk-sinemasinin-en-iyi-100-filmi-seciliyor-2014-06-06_m.jpg\" alt=\"\" width=\"430\" height=\"300\" srcset=\"https:\/\/balcilar-blog.com\/wp-content\/uploads\/2020\/11\/100-yili-deviren-turk-sinemasinin-en-iyi-100-filmi-seciliyor-2014-06-06_m.jpg 430w, https:\/\/balcilar-blog.com\/wp-content\/uploads\/2020\/11\/100-yili-deviren-turk-sinemasinin-en-iyi-100-filmi-seciliyor-2014-06-06_m-300x209.jpg 300w\" sizes=\"auto, (max-width: 430px) 100vw, 430px\" \/><\/p>\n<p>1970&#8217;li y\u0131llarda Ye\u015fil\u00e7am filmleri milyonlarca izleyicisine k\u0131\u015f\u0131n kapal\u0131 sinemalarda, yaz\u0131n yazl\u0131k sinemalarda ula\u015ft\u0131\u011f\u0131 unutmayal\u0131m.<\/p>\n<p>Bu Koronavir\u00fcs belas\u0131 insanlar\u0131m\u0131z\u0131 \u00f6ld\u00fcrse bile, bu g\u00fcnler ge\u00e7ecek, Sinema Sekt\u00f6r\u00fc \u00f6lmeyecek, bu i\u015ften ekmek yiyen Sanat\u00e7\u0131s\u0131, kamera \u00f6n\u00fc ve arkas\u0131 ile beyaz perdeye aktaran sinemalar ayakta kalacakt\u0131r, kalmal\u0131d\u0131r.<\/p>\n<p>Sayg\u0131 ve Sevgiler.<\/p>\n<p>Abdurrahman Balc\u0131lar<\/p>\n","protected":false},"excerpt":{"rendered":"<p>Koronavir\u00fcs insanlar\u0131 \u00f6ld\u00fcrd\u00fc\u011f\u00fc gibi bir \u00e7ok sekt\u00f6r\u00fcn de sonunu haz\u0131rl\u0131yor, yok olmas\u0131na sebep oluyor. B\u00fcy\u00fck emek harcanan film \u00e7ekimleri g\u00fcn\u00fcm\u00fczde yok denecek kadar az. Kamera \u00f6n\u00fcnde ve arkas\u0131nda y\u00fczlerce \u00e7al\u0131\u015fan emeklerinin kar\u015f\u0131l\u0131\u011f\u0131n\u0131 alam\u0131yorlar, zira yap\u0131mc\u0131lar \u00fcrettikleri filmleri de\u011fer fiyata satam\u0131yor. dolay\u0131s\u0131yla da emeklerinin kar\u015f\u0131l\u0131\u011f\u0131n\u0131 alam\u0131yor. Neden? bu yap\u0131mlar\u0131n g\u00f6sterime girece\u011fi sinemalar vir\u00fcs nedeniyle kapan\u0131yor. Ayakta [&hellip;]<\/p>\n","protected":false},"author":3,"featured_media":0,"comment_status":"open","ping_status":"open","sticky":false,"template":"","format":"standard","meta":{"footnotes":""},"categories":[10],"tags":[1892,15,1895,2224,2160,1921,1478,2223,1825],"class_list":["post-26811","post","type-post","status-publish","format-standard","hentry","category-sinema","tag-ayla","tag-cagatay-ulusoy","tag-can-ulkay","tag-koronavirus","tag-mucadele-cikmazi","tag-muslum","tag-netflix","tag-sinema-sektoru","tag-yesilcam"],"views":2823,"blog_post_layout_featured_media_urls":{"thumbnail":"","full":""},"categories_names":{"10":{"name":"Sinema","link":"https:\/\/balcilar-blog.com\/?cat=10"}},"tags_names":{"1892":{"name":"Ayla","link":"https:\/\/balcilar-blog.com\/?tag=ayla"},"15":{"name":"\u00e7a\u011fatay ulusoy","link":"https:\/\/balcilar-blog.com\/?tag=cagatay-ulusoy"},"1895":{"name":"Can Ulkay","link":"https:\/\/balcilar-blog.com\/?tag=can-ulkay"},"2224":{"name":"Koronavir\u00fcs","link":"https:\/\/balcilar-blog.com\/?tag=koronavirus"},"2160":{"name":"M\u00fccadele \u00c7\u0131kmaz\u0131","link":"https:\/\/balcilar-blog.com\/?tag=mucadele-cikmazi"},"1921":{"name":"M\u00fcsl\u00fcm","link":"https:\/\/balcilar-blog.com\/?tag=muslum"},"1478":{"name":"Netflix","link":"https:\/\/balcilar-blog.com\/?tag=netflix"},"2223":{"name":"Sinema Sekt\u00f6r\u00fc","link":"https:\/\/balcilar-blog.com\/?tag=sinema-sektoru"},"1825":{"name":"Ye\u015fil\u00e7am","link":"https:\/\/balcilar-blog.com\/?tag=yesilcam"}},"comments_number":"0","wpmagazine_modules_lite_featured_media_urls":{"thumbnail":"","cvmm-medium":"","cvmm-medium-plus":"","cvmm-portrait":"","cvmm-medium-square":"","cvmm-large":"","cvmm-small":"","full":""},"_links":{"self":[{"href":"https:\/\/balcilar-blog.com\/index.php?rest_route=\/wp\/v2\/posts\/26811","targetHints":{"allow":["GET"]}}],"collection":[{"href":"https:\/\/balcilar-blog.com\/index.php?rest_route=\/wp\/v2\/posts"}],"about":[{"href":"https:\/\/balcilar-blog.com\/index.php?rest_route=\/wp\/v2\/types\/post"}],"author":[{"embeddable":true,"href":"https:\/\/balcilar-blog.com\/index.php?rest_route=\/wp\/v2\/users\/3"}],"replies":[{"embeddable":true,"href":"https:\/\/balcilar-blog.com\/index.php?rest_route=%2Fwp%2Fv2%2Fcomments&post=26811"}],"version-history":[{"count":1,"href":"https:\/\/balcilar-blog.com\/index.php?rest_route=\/wp\/v2\/posts\/26811\/revisions"}],"predecessor-version":[{"id":26817,"href":"https:\/\/balcilar-blog.com\/index.php?rest_route=\/wp\/v2\/posts\/26811\/revisions\/26817"}],"wp:attachment":[{"href":"https:\/\/balcilar-blog.com\/index.php?rest_route=%2Fwp%2Fv2%2Fmedia&parent=26811"}],"wp:term":[{"taxonomy":"category","embeddable":true,"href":"https:\/\/balcilar-blog.com\/index.php?rest_route=%2Fwp%2Fv2%2Fcategories&post=26811"},{"taxonomy":"post_tag","embeddable":true,"href":"https:\/\/balcilar-blog.com\/index.php?rest_route=%2Fwp%2Fv2%2Ftags&post=26811"}],"curies":[{"name":"wp","href":"https:\/\/api.w.org\/{rel}","templated":true}]}}