{"id":26510,"date":"2020-08-24T16:41:45","date_gmt":"2020-08-24T13:41:45","guid":{"rendered":"http:\/\/balcilar-blog.com\/?p=26510"},"modified":"2020-08-24T21:25:59","modified_gmt":"2020-08-24T18:25:59","slug":"cagatay-ulusoyun-mucadele-cikmazi-sinema-film-cekimleri-devam-ediyor","status":"publish","type":"post","link":"https:\/\/balcilar-blog.com\/?p=26510","title":{"rendered":"\u00c7a\u011fatay Ulusoy&#8217;un M\u00fccadele \u00c7\u0131kmaz\u0131 Sinema Film \u00c7ekimleri Devam Ediyor!"},"content":{"rendered":"<p>&nbsp;<\/p>\n<p><img loading=\"lazy\" decoding=\"async\" class=\"alignnone size-full wp-image-26521\" src=\"http:\/\/balcilar-blog.com\/wp-content\/uploads\/2020\/08\/Hakan-4.5.png\" alt=\"\" width=\"617\" height=\"480\" srcset=\"https:\/\/balcilar-blog.com\/wp-content\/uploads\/2020\/08\/Hakan-4.5.png 617w, https:\/\/balcilar-blog.com\/wp-content\/uploads\/2020\/08\/Hakan-4.5-300x233.png 300w\" sizes=\"auto, (max-width: 617px) 100vw, 617px\" \/><\/p>\n<p><span style=\"color: #ff0000;\"><strong>\u00c7a\u011fatay Ulusoy<\/strong><\/span>&#8216;un <span style=\"color: #0000ff;\"><strong>M\u00fccadele \u00c7\u0131kmaz\u0131<\/strong><\/span> Sinema filmi \u00e7ekimleri devam ediyor. 4\u00a0 A\u011fustos&#8217;ta motor denmi\u015fti. O g\u00fcnden bu yana 20 g\u00fcn ge\u00e7ti.<\/p>\n<p><img loading=\"lazy\" decoding=\"async\" class=\"alignnone size-large wp-image-26517\" src=\"http:\/\/balcilar-blog.com\/wp-content\/uploads\/2020\/08\/Ef9nL2SWsAUU5fR-1-576x1024.jpg\" alt=\"\" width=\"576\" height=\"1024\" srcset=\"https:\/\/balcilar-blog.com\/wp-content\/uploads\/2020\/08\/Ef9nL2SWsAUU5fR-1-576x1024.jpg 576w, https:\/\/balcilar-blog.com\/wp-content\/uploads\/2020\/08\/Ef9nL2SWsAUU5fR-1-169x300.jpg 169w, https:\/\/balcilar-blog.com\/wp-content\/uploads\/2020\/08\/Ef9nL2SWsAUU5fR-1-624x1109.jpg 624w, https:\/\/balcilar-blog.com\/wp-content\/uploads\/2020\/08\/Ef9nL2SWsAUU5fR-1.jpg 675w\" sizes=\"auto, (max-width: 576px) 100vw, 576px\" \/><\/p>\n<p>Film hakk\u0131nda bilgi yok denecek kadar az. Ba\u015f rol erkek oyuncu \u00c7a\u011fatay Ulusoy oldu\u011funu biliyoruz ama canland\u0131raca\u011f\u0131 karakterin ad\u0131n\u0131 bile bilmiyoruz. \u015eirin \u00e7ocuk oyuncu Emir Ali Do\u011frul oynuyor.<\/p>\n<p><span style=\"color: #ff0000;\"><strong>\u00c7a\u011fatay Ulusoy<\/strong><\/span>\u00a0&#8220;<strong><span style=\"color: #0000ff;\">M\u00fccadele \u00c7\u0131kmaz\u0131<\/span><\/strong>&#8221; sinema filminde \u015fimdiye kadar oynamad\u0131\u011f\u0131 bir rolde, a\u011f\u0131r bir dram oyuncusu olarak kar\u015f\u0131m\u0131za \u00e7\u0131k\u0131yor.<\/p>\n<p>\u0130lk oynad\u0131\u011f\u0131 dizi;\u00a0<strong><span style=\"color: #0000ff;\">Ad\u0131n\u0131 Feriha Koydum<\/span><\/strong>\u00a0bir a\u015fk dizisinde zengin bir delikanl\u0131y\u0131 canland\u0131rm\u0131\u015ft\u0131.<\/p>\n<p>\u0130lk sinema filmi &#8220;<strong><span style=\"color: #0000ff;\">Anadolu Kartallar\u0131<\/span><\/strong>&#8221; sinema filminde sava\u015f u\u00e7a\u011f\u0131 pilotu h\u0131rsl\u0131 bir \u00fcste\u011fmeni canland\u0131rm\u0131\u015ft\u0131.<\/p>\n<p><span style=\"color: #0000ff;\"><strong>Delibal<\/strong> <\/span>sinema filmi romantik bir a\u015fk filmi idi.\u00a0 \u00c7a\u011fatay Ulusoy, Bipolar hastas\u0131 \u00fcniversiteli bir genci canland\u0131rm\u0131\u015f, ama sonu ac\u0131 bitmi\u015fti.<\/p>\n<p><span style=\"color: #ff0000;\"><strong>Ulusoy<\/strong><\/span>, <span style=\"color: #0000ff;\"><strong>Medcezir<\/strong><\/span> dizininde fakirlikten zengin bir ortama ya\u015fayan bi \u00fcniversite \u00f6\u011frencisi olarak kar\u015f\u0131m\u0131za \u00e7\u0131km\u0131\u015f, a\u015fk dizisinde komedi unsurlar\u0131 da yer almaktad\u0131r.<\/p>\n<p><strong><span style=\"color: #0000ff;\">\u0130\u00e7erde<\/span><\/strong> dizisi tam macera, aksiyon, dram , gerilim polisiye dizide gizli polisi canland\u0131rm\u0131\u015ft\u0131r. \u00c7ok da ba\u015far\u0131l\u0131 olmu\u015ftur. \u015eimdi de bu a\u011f\u0131r drama filminden sonra canland\u0131rmad\u0131\u011f\u0131 komedi oyunculu\u011fu kalm\u0131\u015ft\u0131r.<\/p>\n<p><span style=\"color: #ff0000;\"><strong>M\u00dcCADELE \u00c7IKMAZI F\u0130LM\u0130N\u0130N SEV\u0130ML\u0130 OYUNCUSU EM\u0130R AL\u0130 DO\u011eRUL<\/strong><\/span><\/p>\n<p><img loading=\"lazy\" decoding=\"async\" class=\"alignnone size-full wp-image-26511\" src=\"http:\/\/balcilar-blog.com\/wp-content\/uploads\/2020\/08\/Ef4svNaWsAU1Jg0.jpg\" alt=\"\" width=\"480\" height=\"480\" srcset=\"https:\/\/balcilar-blog.com\/wp-content\/uploads\/2020\/08\/Ef4svNaWsAU1Jg0.jpg 480w, https:\/\/balcilar-blog.com\/wp-content\/uploads\/2020\/08\/Ef4svNaWsAU1Jg0-150x150.jpg 150w, https:\/\/balcilar-blog.com\/wp-content\/uploads\/2020\/08\/Ef4svNaWsAU1Jg0-300x300.jpg 300w\" sizes=\"auto, (max-width: 480px) 100vw, 480px\" \/><\/p>\n<p>Filmdeki ad\u0131n\u0131 bilmiyoruz ama, olduk\u00e7a sempatik bir oyuncu, \u00c7a\u011fatay&#8217;a benzerli\u011fine bak\u0131l\u0131rsa filmde \u00c7a\u011fatay&#8217;\u0131n o\u011flu oldu\u011funu tahmin ediyorum.<\/p>\n<p><img loading=\"lazy\" decoding=\"async\" class=\"alignnone size-full wp-image-26519\" src=\"http:\/\/balcilar-blog.com\/wp-content\/uploads\/2020\/08\/EgDJeAWX0AEp3wk.jpg\" alt=\"\" width=\"480\" height=\"539\" srcset=\"https:\/\/balcilar-blog.com\/wp-content\/uploads\/2020\/08\/EgDJeAWX0AEp3wk.jpg 480w, https:\/\/balcilar-blog.com\/wp-content\/uploads\/2020\/08\/EgDJeAWX0AEp3wk-267x300.jpg 267w\" sizes=\"auto, (max-width: 480px) 100vw, 480px\" \/><\/p>\n<p>Filmde,<span style=\"color: #ff0000;\"><strong> \u00c7a\u011fatay Ulusoy<\/strong><\/span>&#8216;un yan\u0131nda\u00a0<span style=\"color: #0000ff;\"><strong>Ersin Ar\u0131c\u0131, Turgay Tan\u00fclk\u00fc, Selen \u00d6zt\u00fcrk<\/strong><\/span> ve \u00e7ocuk oyuncu <strong><span style=\"color: #0000ff;\">Emir Ali Do\u011frul<\/span> <\/strong>\u015fimdilik belli olan oyuncular.<\/p>\n<p><img loading=\"lazy\" decoding=\"async\" class=\"alignnone size-full wp-image-26484\" src=\"http:\/\/balcilar-blog.com\/wp-content\/uploads\/2020\/08\/EelhL8wXgAMmmlo.jpg\" alt=\"\" width=\"426\" height=\"640\" srcset=\"https:\/\/balcilar-blog.com\/wp-content\/uploads\/2020\/08\/EelhL8wXgAMmmlo.jpg 426w, https:\/\/balcilar-blog.com\/wp-content\/uploads\/2020\/08\/EelhL8wXgAMmmlo-200x300.jpg 200w\" sizes=\"auto, (max-width: 426px) 100vw, 426px\" \/><\/p>\n<p><span style=\"color: #0000ff;\"><strong>\u0130NTERNET&#8217;E D\u00dc\u015eEN F\u0130L\u0130MDEN KARELER<\/strong><\/span><\/p>\n<p><img loading=\"lazy\" decoding=\"async\" class=\"alignnone size-large wp-image-26518\" src=\"http:\/\/balcilar-blog.com\/wp-content\/uploads\/2020\/08\/EgB-9j9XoAYxRTh-576x1024.jpg\" alt=\"\" width=\"576\" height=\"1024\" srcset=\"https:\/\/balcilar-blog.com\/wp-content\/uploads\/2020\/08\/EgB-9j9XoAYxRTh-576x1024.jpg 576w, https:\/\/balcilar-blog.com\/wp-content\/uploads\/2020\/08\/EgB-9j9XoAYxRTh-169x300.jpg 169w, https:\/\/balcilar-blog.com\/wp-content\/uploads\/2020\/08\/EgB-9j9XoAYxRTh-768x1365.jpg 768w, https:\/\/balcilar-blog.com\/wp-content\/uploads\/2020\/08\/EgB-9j9XoAYxRTh-624x1109.jpg 624w, https:\/\/balcilar-blog.com\/wp-content\/uploads\/2020\/08\/EgB-9j9XoAYxRTh.jpg 1024w\" sizes=\"auto, (max-width: 576px) 100vw, 576px\" \/><\/p>\n<p><img loading=\"lazy\" decoding=\"async\" class=\"alignnone size-large wp-image-26516\" src=\"http:\/\/balcilar-blog.com\/wp-content\/uploads\/2020\/08\/Ef8dZKKWAAM9T0m-819x1024.jpg\" alt=\"\" width=\"625\" height=\"781\" srcset=\"https:\/\/balcilar-blog.com\/wp-content\/uploads\/2020\/08\/Ef8dZKKWAAM9T0m-819x1024.jpg 819w, https:\/\/balcilar-blog.com\/wp-content\/uploads\/2020\/08\/Ef8dZKKWAAM9T0m-240x300.jpg 240w, https:\/\/balcilar-blog.com\/wp-content\/uploads\/2020\/08\/Ef8dZKKWAAM9T0m-768x960.jpg 768w, https:\/\/balcilar-blog.com\/wp-content\/uploads\/2020\/08\/Ef8dZKKWAAM9T0m-624x780.jpg 624w, https:\/\/balcilar-blog.com\/wp-content\/uploads\/2020\/08\/Ef8dZKKWAAM9T0m.jpg 1080w\" sizes=\"auto, (max-width: 625px) 100vw, 625px\" \/><\/p>\n<p><img loading=\"lazy\" decoding=\"async\" class=\"alignnone size-full wp-image-26515\" src=\"http:\/\/balcilar-blog.com\/wp-content\/uploads\/2020\/08\/Ef8dZgmWsAAu3oQ.jpg\" alt=\"\" width=\"539\" height=\"713\" srcset=\"https:\/\/balcilar-blog.com\/wp-content\/uploads\/2020\/08\/Ef8dZgmWsAAu3oQ.jpg 539w, https:\/\/balcilar-blog.com\/wp-content\/uploads\/2020\/08\/Ef8dZgmWsAAu3oQ-227x300.jpg 227w\" sizes=\"auto, (max-width: 539px) 100vw, 539px\" \/><\/p>\n<p><img loading=\"lazy\" decoding=\"async\" class=\"alignnone size-full wp-image-26514\" src=\"http:\/\/balcilar-blog.com\/wp-content\/uploads\/2020\/08\/Ef8dZ0dXkAEJjKz.jpg\" alt=\"\" width=\"478\" height=\"640\" srcset=\"https:\/\/balcilar-blog.com\/wp-content\/uploads\/2020\/08\/Ef8dZ0dXkAEJjKz.jpg 478w, https:\/\/balcilar-blog.com\/wp-content\/uploads\/2020\/08\/Ef8dZ0dXkAEJjKz-224x300.jpg 224w\" sizes=\"auto, (max-width: 478px) 100vw, 478px\" \/><\/p>\n<p><img loading=\"lazy\" decoding=\"async\" class=\"alignnone size-full wp-image-26513\" src=\"http:\/\/balcilar-blog.com\/wp-content\/uploads\/2020\/08\/Ef8dY0YWkAAk22G.jpg\" alt=\"\" width=\"398\" height=\"680\" srcset=\"https:\/\/balcilar-blog.com\/wp-content\/uploads\/2020\/08\/Ef8dY0YWkAAk22G.jpg 398w, https:\/\/balcilar-blog.com\/wp-content\/uploads\/2020\/08\/Ef8dY0YWkAAk22G-176x300.jpg 176w\" sizes=\"auto, (max-width: 398px) 100vw, 398px\" \/><\/p>\n<p><img loading=\"lazy\" decoding=\"async\" class=\"alignnone size-full wp-image-26512\" src=\"http:\/\/balcilar-blog.com\/wp-content\/uploads\/2020\/08\/Ef4sx9tXkAI6Oga.jpg\" alt=\"\" width=\"480\" height=\"480\" srcset=\"https:\/\/balcilar-blog.com\/wp-content\/uploads\/2020\/08\/Ef4sx9tXkAI6Oga.jpg 480w, https:\/\/balcilar-blog.com\/wp-content\/uploads\/2020\/08\/Ef4sx9tXkAI6Oga-150x150.jpg 150w, https:\/\/balcilar-blog.com\/wp-content\/uploads\/2020\/08\/Ef4sx9tXkAI6Oga-300x300.jpg 300w\" sizes=\"auto, (max-width: 480px) 100vw, 480px\" \/><\/p>\n<p>Film Eyl\u00fcl ortas\u0131na kadar bitirilecek, ancak sinemalarda g\u00f6sterimleri 2021 y\u0131l\u0131n\u0131n ilk aylar\u0131na sarkacakt\u0131r.<\/p>\n<p>Film ile ilgili resmi bir a\u00e7\u0131klama yap\u0131lmad\u0131. \u015eayet geni\u015f bilgi ve resimler gelirse yaz\u0131lar\u0131mda yer verece\u011fim.<\/p>\n<p>\u00dcnl\u00fc y\u00f6netmen <strong><span style=\"color: #0000ff;\">Can Ulkay<\/span><\/strong> ve ekibine ba\u015far\u0131lar dilerim.<\/p>\n<p><img loading=\"lazy\" decoding=\"async\" class=\"alignnone size-full wp-image-26480\" src=\"http:\/\/balcilar-blog.com\/wp-content\/uploads\/2020\/08\/Een93IPXgAEJL44.jpg\" alt=\"\" width=\"680\" height=\"440\" srcset=\"https:\/\/balcilar-blog.com\/wp-content\/uploads\/2020\/08\/Een93IPXgAEJL44.jpg 680w, https:\/\/balcilar-blog.com\/wp-content\/uploads\/2020\/08\/Een93IPXgAEJL44-300x194.jpg 300w, https:\/\/balcilar-blog.com\/wp-content\/uploads\/2020\/08\/Een93IPXgAEJL44-624x404.jpg 624w\" sizes=\"auto, (max-width: 680px) 100vw, 680px\" \/><\/p>\n<p><span style=\"color: #ff0000;\"><strong>\u00c7a\u011fatay Ulusoy<\/strong><\/span> &#8220;<span style=\"color: #0000ff;\"><strong>M\u00fccadele \u00c7\u0131kmaz<\/strong>\u0131<\/span>&#8221; filminin \u00e7ekimleri biter bitmez yeni bir tv. dizi projesine e\u011filecek. Zira sevenleri bu k\u0131\u015f ondan mutlaka bir televizyon dizisi bekliyor.<\/p>\n<p>\u0130yi \u00c7al\u0131\u015fmalar<\/p>\n<p>Abdurrahman Balc\u0131lar<\/p>\n<p>&#8212;&#8212;&#8212;&#8212;&#8212;&#8212;&#8212;&#8212;&#8212;&#8212;&#8212;&#8212;&#8212;&#8212;&#8212;&#8212;&#8212;&#8212;&#8212;&#8212;&#8212;&#8212;&#8212;&#8212;&#8212;&#8212;&#8212;&#8212;&#8212;&#8212;&#8212;&#8212;&#8212;&#8212;&#8212;&#8212;&#8212;&#8212;&#8212;&#8212;&#8212;&#8212;&#8212;&#8212;&#8212;&#8212;<\/p>\n<div class=\"css-901oao r-hkyrab r-1qd0xha r-1blvdjr r-16dba41 r-ad9z0x r-bcqeeo r-bnwqim r-qvutc0\" dir=\"auto\" lang=\"en\"><\/div>\n","protected":false},"excerpt":{"rendered":"<p>&nbsp; \u00c7a\u011fatay Ulusoy&#8216;un M\u00fccadele \u00c7\u0131kmaz\u0131 Sinema filmi \u00e7ekimleri devam ediyor. 4\u00a0 A\u011fustos&#8217;ta motor denmi\u015fti. O g\u00fcnden bu yana 20 g\u00fcn ge\u00e7ti. Film hakk\u0131nda bilgi yok denecek kadar az. Ba\u015f rol erkek oyuncu \u00c7a\u011fatay Ulusoy oldu\u011funu biliyoruz ama canland\u0131raca\u011f\u0131 karakterin ad\u0131n\u0131 bile bilmiyoruz. \u015eirin \u00e7ocuk oyuncu Emir Ali Do\u011frul oynuyor. \u00c7a\u011fatay Ulusoy\u00a0&#8220;M\u00fccadele \u00c7\u0131kmaz\u0131&#8221; sinema filminde \u015fimdiye [&hellip;]<\/p>\n","protected":false},"author":3,"featured_media":0,"comment_status":"open","ping_status":"open","sticky":false,"template":"","format":"standard","meta":{"footnotes":""},"categories":[10],"tags":[15,1895,2165,2161,2160,2164,2163],"class_list":["post-26510","post","type-post","status-publish","format-standard","hentry","category-sinema","tag-cagatay-ulusoy","tag-can-ulkay","tag-emir-ali-dogrul","tag-ersin-arici","tag-mucadele-cikmazi","tag-selen-ozturk","tag-turgay-tanulku"],"views":3533,"blog_post_layout_featured_media_urls":{"thumbnail":"","full":""},"categories_names":{"10":{"name":"Sinema","link":"https:\/\/balcilar-blog.com\/?cat=10"}},"tags_names":{"15":{"name":"\u00e7a\u011fatay ulusoy","link":"https:\/\/balcilar-blog.com\/?tag=cagatay-ulusoy"},"1895":{"name":"Can Ulkay","link":"https:\/\/balcilar-blog.com\/?tag=can-ulkay"},"2165":{"name":"Emir Ali Do\u011frul","link":"https:\/\/balcilar-blog.com\/?tag=emir-ali-dogrul"},"2161":{"name":"Ersin Ar\u0131c\u0131","link":"https:\/\/balcilar-blog.com\/?tag=ersin-arici"},"2160":{"name":"M\u00fccadele \u00c7\u0131kmaz\u0131","link":"https:\/\/balcilar-blog.com\/?tag=mucadele-cikmazi"},"2164":{"name":"Selen \u00d6zt\u00fcrk","link":"https:\/\/balcilar-blog.com\/?tag=selen-ozturk"},"2163":{"name":"Turgay Tan\u00fclk\u00fc","link":"https:\/\/balcilar-blog.com\/?tag=turgay-tanulku"}},"comments_number":"0","wpmagazine_modules_lite_featured_media_urls":{"thumbnail":"","cvmm-medium":"","cvmm-medium-plus":"","cvmm-portrait":"","cvmm-medium-square":"","cvmm-large":"","cvmm-small":"","full":""},"_links":{"self":[{"href":"https:\/\/balcilar-blog.com\/index.php?rest_route=\/wp\/v2\/posts\/26510","targetHints":{"allow":["GET"]}}],"collection":[{"href":"https:\/\/balcilar-blog.com\/index.php?rest_route=\/wp\/v2\/posts"}],"about":[{"href":"https:\/\/balcilar-blog.com\/index.php?rest_route=\/wp\/v2\/types\/post"}],"author":[{"embeddable":true,"href":"https:\/\/balcilar-blog.com\/index.php?rest_route=\/wp\/v2\/users\/3"}],"replies":[{"embeddable":true,"href":"https:\/\/balcilar-blog.com\/index.php?rest_route=%2Fwp%2Fv2%2Fcomments&post=26510"}],"version-history":[{"count":6,"href":"https:\/\/balcilar-blog.com\/index.php?rest_route=\/wp\/v2\/posts\/26510\/revisions"}],"predecessor-version":[{"id":26527,"href":"https:\/\/balcilar-blog.com\/index.php?rest_route=\/wp\/v2\/posts\/26510\/revisions\/26527"}],"wp:attachment":[{"href":"https:\/\/balcilar-blog.com\/index.php?rest_route=%2Fwp%2Fv2%2Fmedia&parent=26510"}],"wp:term":[{"taxonomy":"category","embeddable":true,"href":"https:\/\/balcilar-blog.com\/index.php?rest_route=%2Fwp%2Fv2%2Fcategories&post=26510"},{"taxonomy":"post_tag","embeddable":true,"href":"https:\/\/balcilar-blog.com\/index.php?rest_route=%2Fwp%2Fv2%2Ftags&post=26510"}],"curies":[{"name":"wp","href":"https:\/\/api.w.org\/{rel}","templated":true}]}}