{"id":26330,"date":"2020-04-25T21:36:58","date_gmt":"2020-04-25T18:36:58","guid":{"rendered":"http:\/\/balcilar-blog.com\/?p=26330"},"modified":"2020-04-26T09:08:17","modified_gmt":"2020-04-26T06:08:17","slug":"unlu-dizi-medcezir-ve-yetistirdigi-oyuncular","status":"publish","type":"post","link":"https:\/\/balcilar-blog.com\/?p=26330","title":{"rendered":"\u00dcnl\u00fc Dizi Medcezir ve Oyuncu Okulu Gibi!"},"content":{"rendered":"<p><img loading=\"lazy\" decoding=\"async\" class=\"alignnone size-full wp-image-20357\" src=\"http:\/\/balcilar-blog.com\/wp-content\/uploads\/2017\/07\/Medcezir-2.jpg\" alt=\"\" width=\"640\" height=\"448\" srcset=\"https:\/\/balcilar-blog.com\/wp-content\/uploads\/2017\/07\/Medcezir-2.jpg 640w, https:\/\/balcilar-blog.com\/wp-content\/uploads\/2017\/07\/Medcezir-2-300x210.jpg 300w\" sizes=\"auto, (max-width: 640px) 100vw, 640px\" \/><\/p>\n<p><strong>Medcezir<\/strong> 13 Eyl\u00fcl 2013 tarihinde ba\u015flam\u0131\u015f, 12 Haziran 2015 tarihinde 77.b\u00f6l\u00fcm finali ile sona ermi\u015ftir. Star Tv. ekranlar\u0131nda yay\u0131nlanm\u0131\u015f bir dizidir. Oynad\u0131\u011f\u0131 y\u0131llarda \u00e7ok izlenmi\u015f \u00e7ok sevilmi\u015f, reytinglerin tepesinde yer alm\u0131\u015ft\u0131r.<\/p>\n<p>Medcezir&#8217;i benim yak\u0131ndan takip eti\u011fim bir dizi.\u00a0 Bu dizinin oynad\u0131\u011f\u0131 y\u0131llarda, dizi ve oyuncular\u0131 hakk\u0131nda 200 blog yaz\u0131s\u0131 yazm\u0131\u015f\u0131m. Her b\u00f6l\u00fcm ve oyuncular\u0131 hakk\u0131nda yorum ve ele\u015ftiri yaz\u0131lar\u0131 bunlar. Bu yaz\u0131lar\u0131m Milliyet Blog ve kendi blog sayfam Balc\u0131lar-Blog&#8217;da yay\u0131nlanm\u0131\u015ft\u0131r.\u00a0 Bu yaz\u0131lar\u0131m\u0131n Milliyet Blog sayfalar\u0131nda yay\u0131nlanm\u0131\u015f olan yaz\u0131lar 1 milyon 104 bin ki\u015fi taraf\u0131ndan okunmu\u015ftur. Bu da g\u00f6steriyor ki Medcezir dizisine ilgi \u00e7ok b\u00fcy\u00fck olmu\u015ftur.<\/p>\n<p><img loading=\"lazy\" decoding=\"async\" class=\"alignnone size-full wp-image-8650\" src=\"http:\/\/balcilar-blog.com\/wp-content\/uploads\/2015\/05\/medcezir-71.b\u00f6l\u00fcm.jpg\" alt=\"\" width=\"640\" height=\"360\" srcset=\"https:\/\/balcilar-blog.com\/wp-content\/uploads\/2015\/05\/medcezir-71.b\u00f6l\u00fcm.jpg 640w, https:\/\/balcilar-blog.com\/wp-content\/uploads\/2015\/05\/medcezir-71.b\u00f6l\u00fcm-300x169.jpg 300w\" sizes=\"auto, (max-width: 640px) 100vw, 640px\" \/><\/p>\n<p>\u00c7a\u011fatay Ulusoy ile Serenay Sar\u0131kaya&#8217;nin a\u015fklar\u0131 ve performanslar\u0131 diziye ayr\u0131 bir anlam katm\u0131\u015ft\u0131r.<\/p>\n<p><span style=\"color: #ff0000;\"><strong>Medcezir Seoul drama \u00f6d\u00fcllerinde<\/strong><strong> &#8220;En iyi drama dizisi&#8221; ikincilik (Silver Bird)<\/strong> <\/span>\u00f6d\u00fcl\u00fc alm\u0131\u015ft\u0131r. \u00c7a\u011fatay Ulusoy Ece Y\u00f6ren\u00e7 ile birlikte bu \u00f6d\u00fcl\u00fc alm\u0131\u015ft\u0131r. <span style=\"color: #0000ff;\"><strong>\u00c7a\u011fatay Ulusoy En \u0130yi Akt\u00f6r<\/strong> <\/span>dal\u0131nda aday g\u00f6sterilmi\u015f, favoriler ars\u0131nda olmas\u0131na ra\u011fmen \u00f6d\u00fcl kazanamam\u0131\u015ft\u0131r.<\/p>\n<p><img loading=\"lazy\" decoding=\"async\" class=\"alignnone size-large wp-image-26343\" src=\"http:\/\/balcilar-blog.com\/wp-content\/uploads\/2020\/04\/seul-\u00f6d\u00fcl-1024x576.jpg\" alt=\"\" width=\"625\" height=\"352\" srcset=\"https:\/\/balcilar-blog.com\/wp-content\/uploads\/2020\/04\/seul-\u00f6d\u00fcl-1024x576.jpg 1024w, https:\/\/balcilar-blog.com\/wp-content\/uploads\/2020\/04\/seul-\u00f6d\u00fcl-300x169.jpg 300w, https:\/\/balcilar-blog.com\/wp-content\/uploads\/2020\/04\/seul-\u00f6d\u00fcl-768x432.jpg 768w, https:\/\/balcilar-blog.com\/wp-content\/uploads\/2020\/04\/seul-\u00f6d\u00fcl-624x351.jpg 624w, https:\/\/balcilar-blog.com\/wp-content\/uploads\/2020\/04\/seul-\u00f6d\u00fcl.jpg 1280w\" sizes=\"auto, (max-width: 625px) 100vw, 625px\" \/><\/p>\n<p>Ayr\u0131ca <strong>Medcezir Alt\u0131n Kelebek iyi dizi dal\u0131nda aday olmu\u015f<\/strong>, 2013 y\u0131l\u0131nda <span style=\"color: #ff0000;\"><strong>Serenay Sar\u0131kaya En \u0130yi Kad\u0131n Oyuncu, \u00c7a\u011fatay Ulusoy 2015 y\u0131l\u0131nda En \u0130yi Erkek Oyuncu \u00f6d\u00fcl\u00fcn\u00fc<\/strong><\/span> alm\u0131\u015ft\u0131r.\u00a0 Y\u00f6netmeni <span style=\"color: #0000ff;\"><strong>Ali Bilgin En \u0130yi Y\u00f6netmen, Dizi M\u00fczi\u011fi dal\u0131nda Toygar I\u015f\u0131kl\u0131 &#8220;En \u0130yi Dizi M\u00fczi\u011fi&#8221;<\/strong><\/span> dal\u0131nda \u00f6d\u00fcl alm\u0131\u015ft\u0131r.<\/p>\n<p>Medcezir \u015fimdi de 2 haftad\u0131r ilk b\u00f6l\u00fcm\u00fcnden ba\u015flayarak tekrar b\u00f6l\u00fcmleri ile Cuma ak\u015famlar\u0131 Star Tv. ekranlara yay\u0131nlan\u0131yor. Medcezir o y\u0131llardan bu yana neredeyse 7 y\u0131l ge\u00e7ti. Benim dikkatimi \u00e7eken Medcezir kadrosunda yer olan gen\u00e7 oyuncular\u0131n o g\u00fcnden bu yana ge\u00e7en s\u00fcrede birer star olanlar\u0131 olmu\u015flard\u0131r.<\/p>\n<p><img loading=\"lazy\" decoding=\"async\" class=\"alignnone size-full wp-image-26320\" src=\"http:\/\/balcilar-blog.com\/wp-content\/uploads\/2020\/04\/EVqke8GXkAAMcmG.jpg\" alt=\"\" width=\"640\" height=\"358\" srcset=\"https:\/\/balcilar-blog.com\/wp-content\/uploads\/2020\/04\/EVqke8GXkAAMcmG.jpg 640w, https:\/\/balcilar-blog.com\/wp-content\/uploads\/2020\/04\/EVqke8GXkAAMcmG-300x168.jpg 300w, https:\/\/balcilar-blog.com\/wp-content\/uploads\/2020\/04\/EVqke8GXkAAMcmG-624x349.jpg 624w\" sizes=\"auto, (max-width: 640px) 100vw, 640px\" \/><\/p>\n<p>Medcezir&#8217;in ba\u015frollerinde \u00c7a\u011fatay Ulusoy (Yaman), Serenay Sar\u0131kaya (Mira), Bar\u0131\u015f Falay (Selim Serez), Mine Tu\u011fay (Ender Serez), Taner \u00d6lmez (Mert Serez), Hazar Erg\u00fc\u00e7l\u00fc (Eyl\u00fcl), \u015eebnem D\u00f6nmez (Sude Beylice), Murat Aygen (Faruk Beylice), Defne Kayalar, Metin Akd\u00fclger (Orkun) ve Can G\u00fcrzap (As\u0131m\u015eekip Kaya) oynam\u0131\u015ft\u0131r.<\/p>\n<p><strong>Ben size Medcezir&#8217;de oynay\u0131p da star olanlardan bahsetmek istiyorum;<\/strong><\/p>\n<p><span style=\"color: #0000ff;\"><strong>TANER \u00d6LMEZ<\/strong><\/span><\/p>\n<p><img loading=\"lazy\" decoding=\"async\" class=\"alignnone size-full wp-image-26340\" src=\"http:\/\/balcilar-blog.com\/wp-content\/uploads\/2020\/04\/tanerolmez-dudullupostasi-750x375-c.jpg\" alt=\"\" width=\"706\" height=\"356\" srcset=\"https:\/\/balcilar-blog.com\/wp-content\/uploads\/2020\/04\/tanerolmez-dudullupostasi-750x375-c.jpg 706w, https:\/\/balcilar-blog.com\/wp-content\/uploads\/2020\/04\/tanerolmez-dudullupostasi-750x375-c-300x151.jpg 300w, https:\/\/balcilar-blog.com\/wp-content\/uploads\/2020\/04\/tanerolmez-dudullupostasi-750x375-c-624x315.jpg 624w\" sizes=\"auto, (max-width: 706px) 100vw, 706px\" \/><\/p>\n<p>Medcezir&#8217;in sevimli oyuncusu (Mert As\u0131m Serez) <strong>Taner \u00d6lmez<\/strong> b\u00fcy\u00fck bir s\u0131\u00e7rama yapt\u0131 \u015fimdi (2019-2020) Mucize Doktor dizisinde ba\u015frol oyuncusu Dr.Ali Vefa karakteri.\u00a0 Hakan Muhaf\u0131z (2019) Burak karakteri. M\u00fcsl\u00fcm sinema filmi Ahmet akba\u015f karakteri (2018). Muhte\u015fem Y\u00fczy\u0131l K\u00f6sem; II.Selim karakterini oynam\u0131\u015ft\u0131r.<\/p>\n<p><span style=\"color: #0000ff;\"><strong>HAZAR ERG\u00dcL\u00dc<\/strong><\/span><\/p>\n<p><img loading=\"lazy\" decoding=\"async\" class=\"alignnone size-full wp-image-26335\" src=\"http:\/\/balcilar-blog.com\/wp-content\/uploads\/2020\/04\/medcezir-eyl\u00fcl.png\" alt=\"\" width=\"590\" height=\"424\" srcset=\"https:\/\/balcilar-blog.com\/wp-content\/uploads\/2020\/04\/medcezir-eyl\u00fcl.png 590w, https:\/\/balcilar-blog.com\/wp-content\/uploads\/2020\/04\/medcezir-eyl\u00fcl-300x216.png 300w\" sizes=\"auto, (max-width: 590px) 100vw, 590px\" \/><\/p>\n<p><strong>Medcezir<\/strong>&#8216;in Eyl\u00fcl&#8217;\u00fc Hazar Erg\u00fc\u00e7l\u00fc son olarak Hakan Muhaf\u0131z Netflix \u0130nternet dizisinde (2018-2020) 4 sezon Zeynep karakteri olarak yer al\u0131yor. Ayr\u0131ca Y\u00fcksek Sosyete Tv dizisinde, Ahlat A\u011fac\u0131, Her \u015eey seninle G\u00fczel ve Kar sinema filmlerinde ba\u015frol oynad\u0131.<\/p>\n<p><span style=\"color: #0000ff;\"><strong>MET\u0130N AKD\u00dcLGER<\/strong><\/span><\/p>\n<p><img loading=\"lazy\" decoding=\"async\" class=\"alignnone size-large wp-image-26341\" src=\"http:\/\/balcilar-blog.com\/wp-content\/uploads\/2020\/04\/metin-akd\u00fclger-1024x576.jpg\" alt=\"\" width=\"625\" height=\"352\" srcset=\"https:\/\/balcilar-blog.com\/wp-content\/uploads\/2020\/04\/metin-akd\u00fclger-1024x576.jpg 1024w, https:\/\/balcilar-blog.com\/wp-content\/uploads\/2020\/04\/metin-akd\u00fclger-300x169.jpg 300w, https:\/\/balcilar-blog.com\/wp-content\/uploads\/2020\/04\/metin-akd\u00fclger-768x432.jpg 768w, https:\/\/balcilar-blog.com\/wp-content\/uploads\/2020\/04\/metin-akd\u00fclger-624x351.jpg 624w, https:\/\/balcilar-blog.com\/wp-content\/uploads\/2020\/04\/metin-akd\u00fclger.jpg 1080w\" sizes=\"auto, (max-width: 625px) 100vw, 625px\" \/><\/p>\n<p>Medcezir&#8217;in Orkun karakteri son olarak Beren Saat ile Atiye \u0130nternet dizisinde rol ald\u0131. Muhte\u015fem Y\u00fczy\u0131l K\u00f6sem IV.Murat (2016-2017) canland\u0131rd\u0131. 2016-2020 Sinema filmlerinde rol ald\u0131.<\/p>\n<p><span style=\"color: #0000ff;\"><strong>M\u0130RAY DANER<\/strong><\/span><\/p>\n<p><img loading=\"lazy\" decoding=\"async\" class=\"alignnone size-full wp-image-26342\" src=\"http:\/\/balcilar-blog.com\/wp-content\/uploads\/2020\/04\/miray-daner-eski.png\" alt=\"\" width=\"478\" height=\"318\" srcset=\"https:\/\/balcilar-blog.com\/wp-content\/uploads\/2020\/04\/miray-daner-eski.png 478w, https:\/\/balcilar-blog.com\/wp-content\/uploads\/2020\/04\/miray-daner-eski-300x200.png 300w\" sizes=\"auto, (max-width: 478px) 100vw, 478px\" \/><\/p>\n<p>Medcezir&#8217;in bilmi\u015f Miray Daner&#8217;i 2016-2018 Vatan\u0131m Sensin Tv. dizisinde Hilal karakteri, Netflix internet dizisi Hakan Muhaf\u0131z&#8217;da kahin karakterini oynad\u0131.<\/p>\n<p><span style=\"color: #0000ff;\"><strong>BERK CANKAT<\/strong><\/span><\/p>\n<p><img loading=\"lazy\" decoding=\"async\" class=\"alignnone size-full wp-image-26337\" src=\"http:\/\/balcilar-blog.com\/wp-content\/uploads\/2020\/04\/MEDCEZ\u0130R-YAMAN-BERK.png\" alt=\"\" width=\"708\" height=\"443\" srcset=\"https:\/\/balcilar-blog.com\/wp-content\/uploads\/2020\/04\/MEDCEZ\u0130R-YAMAN-BERK.png 708w, https:\/\/balcilar-blog.com\/wp-content\/uploads\/2020\/04\/MEDCEZ\u0130R-YAMAN-BERK-300x188.png 300w, https:\/\/balcilar-blog.com\/wp-content\/uploads\/2020\/04\/MEDCEZ\u0130R-YAMAN-BERK-624x390.png 624w\" sizes=\"auto, (max-width: 708px) 100vw, 708px\" \/><\/p>\n<p>Medcezir 2 b\u00f6l\u00fcmde Cem karakteri olarak yer ald\u0131. 2014-2015 G\u00fczel K\u00f6yl\u00fc tv.dizisinde Cemal karakterini Canland\u0131rd\u0131. Muhte\u015fem Y\u00fczy\u0131l K\u00f6sem Tv. dizisinde Alex\/\u0130skender karakterini canland\u0131rd\u0131. Y\u0131ld\u0131zlar \u015eahidim, G\u00fclizar ve Y\u0131ld\u0131zlar \u015eahidim (2017 &#8211; 2018) Tv. dizilerinde rol ald\u0131.<\/p>\n<p><span style=\"color: #0000ff;\"><strong>\u00c7A\u011eLAR ERTU\u011eRUL<\/strong><\/span><\/p>\n<p><img loading=\"lazy\" decoding=\"async\" class=\"alignnone size-full wp-image-26334\" src=\"http:\/\/balcilar-blog.com\/wp-content\/uploads\/2020\/04\/caglar-ertugrul2.jpg\" alt=\"\" width=\"400\" height=\"400\" srcset=\"https:\/\/balcilar-blog.com\/wp-content\/uploads\/2020\/04\/caglar-ertugrul2.jpg 400w, https:\/\/balcilar-blog.com\/wp-content\/uploads\/2020\/04\/caglar-ertugrul2-150x150.jpg 150w, https:\/\/balcilar-blog.com\/wp-content\/uploads\/2020\/04\/caglar-ertugrul2-300x300.jpg 300w\" sizes=\"auto, (max-width: 400px) 100vw, 400px\" \/><\/p>\n<p>Medcezir&#8217;de \u0130nan\u00e7 &#8216;Pars&#8217; karakteri olarak \u00fcnl\u00fc bir sanat\u00e7\u0131 karakterini canland\u0131rd\u0131. Mira&#8217;n\u0131n pe\u015finden ko\u015ftu, Yaman&#8217;\u0131 \u00e7\u0131ld\u0131rtt\u0131. 2019-2020 Afili A\u015fk dizisindeki Kerem Yi\u011fiter karakterindeki performans\u0131 ile g\u00f6z doldurdu.<\/p>\n<p>Ay Yap\u0131m&#8217;\u0131n yap\u0131mc\u0131s\u0131 oldu\u011fu Medcezir&#8217;in oyuncu kadrosunda daha bir \u00e7ok oyuncu yer ald\u0131. Medcezir sanki oyuncu okulu gibi<\/p>\n<p>Bu unutulmaz \u00fcnl\u00fc dizi \u015fu g\u00fcnlerde Cuma ak\u015famlar\u0131 Star Tv ekranlar\u0131nda tekrar yer al\u0131yor. Seyredilmeye de\u011fer.<\/p>\n<p>Abdurrahman Balc\u0131lar<\/p>\n<p>&nbsp;<\/p>\n<p>&nbsp;<\/p>\n<p>&nbsp;<\/p>\n","protected":false},"excerpt":{"rendered":"<p>Medcezir 13 Eyl\u00fcl 2013 tarihinde ba\u015flam\u0131\u015f, 12 Haziran 2015 tarihinde 77.b\u00f6l\u00fcm finali ile sona ermi\u015ftir. Star Tv. ekranlar\u0131nda yay\u0131nlanm\u0131\u015f bir dizidir. Oynad\u0131\u011f\u0131 y\u0131llarda \u00e7ok izlenmi\u015f \u00e7ok sevilmi\u015f, reytinglerin tepesinde yer alm\u0131\u015ft\u0131r. Medcezir&#8217;i benim yak\u0131ndan takip eti\u011fim bir dizi.\u00a0 Bu dizinin oynad\u0131\u011f\u0131 y\u0131llarda, dizi ve oyuncular\u0131 hakk\u0131nda 200 blog yaz\u0131s\u0131 yazm\u0131\u015f\u0131m. Her b\u00f6l\u00fcm ve oyuncular\u0131 hakk\u0131nda [&hellip;]<\/p>\n","protected":false},"author":3,"featured_media":20357,"comment_status":"open","ping_status":"open","sticky":false,"template":"","format":"standard","meta":{"footnotes":""},"categories":[2],"tags":[26,161,15,609,30,16,798,1385,27,28],"class_list":["post-26330","post","type-post","status-publish","format-standard","has-post-thumbnail","hentry","category-tv-programlari","tag-ay-yapim","tag-berk-cankat","tag-cagatay-ulusoy","tag-caglar-ertugrul","tag-hazar-erguclu","tag-medcezir","tag-metin-akdulger","tag-miray-daner","tag-serenay-sarikaya","tag-taner-olmez"],"views":3099,"blog_post_layout_featured_media_urls":{"thumbnail":["https:\/\/balcilar-blog.com\/wp-content\/uploads\/2017\/07\/Medcezir-2-150x150.jpg",150,150,true],"full":["https:\/\/balcilar-blog.com\/wp-content\/uploads\/2017\/07\/Medcezir-2.jpg",640,448,false]},"categories_names":{"2":{"name":"TV Programlar\u0131","link":"https:\/\/balcilar-blog.com\/?cat=2"}},"tags_names":{"26":{"name":"Ay Yap\u0131m","link":"https:\/\/balcilar-blog.com\/?tag=ay-yapim"},"161":{"name":"Berk Cankat","link":"https:\/\/balcilar-blog.com\/?tag=berk-cankat"},"15":{"name":"\u00e7a\u011fatay ulusoy","link":"https:\/\/balcilar-blog.com\/?tag=cagatay-ulusoy"},"609":{"name":"\u00c7a\u011flar Ertu\u011frul","link":"https:\/\/balcilar-blog.com\/?tag=caglar-ertugrul"},"30":{"name":"Hazar Erg\u00fc\u00e7l\u00fc","link":"https:\/\/balcilar-blog.com\/?tag=hazar-erguclu"},"16":{"name":"medcezir","link":"https:\/\/balcilar-blog.com\/?tag=medcezir"},"798":{"name":"Metin Akd\u00fclger","link":"https:\/\/balcilar-blog.com\/?tag=metin-akdulger"},"1385":{"name":"Miray Daner","link":"https:\/\/balcilar-blog.com\/?tag=miray-daner"},"27":{"name":"Serenay Sar\u0131kaya","link":"https:\/\/balcilar-blog.com\/?tag=serenay-sarikaya"},"28":{"name":"Taner \u00d6lmez","link":"https:\/\/balcilar-blog.com\/?tag=taner-olmez"}},"comments_number":"0","wpmagazine_modules_lite_featured_media_urls":{"thumbnail":["https:\/\/balcilar-blog.com\/wp-content\/uploads\/2017\/07\/Medcezir-2-150x150.jpg",150,150,true],"cvmm-medium":["https:\/\/balcilar-blog.com\/wp-content\/uploads\/2017\/07\/Medcezir-2.jpg",300,210,false],"cvmm-medium-plus":["https:\/\/balcilar-blog.com\/wp-content\/uploads\/2017\/07\/Medcezir-2.jpg",296,207,false],"cvmm-portrait":["https:\/\/balcilar-blog.com\/wp-content\/uploads\/2017\/07\/Medcezir-2.jpg",400,280,false],"cvmm-medium-square":["https:\/\/balcilar-blog.com\/wp-content\/uploads\/2017\/07\/Medcezir-2.jpg",600,420,false],"cvmm-large":["https:\/\/balcilar-blog.com\/wp-content\/uploads\/2017\/07\/Medcezir-2.jpg",640,448,false],"cvmm-small":["https:\/\/balcilar-blog.com\/wp-content\/uploads\/2017\/07\/Medcezir-2.jpg",130,91,false],"full":["https:\/\/balcilar-blog.com\/wp-content\/uploads\/2017\/07\/Medcezir-2.jpg",640,448,false]},"_links":{"self":[{"href":"https:\/\/balcilar-blog.com\/index.php?rest_route=\/wp\/v2\/posts\/26330","targetHints":{"allow":["GET"]}}],"collection":[{"href":"https:\/\/balcilar-blog.com\/index.php?rest_route=\/wp\/v2\/posts"}],"about":[{"href":"https:\/\/balcilar-blog.com\/index.php?rest_route=\/wp\/v2\/types\/post"}],"author":[{"embeddable":true,"href":"https:\/\/balcilar-blog.com\/index.php?rest_route=\/wp\/v2\/users\/3"}],"replies":[{"embeddable":true,"href":"https:\/\/balcilar-blog.com\/index.php?rest_route=%2Fwp%2Fv2%2Fcomments&post=26330"}],"version-history":[{"count":7,"href":"https:\/\/balcilar-blog.com\/index.php?rest_route=\/wp\/v2\/posts\/26330\/revisions"}],"predecessor-version":[{"id":26348,"href":"https:\/\/balcilar-blog.com\/index.php?rest_route=\/wp\/v2\/posts\/26330\/revisions\/26348"}],"wp:featuredmedia":[{"embeddable":true,"href":"https:\/\/balcilar-blog.com\/index.php?rest_route=\/wp\/v2\/media\/20357"}],"wp:attachment":[{"href":"https:\/\/balcilar-blog.com\/index.php?rest_route=%2Fwp%2Fv2%2Fmedia&parent=26330"}],"wp:term":[{"taxonomy":"category","embeddable":true,"href":"https:\/\/balcilar-blog.com\/index.php?rest_route=%2Fwp%2Fv2%2Fcategories&post=26330"},{"taxonomy":"post_tag","embeddable":true,"href":"https:\/\/balcilar-blog.com\/index.php?rest_route=%2Fwp%2Fv2%2Ftags&post=26330"}],"curies":[{"name":"wp","href":"https:\/\/api.w.org\/{rel}","templated":true}]}}