{"id":26317,"date":"2020-04-16T16:06:29","date_gmt":"2020-04-16T13:06:29","guid":{"rendered":"http:\/\/balcilar-blog.com\/?p=26317"},"modified":"2020-04-16T16:39:03","modified_gmt":"2020-04-16T13:39:03","slug":"bir-zamanlarin-efsane-dizisi-medcezir-tekrar-basliyor","status":"publish","type":"post","link":"https:\/\/balcilar-blog.com\/?p=26317","title":{"rendered":"Bir Zamanlar\u0131n Efsane Dizisi &#8220;Medcezir&#8221; Tekrar Ba\u015fl\u0131yor!"},"content":{"rendered":"<p><img loading=\"lazy\" decoding=\"async\" class=\"alignnone size-full wp-image-26319\" src=\"http:\/\/balcilar-blog.com\/wp-content\/uploads\/2020\/04\/EVpb22dXYA8BrSS.jpg\" alt=\"\" width=\"640\" height=\"400\" srcset=\"https:\/\/balcilar-blog.com\/wp-content\/uploads\/2020\/04\/EVpb22dXYA8BrSS.jpg 640w, https:\/\/balcilar-blog.com\/wp-content\/uploads\/2020\/04\/EVpb22dXYA8BrSS-300x188.jpg 300w, https:\/\/balcilar-blog.com\/wp-content\/uploads\/2020\/04\/EVpb22dXYA8BrSS-624x390.jpg 624w\" sizes=\"auto, (max-width: 640px) 100vw, 640px\" \/><\/p>\n<p>2013 &#8211; 2014 y\u0131llar\u0131 aras\u0131nda 2 sezon 77 b\u00f6l\u00fcm olarak ekranlara gelen efsane dizi &#8220;Medcezir&#8221; yine Cuma geceleri ekranlar\u0131m\u0131zda olacak!<\/p>\n<p>Y\u0131llar \u00f6nce severek seyretti\u011fim Medcezir&#8217;i; Koranavir\u00fcs ev hapisimiz nedeniyle15-20 g\u00fcnd\u00fcr seyretmeye ba\u015flam\u0131\u015ft\u0131m. \u015eu g\u00fcnlerde yar\u0131ya geldim. \u0130nan\u0131n ilk g\u00fcnk\u00fc gibi keyifle izliyorum.<\/p>\n<p>Serenay Sar\u0131kaya \u00f6nceki g\u00fcn resmi fan hesab\u0131ndan da Medcezir&#8217;in tekrar b\u00f6l\u00fcmlerinin yay\u0131nlanaca\u011f\u0131n\u0131 duyurdu. Ba\u015frollerinde Serenay Sar\u0131kaya, \u00c7a\u011fatay Ulusoy, Taner \u00d6lmez, Hazar Erg\u00fc\u00e7l\u00fc, Mine Tugay, Bar\u0131\u015f Falay, Murat Aygen, \u015eebnem D\u00f6nmez, Metin Akd\u00fclger ve Can G\u00fcrzap rol al\u0131yor.<\/p>\n<p>&nbsp;<\/p>\n<p><img loading=\"lazy\" decoding=\"async\" class=\"alignnone size-full wp-image-26320\" src=\"http:\/\/balcilar-blog.com\/wp-content\/uploads\/2020\/04\/EVqke8GXkAAMcmG.jpg\" alt=\"\" width=\"640\" height=\"358\" srcset=\"https:\/\/balcilar-blog.com\/wp-content\/uploads\/2020\/04\/EVqke8GXkAAMcmG.jpg 640w, https:\/\/balcilar-blog.com\/wp-content\/uploads\/2020\/04\/EVqke8GXkAAMcmG-300x168.jpg 300w, https:\/\/balcilar-blog.com\/wp-content\/uploads\/2020\/04\/EVqke8GXkAAMcmG-624x349.jpg 624w\" sizes=\"auto, (max-width: 640px) 100vw, 640px\" \/><\/p>\n<p>The O.C. adl\u0131 Amerikan yap\u0131m\u0131ndan al\u0131nan dizi Fakir mahalleden gelen Yaman ile Zengin mahallesinin g\u00fczel k\u0131z\u0131 Mira aras\u0131nda ge\u00e7en a\u015fk\u0131 anlat\u0131yor. Ay Yap\u0131m&#8217;\u0131n yap\u0131mc\u0131l\u0131\u011f\u0131n\u0131 \u00fcstlendi\u011fi diziyi Ece Y\u00f6ren\u00e7 ve ekibi kaleme alm\u0131\u015f. Yap\u0131mc\u0131 Kerem \u00c7atay ve y\u00f6netmen Ali Bilgin.<\/p>\n<p><img loading=\"lazy\" decoding=\"async\" class=\"alignnone size-full wp-image-3651\" src=\"http:\/\/balcilar-blog.com\/wp-content\/uploads\/2014\/10\/medcezir-ke\u015fke1.jpg\" alt=\"\" width=\"600\" height=\"671\" srcset=\"https:\/\/balcilar-blog.com\/wp-content\/uploads\/2014\/10\/medcezir-ke\u015fke1.jpg 600w, https:\/\/balcilar-blog.com\/wp-content\/uploads\/2014\/10\/medcezir-ke\u015fke1-268x300.jpg 268w\" sizes=\"auto, (max-width: 600px) 100vw, 600px\" \/><\/p>\n<p>Seyrine doyamayaca\u011f\u0131n\u0131z dizi Cuma geceleri yine star Tv&#8217;de ekranlara gelecek. Bu dizi ve oyuncular\u0131 \u00f6d\u00fcller kazand\u0131rm\u0131\u015f, yurt d\u0131\u015f\u0131nda da \u00e7ok sevilmi\u015ftir. Yeni Medcezir, ilk b\u00f6l\u00fcm\u00fcnden itibaren 17 Nisan 2020 (Yar\u0131n) itibaren ekranlar\u0131n\u0131zda olacak! Star Tv. Koranavir\u00fcs nedeniyle \u00e7ekimleri aksayan &#8220;Babil&#8221; dizisinin yerine eski efsane diziyi getiriyor. Bence isabetli bir karar.<\/p>\n<p><img loading=\"lazy\" decoding=\"async\" class=\"alignnone size-full wp-image-26318\" src=\"http:\/\/balcilar-blog.com\/wp-content\/uploads\/2020\/04\/EVHOIZWVAAA9k-6.jpg\" alt=\"\" width=\"480\" height=\"601\" srcset=\"https:\/\/balcilar-blog.com\/wp-content\/uploads\/2020\/04\/EVHOIZWVAAA9k-6.jpg 480w, https:\/\/balcilar-blog.com\/wp-content\/uploads\/2020\/04\/EVHOIZWVAAA9k-6-240x300.jpg 240w\" sizes=\"auto, (max-width: 480px) 100vw, 480px\" \/><\/p>\n<p>Seyrine doyum olmayan, ekran ba\u015f\u0131na oturdu\u011funuza de\u011fen bir yap\u0131m.<\/p>\n<p>17 Nisan 2020 Saat:20.00 Star tv. ekranlar\u0131nda&#8230;<\/p>\n<p>Keyifli Seyirler<\/p>\n<p>Sayg\u0131lar ve sevgiler.<\/p>\n<p>Abdurrahman Balc\u0131lar<\/p>\n<p>Twitter :\u00a0<a href=\"https:\/\/twitter.com\/abbalcilar\">abdurrahman balc\u0131lar<\/a><a href=\"https:\/\/twitter.com\/abbalcilar\"><strong>@abbalcilar<\/strong><\/a><\/p>\n<p>Mail :\u00a0<a href=\"mailto:ab.balcilar@hotmail.com\">ab.balcilar@hotmail.com<\/a><\/p>\n<p>Blog:\u00a0<a href=\"http:\/\/t.co\/znqmIZgIqn\">blog.milliyet.com.tr\/cansever<\/a><\/p>\n<p>\u015eahsi\u00a0Blog:\u00a0<a href=\"http:\/\/balcilar-blog.com\/\">Abdurrahman Balc\u0131lar Blog Sayfas\u0131<\/a><\/p>\n<p>&nbsp;<\/p>\n<div><\/div>\n","protected":false},"excerpt":{"rendered":"<p>2013 &#8211; 2014 y\u0131llar\u0131 aras\u0131nda 2 sezon 77 b\u00f6l\u00fcm olarak ekranlara gelen efsane dizi &#8220;Medcezir&#8221; yine Cuma geceleri ekranlar\u0131m\u0131zda olacak! Y\u0131llar \u00f6nce severek seyretti\u011fim Medcezir&#8217;i; Koranavir\u00fcs ev hapisimiz nedeniyle15-20 g\u00fcnd\u00fcr seyretmeye ba\u015flam\u0131\u015ft\u0131m. \u015eu g\u00fcnlerde yar\u0131ya geldim. \u0130nan\u0131n ilk g\u00fcnk\u00fc gibi keyifle izliyorum. Serenay Sar\u0131kaya \u00f6nceki g\u00fcn resmi fan hesab\u0131ndan da Medcezir&#8217;in tekrar b\u00f6l\u00fcmlerinin yay\u0131nlanaca\u011f\u0131n\u0131 duyurdu. [&hellip;]<\/p>\n","protected":false},"author":3,"featured_media":26319,"comment_status":"open","ping_status":"open","sticky":false,"template":"","format":"standard","meta":{"footnotes":""},"categories":[2],"tags":[26,309,15,337,30,16,339,27,28],"class_list":["post-26317","post","type-post","status-publish","format-standard","has-post-thumbnail","hentry","category-tv-programlari","tag-ay-yapim","tag-baris-falay","tag-cagatay-ulusoy","tag-can-gurzap","tag-hazar-erguclu","tag-medcezir","tag-mine-tugay","tag-serenay-sarikaya","tag-taner-olmez"],"views":2623,"blog_post_layout_featured_media_urls":{"thumbnail":["https:\/\/balcilar-blog.com\/wp-content\/uploads\/2020\/04\/EVpb22dXYA8BrSS-150x150.jpg",150,150,true],"full":["https:\/\/balcilar-blog.com\/wp-content\/uploads\/2020\/04\/EVpb22dXYA8BrSS.jpg",640,400,false]},"categories_names":{"2":{"name":"TV Programlar\u0131","link":"https:\/\/balcilar-blog.com\/?cat=2"}},"tags_names":{"26":{"name":"Ay Yap\u0131m","link":"https:\/\/balcilar-blog.com\/?tag=ay-yapim"},"309":{"name":"Bar\u0131\u015f Falay","link":"https:\/\/balcilar-blog.com\/?tag=baris-falay"},"15":{"name":"\u00e7a\u011fatay ulusoy","link":"https:\/\/balcilar-blog.com\/?tag=cagatay-ulusoy"},"337":{"name":"Can G\u00fcrzap","link":"https:\/\/balcilar-blog.com\/?tag=can-gurzap"},"30":{"name":"Hazar Erg\u00fc\u00e7l\u00fc","link":"https:\/\/balcilar-blog.com\/?tag=hazar-erguclu"},"16":{"name":"medcezir","link":"https:\/\/balcilar-blog.com\/?tag=medcezir"},"339":{"name":"Mine Tugay","link":"https:\/\/balcilar-blog.com\/?tag=mine-tugay"},"27":{"name":"Serenay Sar\u0131kaya","link":"https:\/\/balcilar-blog.com\/?tag=serenay-sarikaya"},"28":{"name":"Taner \u00d6lmez","link":"https:\/\/balcilar-blog.com\/?tag=taner-olmez"}},"comments_number":"0","wpmagazine_modules_lite_featured_media_urls":{"thumbnail":["https:\/\/balcilar-blog.com\/wp-content\/uploads\/2020\/04\/EVpb22dXYA8BrSS-150x150.jpg",150,150,true],"cvmm-medium":["https:\/\/balcilar-blog.com\/wp-content\/uploads\/2020\/04\/EVpb22dXYA8BrSS.jpg",300,188,false],"cvmm-medium-plus":["https:\/\/balcilar-blog.com\/wp-content\/uploads\/2020\/04\/EVpb22dXYA8BrSS.jpg",305,191,false],"cvmm-portrait":["https:\/\/balcilar-blog.com\/wp-content\/uploads\/2020\/04\/EVpb22dXYA8BrSS.jpg",400,250,false],"cvmm-medium-square":["https:\/\/balcilar-blog.com\/wp-content\/uploads\/2020\/04\/EVpb22dXYA8BrSS.jpg",600,375,false],"cvmm-large":["https:\/\/balcilar-blog.com\/wp-content\/uploads\/2020\/04\/EVpb22dXYA8BrSS.jpg",640,400,false],"cvmm-small":["https:\/\/balcilar-blog.com\/wp-content\/uploads\/2020\/04\/EVpb22dXYA8BrSS.jpg",130,81,false],"full":["https:\/\/balcilar-blog.com\/wp-content\/uploads\/2020\/04\/EVpb22dXYA8BrSS.jpg",640,400,false]},"_links":{"self":[{"href":"https:\/\/balcilar-blog.com\/index.php?rest_route=\/wp\/v2\/posts\/26317","targetHints":{"allow":["GET"]}}],"collection":[{"href":"https:\/\/balcilar-blog.com\/index.php?rest_route=\/wp\/v2\/posts"}],"about":[{"href":"https:\/\/balcilar-blog.com\/index.php?rest_route=\/wp\/v2\/types\/post"}],"author":[{"embeddable":true,"href":"https:\/\/balcilar-blog.com\/index.php?rest_route=\/wp\/v2\/users\/3"}],"replies":[{"embeddable":true,"href":"https:\/\/balcilar-blog.com\/index.php?rest_route=%2Fwp%2Fv2%2Fcomments&post=26317"}],"version-history":[{"count":6,"href":"https:\/\/balcilar-blog.com\/index.php?rest_route=\/wp\/v2\/posts\/26317\/revisions"}],"predecessor-version":[{"id":26326,"href":"https:\/\/balcilar-blog.com\/index.php?rest_route=\/wp\/v2\/posts\/26317\/revisions\/26326"}],"wp:featuredmedia":[{"embeddable":true,"href":"https:\/\/balcilar-blog.com\/index.php?rest_route=\/wp\/v2\/media\/26319"}],"wp:attachment":[{"href":"https:\/\/balcilar-blog.com\/index.php?rest_route=%2Fwp%2Fv2%2Fmedia&parent=26317"}],"wp:term":[{"taxonomy":"category","embeddable":true,"href":"https:\/\/balcilar-blog.com\/index.php?rest_route=%2Fwp%2Fv2%2Fcategories&post=26317"},{"taxonomy":"post_tag","embeddable":true,"href":"https:\/\/balcilar-blog.com\/index.php?rest_route=%2Fwp%2Fv2%2Ftags&post=26317"}],"curies":[{"name":"wp","href":"https:\/\/api.w.org\/{rel}","templated":true}]}}