{"id":2628,"date":"2014-07-09T15:34:01","date_gmt":"2014-07-09T12:34:01","guid":{"rendered":"http:\/\/balcilar-blog.com\/?p=2628"},"modified":"2014-07-09T15:36:49","modified_gmt":"2014-07-09T12:36:49","slug":"hazal-kaya-bravo-hazal-yeni-reklam-yuzu-ve-ay-yapim-icin","status":"publish","type":"post","link":"https:\/\/balcilar-blog.com\/?p=2628","title":{"rendered":"Hazal Kaya \/ Bravo Hazal\u2026 Yeni reklam y\u00fcz\u00fc ve Ay Yap\u0131m i\u00e7in."},"content":{"rendered":"<p><a id=\"irc_mil\" href=\"http:\/\/www.google.com.tr\/url?sa=i&amp;rct=j&amp;q=&amp;esrc=s&amp;source=images&amp;cd=&amp;cad=rja&amp;uact=8&amp;docid=oiSubL5h-flK0M&amp;tbnid=YHmcdJeOcAgaiM:&amp;ved=0CAUQjRw&amp;url=http%3A%2F%2Fwww.medyablog.net%2F&amp;ei=7y29U7DyNoOr7Aa2zYDQCQ&amp;bvm=bv.70138588,d.ZGU&amp;psig=AFQjCNEpDj8Qi2M93lP_CaxOcoChJ9dBEw&amp;ust=1404993374459891\" data-ved=\"0CAUQjRw\"><img loading=\"lazy\" decoding=\"async\" id=\"irc_mi\" src=\"http:\/\/www.medyablog.net\/wp-content\/uploads\/2014\/07\/hazal-kaya-foto%C4%9Fraflar%C4%B1-421x400-610x400.jpg\" alt=\"\" width=\"599\" height=\"393\" \/><\/a><\/p>\n<p>Hazal Kaya, iki milyon Dolara Araplar\u0131n yeni reklam y\u00fcz\u00fc oluyor haberini okuyunca, bir Hazal Kaya hayran\u0131 olarak inan\u0131n \u00e7ok sevindim ve Bravo Hazal dedim. Hem kendi kazand\u0131, hem de \u00fclkemize d\u00f6viz kazand\u0131rd\u0131.<\/p>\n<p>Bug\u00fcn Gazetesinden G\u00fclden Avu\u00e7\u2019un haberine g\u00f6re, son d\u00f6nemlerde Ortado\u011fu, Balkanlar, Arap \u00fclkeleri ve T\u00fcrki cumhuriyetlerinde y\u0131ld\u0131z\u0131 parlayan, \u00e7ok sevilen g\u00fczel oyuncu Hazal Kaya, A\u015fk-\u0131 Memnu ve Ad\u0131n\u0131 Feriha Koydum dizilerinin ard\u0131ndan reklam filmiyle de \u015f\u00f6hretine \u015f\u00f6hret katmaya haz\u0131rlan\u0131yor. Daha \u00f6nce annesi ile bir deterjan firmas\u0131 reklam\u0131nda oynam\u0131\u015f \u00fclkemiz kanallar\u0131nda g\u00f6sterilmi\u015fti. Ba\u015far\u0131l\u0131 oyuncumuz \u015fimdi de bir g\u00fczellik markas\u0131yla el s\u0131k\u0131\u015fm\u0131\u015ft\u0131. Reklam filmi \u00e7ekimleri i\u00e7in Malezya\u2019n\u0131n ba\u015fkenti Kuala Lumpur\u2019da kamera kar\u015f\u0131s\u0131na ge\u00e7en Hazal Kaya\u2019n\u0131n bu anla\u015fmadan 2 milyon dolar kazanaca\u011f\u0131 \u00f6\u011frenilmi\u015ftir. \u00a0\u00dclkemizi de d\u00f6viz kazand\u0131rm\u0131\u015f olmas\u0131 alk\u0131\u015flanacak, \u00f6vg\u00fcye de\u011fer bir hareket.<\/p>\n<p><a id=\"irc_mil\" href=\"http:\/\/www.google.com.tr\/url?sa=i&amp;rct=j&amp;q=&amp;esrc=s&amp;source=images&amp;cd=&amp;cad=rja&amp;uact=8&amp;docid=mLkLpqoemqOioM&amp;tbnid=5I4vKF4gHEiIzM:&amp;ved=0CAUQjRw&amp;url=http%3A%2F%2Fwww.acunn.com%2Fhaber%2Fhazal-kaya-reklam-yuzu-oldu%2F156413&amp;ei=CDG9U-6MFPCf7AaBkYGQCQ&amp;bvm=bv.70138588,d.ZGU&amp;psig=AFQjCNHccI2CE7ojE2RF951BWis9MIx32Q&amp;ust=1404994126182644\" data-ved=\"0CAUQjRw\"><img loading=\"lazy\" decoding=\"async\" id=\"irc_mi\" src=\"http:\/\/s.acunn.com\/haber_foto\/460x340\/upload\/haber\/hazalkut_130778563853ba839e31a6f.jpg\" alt=\"\" width=\"460\" height=\"340\" \/><\/a><\/p>\n<p>Hazal Kaya\u2019n\u0131n reklam filmi T\u00fcrkiye\u2019de yay\u0131nlanmayacakm\u0131\u015f. Sadece Arap \u00fclkeleri ve T\u00fcrki Cumhuriyetlerde yay\u0131nlanacak. Bir\u00e7ok firma T\u00fcrk \u00fcr\u00fcnlerini, sadece Ortado\u011fu ve Arap \u00fclkelerinde reklamlar\u0131n\u0131n y\u00fcz\u00fc yapmay\u0131 tercih ediyor. Tuba B\u00fcy\u00fck\u00fcst\u00fcn \u0130spanyol bir m\u00fccevher firmas\u0131 ve bir \u015fampuan firmas\u0131n\u0131n sadece Ortado\u011fu y\u00fcz\u00fc olurken, Beren Saat de Pakistan\u2019da bir tekstil firmas\u0131n\u0131n Ortado\u011fu y\u00fcz\u00fc olmak i\u00e7in teklif alm\u0131\u015f. B\u00fct\u00fcn bunlar, bacas\u0131z sanayi tabir etti\u011fimiz d\u00f6viz kazand\u0131rma y\u00f6ntemidir. B\u00fct\u00fcn sanat\u00e7\u0131lar\u0131m\u0131z \u00f6vg\u00fcye de\u011fer ki\u015filerdir.<\/p>\n<p><img loading=\"lazy\" decoding=\"async\" class=\"_46-i img\" src=\"https:\/\/fbcdn-sphotos-b-a.akamaihd.net\/hphotos-ak-xap1\/t1.0-9\/q71\/s480x480\/10494741_688030757901551_6542644411282833056_n.jpg\" alt=\"\u200e\u0639\u0648\u062f\u0629 \u0627\u0644\u0639\u0645\u0644\u0627\u0642\u0629 \u0627\u0644\u0635\u063a\u064a\u0631\u0629 ( \u0647\u0627\u0632\u0627\u0644 \u0643\u0627\u064a\u0627 ) \u0625\u0644\u0649 \u0627\u0644\u0634\u0627\u0634\u0629 :-&lt;br \/&gt;\n\u0634\u0631\u0643\u0629 Ay Yap\u0131m \u062a\u0628\u062d\u062b \u0639\u0646 \u0646\u062c\u0645 \u0643\u0628\u064a\u0631 !&lt;br \/&gt;\n\u0634\u0631\u0643\u0629 Ay Yap\u0131m \u0648 \u0627\u0644\u062a\u064a \u062a\u0642\u0648\u0645 \u0627\u0644\u0622\u0646 \u0628\u062a\u062c\u0647\u064a\u0632 \u0639\u0645\u0644\u0647\u0627 \u0627\u0644\u062c\u062f\u064a\u062f \u0645\u0639 \u0627\u0644\u0646\u062c\u0645 \u0627\u0644\u0648\u0633\u064a\u0645 \u0628\u0648\u0631\u0627\u0643 \u0623\u0648\u0632\u0643\u064a\u0641\u064a\u062a \u0648 \u0627\u0644\u0630\u064a \u0623\u0634\u062a\u0647\u0631 \u0628\u0625\u062f\u0627\u0621 \u062f\u0648\u0631 ( \u0643\u0627\u0645\u0631\u0627\u0646 ) \u0641\u064a \u0645\u0633\u0644\u0633\u0644 \u0637\u0627\u0626\u0631 \u0627\u0644\u0646\u0645\u0646\u0645\u0629 \u062a\u0623\u062a\u064a \u0627\u0644\u0622\u0646 \u0642\u0646\u0628\u0644\u0629 \u0622\u062e\u0631\u0649 \u0648 \u0647\u064a \u0627\u0644\u0646\u062c\u0645\u0629 \u0647\u0627\u0632\u0627\u0644 \u0643\u0627\u064a\u0627&lt;br \/&gt;\n\u0639\u0644\u0649 \u0627\u0644\u0631\u063a\u0645 \u0645\u0646 \u0635\u063a\u0631 \u0633\u0646 \u0627\u0644\u0646\u062c\u0645\u0629 \u0647\u0627\u0632\u0627\u0644 \u0643\u0627\u064a\u0627 \u0625\u0644\u0627 \u0623\u0646\u0647\u0627 \u0645\u0646 \u0623\u0643\u062b\u0631 \u0627\u0644\u0645\u0645\u062b\u0644\u0627\u062a \u062d\u062f\u064a\u062b\u0627\u064b \u0641\u064a \u062a\u0631\u0643\u064a\u0627 \u0648 \u0627\u0644\u0648\u0637\u0646 \u0627\u0644\u0639\u0631\u0628\u064a \u0648 \u0647\u064a \u0636\u062d\u064a\u0629 \u0622\u062e\u0631 \u0623\u0639\u0645\u0627\u0644\u0647\u0627 \u0645\u0633\u0644\u0633\u0644 &quot; \u0627\u0644\u0639\u0634\u0642 &quot; \u0628\u0633\u0628\u0628 \u062a\u062f\u0646\u064a \u0631\u064a\u062a\u0646\u062c \u0627\u0644\u0645\u0633\u0644\u0633\u0644 \u0627\u0644\u0623\u0633\u0628\u0648\u0639\u064a , \u0648 \u0644\u0647\u0630\u0627 \u0627\u0644\u0633\u0628\u0628 \u0628\u0642\u064a\u062a \u0627\u0644\u062c\u0645\u064a\u0644\u0629 \u0647\u0627\u0632\u0627\u0644 \u0643\u0627\u064a\u0627 \u0628\u0639\u064a\u062f\u0629 \u0639\u0646 \u0627\u0644\u0634\u0627\u0634\u0629 \u0644\u0641\u062a\u0631\u0629&lt;br \/&gt;\n\u0623\u0645\u0627 \u0627\u0644\u0622\u0646 \u0633\u0648\u0641 \u062a\u0639\u0648\u062f \u0645\u062c\u062f\u062f\u0627\u064b \u0627\u0644\u0646\u062c\u0645\u0629 \u0627\u0644\u062c\u0645\u064a\u0644\u0629 \u0647\u0627\u0632\u0627\u0644 \u0643\u0627\u064a\u0627 \u0625\u0644\u0649 \u0627\u0644\u0634\u0627\u0634\u0629 \u0641\u064a \u0639\u0645\u0644 \u062c\u062f\u064a\u062f \u0628\u0639\u0646\u0648\u0627\u0646 &quot; \u0642\u0635\u0629 \u0639\u0634\u0642 \u0623\u0636\u0627\u0639\u062a \u0637\u0631\u064a\u0642\u0647\u0627 - Yolunu kaybeden bir a\u015fk\u0131n hikayesi &quot; \u0628\u0627\u0644\u0625\u0636\u0627\u0641\u0629 \u0625\u0644\u0649 \u0623\u0646 \u0627\u0644\u0645\u0631\u0634\u062d\u064a\u0646 \u0625\u0644\u0649 \u0628\u0637\u0648\u0644\u0629 \u0627\u0644\u0639\u0645\u0644 \u0628\u062c\u0627\u0646\u0628\u0647\u0627 \u0647\u0645 \u0627\u0644\u0646\u062c\u0645\u064a\u0646 Mehmet G\u00fcns\u00fcr \u0648 Burak \u00d6z\u00e7ivit\u200e\" width=\"480\" height=\"239\" \/><\/p>\n<p>Hazal Kaya i\u00e7in bir sevindirici haber de Ay Yap\u0131m ile anla\u015fmas\u0131 oldu. Acun.com\u2019un haberine g\u00f6re; G\u00fc\u00e7l\u00fc oyuncular ile \u00e7al\u0131\u015fan Ay Yap\u0131m, Hazal Kaya\u2019y\u0131 da b\u00fcnyesine alm\u0131\u015f oldu. Daha \u00f6nce Burak \u00d6z\u00e7ivit ile anla\u015fan Ay Yap\u0131m, \u015fimdi de Hazal kaya\u2019y\u0131 kadrosuna dahil etmi\u015f oldu.<\/p>\n<p><img loading=\"lazy\" decoding=\"async\" class=\"_46-i img\" src=\"https:\/\/scontent-a-fra.xx.fbcdn.net\/hphotos-xpa1\/t1.0-9\/p235x350\/10408051_516680665126046_1984214201576187118_n.jpg\" alt=\"Zaynab AL Iraqai'nin foto\u011fraf\u0131.\" width=\"474\" height=\"350\" \/><\/p>\n<div class=\"irc_mutc\">Ge\u00e7en y\u0131llarda Hazal Kaya\u2019n\u0131n \u201cAd\u0131n\u0131 Feriha Koydum\u201d dizisini senaryolar\u0131n\u0131 yazan Melis Civelek ve S\u0131rma Yan\u0131k\u2019\u0131n kaleme ald\u0131\u011f\u0131 dizi projesi i\u00e7in b\u00fcy\u00fck bir haz\u0131rl\u0131k \u00e7al\u0131\u015fmas\u0131na ba\u015flayan yap\u0131m \u015firketi uzun s\u00fcredir g\u00f6r\u00fc\u015fme halinde oldu\u011fu Hazal Kaya ile anla\u015ft\u0131. \u2018yolunu kaybeden bir a\u015fk\u0131n hikayesi\u2019 slogan\u0131yla yola \u00e7\u0131kan dizinin y\u00f6netmeni Anda\u00e7 Hanedaro\u011flu oldu\u011fu iddia ediliyor.<\/div>\n<div class=\"irc_mutc\"><\/div>\n<div class=\"irc_mutc\"><a class=\"irc_mutl\" href=\"http:\/\/www.google.com.tr\/url?sa=i&amp;rct=j&amp;q=&amp;esrc=s&amp;source=images&amp;cd=&amp;cad=rja&amp;uact=8&amp;docid=OFpzjpqAUteCgM&amp;tbnid=yRWugJss6bUUDM:&amp;ved=0CAUQjRw&amp;url=http%3A%2F%2Foyuncularsitesi.com%2Findex.php%3Foption%3Dcom_content%26view%3Dcategory%26layout%3Dblog%26id%3D66%26Itemid%3D275&amp;ei=UjC9U7rPOcef7Aaw6YGQCQ&amp;bvm=bv.70138588,d.ZGU&amp;psig=AFQjCNF7rRUY7QQu9c4gkZO4_3Y64rfk5Q&amp;ust=1404993945886276\" data-ved=\"0CAUQjRw\"><img loading=\"lazy\" decoding=\"async\" class=\"irc_mut\" src=\"https:\/\/encrypted-tbn2.gstatic.com\/images?q=tbn:ANd9GcTZ0J8s2JiT5K1j7FxXiKgAx8WmzvuTR6wvtAsEJrqo1F4RutsOMQ\" alt=\"\" width=\"520\" height=\"308\" \/><\/a><\/div>\n<p>Dizi i\u00e7in Hazal Kaya\u2019ya e\u015flik etmesi beklenen oyuncu i\u00e7in yap\u0131m ekibinin Burak \u00d6z\u00e7ivit ve Mehmet G\u00fcns\u00fcr gibi isimlerle anla\u015fmak \u00fczere oldu\u011fu \u00f6ne s\u00fcr\u00fcld\u00fc.<\/p>\n<p>Kas\u0131m ay\u0131nda ba\u015flamas\u0131 beklenen yeni dizinin Atv\u2019de yay\u0131nlanmas\u0131 bekleniyormu\u015f.<\/p>\n<p>Bir\u00e7ok \u00fcnl\u00fc oyuncuyu b\u00fcnyesine katan Ay Yap\u0131m, g\u00fcc\u00fcne g\u00fc\u00e7 kat\u0131yor. Hazal Kaya\u2019n\u0131n kat\u0131ld\u0131\u011f\u0131 Ay Yap\u0131m \u015eirketinde, Burak \u00d6z\u00e7ivit, Kenan \u0130mirzal\u0131o\u011flu, Berg\u00fczar Korel, K\u0131van\u00e7 Tatl\u0131tu\u011f, Farah Zeynep Abdullah, \u00c7a\u011fatay Ulusoy, Serenay Sar\u0131kaya, Engin Aky\u00fcrek, Tuba B\u00fcy\u00fck\u00fcst\u00fcn, Engin Altan D\u00fczyatan ve Nebahat \u00c7ehre gibi \u00fcnl\u00fc oyuncular kadrosunda yer al\u0131yor.<\/p>\n<p><img loading=\"lazy\" decoding=\"async\" class=\"scaledImageFitWidth img\" src=\"https:\/\/fbcdn-sphotos-h-a.akamaihd.net\/hphotos-ak-xpa1\/v\/t34.0-12\/10531210_244441905754499_959899019_n.jpg?oh=144590d4aea5a23161a28cb9da42e7ab&amp;oe=53BF29AF&amp;__gda__=1405040240_f1956cc5caf88382b18cbc17ad1712fc\" alt=\"#Hazatay&lt;br \/&gt;\nNew look ...New hairstyle&lt;br \/&gt;\nSame hairstylist. .&lt;br \/&gt;\nNew photos ..&lt;br \/&gt;\nMaybe same producing company  .Who knows what is next !!!\" width=\"390\" height=\"390\" \/><\/p>\n<p>Akl\u0131ma gelen \u00f6n\u00fcm\u00fczdeki 2015 yaz\u0131nda, Ay Yap\u0131m \u00c7a\u011fatay Ulusoy ile yeni bir sinema filmi haz\u0131rl\u0131\u011f\u0131 i\u00e7inde oldu\u011funu yazm\u0131\u015ft\u0131m. \u00c7a\u011fatay Ulusoy\u2019un hangi bayan ile ba\u015frol payla\u015faca\u011f\u0131 belli de\u011fil demi\u015f, eklemi\u015ftim. Beki de Hazal Kaya ile olur demi\u015ftim. Art\u0131k Hazal Kaya da Ay Yap\u0131m b\u00fcnyesinde oldu\u011funa g\u00f6re, birlikte bir sinema filmi \u00e7evirmeleri \u00e7ok zor olmayacak. Her iki sanat\u00e7\u0131n\u0131n da sevenlerinin son iki y\u0131ld\u0131r ortak iste\u011fi zaten bu. Neden olmas\u0131n, in\u015fallah diyorum.<\/p>\n<p>Hazal Kaya, son g\u00fcnlerde imaj da de\u011fi\u015ftirmi\u015f. Sa\u00e7lar\u0131n\u0131 A\u015fk-\u0131 Memnu dizisinde oldu\u011fu k\u00fct kestirmi\u015f, pek de ho\u015f olmu\u015f.<\/p>\n<p>Hazal Kaya&#8217;ya Ay Yap\u0131m\u2019da ger\u00e7ekle\u015fecek yeni dizisinde ba\u015far\u0131lar dilerim. Ayr\u0131ca \u00fclkemize kazand\u0131rd\u0131\u011f\u0131 d\u00f6viz getirileri i\u00e7in tekrar kocaman bir bravo diyorum.<\/p>\n<p>&nbsp;<\/p>\n<p>Sayg\u0131lar, sevgiler.<\/p>\n<p>Abdurrahman Balc\u0131lar<\/p>\n<p>Twitter: abdurrahman balc\u0131lar@abbalcilar<\/p>\n<p>Mail : <a href=\"mailto:ab.balcilar@hotmail.com\">ab.balcilar@hotmail.com<\/a><\/p>\n<p>Blog: milliyet.com.tr\/cansever<\/p>\n<p>Blog: balcilar-blog.com<\/p>\n<p>Not: G\u00f6rseller \u0130nternetten, Nermine Abeed The legendary Femir Facabook sayfas\u0131ndan \u00a0al\u0131nm\u0131\u015ft\u0131r.<\/p>\n<p>&nbsp;<\/p>\n<p>Not: Burada yaz\u0131lan t\u00fcm yaz\u0131lar\u0131n elektronik imza ve zaman damgas\u0131 g\u00fcvencesi alt\u0131nda yasal haklar\u0131 korunmaktad\u0131r. Hi\u00e7bir \u015fekilde bas\u0131l\u0131 ya da elektronik bir ortamda (CD, \u0130nternet vs.) kaynak g\u00f6sterilmeksizin izin al\u0131nmadan kullan\u0131lmaz.<\/p>\n<p>&nbsp;<\/p>\n<p>&nbsp;<\/p>\n","protected":false},"excerpt":{"rendered":"<p>Hazal Kaya, iki milyon Dolara Araplar\u0131n yeni reklam y\u00fcz\u00fc oluyor haberini okuyunca, bir Hazal Kaya hayran\u0131 olarak inan\u0131n \u00e7ok sevindim ve Bravo Hazal dedim. Hem kendi kazand\u0131, hem de \u00fclkemize d\u00f6viz kazand\u0131rd\u0131. Bug\u00fcn Gazetesinden G\u00fclden Avu\u00e7\u2019un haberine g\u00f6re, son d\u00f6nemlerde Ortado\u011fu, Balkanlar, Arap \u00fclkeleri ve T\u00fcrki cumhuriyetlerinde y\u0131ld\u0131z\u0131 parlayan, \u00e7ok sevilen g\u00fczel oyuncu Hazal Kaya, [&hellip;]<\/p>\n","protected":false},"author":3,"featured_media":0,"comment_status":"open","ping_status":"open","sticky":false,"template":"","format":"standard","meta":{"footnotes":""},"categories":[7],"tags":[26,409,15,19],"class_list":["post-2628","post","type-post","status-publish","format-standard","hentry","category-magazin","tag-ay-yapim","tag-burak-ozcivit","tag-cagatay-ulusoy","tag-hazal-kaya"],"views":3463,"blog_post_layout_featured_media_urls":{"thumbnail":"","full":""},"categories_names":{"7":{"name":"Magazin","link":"https:\/\/balcilar-blog.com\/?cat=7"}},"tags_names":{"26":{"name":"Ay Yap\u0131m","link":"https:\/\/balcilar-blog.com\/?tag=ay-yapim"},"409":{"name":"Burak \u00d6z\u00e7ivit","link":"https:\/\/balcilar-blog.com\/?tag=burak-ozcivit"},"15":{"name":"\u00e7a\u011fatay ulusoy","link":"https:\/\/balcilar-blog.com\/?tag=cagatay-ulusoy"},"19":{"name":"Hazal Kaya","link":"https:\/\/balcilar-blog.com\/?tag=hazal-kaya"}},"comments_number":"0","wpmagazine_modules_lite_featured_media_urls":{"thumbnail":"","cvmm-medium":"","cvmm-medium-plus":"","cvmm-portrait":"","cvmm-medium-square":"","cvmm-large":"","cvmm-small":"","full":""},"_links":{"self":[{"href":"https:\/\/balcilar-blog.com\/index.php?rest_route=\/wp\/v2\/posts\/2628","targetHints":{"allow":["GET"]}}],"collection":[{"href":"https:\/\/balcilar-blog.com\/index.php?rest_route=\/wp\/v2\/posts"}],"about":[{"href":"https:\/\/balcilar-blog.com\/index.php?rest_route=\/wp\/v2\/types\/post"}],"author":[{"embeddable":true,"href":"https:\/\/balcilar-blog.com\/index.php?rest_route=\/wp\/v2\/users\/3"}],"replies":[{"embeddable":true,"href":"https:\/\/balcilar-blog.com\/index.php?rest_route=%2Fwp%2Fv2%2Fcomments&post=2628"}],"version-history":[{"count":3,"href":"https:\/\/balcilar-blog.com\/index.php?rest_route=\/wp\/v2\/posts\/2628\/revisions"}],"predecessor-version":[{"id":2630,"href":"https:\/\/balcilar-blog.com\/index.php?rest_route=\/wp\/v2\/posts\/2628\/revisions\/2630"}],"wp:attachment":[{"href":"https:\/\/balcilar-blog.com\/index.php?rest_route=%2Fwp%2Fv2%2Fmedia&parent=2628"}],"wp:term":[{"taxonomy":"category","embeddable":true,"href":"https:\/\/balcilar-blog.com\/index.php?rest_route=%2Fwp%2Fv2%2Fcategories&post=2628"},{"taxonomy":"post_tag","embeddable":true,"href":"https:\/\/balcilar-blog.com\/index.php?rest_route=%2Fwp%2Fv2%2Ftags&post=2628"}],"curies":[{"name":"wp","href":"https:\/\/api.w.org\/{rel}","templated":true}]}}