{"id":26259,"date":"2020-03-14T13:32:55","date_gmt":"2020-03-14T11:32:55","guid":{"rendered":"http:\/\/balcilar-blog.com\/?p=26259"},"modified":"2020-03-14T13:33:52","modified_gmt":"2020-03-14T11:33:52","slug":"atiye-dizisinin-3-sezon-cekimleri-yakinda-basliyor","status":"publish","type":"post","link":"https:\/\/balcilar-blog.com\/?p=26259","title":{"rendered":"&#8220;Atiye&#8221; Dizisinin 3.Sezon \u00c7ekimleri yak\u0131nda ba\u015fl\u0131yor!"},"content":{"rendered":"<p><a href=\"http:\/\/balcilar-blog.com\/wp-content\/uploads\/2020\/03\/dfsfs-11032020158393001986c6d3d2.jpg\"><img loading=\"lazy\" decoding=\"async\" class=\"alignnone size-full wp-image-26262\" src=\"http:\/\/balcilar-blog.com\/wp-content\/uploads\/2020\/03\/dfsfs-11032020158393001986c6d3d2.jpg\" alt=\"\" width=\"640\" height=\"359\" srcset=\"https:\/\/balcilar-blog.com\/wp-content\/uploads\/2020\/03\/dfsfs-11032020158393001986c6d3d2.jpg 640w, https:\/\/balcilar-blog.com\/wp-content\/uploads\/2020\/03\/dfsfs-11032020158393001986c6d3d2-300x168.jpg 300w, https:\/\/balcilar-blog.com\/wp-content\/uploads\/2020\/03\/dfsfs-11032020158393001986c6d3d2-624x350.jpg 624w\" sizes=\"auto, (max-width: 640px) 100vw, 640px\" \/><\/a><\/p>\n<p>Beren Saat&#8217;in ba\u015frol\u00fc oynad\u0131\u011f\u0131 &#8220;Atiye&#8221; dizisinin ilk sezonu ge\u00e7en y\u0131l \u00e7ekilmi\u015f ve b\u00f6l\u00fcmleri (8 b\u00f6l\u00fcm) 27 Aral\u0131k 2019 tarihinde Netflix&#8217;te yay\u0131na girmi\u015fti.<\/p>\n<p>\u0130lk sezon b\u00f6l\u00fcmlerinde Beren Saat, Mehmet G\u00fcnsur, Metin Akd\u00fclger, Melisa \u015eenolsun, Ba\u015fak K\u00f6kl\u00fckaya, Civan Canova, Tim Seyfi ve Meral \u00c7etinkaya ba\u015fl\u0131ca rollerde oynam\u0131\u015flard\u0131.<\/p>\n<p><a href=\"http:\/\/balcilar-blog.com\/wp-content\/uploads\/2020\/03\/at3j0069-RxJg.jpg\"><img loading=\"lazy\" decoding=\"async\" class=\"alignnone size-full wp-image-26260\" src=\"http:\/\/balcilar-blog.com\/wp-content\/uploads\/2020\/03\/at3j0069-RxJg.jpg\" alt=\"\" width=\"567\" height=\"480\" srcset=\"https:\/\/balcilar-blog.com\/wp-content\/uploads\/2020\/03\/at3j0069-RxJg.jpg 567w, https:\/\/balcilar-blog.com\/wp-content\/uploads\/2020\/03\/at3j0069-RxJg-300x254.jpg 300w\" sizes=\"auto, (max-width: 567px) 100vw, 567px\" \/><\/a><\/p>\n<p>\u0130lk seonun yay\u0131nlamas\u0131yla dizi t\u00fcm d\u00fcnya \u00fclkelerinde ve \u00fclkemizde \u00e7ok be\u011finilmi\u015f, olumlu tepkiler alm\u0131\u015ft\u0131r. \u015eanl\u0131urfa yak\u0131nlar\u0131ndaki G\u00f6beklitepe antik kentinde \u00e7ekilen dizi g\u00fcndeme gelmi\u015fti. \u0130zleyici dizinin devam\u0131 2.sezonu sorgular olmu\u015flard\u0131.<\/p>\n<p><a href=\"http:\/\/balcilar-blog.com\/wp-content\/uploads\/2020\/03\/atiye-3-290220201582979419164002a1-toFS.jpg\"><img loading=\"lazy\" decoding=\"async\" class=\"alignnone size-full wp-image-26261\" src=\"http:\/\/balcilar-blog.com\/wp-content\/uploads\/2020\/03\/atiye-3-290220201582979419164002a1-toFS.jpg\" alt=\"\" width=\"640\" height=\"400\" srcset=\"https:\/\/balcilar-blog.com\/wp-content\/uploads\/2020\/03\/atiye-3-290220201582979419164002a1-toFS.jpg 640w, https:\/\/balcilar-blog.com\/wp-content\/uploads\/2020\/03\/atiye-3-290220201582979419164002a1-toFS-300x188.jpg 300w, https:\/\/balcilar-blog.com\/wp-content\/uploads\/2020\/03\/atiye-3-290220201582979419164002a1-toFS-624x390.jpg 624w\" sizes=\"auto, (max-width: 640px) 100vw, 640px\" \/><\/a><\/p>\n<p><strong>2.SEZON EYL\u00dcL 2020&#8217;DE YAYINDA<\/strong><\/p>\n<p>Netflix yetkililerince yap\u0131lan a\u00e7\u0131klamada ilk sezon ba\u015far\u0131s\u0131n\u0131n ard\u0131ndan, 1.sezonun devam\u0131 olan Atiye&#8217;nin 2.sezonunun Eyl\u00fcl 2020 tarihinde yay\u0131nlanaca\u011f\u0131 a\u00e7\u0131klamas\u0131 yap\u0131ld\u0131. Ard\u0131ndan \u00fc\u00e7\u00fcnc\u00fc sezonu i\u00e7in onay ald\u0131\u011f\u0131 a\u00e7\u0131kland\u0131. \u00dc\u00e7\u00fcnc\u00fc sezonun \u00e7ekimleri \u00f6n\u00fcm\u00fczdeki yaz aylar\u0131nda \u00e7ekimlerinin yap\u0131laca\u011f\u0131 duyruldu. 3.sezonun final sezonu olaca\u011f\u0131 a\u00e7\u0131klamas\u0131 yap\u0131ld\u0131.<\/p>\n<p><a href=\"http:\/\/balcilar-blog.com\/wp-content\/uploads\/2020\/03\/vnskjdv-lbrS_cover.jpg\"><img loading=\"lazy\" decoding=\"async\" class=\"alignnone size-full wp-image-26263\" src=\"http:\/\/balcilar-blog.com\/wp-content\/uploads\/2020\/03\/vnskjdv-lbrS_cover.jpg\" alt=\"\" width=\"640\" height=\"360\" srcset=\"https:\/\/balcilar-blog.com\/wp-content\/uploads\/2020\/03\/vnskjdv-lbrS_cover.jpg 640w, https:\/\/balcilar-blog.com\/wp-content\/uploads\/2020\/03\/vnskjdv-lbrS_cover-300x169.jpg 300w, https:\/\/balcilar-blog.com\/wp-content\/uploads\/2020\/03\/vnskjdv-lbrS_cover-624x351.jpg 624w\" sizes=\"auto, (max-width: 640px) 100vw, 640px\" \/><\/a><\/p>\n<p>Yak\u0131n zamanda ke\u015ffedilen, g\u00f6r\u00fclen d\u00fcnyan\u0131n en eski s\u0131\u011f\u0131na\u011f\u0131 olan g\u00f6kbelitepe s\u0131\u011f\u0131na\u011f\u0131, diziye konu olmu\u015f ve Atiye adl\u0131 gen\u00e7, g\u00fczel k\u0131zla ili\u015fkilendirilmi\u015ftir. Atiye, ressaml\u0131k yaparak hayat\u0131 idame ettirip, erkek arkada\u015f\u0131yla mutlu bir ili\u015fkileri G\u00f6peklitepe&#8217;de karma\u015f\u0131k bir hal al\u0131r.<\/p>\n<p>3.sezon \u00e7ekimleri ile bizlere nas\u0131l bir final bekliyor, t\u00fcm izleyici merakla bekliyor.<\/p>\n<p>\u0130yi Seyirler<\/p>\n<p>Abdurrahman Balc\u0131lar<\/p>\n<p>&nbsp;<\/p>\n<p>&nbsp;<\/p>\n<p>&nbsp;<\/p>\n<p>&nbsp;<\/p>\n<p>&nbsp;<\/p>\n","protected":false},"excerpt":{"rendered":"<p>Beren Saat&#8217;in ba\u015frol\u00fc oynad\u0131\u011f\u0131 &#8220;Atiye&#8221; dizisinin ilk sezonu ge\u00e7en y\u0131l \u00e7ekilmi\u015f ve b\u00f6l\u00fcmleri (8 b\u00f6l\u00fcm) 27 Aral\u0131k 2019 tarihinde Netflix&#8217;te yay\u0131na girmi\u015fti. \u0130lk sezon b\u00f6l\u00fcmlerinde Beren Saat, Mehmet G\u00fcnsur, Metin Akd\u00fclger, Melisa \u015eenolsun, Ba\u015fak K\u00f6kl\u00fckaya, Civan Canova, Tim Seyfi ve Meral \u00c7etinkaya ba\u015fl\u0131ca rollerde oynam\u0131\u015flard\u0131. \u0130lk seonun yay\u0131nlamas\u0131yla dizi t\u00fcm d\u00fcnya \u00fclkelerinde ve \u00fclkemizde \u00e7ok [&hellip;]<\/p>\n","protected":false},"author":3,"featured_media":26262,"comment_status":"open","ping_status":"open","sticky":false,"template":"","format":"standard","meta":{"footnotes":""},"categories":[2123],"tags":[1910,2087,665,446,481,798,1478],"class_list":["post-26259","post","type-post","status-publish","format-standard","has-post-thumbnail","hentry","category-internet-dizileri","tag-2-sezon","tag-atiye","tag-beren-saat","tag-final","tag-mehmet-gunsur","tag-metin-akdulger","tag-netflix"],"views":2736,"blog_post_layout_featured_media_urls":{"thumbnail":["https:\/\/balcilar-blog.com\/wp-content\/uploads\/2020\/03\/dfsfs-11032020158393001986c6d3d2-150x150.jpg",150,150,true],"full":["https:\/\/balcilar-blog.com\/wp-content\/uploads\/2020\/03\/dfsfs-11032020158393001986c6d3d2.jpg",640,359,false]},"categories_names":{"2123":{"name":"Internet Dizileri","link":"https:\/\/balcilar-blog.com\/?cat=2123"}},"tags_names":{"1910":{"name":"2.Sezon","link":"https:\/\/balcilar-blog.com\/?tag=2-sezon"},"2087":{"name":"Atiye","link":"https:\/\/balcilar-blog.com\/?tag=atiye"},"665":{"name":"Beren Saat","link":"https:\/\/balcilar-blog.com\/?tag=beren-saat"},"446":{"name":"Final","link":"https:\/\/balcilar-blog.com\/?tag=final"},"481":{"name":"Mehmet G\u00fcns\u00fcr","link":"https:\/\/balcilar-blog.com\/?tag=mehmet-gunsur"},"798":{"name":"Metin Akd\u00fclger","link":"https:\/\/balcilar-blog.com\/?tag=metin-akdulger"},"1478":{"name":"Netflix","link":"https:\/\/balcilar-blog.com\/?tag=netflix"}},"comments_number":"0","wpmagazine_modules_lite_featured_media_urls":{"thumbnail":["https:\/\/balcilar-blog.com\/wp-content\/uploads\/2020\/03\/dfsfs-11032020158393001986c6d3d2-150x150.jpg",150,150,true],"cvmm-medium":["https:\/\/balcilar-blog.com\/wp-content\/uploads\/2020\/03\/dfsfs-11032020158393001986c6d3d2.jpg",300,168,false],"cvmm-medium-plus":["https:\/\/balcilar-blog.com\/wp-content\/uploads\/2020\/03\/dfsfs-11032020158393001986c6d3d2.jpg",305,171,false],"cvmm-portrait":["https:\/\/balcilar-blog.com\/wp-content\/uploads\/2020\/03\/dfsfs-11032020158393001986c6d3d2.jpg",400,224,false],"cvmm-medium-square":["https:\/\/balcilar-blog.com\/wp-content\/uploads\/2020\/03\/dfsfs-11032020158393001986c6d3d2.jpg",600,337,false],"cvmm-large":["https:\/\/balcilar-blog.com\/wp-content\/uploads\/2020\/03\/dfsfs-11032020158393001986c6d3d2.jpg",640,359,false],"cvmm-small":["https:\/\/balcilar-blog.com\/wp-content\/uploads\/2020\/03\/dfsfs-11032020158393001986c6d3d2.jpg",130,73,false],"full":["https:\/\/balcilar-blog.com\/wp-content\/uploads\/2020\/03\/dfsfs-11032020158393001986c6d3d2.jpg",640,359,false]},"_links":{"self":[{"href":"https:\/\/balcilar-blog.com\/index.php?rest_route=\/wp\/v2\/posts\/26259","targetHints":{"allow":["GET"]}}],"collection":[{"href":"https:\/\/balcilar-blog.com\/index.php?rest_route=\/wp\/v2\/posts"}],"about":[{"href":"https:\/\/balcilar-blog.com\/index.php?rest_route=\/wp\/v2\/types\/post"}],"author":[{"embeddable":true,"href":"https:\/\/balcilar-blog.com\/index.php?rest_route=\/wp\/v2\/users\/3"}],"replies":[{"embeddable":true,"href":"https:\/\/balcilar-blog.com\/index.php?rest_route=%2Fwp%2Fv2%2Fcomments&post=26259"}],"version-history":[{"count":1,"href":"https:\/\/balcilar-blog.com\/index.php?rest_route=\/wp\/v2\/posts\/26259\/revisions"}],"predecessor-version":[{"id":26264,"href":"https:\/\/balcilar-blog.com\/index.php?rest_route=\/wp\/v2\/posts\/26259\/revisions\/26264"}],"wp:featuredmedia":[{"embeddable":true,"href":"https:\/\/balcilar-blog.com\/index.php?rest_route=\/wp\/v2\/media\/26262"}],"wp:attachment":[{"href":"https:\/\/balcilar-blog.com\/index.php?rest_route=%2Fwp%2Fv2%2Fmedia&parent=26259"}],"wp:term":[{"taxonomy":"category","embeddable":true,"href":"https:\/\/balcilar-blog.com\/index.php?rest_route=%2Fwp%2Fv2%2Fcategories&post=26259"},{"taxonomy":"post_tag","embeddable":true,"href":"https:\/\/balcilar-blog.com\/index.php?rest_route=%2Fwp%2Fv2%2Ftags&post=26259"}],"curies":[{"name":"wp","href":"https:\/\/api.w.org\/{rel}","templated":true}]}}