{"id":26230,"date":"2020-03-10T12:52:14","date_gmt":"2020-03-10T10:52:14","guid":{"rendered":"http:\/\/balcilar-blog.com\/?p=26230"},"modified":"2020-03-10T12:52:14","modified_gmt":"2020-03-10T10:52:14","slug":"sefirin-kizi-sosyal-medyayi-salladi","status":"publish","type":"post","link":"https:\/\/balcilar-blog.com\/?p=26230","title":{"rendered":"&#8220;Sefirin K\u0131z\u0131&#8221; Sosyal Medyay\u0131 Sallad\u0131!"},"content":{"rendered":"<p><img loading=\"lazy\" decoding=\"async\" class=\"alignnone size-full wp-image-26234\" src=\"http:\/\/balcilar-blog.com\/wp-content\/uploads\/2020\/03\/sefirin-k\u0131z\u0131.jpg\" alt=\"\" width=\"640\" height=\"388\" srcset=\"https:\/\/balcilar-blog.com\/wp-content\/uploads\/2020\/03\/sefirin-k\u0131z\u0131.jpg 640w, https:\/\/balcilar-blog.com\/wp-content\/uploads\/2020\/03\/sefirin-k\u0131z\u0131-300x182.jpg 300w, https:\/\/balcilar-blog.com\/wp-content\/uploads\/2020\/03\/sefirin-k\u0131z\u0131-624x378.jpg 624w\" sizes=\"auto, (max-width: 640px) 100vw, 640px\" \/><\/p>\n<p>Yap\u0131mc\u0131l\u0131\u011f\u0131n\u0131 03 Medya ve NGM&#8217;nin \u00fcstlendi\u011fi Star Tv&#8217;nin sevilen dizisi &#8220;Sefirin K\u0131z\u0131&#8221; d\u00fcn ak\u015fam yay\u0131nlanan 12.b\u00f6l\u00fcm\u00fcnde izleyicisini ekran ba\u015f\u0131na kilitledi. Ba\u015frollerini Engin Aky\u00fcrek ile Neslihan Atag\u00fcl Do\u011fulu&#8217;nun oynad\u0131\u011f\u0131 dizi tavan yapt\u0131 ve sosyal medyada \u00e7ok konu\u015fuldu.<\/p>\n<p>Sancar ile Nare&#8217;nin a\u015fk\u0131 izleycisini \u00fcz\u00fcyor. Sancar d\u00fcn ak\u015fam b\u00f6l\u00fcm\u00fcn final sahnesinde birlikte olduklar\u0131 kul\u00fcbeye gitti. Tam da \u00fcst\u00fcne Nare geldi, birbirleri ile y\u00fczle\u015fip i\u00e7lerini d\u00f6kt\u00fcler. Bu sahneler izleyiciden tam not ald\u0131. \u0130ki oyuncu kar\u015f\u0131l\u0131kl\u0131 a\u011flama krizine girdiler. Onlar\u0131n bu halini seyreden izleyici de i\u00e7in i\u00e7in a\u011flad\u0131. Sonunda sosyal medyada y\u00fczlerce tweet at\u0131ld\u0131, yorumlar yap\u0131ld\u0131.<\/p>\n<p>Sefirin K\u0131z\u0131&#8217;nda Nare karakterini Neslihan Atag\u00fcl Do\u011fulu, Engin Aky\u00fcrek de o y\u00f6renin varl\u0131kl\u0131 adam\u0131 &#8216;Sancar Efeo\u011flu&#8217; karakterini can veriyor. Ayr\u0131ca oyuncu kadrosunda Uraz Kayg\u0131laro\u011flu (Gediz), Do\u011fukan Polat(Yahya), Hivda Zizan Alp (Elvan),\u00a0\u00d6zlem \u00c7akar Yal\u00e7\u0131nkaya (Refika), Erhan Alpay (Ak\u0131n), Erdal K\u00fc\u00e7\u00fckk\u00f6m\u00fcrc\u00fc (G\u00fcven), Gonca Cilasun (Halise), T\u00fclin Yazkan (Menek\u015fe), Esra K\u0131z\u0131ldo\u011fan (M\u00fcge), Cemre \u00d6ktem (Zehra), Edip Tepeli (Kavruk \u00d6mer) ve Beren Gen\u00e7alp (Melek) gibi oyuncular\u0131m\u0131z yer al\u0131yor.<\/p>\n<p>Hat\u0131rlarsan\u0131z, 10 Aral\u0131k 2019 tarihinde dizi hakk\u0131nda ilk blog yaz\u0131m\u0131 yazm\u0131\u015ft\u0131m. Sefirin K\u0131z\u0131 \u00c7ukur&#8217;a rakip olur mu diye sormu\u015ftum?\u00a0 16 Aral\u0131k Pazartesi ak\u015fam\u0131 ilk b\u00f6l\u00fcm\u00fc ekranlara geldi ve olduk\u00e7a sevildi. Milas y\u00f6resinde \u00e7ekilen karakterlerin o y\u00f6re \u015fivesi ile konu\u015fmalar\u0131, do\u011fas\u0131 otantik yap\u0131s\u0131 ile ilgi \u00e7ekti ve dizi \u00e7ok tutuldu. \u0130lk b\u00f6l\u00fcmden bu tarafa kime sorsam &#8216;Sefirin K\u0131z\u0131&#8217;n\u0131 seyretti\u011fini s\u00f6yl\u00fcyordu.<\/p>\n<p><img loading=\"lazy\" decoding=\"async\" class=\"alignnone size-full wp-image-26233\" src=\"http:\/\/balcilar-blog.com\/wp-content\/uploads\/2020\/03\/cats-3.jpg\" alt=\"\" width=\"640\" height=\"368\" srcset=\"https:\/\/balcilar-blog.com\/wp-content\/uploads\/2020\/03\/cats-3.jpg 640w, https:\/\/balcilar-blog.com\/wp-content\/uploads\/2020\/03\/cats-3-300x173.jpg 300w, https:\/\/balcilar-blog.com\/wp-content\/uploads\/2020\/03\/cats-3-624x359.jpg 624w\" sizes=\"auto, (max-width: 640px) 100vw, 640px\" \/><\/p>\n<p>Ve d\u00fcn ak\u015fam 12.b\u00f6l\u00fcm\u00fc ekranlara geldi. Nare ile Sancar k\u00fc\u00e7\u00fck kul\u00fcbedeki a\u011flama krizi izleyicini de a\u011flatt\u0131. Her iki oyuncumuz performanslar\u0131 ile g\u00f6z doldurdu. Sefirin K\u0131z\u0131 Sosyal medyay\u0131 sallad\u0131.<\/p>\n<p>Kutluyor, ba\u015far\u0131lar\u0131n\u0131n devam\u0131n\u0131 diliyorum.<\/p>\n<p>\u0130yi seyirler<\/p>\n<p>Sayg\u0131lar ve sevgiler.<\/p>\n<p>Abdurrahman Balc\u0131lar<\/p>\n<p>Twitter :\u00a0abdurrahman balc\u0131lar@abbalcilar<\/p>\n<p>Mail :\u00a0ab.balcilar@hotmail.com<\/p>\n<p>Blog:\u00a0blog.milliyet.com.tr\/cansever<\/p>\n<p>\u015eahsi\u00a0Blog:\u00a0Abdurrahman Balc\u0131lar Blog Sayfas\u0131<\/p>\n<p>&nbsp;<\/p>\n","protected":false},"excerpt":{"rendered":"<p>Yap\u0131mc\u0131l\u0131\u011f\u0131n\u0131 03 Medya ve NGM&#8217;nin \u00fcstlendi\u011fi Star Tv&#8217;nin sevilen dizisi &#8220;Sefirin K\u0131z\u0131&#8221; d\u00fcn ak\u015fam yay\u0131nlanan 12.b\u00f6l\u00fcm\u00fcnde izleyicisini ekran ba\u015f\u0131na kilitledi. Ba\u015frollerini Engin Aky\u00fcrek ile Neslihan Atag\u00fcl Do\u011fulu&#8217;nun oynad\u0131\u011f\u0131 dizi tavan yapt\u0131 ve sosyal medyada \u00e7ok konu\u015fuldu. Sancar ile Nare&#8217;nin a\u015fk\u0131 izleycisini \u00fcz\u00fcyor. Sancar d\u00fcn ak\u015fam b\u00f6l\u00fcm\u00fcn final sahnesinde birlikte olduklar\u0131 kul\u00fcbeye gitti. Tam da \u00fcst\u00fcne [&hellip;]<\/p>\n","protected":false},"author":3,"featured_media":26234,"comment_status":"open","ping_status":"open","sticky":false,"template":"","format":"standard","meta":{"footnotes":""},"categories":[2],"tags":[897,82,2133,2078,2082,2134,1995],"class_list":["post-26230","post","type-post","status-publish","format-standard","has-post-thumbnail","hentry","category-tv-programlari","tag-03-medya","tag-engin-akyurek","tag-nare","tag-neslihan-atagul-dogulu","tag-ngm","tag-sancar","tag-sefirin-kizi"],"views":2325,"blog_post_layout_featured_media_urls":{"thumbnail":["https:\/\/balcilar-blog.com\/wp-content\/uploads\/2020\/03\/sefirin-k\u0131z\u0131-150x150.jpg",150,150,true],"full":["https:\/\/balcilar-blog.com\/wp-content\/uploads\/2020\/03\/sefirin-k\u0131z\u0131.jpg",640,388,false]},"categories_names":{"2":{"name":"TV Programlar\u0131","link":"https:\/\/balcilar-blog.com\/?cat=2"}},"tags_names":{"897":{"name":"03 Medya","link":"https:\/\/balcilar-blog.com\/?tag=03-medya"},"82":{"name":"Engin Aky\u00fcrek","link":"https:\/\/balcilar-blog.com\/?tag=engin-akyurek"},"2133":{"name":"Nare","link":"https:\/\/balcilar-blog.com\/?tag=nare"},"2078":{"name":"Neslihan Atag\u00fcl Do\u011fulu","link":"https:\/\/balcilar-blog.com\/?tag=neslihan-atagul-dogulu"},"2082":{"name":"NGM","link":"https:\/\/balcilar-blog.com\/?tag=ngm"},"2134":{"name":"Sancar","link":"https:\/\/balcilar-blog.com\/?tag=sancar"},"1995":{"name":"Sefirin K\u0131z\u0131","link":"https:\/\/balcilar-blog.com\/?tag=sefirin-kizi"}},"comments_number":"0","wpmagazine_modules_lite_featured_media_urls":{"thumbnail":["https:\/\/balcilar-blog.com\/wp-content\/uploads\/2020\/03\/sefirin-k\u0131z\u0131-150x150.jpg",150,150,true],"cvmm-medium":["https:\/\/balcilar-blog.com\/wp-content\/uploads\/2020\/03\/sefirin-k\u0131z\u0131.jpg",300,182,false],"cvmm-medium-plus":["https:\/\/balcilar-blog.com\/wp-content\/uploads\/2020\/03\/sefirin-k\u0131z\u0131.jpg",305,185,false],"cvmm-portrait":["https:\/\/balcilar-blog.com\/wp-content\/uploads\/2020\/03\/sefirin-k\u0131z\u0131.jpg",400,243,false],"cvmm-medium-square":["https:\/\/balcilar-blog.com\/wp-content\/uploads\/2020\/03\/sefirin-k\u0131z\u0131.jpg",600,364,false],"cvmm-large":["https:\/\/balcilar-blog.com\/wp-content\/uploads\/2020\/03\/sefirin-k\u0131z\u0131.jpg",640,388,false],"cvmm-small":["https:\/\/balcilar-blog.com\/wp-content\/uploads\/2020\/03\/sefirin-k\u0131z\u0131.jpg",130,79,false],"full":["https:\/\/balcilar-blog.com\/wp-content\/uploads\/2020\/03\/sefirin-k\u0131z\u0131.jpg",640,388,false]},"_links":{"self":[{"href":"https:\/\/balcilar-blog.com\/index.php?rest_route=\/wp\/v2\/posts\/26230","targetHints":{"allow":["GET"]}}],"collection":[{"href":"https:\/\/balcilar-blog.com\/index.php?rest_route=\/wp\/v2\/posts"}],"about":[{"href":"https:\/\/balcilar-blog.com\/index.php?rest_route=\/wp\/v2\/types\/post"}],"author":[{"embeddable":true,"href":"https:\/\/balcilar-blog.com\/index.php?rest_route=\/wp\/v2\/users\/3"}],"replies":[{"embeddable":true,"href":"https:\/\/balcilar-blog.com\/index.php?rest_route=%2Fwp%2Fv2%2Fcomments&post=26230"}],"version-history":[{"count":1,"href":"https:\/\/balcilar-blog.com\/index.php?rest_route=\/wp\/v2\/posts\/26230\/revisions"}],"predecessor-version":[{"id":26235,"href":"https:\/\/balcilar-blog.com\/index.php?rest_route=\/wp\/v2\/posts\/26230\/revisions\/26235"}],"wp:featuredmedia":[{"embeddable":true,"href":"https:\/\/balcilar-blog.com\/index.php?rest_route=\/wp\/v2\/media\/26234"}],"wp:attachment":[{"href":"https:\/\/balcilar-blog.com\/index.php?rest_route=%2Fwp%2Fv2%2Fmedia&parent=26230"}],"wp:term":[{"taxonomy":"category","embeddable":true,"href":"https:\/\/balcilar-blog.com\/index.php?rest_route=%2Fwp%2Fv2%2Fcategories&post=26230"},{"taxonomy":"post_tag","embeddable":true,"href":"https:\/\/balcilar-blog.com\/index.php?rest_route=%2Fwp%2Fv2%2Ftags&post=26230"}],"curies":[{"name":"wp","href":"https:\/\/api.w.org\/{rel}","templated":true}]}}