{"id":26165,"date":"2020-03-02T17:12:24","date_gmt":"2020-03-02T15:12:24","guid":{"rendered":"http:\/\/balcilar-blog.com\/?p=26165"},"modified":"2020-03-02T20:21:49","modified_gmt":"2020-03-02T18:21:49","slug":"gecen-haftanin-24-subat-01-mart-2020-en-cok-izlenen-dizileri","status":"publish","type":"post","link":"https:\/\/balcilar-blog.com\/?p=26165","title":{"rendered":"Ge\u00e7en Haftan\u0131n (24 \u015eubat &#8211; 01 Mart 2020) En \u00c7ok \u0130zlenen Dizileri!"},"content":{"rendered":"<p>&nbsp;<\/p>\r\n<p><img loading=\"lazy\" decoding=\"async\" class=\"alignnone size-full wp-image-26179\" src=\"http:\/\/balcilar-blog.com\/wp-content\/uploads\/2020\/03\/cats.jpg\" alt=\"\" width=\"640\" height=\"348\" srcset=\"https:\/\/balcilar-blog.com\/wp-content\/uploads\/2020\/03\/cats.jpg 640w, https:\/\/balcilar-blog.com\/wp-content\/uploads\/2020\/03\/cats-300x163.jpg 300w\" sizes=\"auto, (max-width: 640px) 100vw, 640px\" \/><\/p>\r\n<p>TNS \u00f6l\u00e7\u00fcmlerine g\u00f6re haz\u0131rlad\u0131\u011f\u0131m<strong>\u00a024 \u015eubat &#8211; 01 Mart 2020<\/strong>\u00a0Tarihleri\u00a0aras\u0131nda en \u00e7ok seyredilen, alt\u0131 Ulusal kanallar\u0131m\u0131zda ekranlar\u0131m\u0131za gelen 22 dizi aras\u0131nda, Total\u2019de ve AB\u2019de ilk ona giren \u00f6ne \u00e7\u0131kan dizilerin, ge\u00e7en haftan\u0131n \u00e7ok izlenen dizilerini a\u015fa\u011f\u0131da bilgilerinize sunuyorum.<\/p>\r\n<p style=\"text-align: left;\"><strong>GE\u00c7EN HAFTA G\u00d6STER\u0130MDEK\u0130 D\u0130Z\u0130LER :\u00a0<\/strong><\/p>\r\n<p><strong>24 \u015eubat PAZARTES\u0130 (5 Dizi):<\/strong> \u00c7ukur (Show), Sefirin K\u0131z\u0131 (Star Tv), Yasak Elma (Fox), Zalim \u0130stanbul (Kanal D), Vuslat (TRT1),<\/p>\r\n<p><strong>25 \u015eubat SALI (4 Dizi)\u00a0:<\/strong>\u00a0E\u015fk\u0131ya D\u00fcnyaya H\u00fck\u00fcmdar Olmaz (Atv), Hekimo\u011flu (Kanal D), Ramo (Show Tv), Tuttunamayanlar (TRT1)<\/p>\r\n<p><strong>26 \u015eubat \u00c7AR\u015eAMBA (4 Dizi): <\/strong>1.Kurulu\u015f Osman (Atv)<strong>,\u00a0<\/strong>Zemheri (Show Tv), Benim Ad\u0131m Melek (TRT1), Do\u011fdu\u011fun Ev Kaderindir -DEK (Tv8)<\/p>\r\n<p><strong>27 \u015eubat PER\u015eEMBE (2 Dizi)<\/strong>: Mucize Doktor (Fox), Bir Zamanlar \u00c7ukurova (Atv)<\/p>\r\n<p><strong>28 \u015eubat CUMA (3 Dizi) :<\/strong> Arka Sokaklar (Kanal D), Hercai (Atv), Payitaht (TRT1)<\/p>\r\n<p><strong>29 \u015eubat<\/strong>\u00a0<strong>CUMARTES\u0130 (2 Dizi): <\/strong>Kuzey Y\u0131ld\u0131z\u0131 (Show Tv), Z\u00fcmr\u00fcd\u00fc Anka (Fox Tv)<\/p>\r\n<p><strong>01 Mart PAZAR\u00a0(2 Dizi)<\/strong>: Sava\u015f\u00e7\u0131 (Fox), \u015eampiyon (TRT1), G\u00fcvercin (Star Tv),\u00a0 Toz Koparan (TRT1) \u00a0<\/p>\r\n<p>&nbsp;<\/p>\r\n<p><strong>TOTAL&#8217;\u0130N \u0130LK SIRASINDA BU HAFTA;<\/strong><\/p>\r\n<p>Total&#8217;in ilk s\u0131ras\u0131nda Taner \u00d6lmez&#8217;in dizisi <strong>Mucize Doktor, <\/strong>haftan\u0131n dizileri aras\u0131nda\u00a0Total grubunda ilk s\u0131rada yer al\u0131yor. Total&#8217;in 10.s\u0131ras\u0131nda ATV&#8217;nin &#8220;Hercai&#8221; dizisi yer al\u0131yor.<\/p>\r\n<p><strong>AB\u2019N\u0130N \u0130LK SIRASINDA; <\/strong> Total&#8217;de oldu\u011fu gibi AB&#8217;nin ilk s\u0131ras\u0131nda da Mucize Doktor yer al\u0131yor.\u00a0 10.s\u0131rada ise Fox Tv&#8217;in &#8220;Yasak Elma&#8221; dizisi yer al\u0131yor. \u00a0<\/p>\r\n<p>&nbsp;<\/p>\r\n<p><strong>BU HAFTA EN \u00c7OK \u0130ZLENEN \u0130LK ONA G\u0130REN D\u0130Z\u0130LERE G\u00d6Z ATALIM!<\/strong><\/p>\r\n<p>Bu s\u0131ralama sadece dizilerin reytingler y\u00fczdesine g\u00f6re en \u00e7ok izlenen dizilerin ilk 10\u2019da yer alanlar\u0131n\u0131 s\u0131ralamaya koyuyorum. Yar\u0131\u015fma, e\u011flence ve haber programlar\u0131 y\u00fczdeleri y\u00fcksek olsa da bu s\u0131ralamaya koymuyorum. Bu sadece dizilerin yar\u0131\u015f\u0131d\u0131r, en \u00e7ok izlenen dizilerin s\u0131ralamas\u0131d\u0131r. Bir nevi dizilerin karnesidir. \u00a0<\/p>\r\n<p>&nbsp;<\/p>\r\n<p><strong>GE\u00c7EN HAFTA EN \u00c7OK \u0130ZLENEN D\u0130Z\u0130LER\u0130NDE:<\/strong><\/p>\r\n<p><strong>Total ilk 10 Girenler :<\/strong><\/p>\r\n<p>1.Kurulu\u015f Osman 12.B\u00f6l\u00fcm (Atv)<\/p>\r\n<p>2.Mucize Doktor 24.B\u00f6l\u00fcm (Fox)<\/p>\r\n<p>3.Bir Zamanlar \u00c7ukurova 57.B\u00f6l\u00fcm (Atv)<\/p>\r\n<p>4.Kuzey Y\u0131ld\u0131z\u0131 23.B\u00f6l\u00fcm (Show Tv)<\/p>\r\n<p>5.\u00c7ukur 88.B\u00f6l\u00fcm (Show Tv)<\/p>\r\n<p>6.Arka Sokaklar 544.B\u00f6l\u00fcm (Kanal D)<\/p>\r\n<p>7.E\u015fk\u0131ya D\u00fcnyaya H\u00fck\u00fcmdar Olmaz 158.B\u00f6l\u00fcm (Atv)<\/p>\r\n<p>8.Sefirin K\u0131z\u0131 10.B\u00f6l\u00fcm (Star Tv)<\/p>\r\n<p>9.Z\u00fcmr\u00fcd\u00fc Anka 6.B\u00f6l\u00fcm (Fox Tv)<\/p>\r\n<p>10.Hercai 33.B\u00f6l\u00fcm (Atv) \u00a0<\/p>\r\n<p>&nbsp;<\/p>\r\n<p><strong>AB\u2019de ilk 10 Girenler :<\/strong><\/p>\r\n<p>1.Mucize Doktor 24.B\u00f6l\u00fcm (Fox)<\/p>\r\n<p>2.Kurulu\u015f Osman 12.B\u00f6l\u00fcm (Atv)<\/p>\r\n<p>3.Bir Zamanlar \u00c7ukurova 57.B\u00f6l\u00fcm (Atv)<\/p>\r\n<p>4.Hekimo\u011flu 9.B\u00f6l\u00fcm (Kanal D)<\/p>\r\n<p>5.Sefirin K\u0131z\u0131 10.B\u00f6l\u00fcm (Star Tv)<\/p>\r\n<p>6.Yasak Elma 70.B\u00f6l\u00fcm (Fox Tv)<\/p>\r\n<p>7.Dek (Do\u011fdu\u011fun Ev Kaderindir) 8.B\u00f6l\u00fcm (Tv8)<\/p>\r\n<p>8.E\u015fk\u0131ya D\u00fcnyaya H\u00fck\u00fcmdar Olmaz 158.B\u00f6l\u00fcm (Atv)<\/p>\r\n<p>9.\u00c7ukur 88.B\u00f6l\u00fcm (Show Tv)<\/p>\r\n<p>10.Z\u00fcmr\u00fcd\u00fc Anka 6.B\u00f6l\u00fcm (Fox Tv)<\/p>\r\n<p>&nbsp;<\/p>\r\n<p><strong>TOTAL ve AB Grubunda reytingleri en y\u00fcksek olan Haftan\u0131n ilk 5 s\u0131ralamas\u0131 :<\/strong><\/p>\r\n<p>&nbsp;<\/p>\r\n<p><strong>1.KURULU\u015e OSMAN (ATV)<\/strong> : Dizi 10.b\u00f6l\u00fcm\u00fcnde ge\u00e7en hafta 2.s\u0131rada olan dizi bu hafta &#8220;Mucize Doktoru Total grubunda ge\u00e7erek, 1.s\u0131raya yerle\u015fti.<\/p>\r\n<p><img loading=\"lazy\" decoding=\"async\" class=\"alignnone size-full wp-image-26170\" src=\"http:\/\/balcilar-blog.com\/wp-content\/uploads\/2020\/03\/osman-balgay_1_1_1582746655-400x400.jpg\" alt=\"\" width=\"577\" height=\"480\" srcset=\"https:\/\/balcilar-blog.com\/wp-content\/uploads\/2020\/03\/osman-balgay_1_1_1582746655-400x400.jpg 577w, https:\/\/balcilar-blog.com\/wp-content\/uploads\/2020\/03\/osman-balgay_1_1_1582746655-400x400-300x250.jpg 300w\" sizes=\"auto, (max-width: 577px) 100vw, 577px\" \/><\/p>\r\n<p>12. b\u00f6l\u00fcm\u00fcnde, Osman Bey, Mo\u011fol komutan\u0131 Balgay&#8217;a kar\u015f\u0131 s\u00fcrpriz bir hamle yap\u0131yor! Kay\u0131 Obas\u0131&#8217;na gelerek t\u00fcrl\u00fc eziyetlerle halk\u0131 sindiren Balgay, kendisine haz\u0131rlanan tuza\u011f\u0131 sezip zehirli k\u0131m\u0131z\u0131 Selcan Hatun&#8217;a i\u00e7irmek ister, G\u00fcnd\u00fcz ve Batur ise idam\u0131n e\u015fi\u011findedir. D\u00fcndar, oban\u0131n ak\u0131beti i\u00e7in Balgay&#8217;a kar\u015f\u0131 \u00e7\u0131kamazken, Bala ve Bams\u0131; Mo\u011follara kar\u015f\u0131 isyan ba\u015flat\u0131r! Oban\u0131n tek umudu Osman Bey ise Ak Sakall\u0131lar&#8217;dan \u00f6\u011frendi\u011fi s\u0131rr\u0131 ve ald\u0131\u011f\u0131 emanetleri kullanarak Balgay&#8217;a kar\u015f\u0131 oyun kurmaktad\u0131r.<\/p>\r\n<p>&nbsp;<\/p>\r\n<p><strong>2.MUC\u0130ZE DOKTOR (Fox Tv) :<\/strong>\u00a0Yay\u0131n\u0131n\u0131n 24.B\u00f6l\u00fcm\u00fc ile haftan\u0131n dizileri aras\u0131nda her hafta oldu\u011fu gibi ilk s\u0131rada yer al\u0131yor.<\/p>\r\n<p>\u00a0<img loading=\"lazy\" decoding=\"async\" class=\"alignnone size-full wp-image-26171\" src=\"http:\/\/balcilar-blog.com\/wp-content\/uploads\/2020\/03\/Mucize-Doktor-5231-galeri-res.jpg\" alt=\"\" width=\"640\" height=\"360\" srcset=\"https:\/\/balcilar-blog.com\/wp-content\/uploads\/2020\/03\/Mucize-Doktor-5231-galeri-res.jpg 640w, https:\/\/balcilar-blog.com\/wp-content\/uploads\/2020\/03\/Mucize-Doktor-5231-galeri-res-300x169.jpg 300w\" sizes=\"auto, (max-width: 640px) 100vw, 640px\" \/><\/p>\r\n<p>\u0130li\u015fkilerine ilk kez bir \u015fans veren Ali ve Nazl\u0131, bunu y\u00fcr\u00fctmenin g\u00f6r\u00fcnd\u00fc\u011f\u00fcnden \u00e7ok daha zor olaca\u011f\u0131n\u0131 ke\u015ffederler. Di\u011fer tarafta plan\u0131n\u0131 y\u00fcr\u00fcrl\u00fc\u011fe sokan K\u0131v\u0131lc\u0131m, Beliz\u2019i k\u00f6\u015feye s\u0131k\u0131\u015ft\u0131r\u0131r. Bu s\u0131rada acil karaci\u011fer nakline ihtiyac\u0131 olan bir \u00e7ocu\u011fa uygun tek karaci\u011ferin h\u00fck\u00fcm giymi\u015f bir mahkuma ait oldu\u011fu anla\u015f\u0131l\u0131r. Ve b\u00fct\u00fcn risklerine ra\u011fmen tehlikeli mahkumu hastaneye getirirler.<\/p>\r\n<p>&nbsp;<\/p>\r\n<p><strong>3.B\u0130R ZAMANLAR \u00c7UKUROVA (ATV) :<\/strong>\u00a0Bu hafta Bir Zamanlar \u00c7ukurova&#8217;n\u0131n 57.b\u00f6l\u00fcm\u00fcnde, 3.s\u0131rada yer al\u0131yor.<\/p>\r\n<p><img loading=\"lazy\" decoding=\"async\" class=\"alignnone size-full wp-image-26172\" src=\"http:\/\/balcilar-blog.com\/wp-content\/uploads\/2020\/03\/bir-zamanlar-cukurova-diz.jpg\" alt=\"\" width=\"640\" height=\"344\" srcset=\"https:\/\/balcilar-blog.com\/wp-content\/uploads\/2020\/03\/bir-zamanlar-cukurova-diz.jpg 640w, https:\/\/balcilar-blog.com\/wp-content\/uploads\/2020\/03\/bir-zamanlar-cukurova-diz-300x161.jpg 300w\" sizes=\"auto, (max-width: 640px) 100vw, 640px\" \/><br \/>Y\u0131lmaz&#8217;\u0131n telefon konu\u015fmas\u0131n\u0131 duyup, takip eden M\u00fcjgan, arad\u0131\u011f\u0131 delile kavu\u015fuyor! T\u00fcm \u015f\u00fcphelerinin kendi kuruntusu oldu\u011funu s\u00f6yleyenlere kar\u015f\u0131 g\u00f6rd\u00fcklerini videoya kaydediyor. \u00c7ukurova&#8217;da dolayan dedikodular ayyuka \u00e7\u0131k\u0131nca, J\u00fclide de Erc\u00fcment dosyas\u0131n\u0131 yeniden incelemeye al\u0131yor. J\u00fclide bu i\u015fin pe\u015fini b\u0131rakmamakta kararl\u0131 oldu\u011funu s\u00f6yleyince Dr. Sabahattin daha fazla kurcalamamas\u0131n\u0131 bile rica eder.\u00a0<\/p>\r\n<div>\u00a0<\/div>\r\n<div class=\"videoGallery\"><strong>4.KUZEY YILDIZI (SHOW TV) : <\/strong>Bir hafta aradan sonra &#8220;Kuzey Y\u0131ld\u0131z\u0131&#8221; tekrar, haftan\u0131n dizileri aras\u0131na 4.s\u0131radan girdi.<\/div>\r\n<div>\u00a0<\/div>\r\n<div><img loading=\"lazy\" decoding=\"async\" class=\"alignnone size-full wp-image-26173\" src=\"http:\/\/balcilar-blog.com\/wp-content\/uploads\/2020\/03\/kuzey_yildizi_23bolum_.jpg\" alt=\"\" width=\"640\" height=\"372\" srcset=\"https:\/\/balcilar-blog.com\/wp-content\/uploads\/2020\/03\/kuzey_yildizi_23bolum_.jpg 640w, https:\/\/balcilar-blog.com\/wp-content\/uploads\/2020\/03\/kuzey_yildizi_23bolum_-300x174.jpg 300w\" sizes=\"auto, (max-width: 640px) 100vw, 640px\" \/><\/div>\r\n<div>\u00a0<\/div>\r\n<div class=\"videoGallery\">Kuzey\u2019e bir kez daha g\u00fcvenen ve bir kez daha hayal k\u0131r\u0131kl\u0131\u011f\u0131na u\u011frayan Y\u0131ld\u0131z i\u00e7in yap\u0131lacak tek bir \u015fey vard\u0131r. Art\u0131k Kuzey\u2019i tarihe g\u00f6mecektir. Kuzey, her \u015feyi bo\u015fanabilmek i\u00e7in, Y\u0131ld\u0131z\u2019a kavu\u015fabilmek i\u00e7in yapt\u0131\u011f\u0131n\u0131 s\u00f6ylese de bunun Y\u0131ld\u0131z i\u00e7in hi\u00e7bir anlam\u0131 yoktur. Kuzey ona yalan s\u00f6ylemi\u015f, yalandan da olsa ba\u015fka bir kad\u0131n\u0131n ellerini tutmu\u015f, g\u00f6zlerinin i\u00e7ine bakm\u0131\u015ft\u0131r. Kuzey, vuslat i\u00e7in \u00e7\u0131kt\u0131\u011f\u0131 yoldan, ayr\u0131l\u0131kla d\u00f6nm\u00fc\u015ft\u00fcr.<\/div>\r\n<div>\u00a0<\/div>\r\n<p><strong>5.HEK\u0130MO\u011eLU (KANAL D) : <\/strong>Televizyon kanallar\u0131m\u0131zda yine bir doktor dizisi olan &#8220;Hekimo\u011flu&#8221; haftan\u0131n dizileri aras\u0131nda yer al\u0131yor. \u0130ki hafta \u00f6nce haftan\u0131n dizileri aras\u0131nda 4.s\u0131rada yer alm\u0131\u015ft\u0131. \u015eimdi de 5.s\u0131radan tekrar girdi.<\/p>\r\n<p><img loading=\"lazy\" decoding=\"async\" class=\"alignnone size-full wp-image-26174\" src=\"http:\/\/balcilar-blog.com\/wp-content\/uploads\/2020\/03\/hekimoglu-9-bolum-full-tek-parca-izle-hekimoglu-yeni-son-bolum-izlee-1582639402.jpg\" alt=\"\" width=\"640\" height=\"276\" srcset=\"https:\/\/balcilar-blog.com\/wp-content\/uploads\/2020\/03\/hekimoglu-9-bolum-full-tek-parca-izle-hekimoglu-yeni-son-bolum-izlee-1582639402.jpg 640w, https:\/\/balcilar-blog.com\/wp-content\/uploads\/2020\/03\/hekimoglu-9-bolum-full-tek-parca-izle-hekimoglu-yeni-son-bolum-izlee-1582639402-300x129.jpg 300w\" sizes=\"auto, (max-width: 640px) 100vw, 640px\" \/><\/p>\r\n<p>&nbsp;<\/p>\r\n<p>&nbsp;<\/p>\r\n<p><strong>KANALLARA G\u00d6RE SIRALAMA:<\/strong><\/p>\r\n<p><strong>Total Grubunda:<\/strong> Total Grubunda Atv 4 dizi. Show Tv ve Fox Tv\u00a0 3 dizi. Star ve Kanal D birer dizi ile yer al\u0131yorlar.<\/p>\r\n<p><strong>AB&#8217;de<\/strong> ; Atv ve Fox Tv 3 dizi.\u00a0 Star Tv 2&#8217;er dizi. Show Tv , kanal D ve TV8 birer dizi ile yer al\u0131yor.<\/p>\r\n<p><strong>ATV Tv bu hafta yine;<\/strong>\u00a0<strong>Total&#8217;de 4 ve AB&#8217;de 3 dizi ile yine haftan\u0131n kanal\u0131 olmay\u0131 ba\u015far\u0131yor.<\/strong><\/p>\r\n<p>Suriye S\u0131n\u0131r\u0131nda 35 askerimin \u015fehit olmas\u0131 nedeniyle Cuma, Cumartesi ve Pazar\u00a0 g\u00fcnleri baz\u0131 dizler yay\u0131nlanmam\u0131\u015ft\u0131r. \u0130\u00e7imizi yakan bu \u015fehit haberleri nedeniyle T\u00fcrk milleti olarak \u00fcz\u00fcnt\u00fcm\u00fcz b\u00fcy\u00fck. \u015eehitlerimizin ruhlar\u0131 \u015fad olsun, \u015fehit aileleri ve Milletimizin ba\u015f\u0131 sa\u011f olsun.<\/p>\r\n<p>&nbsp;<\/p>\r\n<p><strong>\u00c7A\u011eATAY ULUSOY&#8217;UN HAKAN: MUHAFIZ D\u0130Z\u0130S\u0130 3.SEZON B\u00d6L\u00dcMLER\u0130 CUMA&#8217;YA INTERNETTE<\/strong>\u00a0<\/p>\r\n<p>\u00c7a\u011fatay Ulusoy&#8217;un Netflix Hakan: Muhaf\u0131z (The Protector) dizisi 3.Sezon yeni b\u00f6l\u00fcmleri 6 Mart Cuma G\u00fcn\u00fc Netflix&#8217;de. 3.Sezonun t\u00fcm b\u00f6l\u00fcmleri \u00f6n\u00fcm\u00fczdeki Cuma g\u00fcn\u00fc T\u00fcrkiye Saati ile Saat:11.00&#8217;den itibaren yay\u0131nda&#8230; son 15 g\u00fcnd\u00fcr resmi fragman\u0131 internette d\u00f6n\u00fcyor.<\/p>\r\n<p><iframe loading=\"lazy\" title=\"Hakan: Muhaf\u0131z: 3. Sezon | Resmi Fragman | Netflix\" width=\"640\" height=\"360\" src=\"https:\/\/www.youtube.com\/embed\/OaESkQEGiPs?feature=oembed\" frameborder=\"0\" allow=\"accelerometer; autoplay; clipboard-write; encrypted-media; gyroscope; picture-in-picture; web-share\" referrerpolicy=\"strict-origin-when-cross-origin\" allowfullscreen><\/iframe><\/p>\r\n<p>190 \u00fclkede, 167 bin kay\u0131tl\u0131 \u00fcyesi taraf\u0131ndan seyredebilecek&#8230; Arkas\u0131ndan \u00e7ekimleri yap\u0131lm\u0131\u015f olan 4.sezon yay\u0131nu yay\u0131na girecek. En erken 2020 sonunda ya da 2021 ilk aylar\u0131nda yay\u0131na girecektir. \u015eayet ilgi b\u00fcy\u00fck olursa, 5.sezon vizesi alacak ve \u00e7ekimleri \u00f6n\u00fcm\u00fczdeki g\u00fcnlerde \u00e7ekilecektir.<\/p>\r\n<p>Keyifli seyirler<\/p>\r\n<p>Sayg\u0131lar ve sevgiler.<\/p>\r\n<p>Abdurrahman Balc\u0131lar<\/p>\r\n<p>Twitter :\u00a0<a href=\"https:\/\/twitter.com\/abbalcilar\">abdurrahman balc\u0131lar<\/a><a href=\"https:\/\/twitter.com\/abbalcilar\"><strong>@abbalcilar<\/strong><\/a><\/p>\r\n<p>Mail :\u00a0<a href=\"mailto:ab.balcilar@hotmail.com\">ab.balcilar@hotmail.com<\/a><\/p>\r\n<p>Blog:\u00a0<a href=\"http:\/\/t.co\/znqmIZgIqn\">blog.milliyet.com.tr\/cansever<\/a><\/p>\r\n<p>\u015eahsi\u00a0Blog:\u00a0<a href=\"http:\/\/balcilar-blog.com\/\">Abdurrahman Balc\u0131lar Blog Sayfas\u0131<\/a><\/p>\r\n<!-- \/wp:post-content -->\r\n\r\n<!-- wp:paragraph -->\r\n<p>&nbsp;<\/p>","protected":false},"excerpt":{"rendered":"<p>&nbsp; TNS \u00f6l\u00e7\u00fcmlerine g\u00f6re haz\u0131rlad\u0131\u011f\u0131m\u00a024 \u015eubat &#8211; 01 Mart 2020\u00a0Tarihleri\u00a0aras\u0131nda en \u00e7ok seyredilen, alt\u0131 Ulusal kanallar\u0131m\u0131zda ekranlar\u0131m\u0131za gelen 22 dizi aras\u0131nda, Total\u2019de ve AB\u2019de ilk ona giren \u00f6ne \u00e7\u0131kan dizilerin, ge\u00e7en haftan\u0131n \u00e7ok izlenen dizilerini a\u015fa\u011f\u0131da bilgilerinize sunuyorum. GE\u00c7EN HAFTA G\u00d6STER\u0130MDEK\u0130 D\u0130Z\u0130LER :\u00a0 24 \u015eubat PAZARTES\u0130 (5 Dizi): \u00c7ukur (Show), Sefirin K\u0131z\u0131 (Star Tv), Yasak [&hellip;]<\/p>\n","protected":false},"author":3,"featured_media":26179,"comment_status":"open","ping_status":"open","sticky":false,"template":"","format":"standard","meta":{"footnotes":""},"categories":[2],"tags":[1770,15,1250,2100,2019,2007,1996,1660],"class_list":["post-26165","post","type-post","status-publish","format-standard","has-post-thumbnail","hentry","category-tv-programlari","tag-bir-zamanlar-cukurova","tag-cagatay-ulusoy","tag-haftanin-dizileri","tag-hekimoglu","tag-kurulus-osman","tag-kuzey-yildizi","tag-mucize-doktor","tag-the-protector"],"views":2449,"blog_post_layout_featured_media_urls":{"thumbnail":["https:\/\/balcilar-blog.com\/wp-content\/uploads\/2020\/03\/cats-150x150.jpg",150,150,true],"full":["https:\/\/balcilar-blog.com\/wp-content\/uploads\/2020\/03\/cats.jpg",640,348,false]},"categories_names":{"2":{"name":"TV Programlar\u0131","link":"https:\/\/balcilar-blog.com\/?cat=2"}},"tags_names":{"1770":{"name":"Bir Zamanlar \u00c7ukurova","link":"https:\/\/balcilar-blog.com\/?tag=bir-zamanlar-cukurova"},"15":{"name":"\u00e7a\u011fatay ulusoy","link":"https:\/\/balcilar-blog.com\/?tag=cagatay-ulusoy"},"1250":{"name":"Haftan\u0131n Dizileri","link":"https:\/\/balcilar-blog.com\/?tag=haftanin-dizileri"},"2100":{"name":"Hekimo\u011flu","link":"https:\/\/balcilar-blog.com\/?tag=hekimoglu"},"2019":{"name":"Kurulu\u015f Osman","link":"https:\/\/balcilar-blog.com\/?tag=kurulus-osman"},"2007":{"name":"Kuzey Y\u0131ld\u0131z\u0131","link":"https:\/\/balcilar-blog.com\/?tag=kuzey-yildizi"},"1996":{"name":"Mucize Doktor","link":"https:\/\/balcilar-blog.com\/?tag=mucize-doktor"},"1660":{"name":"The Protector","link":"https:\/\/balcilar-blog.com\/?tag=the-protector"}},"comments_number":"0","wpmagazine_modules_lite_featured_media_urls":{"thumbnail":["https:\/\/balcilar-blog.com\/wp-content\/uploads\/2020\/03\/cats-150x150.jpg",150,150,true],"cvmm-medium":["https:\/\/balcilar-blog.com\/wp-content\/uploads\/2020\/03\/cats.jpg",300,163,false],"cvmm-medium-plus":["https:\/\/balcilar-blog.com\/wp-content\/uploads\/2020\/03\/cats.jpg",305,166,false],"cvmm-portrait":["https:\/\/balcilar-blog.com\/wp-content\/uploads\/2020\/03\/cats.jpg",400,218,false],"cvmm-medium-square":["https:\/\/balcilar-blog.com\/wp-content\/uploads\/2020\/03\/cats.jpg",600,326,false],"cvmm-large":["https:\/\/balcilar-blog.com\/wp-content\/uploads\/2020\/03\/cats.jpg",640,348,false],"cvmm-small":["https:\/\/balcilar-blog.com\/wp-content\/uploads\/2020\/03\/cats.jpg",130,71,false],"full":["https:\/\/balcilar-blog.com\/wp-content\/uploads\/2020\/03\/cats.jpg",640,348,false]},"_links":{"self":[{"href":"https:\/\/balcilar-blog.com\/index.php?rest_route=\/wp\/v2\/posts\/26165","targetHints":{"allow":["GET"]}}],"collection":[{"href":"https:\/\/balcilar-blog.com\/index.php?rest_route=\/wp\/v2\/posts"}],"about":[{"href":"https:\/\/balcilar-blog.com\/index.php?rest_route=\/wp\/v2\/types\/post"}],"author":[{"embeddable":true,"href":"https:\/\/balcilar-blog.com\/index.php?rest_route=\/wp\/v2\/users\/3"}],"replies":[{"embeddable":true,"href":"https:\/\/balcilar-blog.com\/index.php?rest_route=%2Fwp%2Fv2%2Fcomments&post=26165"}],"version-history":[{"count":7,"href":"https:\/\/balcilar-blog.com\/index.php?rest_route=\/wp\/v2\/posts\/26165\/revisions"}],"predecessor-version":[{"id":26180,"href":"https:\/\/balcilar-blog.com\/index.php?rest_route=\/wp\/v2\/posts\/26165\/revisions\/26180"}],"wp:featuredmedia":[{"embeddable":true,"href":"https:\/\/balcilar-blog.com\/index.php?rest_route=\/wp\/v2\/media\/26179"}],"wp:attachment":[{"href":"https:\/\/balcilar-blog.com\/index.php?rest_route=%2Fwp%2Fv2%2Fmedia&parent=26165"}],"wp:term":[{"taxonomy":"category","embeddable":true,"href":"https:\/\/balcilar-blog.com\/index.php?rest_route=%2Fwp%2Fv2%2Fcategories&post=26165"},{"taxonomy":"post_tag","embeddable":true,"href":"https:\/\/balcilar-blog.com\/index.php?rest_route=%2Fwp%2Fv2%2Ftags&post=26165"}],"curies":[{"name":"wp","href":"https:\/\/api.w.org\/{rel}","templated":true}]}}