{"id":2614,"date":"2014-07-07T12:42:46","date_gmt":"2014-07-07T09:42:46","guid":{"rendered":"http:\/\/balcilar-blog.com\/?p=2614"},"modified":"2014-07-13T17:33:31","modified_gmt":"2014-07-13T14:33:31","slug":"medcezir-diziden-ayrilmak-isteyenler-yeni-girenler","status":"publish","type":"post","link":"https:\/\/balcilar-blog.com\/?p=2614","title":{"rendered":"Medcezir \/ Diziden ayr\u0131lmak isteyenler, yeni girenler!"},"content":{"rendered":"<p><img decoding=\"async\" src=\"https:\/\/encrypted-tbn2.gstatic.com\/images?q=tbn:ANd9GcSxgvMr4RQOlfXZnsnk_2_K8vanH0kZQRM_s-uiPt5pPFFy0w2W\" alt=\"\" \/><\/p>\n<p>Star Tv.in reyting rekortmeni dizisinde ayr\u0131l\u0131k r\u00fczgarlar\u0131 esiyor. Ge\u00e7en haftaki yaz\u0131mda Mine Tugay&#8217;\u0131n diziden ayr\u0131lmak istedi\u011fini yazm\u0131\u015ft\u0131m. Ve diziden ayr\u0131lmas\u0131n demi\u015ftim. Ald\u0131\u011f\u0131m bilgilere g\u00f6re, Mine Tugay&#8217;\u0131n ayr\u0131l\u0131k sebebinin \u00fccret meselesi ve biraz da rol\u00fcn\u00fcn azl\u0131\u011f\u0131ndan \u015fikayet etmesiymi\u015f. Bence rollerde para \u00f6nemli, eme\u011finizin kar\u015f\u0131l\u0131\u011f\u0131n\u0131 al\u0131yorsunuz, as\u0131l \u00f6nemli olan rol\u00fcn\u00fc severek yapmas\u0131 ve keyif almas\u0131.\u00a0Mine Tugay&#8217;\u0131n menajerinin ifadesine g\u00f6re, \u00dccret konusunda Ay Yap\u0131m hen\u00fcz cevap vermemi\u015f. Ge\u00e7en yaz\u0131mda Mine Tugay&#8217;\u0131n diziden ayr\u0131lmamas\u0131 gerekti\u011fini yazm\u0131\u015ft\u0131m.<\/p>\n<p>Mine Tugay ayr\u0131l\u0131rsa ne olur? Ge\u00e7en Final b\u00f6l\u00fcm\u00fcnde Ender Serez, kocas\u0131 Selim ile trafik kasas\u0131 ge\u00e7irmi\u015fler, arabalar\u0131 takla atm\u0131\u015ft\u0131. Bu kazada \u00f6ld\u00fcr\u00fcl\u00fcrse olmaz. Zira &#8220;Ender Serez&#8221; \u00e7ok \u00f6nemli bir karakter. The O.C. orijinalinde b\u00f6yle bir \u00f6l\u00fcm yok. Ba\u015fka bir oyuncu bulup, bu karakteri ya\u015fatmalar\u0131 laz\u0131m. Hastanede a\u011f\u0131r yaral\u0131 olarak yatacak, belki de y\u00fcz\u00fcndeki yaralar estetik ameliyat ile iyile\u015fecek, bamba\u015fka bir oyuncu &#8220;Ender Serez&#8221; olarak bu rol\u00fc devam ettirecek. Ama tekrar s\u00f6yl\u00fcyorum, izleyenler Mine Tugay&#8217;\u0131 \u00e7ok sevdi. Bu karakter, \u015fayet \u00e7ok ciddi sorunlar yoksa ikna edilip, rol\u00fcn\u00fc devam ettirmesi laz\u0131m. S\u00f6z konusu \u00fccret meselesi a\u015f\u0131lamayacak bir sorun de\u011fil. Kar\u015f\u0131l\u0131kl\u0131 anla\u015fmaya ba\u011fl\u0131.<\/p>\n<p><img decoding=\"async\" src=\"http:\/\/pbs.twimg.com\/media\/BVkQBcOCAAE8E3h.jpg:large\" alt=\"\" \/><\/p>\n<p>Bence Medcezir&#8217;de \u00c7a\u011fatay Ulusoy ve Serenay Sar\u0131kaya&#8217;dan sonra, Mine Tugay ve Bar\u0131\u015f Falay \u00e7ok \u00f6nemli oyuncular. Binlerce ki\u015fi, Ender Serez ve Selim Serez \u00e7iftini be\u011fenerek izliyor. \u00c7ok ki\u015fiden de duydun onlar i\u00e7in bu diziyi izleyenler var. Zira yeni bir Ender Serez&#8217;in y\u00fcz\u00fcn\u00fc al\u0131\u015fmak kolay olmayacak.<\/p>\n<p><img decoding=\"async\" src=\"http:\/\/www.kurtseyitdizisi.com\/resimler\/oyuncular\/baroneslola.jpg\" alt=\"\" \/><\/p>\n<p>\u00d6n\u00fcm\u00fczdeki A\u011fustos ay\u0131n\u0131n ikinci yar\u0131s\u0131nda kadrolar\u0131n netle\u015fmesi gerekli ki, yeni sezon \u00e7ekimleri ba\u015flayacak. \u015eimdilik yeni giren olarak, Kurt Seyit dizisinden tan\u0131d\u0131\u011f\u0131m\u0131z, &#8220;Barones Lola&#8221; karakterini canland\u0131rm\u0131\u015f, bu dizide \u00f6ld\u00fcr\u00fcld\u00fc ve ayr\u0131lm\u0131\u015ft\u0131. \u015eimdi bu g\u00fczel oyuncu\u00a0Asl\u0131 Orcan diziye transfer olmu\u015f. Ge\u00e7en Final b\u00f6l\u00fcm\u00fcnde gazeteci olarak Mira ile annesinin d\u00fc\u011f\u00fcn\u00fc hakk\u0131nda r\u00f6portaj yapm\u0131\u015f, k\u0131sa da olsa g\u00f6rm\u00fc\u015ft\u00fck. Ancak Medcezir&#8217;de gazeteci olarak tam ne rol yapar bilemem. Daha etkin \u015fekilde rol almas\u0131 laz\u0131m. Belki de derginin edit\u00f6r\u00fc Sinan Bey ile \u00e7al\u0131\u015f\u0131rlar.<\/p>\n<p>Akla gelen di\u011fer soru? Acaba Asl\u0131 Orcan, diziden Mine Tugay kesin ayr\u0131l\u0131rsa, Ender Serez \u00a0Asl\u0131 Orcan m\u0131 olacak. Kuvvetle ihtimal diyorum. Tip olarak birbirlerini benziyorlar, her ikisi de k\u0131z\u0131l sa\u00e7l\u0131. Sezon finali b\u00f6l\u00fcm\u00fcnde \u00e7o\u011fu izleyicimiz gazeteci olarak k\u0131sa rol\u00fcn\u00fc fark etmedi bile. Yeni Ender Serez hay\u0131rl\u0131 olsun, yapacak bir \u015fey yok. Dilerim en az Mine Tugay kadar ba\u015far\u0131l\u0131 olur. Asl\u0131 Orcan &#8220;Ender Serez&#8221; karakteri olarak, Selim Serez&#8217;in kar\u0131s\u0131, Mert&#8217;in annesi, Yaman&#8217;\u0131n manevi annesi olacak devam edecek.<\/p>\n<p>Neticece dizidir, birileri her zaman rol i\u00e7in\u00a0vard\u0131r. \u00d6n\u00fcm\u00fczdeki sezon diziye daha yeni karakterler de girebilir. \u00c7\u0131kan da olabilir. Ancak baz\u0131 karakterler vard\u0131r ki, dizinin temel ta\u015flar\u0131ndand\u0131r. Dizinin ba\u015far\u0131s\u0131nda ve reytinglerinde \u00e7ok \u00f6nemli rol oynarlar.<\/p>\n<p>Ay Yap\u0131m, Mine Tugay ile mutlaka anla\u015fmal\u0131, ayr\u0131lmas\u0131n\u0131 izin vermemelidir.<\/p>\n<p><img decoding=\"async\" src=\"https:\/\/pbs.twimg.com\/media\/Br3N2v6IcAAm2xS.jpg\" alt=\"G\u00f6m\u00fcl\u00fc resim i\u00e7in kal\u0131c\u0131 ba\u011flant\u0131\" width=\"100%\" \/><\/p>\n<p>Ay Yap\u0131m (bug\u00fcn 10 Temmuz 2014) bir bas\u0131n a\u00e7\u0131klamas\u0131 yapt\u0131. Mine Tugay\u2019\u0131n diziden ayr\u0131ld\u0131\u011f\u0131n\u0131 do\u011frulad\u0131 ancak bunun nedeninin senaryo gere\u011fi oldu\u011funu ifade etti. Ay Yap\u0131m\u2019dan gelen a\u00e7\u0131klama \u015fu \u015fekilde: Medcezir dizisinde Ender Serez karakterini bir sezon boyunca ba\u015far\u0131yla canland\u0131ran Say\u0131n Mine Tugay, ikinci sezonda dizinin kadrosunda yer almayacakt\u0131r. Bu ayr\u0131l\u0131k baz\u0131 mecralarda iddia edildi\u011fi gibi herhangi bir anla\u015fmazl\u0131k neticesinde de\u011fil uyarlama hikaye bu \u015fekilde gerektirdi\u011fi i\u00e7in\u00a0ger\u00e7ekle\u015fmi\u015ftir. \u00a0Yap\u0131lan as\u0131ls\u0131z haberler hem oyuncumuza hem de haberlerde ad\u0131 ge\u00e7en di\u011fer \u015fah\u0131slara zarar vermektedir. Denildi. \u015eimdi ne olacak, hikayeden \u00e7\u0131kard\u0131. Halbuki, orjinalinde \u00f6lm\u00fcyor. Mert ve Yaman \u00f6ks\u00fcz, Selim Serez e\u015fsiz mi kalacak. Bir evde \u00fc\u00e7 erkek mi g\u00f6rece\u011fiz. Mutlaka yeni bir Ender Serez karekteri bulunmal\u0131, Asl\u0131 Orcan&#8217;a bu rol verilmeli.<\/p>\n<p>Star Tv.in fenomen dizisi Medcezir, muhtemelen 39. b\u00f6l\u00fcm\u00fc ile yeni sezonda, 12 Eyl\u00fcl Cuma ak\u015fam\u0131 ekranlar\u0131m\u0131zda olacak. \u00e7ok daha g\u00fc\u00e7l\u00fc olarak. Yeter ki mevcut kadrosunu korusun.<\/p>\n<p>Sayg\u0131lar, sevgiler.<\/p>\n<p>Abdurrahman Balc\u0131lar<\/p>\n<p>Twitter: abdurrahman balc\u0131lar@abbalcilar<\/p>\n<p>Mail : <a href=\"mailto:ab.balcilar@hotmail.com\">ab.balcilar@hotmail.com<\/a><\/p>\n<p>Blog: milliyet.com.tr\/cansever<\/p>\n<p>Blog: balcilar-blog.com<\/p>\n<p>Not: G\u00f6rseller \u0130nternetten ve Medcezir Twitter sayfas\u0131ndan al\u0131nm\u0131\u015ft\u0131r.<\/p>\n<p>&nbsp;<\/p>\n<p>Not: Burada yaz\u0131lan t\u00fcm yaz\u0131lar\u0131n elektronik imza ve zaman damgas\u0131 g\u00fcvencesi alt\u0131nda yasal haklar\u0131 korunmaktad\u0131r. Hi\u00e7bir \u015fekilde bas\u0131l\u0131 ya da elektronik bir ortamda (CD, \u0130nternet vs.) kaynak g\u00f6sterilmeksizin izin al\u0131nmadan kullan\u0131lmaz.<\/p>\n","protected":false},"excerpt":{"rendered":"<p>Star Tv.in reyting rekortmeni dizisinde ayr\u0131l\u0131k r\u00fczgarlar\u0131 esiyor. Ge\u00e7en haftaki yaz\u0131mda Mine Tugay&#8217;\u0131n diziden ayr\u0131lmak istedi\u011fini yazm\u0131\u015ft\u0131m. Ve diziden ayr\u0131lmas\u0131n demi\u015ftim. Ald\u0131\u011f\u0131m bilgilere g\u00f6re, Mine Tugay&#8217;\u0131n ayr\u0131l\u0131k sebebinin \u00fccret meselesi ve biraz da rol\u00fcn\u00fcn azl\u0131\u011f\u0131ndan \u015fikayet etmesiymi\u015f. Bence rollerde para \u00f6nemli, eme\u011finizin kar\u015f\u0131l\u0131\u011f\u0131n\u0131 al\u0131yorsunuz, as\u0131l \u00f6nemli olan rol\u00fcn\u00fc severek yapmas\u0131 ve keyif almas\u0131.\u00a0Mine Tugay&#8217;\u0131n menajerinin [&hellip;]<\/p>\n","protected":false},"author":3,"featured_media":0,"comment_status":"open","ping_status":"open","sticky":false,"template":"","format":"standard","meta":{"footnotes":""},"categories":[2],"tags":[26,309,15,16,339,27,25],"class_list":["post-2614","post","type-post","status-publish","format-standard","hentry","category-tv-programlari","tag-ay-yapim","tag-baris-falay","tag-cagatay-ulusoy","tag-medcezir","tag-mine-tugay","tag-serenay-sarikaya","tag-star-tv"],"views":8195,"blog_post_layout_featured_media_urls":{"thumbnail":"","full":""},"categories_names":{"2":{"name":"TV Programlar\u0131","link":"https:\/\/balcilar-blog.com\/?cat=2"}},"tags_names":{"26":{"name":"Ay Yap\u0131m","link":"https:\/\/balcilar-blog.com\/?tag=ay-yapim"},"309":{"name":"Bar\u0131\u015f Falay","link":"https:\/\/balcilar-blog.com\/?tag=baris-falay"},"15":{"name":"\u00e7a\u011fatay ulusoy","link":"https:\/\/balcilar-blog.com\/?tag=cagatay-ulusoy"},"16":{"name":"medcezir","link":"https:\/\/balcilar-blog.com\/?tag=medcezir"},"339":{"name":"Mine Tugay","link":"https:\/\/balcilar-blog.com\/?tag=mine-tugay"},"27":{"name":"Serenay Sar\u0131kaya","link":"https:\/\/balcilar-blog.com\/?tag=serenay-sarikaya"},"25":{"name":"Star Tv","link":"https:\/\/balcilar-blog.com\/?tag=star-tv"}},"comments_number":"0","wpmagazine_modules_lite_featured_media_urls":{"thumbnail":"","cvmm-medium":"","cvmm-medium-plus":"","cvmm-portrait":"","cvmm-medium-square":"","cvmm-large":"","cvmm-small":"","full":""},"_links":{"self":[{"href":"https:\/\/balcilar-blog.com\/index.php?rest_route=\/wp\/v2\/posts\/2614","targetHints":{"allow":["GET"]}}],"collection":[{"href":"https:\/\/balcilar-blog.com\/index.php?rest_route=\/wp\/v2\/posts"}],"about":[{"href":"https:\/\/balcilar-blog.com\/index.php?rest_route=\/wp\/v2\/types\/post"}],"author":[{"embeddable":true,"href":"https:\/\/balcilar-blog.com\/index.php?rest_route=\/wp\/v2\/users\/3"}],"replies":[{"embeddable":true,"href":"https:\/\/balcilar-blog.com\/index.php?rest_route=%2Fwp%2Fv2%2Fcomments&post=2614"}],"version-history":[{"count":9,"href":"https:\/\/balcilar-blog.com\/index.php?rest_route=\/wp\/v2\/posts\/2614\/revisions"}],"predecessor-version":[{"id":2666,"href":"https:\/\/balcilar-blog.com\/index.php?rest_route=\/wp\/v2\/posts\/2614\/revisions\/2666"}],"wp:attachment":[{"href":"https:\/\/balcilar-blog.com\/index.php?rest_route=%2Fwp%2Fv2%2Fmedia&parent=2614"}],"wp:term":[{"taxonomy":"category","embeddable":true,"href":"https:\/\/balcilar-blog.com\/index.php?rest_route=%2Fwp%2Fv2%2Fcategories&post=2614"},{"taxonomy":"post_tag","embeddable":true,"href":"https:\/\/balcilar-blog.com\/index.php?rest_route=%2Fwp%2Fv2%2Ftags&post=2614"}],"curies":[{"name":"wp","href":"https:\/\/api.w.org\/{rel}","templated":true}]}}