{"id":26096,"date":"2020-02-18T17:00:22","date_gmt":"2020-02-18T15:00:22","guid":{"rendered":"http:\/\/balcilar-blog.com\/?p=26096"},"modified":"2020-02-19T19:37:46","modified_gmt":"2020-02-19T17:37:46","slug":"gecen-haftanin-10-16-subat-2020-en-cok-izlenen-dizileri","status":"publish","type":"post","link":"https:\/\/balcilar-blog.com\/?p=26096","title":{"rendered":"Ge\u00e7en Haftan\u0131n (10 &#8211; 16 \u015eubat 2020) En \u00c7ok \u0130zlenen Dizileri!"},"content":{"rendered":"<p><img loading=\"lazy\" decoding=\"async\" class=\"alignnone size-full wp-image-26110\" src=\"http:\/\/balcilar-blog.com\/wp-content\/uploads\/2020\/02\/cats-2.jpg\" alt=\"\" width=\"640\" height=\"322\" srcset=\"https:\/\/balcilar-blog.com\/wp-content\/uploads\/2020\/02\/cats-2.jpg 640w, https:\/\/balcilar-blog.com\/wp-content\/uploads\/2020\/02\/cats-2-300x151.jpg 300w\" sizes=\"auto, (max-width: 640px) 100vw, 640px\" \/><\/p>\r\n<p>TNS \u00f6l\u00e7\u00fcmlerine g\u00f6re haz\u0131rlad\u0131\u011f\u0131m<strong>\u00a010 &#8211;\u00a0 16 \u015eubat 2020<\/strong>\u00a0Tarihleri\u00a0aras\u0131nda en \u00e7ok seyredilen alt\u0131 Ulusal kanallar\u0131m\u0131zda ekranlar\u0131m\u0131za gelen 29 dizi aras\u0131nda, Total\u2019de ve AB\u2019de ilk ona giren, \u00d6ne \u00e7\u0131kan dizilerin, haftan\u0131n \u00e7ok izlenen dizilerini a\u015fa\u011f\u0131da bilgilerinize sunuyorum.<\/p>\r\n<p style=\"text-align: left;\"><strong>GE\u00c7EN HAFTA G\u00d6STER\u0130MDEK\u0130 D\u0130Z\u0130LER :\u00a0<\/strong><\/p>\r\n<p><strong>PAZARTES\u0130 (5 Dizi):<\/strong> \u00c7ukur (Show), Sefirin K\u0131z\u0131 (Star Tv), Yasak Elma (Fox), Zalim \u0130stanbul (Kanal D), Vuslat (TRT1),<\/p>\r\n<p><strong>SALI (4 Dizi)\u00a0:<\/strong>\u00a0E\u015fk\u0131ya D\u00fcnyaya H\u00fck\u00fcmdar Olmaz (Atv), Hekimo\u011flu (Kanal D), Ramo (Show Tv), Tuttunamayanlar (TRT1)<\/p>\r\n<p><strong>\u00c7AR\u015eAMBA (5 Dizi): <\/strong>1.Kurulu\u015f Osman (Atv)<strong>,\u00a0<\/strong>Zemheri (Show Tv),\u00a0Afili A\u015fk (Kanal D), Benim Ad\u0131m Melek (TRT1), Do\u011fdu\u011fun Ev Kaderindir -DEK (Tv8)<\/p>\r\n<p><strong>PER\u015eEMBE (2 Dizi)<\/strong>: Mucize Doktor (Fox), Bir Zamanlar \u00c7ukurova (Atv)<\/p>\r\n<p><strong>CUMA (4 Dizi) :<\/strong> Arka Sokaklar (Kanal D), Hercai (Atv), Payitaht (TRT1), Babil (Star Tv)<\/p>\r\n<p><strong>CUMARTES\u0130 (5 Dizi): <\/strong>Kuzey Y\u0131ld\u0131z\u0131 (Show Tv), Z\u00fcmr\u00fcd\u00fc Anka (Fox Tv), Kalk Gidelim, Afili A\u015fk (Kanal D), \u015ea\u015fk\u0131n Bakkal (Tv8)<\/p>\r\n<p><strong>PAZAR\u00a0(4 Dizi)<\/strong>: Sava\u015f\u00e7\u0131 (Fox), \u015eampiyon (TRT1), G\u00fcvercin (Star Tv),\u00a0 Toz Koparan (TRT1),\u00a0 \u00a0<\/p>\r\n<p><strong>TOTAL&#8217;\u0130N \u0130LK SIRASINDA BU HAFTA;<\/strong> Total&#8217;in ilk s\u0131ras\u0131nda Taner \u00d6lmez&#8217;in dizisi <strong>Mucize Doktor, <\/strong>haftan\u0131n dizileri aras\u0131nda\u00a0Total grubunda ilk s\u0131rada yer al\u0131yor. Total&#8217;in 10.s\u0131ras\u0131nda Fox Tv&#8217;nin &#8220;Sava\u015f\u00e7\u0131&#8221; dizisi yer al\u0131yor.<\/p>\r\n<p><strong>AB\u2019N\u0130N \u0130LK SIRASINDA; <\/strong> Total&#8217;de oldu\u011fu gibi AB&#8217;nin ilk s\u0131ras\u0131nda da Mucize Doktor yer al\u0131yor.\u00a0 10.s\u0131rada ise TRT1&#8217;in &#8220;Benim Ad\u0131m Melek&#8221; dizisi yer al\u0131yor. \u00a0<\/p>\r\n<p>&nbsp;<\/p>\r\n<p><strong>BU HAFTA EN \u00c7OK \u0130ZLENEN \u0130LK ONA G\u0130REN D\u0130Z\u0130LERE G\u00d6Z ATALIM!<\/strong><\/p>\r\n<p>Bu s\u0131ralama sadece dizilerin reytingler y\u00fczdesine g\u00f6re en \u00e7ok izlenen dizilerin ilk 10\u2019da yer alanlar\u0131n\u0131 s\u0131ralamaya koyuyorum. Yar\u0131\u015fma, e\u011flence ve haber programlar\u0131 y\u00fczdeleri y\u00fcksek olsa da bu s\u0131ralamaya koymuyorum. Bu sadece dizilerin yar\u0131\u015f\u0131d\u0131r, en \u00e7ok izlenen dizilerin s\u0131ralamas\u0131d\u0131r. Bir nevi dizilerin karnesidir.<\/p>\r\n<p>&nbsp;<\/p>\r\n<p><strong>GE\u00c7EN HAFTA EN \u00c7OK \u0130ZLENEN D\u0130Z\u0130LER\u0130NDE:<\/strong> <strong>Total ilk 10 Girenler :<\/strong><\/p>\r\n<p>1.Mucize Doktor 22.B\u00f6l\u00fcm (Fox)<\/p>\r\n<p>2.Bir Zamanlar \u00c7ukurova 55.B\u00f6l\u00fcm (Atv)<\/p>\r\n<p>3.Kurulu\u015f Osman 9.B\u00f6l\u00fcm (Atv)<\/p>\r\n<p>4.Kuzey Y\u0131ld\u0131z\u0131 21.B\u00f6l\u00fcm (Show Tv)<\/p>\r\n<p>5.Sefirin K\u0131z\u0131 8.B\u00f6l\u00fcm (Star Tv)<\/p>\r\n<p>6.Arka Sokaklar 542.B\u00f6l\u00fcm (Kanal D)<\/p>\r\n<p>7.\u00c7ukur 86.B\u00f6l\u00fcm (Show Tv)<\/p>\r\n<p>8.E\u015fk\u0131ya D\u00fcnyaya H\u00fck\u00fcmdar Olmaz 156.B\u00f6l\u00fcm (Atv)<\/p>\r\n<p>9.Hercai 32.B\u00f6l\u00fcm (Atv)\u00a0<\/p>\r\n<p>10.Sava\u015f\u00e7\u0131 92.B\u00f6l\u00fcm (Show Tv)<\/p>\r\n<p>&nbsp;<\/p>\r\n<p>&nbsp;<\/p>\r\n<p><strong>AB\u2019de ilk 10 Girenler :<\/strong><\/p>\r\n<p>1.Mucize Doktor 22.B\u00f6l\u00fcm (Fox)<\/p>\r\n<p>2.Kurulu\u015f Osman 10.B\u00f6l\u00fcm (Atv)<\/p>\r\n<p>3.Hekimo\u011flu 8.B\u00f6l\u00fcm (Kanal D)<\/p>\r\n<p>4.Bir Zamanlar \u00c7ukurova 55.B\u00f6l\u00fcm (Atv)<\/p>\r\n<p>5.Babil 5.B\u00f6l\u00fcm (Star Tv)<\/p>\r\n<p>6.Sefirin K\u0131z\u0131 8.B\u00f6l\u00fcm (Star Tv)<\/p>\r\n<p>7.Yasak Elma 68.B\u00f6l\u00fcm (Fox)<\/p>\r\n<p>8.\u00c7ukur 84.B\u00f6l\u00fcm (Show Tv)<\/p>\r\n<p>9.E\u015fk\u0131ya D\u00fcnyaya H\u00fck\u00fcmdar Olmaz 156.B\u00f6l\u00fcm (Atv) \u00a0<\/p>\r\n<p>10.Dek (Do\u011fdu\u011fun Ev Kaderindir) (Tv8)<\/p>\r\n<p>&nbsp;<\/p>\r\n<p><strong>TOTAL ve AB Grubunda reytingleri en y\u00fcksek olan Haftan\u0131n ilk 5 s\u0131ralamas\u0131 :<\/strong><\/p>\r\n<p><strong>1.MUC\u0130ZE DOKTOR (Fox Tv) :<\/strong>\u00a0Yay\u0131n\u0131n\u0131n 22.B\u00f6l\u00fcm\u00fc ile haftan\u0131n dizileri aras\u0131nda her hafta oldu\u011fu gibi ilk s\u0131rada yer al\u0131yor.<\/p>\r\n<p><img loading=\"lazy\" decoding=\"async\" class=\"alignnone size-full wp-image-26100\" src=\"http:\/\/balcilar-blog.com\/wp-content\/uploads\/2020\/02\/Mucize-Doktor-5210-galeri-resi.jpg\" alt=\"\" width=\"640\" height=\"360\" srcset=\"https:\/\/balcilar-blog.com\/wp-content\/uploads\/2020\/02\/Mucize-Doktor-5210-galeri-resi.jpg 640w, https:\/\/balcilar-blog.com\/wp-content\/uploads\/2020\/02\/Mucize-Doktor-5210-galeri-resi-300x169.jpg 300w\" sizes=\"auto, (max-width: 640px) 100vw, 640px\" \/><\/p>\r\n<p>Nazl\u0131 ve Ali arkada\u015f kalmaya karar verirler ama bu hi\u00e7 de g\u00f6r\u00fcnd\u00fc\u011f\u00fc kadar kolay de\u011fildir.<\/p>\r\n<p><img loading=\"lazy\" decoding=\"async\" class=\"alignnone size-full wp-image-26099\" src=\"http:\/\/balcilar-blog.com\/wp-content\/uploads\/2020\/02\/Mucize-Doktor-5210-galeri-res.jpg\" alt=\"\" width=\"640\" height=\"360\" srcset=\"https:\/\/balcilar-blog.com\/wp-content\/uploads\/2020\/02\/Mucize-Doktor-5210-galeri-res.jpg 640w, https:\/\/balcilar-blog.com\/wp-content\/uploads\/2020\/02\/Mucize-Doktor-5210-galeri-res-300x169.jpg 300w\" sizes=\"auto, (max-width: 640px) 100vw, 640px\" \/><\/p>\r\n<p>\u0130kili, bir de \u00fcst\u00fcne, bir hastan\u0131n tedavisinde fikir ayr\u0131l\u0131\u011f\u0131na d\u00fc\u015f\u00fcnce i\u015fler iyice i\u00e7inden \u00e7\u0131k\u0131lmaz bir hal al\u0131r.<\/p>\r\n<p>&nbsp;<\/p>\r\n<p><strong>2.B\u0130R ZAMANLAR \u00c7UKUROVA (ATV) :<\/strong>\u00a0Bu hafta Bir Zamanlar \u00c7ukurova&#8217;n\u0131n 55.b\u00f6l\u00fcm\u00fcnde, 2.s\u0131radaki yerini koruyor.<\/p>\r\n<p><img loading=\"lazy\" decoding=\"async\" class=\"alignnone size-full wp-image-26101\" src=\"http:\/\/balcilar-blog.com\/wp-content\/uploads\/2020\/02\/behice.jpg\" alt=\"\" width=\"640\" height=\"358\" srcset=\"https:\/\/balcilar-blog.com\/wp-content\/uploads\/2020\/02\/behice.jpg 640w, https:\/\/balcilar-blog.com\/wp-content\/uploads\/2020\/02\/behice-300x168.jpg 300w\" sizes=\"auto, (max-width: 640px) 100vw, 640px\" \/><\/p>\r\n<p>Behice Han\u0131m\u0131n ad\u0131, Fekeli&#8217;nin yard\u0131m etti\u011fi bir okul yap\u0131m\u0131nda ad\u0131n\u0131n verilmesi ortal\u0131\u011f\u0131 kar\u0131\u015ft\u0131r. Bu i\u015fe en \u00e7ok H\u00fcnkar Han\u0131m bozulur. Behice&#8217;nin keyfine diyecek yoktur. Fekeli A\u011fa da kendisini kalp krizinden kurtaran Behice&#8217;ye minnet borcunu \u00f6demi\u015f olur.<\/p>\r\n<p><img loading=\"lazy\" decoding=\"async\" class=\"alignnone size-full wp-image-26102\" src=\"http:\/\/balcilar-blog.com\/wp-content\/uploads\/2020\/02\/bz\u00e7.-y\u0131lmaz-1.jpg\" alt=\"\" width=\"640\" height=\"360\" srcset=\"https:\/\/balcilar-blog.com\/wp-content\/uploads\/2020\/02\/bz\u00e7.-y\u0131lmaz-1.jpg 640w, https:\/\/balcilar-blog.com\/wp-content\/uploads\/2020\/02\/bz\u00e7.-y\u0131lmaz-1-300x169.jpg 300w\" sizes=\"auto, (max-width: 640px) 100vw, 640px\" \/><\/p>\r\n<p>M\u00fcjgan ise fular krizine girer. Kocas\u0131 ile Z\u00fcleyha&#8217;n\u0131n g\u00f6r\u00fc\u015ft\u00fckleri fikrinden vazge\u00e7meyecektir. Kona\u011f\u0131n bah\u00e7esinde beklemedikleri anlarda kar\u015f\u0131la\u015fan Y\u0131lmaz ve Z\u00fcleyha i\u00e7in de hayat gittik\u00e7e daha zorla\u015f\u0131r.<\/p>\r\n<p>Di\u011fer taraftan Y\u0131lmaz&#8217;\u0131n su motorlar\u0131 milyonluk i\u015fine, Demir \u00e7omak sokar. Kendi 500 bin zarar etse de Y\u0131lmaza&#8217; 4,5 milyonluk zarara sokar. Bu durum Fekeli ve Y\u0131lmaz&#8217;\u0131 \u00e7\u0131lg\u0131na d\u00f6nd\u00fcr\u00fcr, kar\u015f\u0131 hamleye haz\u0131rlan\u0131rlar.\u00a0<\/p>\r\n<div>\u00a0<\/div>\r\n<div class=\"col span_12_of_12\">3<strong>.KURULU\u015e OSMAN (ATV)<\/strong> : Dizi 9.b\u00f6l\u00fcm\u00fcnde, ge\u00e7en hafta 4.s\u0131rada olan dizi bu hafta 3.s\u0131raya y\u00fckseldi.<\/div>\r\n<div>\u00a0<\/div>\r\n<div><img loading=\"lazy\" decoding=\"async\" class=\"alignnone size-full wp-image-26104\" src=\"http:\/\/balcilar-blog.com\/wp-content\/uploads\/2020\/02\/5e42910770380e19e8b25211.jpg\" alt=\"\" width=\"640\" height=\"320\" srcset=\"https:\/\/balcilar-blog.com\/wp-content\/uploads\/2020\/02\/5e42910770380e19e8b25211.jpg 640w, https:\/\/balcilar-blog.com\/wp-content\/uploads\/2020\/02\/5e42910770380e19e8b25211-300x150.jpg 300w\" sizes=\"auto, (max-width: 640px) 100vw, 640px\" \/><\/div>\r\n<div>\u00a0<\/div>\r\n<div>Ali\u015far&#8217;\u0131n adamlar\u0131 taraf\u0131ndan pusuya d\u00fc\u015f\u00fcr\u00fclen G\u00fcnd\u00fcz, a\u011f\u0131r yaral\u0131 vaziyette Kay\u0131 obas\u0131ndad\u0131r. Osman a\u011fabeyine sald\u0131ranlar\u0131 yakalamak i\u00e7in harekete ge\u00e7erken, \u015eeyh Edebal\u0131, Bala&#8217;y\u0131 isteyen Ali\u015far&#8217;\u0131 reddeder. M\u00fcneccim Abd\u00fcl k\u0131l\u0131\u011f\u0131nda Ali\u015far Bey&#8217;i etkisi alt\u0131na alan Yannis, Sofia&#8217;yla birlikte Ali\u015far Bey&#8217;i Osman&#8217;a ve \u015eeyh Edebal\u0131&#8217;ya kar\u015f\u0131 k\u0131\u015fk\u0131rt\u0131r. Kay\u0131 obas\u0131na giden Ali\u015far Bey, D\u00fcndar Bey&#8217;e meydan okuyarak kendisinden \u00e7al\u0131nan alt\u0131nlar\u0131n iadesini talep eder. Mo\u011fol tehlikesini sezen ve Kay\u0131lar\u0131n gelece\u011fini tehlikede g\u00f6ren D\u00fcndar Bey, oban\u0131n teyakkuza ge\u00e7mesini ister.<\/div>\r\n<div><img loading=\"lazy\" decoding=\"async\" class=\"alignnone size-full wp-image-26103\" src=\"http:\/\/balcilar-blog.com\/wp-content\/uploads\/2020\/02\/0x0-10-bolum-foto-galeri-1581408640769.jpg\" alt=\"\" width=\"640\" height=\"427\" srcset=\"https:\/\/balcilar-blog.com\/wp-content\/uploads\/2020\/02\/0x0-10-bolum-foto-galeri-1581408640769.jpg 640w, https:\/\/balcilar-blog.com\/wp-content\/uploads\/2020\/02\/0x0-10-bolum-foto-galeri-1581408640769-300x200.jpg 300w\" sizes=\"auto, (max-width: 640px) 100vw, 640px\" \/><\/div>\r\n<div>Osman&#8217;\u0131n ise farkl\u0131 bir plan\u0131 vard\u0131r. Mo\u011follar\u0131n S\u00f6\u011f\u00fct&#8217;e geldi\u011fini \u00f6\u011frenen Osman ne yapacak? G\u00fcnd\u00fcz kurtulabilecek mi? Yannis ve Sofia&#8217;yla ittifak arayan Ali\u015far Bey&#8217;in yeni hamlesi ne olacak?<\/div>\r\n<div>\u00a0<\/div>\r\n<div>\u00a0<\/div>\r\n<div>\u00a0<\/div>\r\n<div class=\"videoGallery\"><strong>4.HEK\u0130MO\u011eLU (KANAL D)<\/strong> : Kad\u0131n dizisinin final yapmas\u0131 ile bo\u015falan yere Kanal D&#8217;nin <strong>Hekimo\u011flu<\/strong> dizisi bo\u015falan yere 3.s\u0131radan girdi.<\/div>\r\n<div>\u00a0<\/div>\r\n<div class=\"videoGallery\">\u00a0<img loading=\"lazy\" decoding=\"async\" class=\"alignnone size-full wp-image-26106\" src=\"http:\/\/balcilar-blog.com\/wp-content\/uploads\/2020\/02\/unnamed-1.jpg\" alt=\"\" width=\"640\" height=\"388\" srcset=\"https:\/\/balcilar-blog.com\/wp-content\/uploads\/2020\/02\/unnamed-1.jpg 640w, https:\/\/balcilar-blog.com\/wp-content\/uploads\/2020\/02\/unnamed-1-300x182.jpg 300w\" sizes=\"auto, (max-width: 640px) 100vw, 640px\" \/><\/div>\r\n<div>Hekimo\u011flu, girdi\u011fi iddia sonucunda zor durumda kal\u0131yor! Hekimo\u011flu kulland\u0131\u011f\u0131 a\u011fr\u0131 kesiciler \u00fczerine \u0130pek ile iddiaya girer. Haplar\u0131 kullanmad\u0131\u011f\u0131 m\u00fcddet\u00e7e poliklinik g\u00f6revini yapmayacakt\u0131r. \u0130lk olarak g\u00f6z\u00fcne o g\u00fcn i\u015fe ge\u00e7 kalan Memoli&#8217;yi kestirir ve kendisi yerine onu poliklinik g\u00f6revine g\u00f6nderir. Ancak Memoli de bu g\u00f6revden nefret etmektedir. Eline ge\u00e7en bir krizi f\u0131rsata \u00e7evirerek Hekimo\u011flu&#8217;nu kendi kazd\u0131\u011f\u0131 kuyuya d\u00fc\u015f\u00fcr\u00fcr.<\/div>\r\n<div>\u00a0<\/div>\r\n<div><img loading=\"lazy\" decoding=\"async\" class=\"alignnone size-full wp-image-26105\" src=\"http:\/\/balcilar-blog.com\/wp-content\/uploads\/2020\/02\/752x395-hekimoglu-7bolum-frag.jpg\" alt=\"\" width=\"640\" height=\"336\" srcset=\"https:\/\/balcilar-blog.com\/wp-content\/uploads\/2020\/02\/752x395-hekimoglu-7bolum-frag.jpg 640w, https:\/\/balcilar-blog.com\/wp-content\/uploads\/2020\/02\/752x395-hekimoglu-7bolum-frag-300x158.jpg 300w\" sizes=\"auto, (max-width: 640px) 100vw, 640px\" \/><\/div>\r\n<div>Hemolitik Anemi olan gen\u00e7 bir hasta getirilir. Ba\u015fta hastal\u0131\u011f\u0131n genetik oldu\u011fu sorgulansa da ger\u00e7ek b\u00f6yle de\u011fildir. Hekimo\u011flu&#8217;nun vakay\u0131 \u00e7\u00f6zmesine ihtiya\u00e7 vard\u0131r. Ancak Ate\u015f a\u011fr\u0131 kesicilerini almad\u0131\u011f\u0131 i\u00e7in olduk\u00e7a zor bir durum ya\u015famaktad\u0131r. Hasta ile ilgilenebilecek halde de\u011fildir. Orhan&#8217;\u0131n zorlamas\u0131 sonucu i\u015finin ba\u015f\u0131na d\u00f6ner.<\/div>\r\n<p>&nbsp;<\/p>\r\n<p><strong>5.KUZEY YILDIZI (SHOW)<\/strong> : Show Tv&#8217;de sevilerek izlenen dizisi Kuzey y\u0131ld\u0131z\u0131 4 hafta aradan sonra tekrar 5.s\u0131radan girdi.<\/p>\r\n<p><img loading=\"lazy\" decoding=\"async\" class=\"alignnone size-full wp-image-26107\" src=\"http:\/\/balcilar-blog.com\/wp-content\/uploads\/2020\/02\/2f395a122a4ff4b32133db31a3586dad_840.jpg\" alt=\"\" width=\"640\" height=\"427\" srcset=\"https:\/\/balcilar-blog.com\/wp-content\/uploads\/2020\/02\/2f395a122a4ff4b32133db31a3586dad_840.jpg 640w, https:\/\/balcilar-blog.com\/wp-content\/uploads\/2020\/02\/2f395a122a4ff4b32133db31a3586dad_840-300x200.jpg 300w\" sizes=\"auto, (max-width: 640px) 100vw, 640px\" \/><\/p>\r\n<p>Kuzey ve Sefer, ba\u015flar\u0131n\u0131 b\u00fcy\u00fck belaya sokmu\u015flard\u0131r. Onlar\u0131 tek ba\u015f\u0131na b\u0131rakmak istemeyen Y\u0131ld\u0131z ve Nahide de dahil oldu\u011funda i\u015fler daha da \u00e7\u0131\u011f\u0131r\u0131ndan \u00e7\u0131kar. Efsane d\u00f6rtl\u00fcm\u00fcz\u00fcn ihtiya\u00e7 duydu\u011fu yard\u0131m ise, hi\u00e7 ummad\u0131klar\u0131 birinden gelir.<\/p>\r\n<p>&nbsp;<\/p>\r\n<p>Kapadokya ka\u00e7aklar\u0131n\u0131, memlekete d\u00f6nd\u00fcklerinde tabi ki ho\u015f bir kar\u015f\u0131lama beklememektedir. Bula\u015ft\u0131klar\u0131 belalardan kurtulduklar\u0131na sevinemeden ba\u015fka dertlerle bo\u011fu\u015furken bulurlar kendilerini. Y\u0131ld\u0131z\u2019\u0131n i\u015fi bu sefer ger\u00e7ekten \u00e7ok zordur. Ailesinden hi\u00e7 beklemedi\u011fi sertlikte bir tepkiyle kar\u015f\u0131lanm\u0131\u015ft\u0131r. Kuzey\u2019in ise g\u00fcndemi bamba\u015fkad\u0131r. Aylard\u0131r bekledi\u011fi g\u00fcn gelip \u00e7atm\u0131\u015ft\u0131r. Kuzey, \u00f6zg\u00fcrl\u00fc\u011f\u00fc i\u00e7in g\u00fcn saymakta, engelleri a\u015fmak i\u00e7in ne yapaca\u011f\u0131n\u0131 d\u00fc\u015f\u00fcn\u00fcp durmaktad\u0131r. K\u0131zlarla Kuzey\u2019in tek g\u00fcndemi budur. Sonunda ak\u0131llar\u0131na \u00f6yle bir \u015fey gelir ki bu, t\u00fcm sorunlar\u0131n\u0131 k\u00f6kten \u00e7\u00f6zecektir.<\/p>\r\n<p>&nbsp;<\/p>\r\n<p><strong>KANALLARA G\u00d6RE SIRALAMA:<\/strong><\/p>\r\n<p><strong>Total Grubunda:<\/strong> Total Grunda Atv 4 dizi. Show Tv 3 dizi. Fox Tv, Star ve Kanal D birer dizi ile yer al\u0131yorlar.<\/p>\r\n<p><strong>AB&#8217;de<\/strong> ; Atv 3 dizi. Star Tv ve Fox Tv 2 dizi ile yer al\u0131yor. Show, Tv8 ve Kanal D birer dizi ile yer ald\u0131klar\u0131n\u0131 g\u00f6r\u00fcyoruz.<\/p>\r\n<p><strong>ATV Tv bu hafta,<\/strong>\u00a0<strong>Total&#8217;de 4 ve AB&#8217;de 3 dizi ile haftan\u0131n kanal\u0131 olmay\u0131 ba\u015farm\u0131\u015ft\u0131r.<\/strong>\u00a0<\/p>\r\n<p>&nbsp;<\/p>\r\n<p><strong>\u00c7A\u011eATAY ULUSOY HAKAN: MUHAFIZ 3.SEZON YAYINI<\/strong><\/p>\r\n<p><img loading=\"lazy\" decoding=\"async\" class=\"alignnone size-full wp-image-26108\" src=\"http:\/\/balcilar-blog.com\/wp-content\/uploads\/2020\/02\/EHLGnIRWoAAVmIg.jpg\" alt=\"\" width=\"640\" height=\"356\" srcset=\"https:\/\/balcilar-blog.com\/wp-content\/uploads\/2020\/02\/EHLGnIRWoAAVmIg.jpg 640w, https:\/\/balcilar-blog.com\/wp-content\/uploads\/2020\/02\/EHLGnIRWoAAVmIg-300x167.jpg 300w\" sizes=\"auto, (max-width: 640px) 100vw, 640px\" \/><\/p>\r\n<p>\u00c7a\u011fatay Ulusoy&#8217;un Netflix Hakan Muhaf\u0131z (The Protector) dizisi aylard\u0131r sab\u0131rs\u0131zl\u0131kla bekleniyordu. \u00c7a\u011fatay Ulusoy YouTube ve \u0130nnstagram&#8217;dan a\u00e7\u0131klama yapt\u0131, yay\u0131n g\u00fcn\u00fcn\u00fc duyurdu ve resmi fragman\u0131 yay\u0131na verildi. A\u00e7\u0131klamas\u0131nda 6 Mart Cuma G\u00fcn\u00fc, 3.sezon t\u00fcm b\u00f6l\u00fcmleri T\u00fcrkiye Saati ile Saat:11.00&#8217;den itibaren yay\u0131na verilecek.\u00a0 190&#8217;dan fazla \u00fclkede, 150 bine yak\u0131n \u00fcyesi taraf\u0131ndan seyredebilecekler.<\/p>\r\n<p>&nbsp;<\/p>\r\n<p>Keyifli seyirler<\/p>\r\n<p>Sayg\u0131lar ve sevgiler.<\/p>\r\n<p>Abdurrahman Balc\u0131lar<\/p>\r\n<p>Twitter :\u00a0<a href=\"https:\/\/twitter.com\/abbalcilar\">abdurrahman balc\u0131lar<\/a><a href=\"https:\/\/twitter.com\/abbalcilar\"><strong>@abbalcilar<\/strong><\/a><\/p>\r\n<p>Mail :\u00a0<a href=\"mailto:ab.balcilar@hotmail.com\">ab.balcilar@hotmail.com<\/a><\/p>\r\n<p>Blog:\u00a0<a href=\"http:\/\/t.co\/znqmIZgIqn\">blog.milliyet.com.tr\/cansever<\/a><\/p>\r\n<p>\u015eahsi\u00a0Blog:\u00a0<a href=\"http:\/\/balcilar-blog.com\/\">Abdurrahman Balc\u0131lar Blog Sayfas\u0131<\/a><\/p>\r\n<!-- \/wp:post-content -->\r\n\r\n<!-- wp:paragraph -->\r\n<p>&nbsp;<\/p>","protected":false},"excerpt":{"rendered":"<p>TNS \u00f6l\u00e7\u00fcmlerine g\u00f6re haz\u0131rlad\u0131\u011f\u0131m\u00a010 &#8211;\u00a0 16 \u015eubat 2020\u00a0Tarihleri\u00a0aras\u0131nda en \u00e7ok seyredilen alt\u0131 Ulusal kanallar\u0131m\u0131zda ekranlar\u0131m\u0131za gelen 29 dizi aras\u0131nda, Total\u2019de ve AB\u2019de ilk ona giren, \u00d6ne \u00e7\u0131kan dizilerin, haftan\u0131n \u00e7ok izlenen dizilerini a\u015fa\u011f\u0131da bilgilerinize sunuyorum. GE\u00c7EN HAFTA G\u00d6STER\u0130MDEK\u0130 D\u0130Z\u0130LER :\u00a0 PAZARTES\u0130 (5 Dizi): \u00c7ukur (Show), Sefirin K\u0131z\u0131 (Star Tv), Yasak Elma (Fox), Zalim \u0130stanbul (Kanal [&hellip;]<\/p>\n","protected":false},"author":3,"featured_media":26110,"comment_status":"open","ping_status":"open","sticky":false,"template":"","format":"standard","meta":{"footnotes":""},"categories":[2],"tags":[679,1770,15,1250,1843,2100,2019,2007,1996,530],"class_list":["post-26096","post","type-post","status-publish","format-standard","has-post-thumbnail","hentry","category-tv-programlari","tag-3-sezon","tag-bir-zamanlar-cukurova","tag-cagatay-ulusoy","tag-haftanin-dizileri","tag-hakan-muhafiz","tag-hekimoglu","tag-kurulus-osman","tag-kuzey-yildizi","tag-mucize-doktor","tag-tns-olcumleri"],"views":2569,"blog_post_layout_featured_media_urls":{"thumbnail":["https:\/\/balcilar-blog.com\/wp-content\/uploads\/2020\/02\/cats-2-150x150.jpg",150,150,true],"full":["https:\/\/balcilar-blog.com\/wp-content\/uploads\/2020\/02\/cats-2.jpg",640,322,false]},"categories_names":{"2":{"name":"TV Programlar\u0131","link":"https:\/\/balcilar-blog.com\/?cat=2"}},"tags_names":{"679":{"name":"3.sezon","link":"https:\/\/balcilar-blog.com\/?tag=3-sezon"},"1770":{"name":"Bir Zamanlar \u00c7ukurova","link":"https:\/\/balcilar-blog.com\/?tag=bir-zamanlar-cukurova"},"15":{"name":"\u00e7a\u011fatay ulusoy","link":"https:\/\/balcilar-blog.com\/?tag=cagatay-ulusoy"},"1250":{"name":"Haftan\u0131n Dizileri","link":"https:\/\/balcilar-blog.com\/?tag=haftanin-dizileri"},"1843":{"name":"Hakan: Muhaf\u0131z","link":"https:\/\/balcilar-blog.com\/?tag=hakan-muhafiz"},"2100":{"name":"Hekimo\u011flu","link":"https:\/\/balcilar-blog.com\/?tag=hekimoglu"},"2019":{"name":"Kurulu\u015f Osman","link":"https:\/\/balcilar-blog.com\/?tag=kurulus-osman"},"2007":{"name":"Kuzey Y\u0131ld\u0131z\u0131","link":"https:\/\/balcilar-blog.com\/?tag=kuzey-yildizi"},"1996":{"name":"Mucize Doktor","link":"https:\/\/balcilar-blog.com\/?tag=mucize-doktor"},"530":{"name":"TNS \u00f6l\u00e7\u00fcmleri","link":"https:\/\/balcilar-blog.com\/?tag=tns-olcumleri"}},"comments_number":"0","wpmagazine_modules_lite_featured_media_urls":{"thumbnail":["https:\/\/balcilar-blog.com\/wp-content\/uploads\/2020\/02\/cats-2-150x150.jpg",150,150,true],"cvmm-medium":["https:\/\/balcilar-blog.com\/wp-content\/uploads\/2020\/02\/cats-2.jpg",300,151,false],"cvmm-medium-plus":["https:\/\/balcilar-blog.com\/wp-content\/uploads\/2020\/02\/cats-2.jpg",305,153,false],"cvmm-portrait":["https:\/\/balcilar-blog.com\/wp-content\/uploads\/2020\/02\/cats-2.jpg",400,201,false],"cvmm-medium-square":["https:\/\/balcilar-blog.com\/wp-content\/uploads\/2020\/02\/cats-2.jpg",600,302,false],"cvmm-large":["https:\/\/balcilar-blog.com\/wp-content\/uploads\/2020\/02\/cats-2.jpg",640,322,false],"cvmm-small":["https:\/\/balcilar-blog.com\/wp-content\/uploads\/2020\/02\/cats-2.jpg",130,65,false],"full":["https:\/\/balcilar-blog.com\/wp-content\/uploads\/2020\/02\/cats-2.jpg",640,322,false]},"_links":{"self":[{"href":"https:\/\/balcilar-blog.com\/index.php?rest_route=\/wp\/v2\/posts\/26096","targetHints":{"allow":["GET"]}}],"collection":[{"href":"https:\/\/balcilar-blog.com\/index.php?rest_route=\/wp\/v2\/posts"}],"about":[{"href":"https:\/\/balcilar-blog.com\/index.php?rest_route=\/wp\/v2\/types\/post"}],"author":[{"embeddable":true,"href":"https:\/\/balcilar-blog.com\/index.php?rest_route=\/wp\/v2\/users\/3"}],"replies":[{"embeddable":true,"href":"https:\/\/balcilar-blog.com\/index.php?rest_route=%2Fwp%2Fv2%2Fcomments&post=26096"}],"version-history":[{"count":7,"href":"https:\/\/balcilar-blog.com\/index.php?rest_route=\/wp\/v2\/posts\/26096\/revisions"}],"predecessor-version":[{"id":26112,"href":"https:\/\/balcilar-blog.com\/index.php?rest_route=\/wp\/v2\/posts\/26096\/revisions\/26112"}],"wp:featuredmedia":[{"embeddable":true,"href":"https:\/\/balcilar-blog.com\/index.php?rest_route=\/wp\/v2\/media\/26110"}],"wp:attachment":[{"href":"https:\/\/balcilar-blog.com\/index.php?rest_route=%2Fwp%2Fv2%2Fmedia&parent=26096"}],"wp:term":[{"taxonomy":"category","embeddable":true,"href":"https:\/\/balcilar-blog.com\/index.php?rest_route=%2Fwp%2Fv2%2Fcategories&post=26096"},{"taxonomy":"post_tag","embeddable":true,"href":"https:\/\/balcilar-blog.com\/index.php?rest_route=%2Fwp%2Fv2%2Ftags&post=26096"}],"curies":[{"name":"wp","href":"https:\/\/api.w.org\/{rel}","templated":true}]}}