{"id":25840,"date":"2019-12-22T14:30:12","date_gmt":"2019-12-22T12:30:12","guid":{"rendered":"http:\/\/balcilar-blog.com\/?p=25840"},"modified":"2019-12-22T14:32:25","modified_gmt":"2019-12-22T12:32:25","slug":"beren-saatin-netflix-atiye-2-turk-dizisi-27-aralik-2019-tarihinde-yayinda","status":"publish","type":"post","link":"https:\/\/balcilar-blog.com\/?p=25840","title":{"rendered":"Beren Saat&#8217;in Netflix &#8216;Atiye&#8217; 2.T\u00fcrk Dizisi 27 Aral\u0131k 2019 Tarihinde Yay\u0131nda!"},"content":{"rendered":"<p><img loading=\"lazy\" decoding=\"async\" class=\"alignnone size-full wp-image-25843\" src=\"http:\/\/balcilar-blog.com\/wp-content\/uploads\/2019\/12\/netflix-in-turkiye-deki-Kopya.jpg\" alt=\"\" width=\"640\" height=\"393\" srcset=\"https:\/\/balcilar-blog.com\/wp-content\/uploads\/2019\/12\/netflix-in-turkiye-deki-Kopya.jpg 640w, https:\/\/balcilar-blog.com\/wp-content\/uploads\/2019\/12\/netflix-in-turkiye-deki-Kopya-300x184.jpg 300w\" sizes=\"auto, (max-width: 640px) 100vw, 640px\" \/><\/p>\r\n<p>\u0130lk Netflix T\u00fcrk dizisi Hakan: Muhaf\u0131z&#8217;\u0131n ile t\u00fcm d\u00fcnyada \u00fclkelerinde yay\u0131nland\u0131. Ve arkas\u0131ndan 2. T\u00fcrk dizisi Atiye geliyor. Beren Saat&#8217;in uzunca bir sessizlikten sonra ba\u015frol\u00fcnde oynad\u0131\u011f\u0131 &#8220;Atiye&#8221; dizisi \u00f6n\u00fcm\u00fczdeki hafta 27 Aral\u0131k 2019 Cuma g\u00fcn\u00fc ayn\u0131 anda 1.Sezonun 8 b\u00f6l\u00fcm\u00fc yay\u0131na giriyor.<\/p>\r\n<p><img loading=\"lazy\" decoding=\"async\" class=\"alignnone size-full wp-image-25844\" src=\"http:\/\/balcilar-blog.com\/wp-content\/uploads\/2019\/12\/atiye-Kopya.jpg\" alt=\"\" width=\"640\" height=\"346\" srcset=\"https:\/\/balcilar-blog.com\/wp-content\/uploads\/2019\/12\/atiye-Kopya.jpg 640w, https:\/\/balcilar-blog.com\/wp-content\/uploads\/2019\/12\/atiye-Kopya-300x162.jpg 300w\" sizes=\"auto, (max-width: 640px) 100vw, 640px\" \/><\/p>\r\n<p>Son bir y\u0131lda bu Netflix dizisi ve Beren Saat hakk\u0131nda \u00e7ok \u015fey yaz\u0131ld\u0131 ve konu\u015fuldu.\u00a0<strong>Atiye<\/strong>\u00a0dizisi ne zaman yay\u0131nlanaca\u011f\u0131n\u0131 duyurdu\u011fu g\u00fcnden beri g\u00fcndemden d\u00fc\u015fm\u00fcyor. Netflix\u2019in ikinci T\u00fcrk orijinal yap\u0131m\u0131 olan\u00a0<strong>Atiye\u2019nin fragman\u0131\u00a0<\/strong>yay\u0131nland\u0131.<\/p>\r\n<p>Oyuncu kadrosunda\u00a0<strong>Beren Saat, Mehmet G\u00fcns\u00fcr, Metin Akd\u00fclger, Melisa \u015eenolsun, Ba\u015fak K\u00f6kl\u00fckaya, Civan Canova,<\/strong>\u00a0<strong>Tim Seyfi ve Meral \u00c7etinkaya\u00a0<\/strong>gibi isimlerin yer al\u0131yor.<\/p>\r\n<p><strong>Atiye dizisi<\/strong>, G\u00f6beklitepe&#8217;deki bir kaz\u0131 s\u0131ras\u0131nda yap\u0131lan ke\u015ffin, gen\u00e7 bir ressam\u0131n hayat\u0131n\u0131 de\u011fi\u015ftirip, ge\u00e7mi\u015fine dair s\u0131rlar\u0131n pe\u015fine d\u00fc\u015fmesini konu ediyor. G\u00f6beklitepe;\u00a0<strong>\u015eanl\u0131urfa\u00a0<\/strong>\u015fehir merkezinin yakla\u015f\u0131k\u00a0<strong>15 kilometre<\/strong>\u00a0kuzeydo\u011fusunda,<strong>\u00a0\u00d6rencik K\u00f6y\u00fc\u00a0<\/strong>yak\u0131nlar\u0131nda bulunuyor.<\/p>\r\n<p><img loading=\"lazy\" decoding=\"async\" class=\"alignnone size-full wp-image-25845\" src=\"http:\/\/balcilar-blog.com\/wp-content\/uploads\/2019\/12\/atiye-diziekip-750x375-c-Kopya.jpg\" alt=\"\" width=\"640\" height=\"359\" srcset=\"https:\/\/balcilar-blog.com\/wp-content\/uploads\/2019\/12\/atiye-diziekip-750x375-c-Kopya.jpg 640w, https:\/\/balcilar-blog.com\/wp-content\/uploads\/2019\/12\/atiye-diziekip-750x375-c-Kopya-300x168.jpg 300w\" sizes=\"auto, (max-width: 640px) 100vw, 640px\" \/><\/p>\r\n<p>\u015eeng\u00fcl Bayta\u015f taraf\u0131ndan yaz\u0131lan &#8220;D\u00fcnyan\u0131n Uyan\u0131\u015f\u0131&#8221; adl\u0131 kitaptan al\u0131nan dizi, 03 Medya ad\u0131na yap\u0131mc\u0131 Onur G\u00fcvenatam. Senaryosu Jason George ve Nuran Evren \u015eit yazm\u0131\u015f. \u0130lk sezon y\u00f6netmeni Ozan A\u00e7\u0131kal\u0131n &#8211; G\u00fcven\u00e7 Uyan\u0131k. Bu dizinin ilk teaser&#8217;\u0131 17 Kas\u0131m 2019 tarihinde yay\u0131nland\u0131. 28 Kas\u0131m 2019 tarihinde ilk fragman\u0131 yay\u0131nland\u0131. \u0130\u015fte o fragman:<\/p>\r\n<p><iframe loading=\"lazy\" title=\"Atiye | \u0130lk Fragman | Netflix\" width=\"640\" height=\"360\" src=\"https:\/\/www.youtube.com\/embed\/XVvME8S07zc?feature=oembed\" frameborder=\"0\" allow=\"accelerometer; autoplay; clipboard-write; encrypted-media; gyroscope; picture-in-picture; web-share\" referrerpolicy=\"strict-origin-when-cross-origin\" allowfullscreen><\/iframe><\/p>\r\n<p>Atiye 2 sezon yay\u0131nlanacak. \u0130lk sezon 8 b\u00f6l\u00fcm olarak 27 Aral\u0131k 2019 Cuma g\u00fcn\u00fc yay\u0131nda&#8230; Bu ilk Netflix dizisi Hakan: Muhaf\u0131z kadar tutacak m\u0131 bilmiyorum! Hela bir yay\u0131na girsin g\u00f6relim, seyredelim. 1.sezon yay\u0131nlanamadan 2.sezon da onay alm\u0131\u015f ve Temmuz &#8211; Ekim ay\u0131 aras\u0131nda \u00e7ekilmi\u015f ve bitmi\u015f. 2.sezon da yay\u0131na haz\u0131r. Tahminin 2020 y\u0131l sonuna do\u011fru yay\u0131na verilir.<\/p>\r\n<p>Beren Saat&#8217;in Atiye dizisi 190 \u00fclkede yay\u0131nlanmas\u0131 ile en az \u00c7a\u011fatay Ulusoy&#8217;un Hakan: Muhaf\u0131z dizisi kadar tutar ve \u015eanl\u0131urfa&#8217;n\u0131n G\u00f6beklitepe&#8217;ye turist \u00e7eker.<\/p>\r\n<p>Sayg\u0131lar ve Sevgiler.<\/p>\r\n<!-- \/wp:post-content -->\r\n\r\n<!-- wp:paragraph -->\r\n<p>Abdurrahman Balc\u0131lar<\/p>\r\n<!-- \/wp:paragraph -->\r\n\r\n<!-- wp:paragraph -->\r\n<p>Twitter : <a href=\"https:\/\/twitter.com\/abbalcilar\">abdurrahman balc\u0131lar<\/a><a href=\"https:\/\/twitter.com\/abbalcilar\"><strong>@abbalcilar<\/strong><\/a><\/p>\r\n<!-- \/wp:paragraph -->\r\n\r\n<!-- wp:paragraph -->\r\n<p>Mail :\u00a0<a href=\"mailto:ab.balcilar@hotmail.com\">ab.balcilar@hotmail.com<\/a><\/p>\r\n<!-- \/wp:paragraph -->\r\n\r\n<!-- wp:paragraph -->\r\n<p>Blog:\u00a0<a href=\"http:\/\/t.co\/znqmIZgIqn\">blog.milliyet.com.tr\/cansever<\/a><\/p>\r\n<div dir=\"auto\" lang=\"tr\">\u00a0<\/div>\r\n<p>&nbsp;<\/p>","protected":false},"excerpt":{"rendered":"<p>\u0130lk Netflix T\u00fcrk dizisi Hakan: Muhaf\u0131z&#8217;\u0131n ile t\u00fcm d\u00fcnyada \u00fclkelerinde yay\u0131nland\u0131. Ve arkas\u0131ndan 2. T\u00fcrk dizisi Atiye geliyor. Beren Saat&#8217;in uzunca bir sessizlikten sonra ba\u015frol\u00fcnde oynad\u0131\u011f\u0131 &#8220;Atiye&#8221; dizisi \u00f6n\u00fcm\u00fczdeki hafta 27 Aral\u0131k 2019 Cuma g\u00fcn\u00fc ayn\u0131 anda 1.Sezonun 8 b\u00f6l\u00fcm\u00fc yay\u0131na giriyor. Son bir y\u0131lda bu Netflix dizisi ve Beren Saat hakk\u0131nda \u00e7ok \u015fey yaz\u0131ld\u0131 [&hellip;]<\/p>\n","protected":false},"author":3,"featured_media":25843,"comment_status":"open","ping_status":"open","sticky":false,"template":"","format":"standard","meta":{"footnotes":""},"categories":[2],"tags":[2087,665,1944,481,798,1478,2088],"class_list":["post-25840","post","type-post","status-publish","format-standard","has-post-thumbnail","hentry","category-tv-programlari","tag-atiye","tag-beren-saat","tag-gobeklitepe","tag-mehmet-gunsur","tag-metin-akdulger","tag-netflix","tag-sanliurfa"],"views":2907,"blog_post_layout_featured_media_urls":{"thumbnail":["https:\/\/balcilar-blog.com\/wp-content\/uploads\/2019\/12\/netflix-in-turkiye-deki-Kopya-150x150.jpg",150,150,true],"full":["https:\/\/balcilar-blog.com\/wp-content\/uploads\/2019\/12\/netflix-in-turkiye-deki-Kopya.jpg",640,393,false]},"categories_names":{"2":{"name":"TV Programlar\u0131","link":"https:\/\/balcilar-blog.com\/?cat=2"}},"tags_names":{"2087":{"name":"Atiye","link":"https:\/\/balcilar-blog.com\/?tag=atiye"},"665":{"name":"Beren Saat","link":"https:\/\/balcilar-blog.com\/?tag=beren-saat"},"1944":{"name":"G\u00f6beklitepe","link":"https:\/\/balcilar-blog.com\/?tag=gobeklitepe"},"481":{"name":"Mehmet G\u00fcns\u00fcr","link":"https:\/\/balcilar-blog.com\/?tag=mehmet-gunsur"},"798":{"name":"Metin Akd\u00fclger","link":"https:\/\/balcilar-blog.com\/?tag=metin-akdulger"},"1478":{"name":"Netflix","link":"https:\/\/balcilar-blog.com\/?tag=netflix"},"2088":{"name":"\u015eanl\u0131urfa","link":"https:\/\/balcilar-blog.com\/?tag=sanliurfa"}},"comments_number":"0","wpmagazine_modules_lite_featured_media_urls":{"thumbnail":["https:\/\/balcilar-blog.com\/wp-content\/uploads\/2019\/12\/netflix-in-turkiye-deki-Kopya-150x150.jpg",150,150,true],"cvmm-medium":["https:\/\/balcilar-blog.com\/wp-content\/uploads\/2019\/12\/netflix-in-turkiye-deki-Kopya.jpg",300,184,false],"cvmm-medium-plus":["https:\/\/balcilar-blog.com\/wp-content\/uploads\/2019\/12\/netflix-in-turkiye-deki-Kopya.jpg",305,187,false],"cvmm-portrait":["https:\/\/balcilar-blog.com\/wp-content\/uploads\/2019\/12\/netflix-in-turkiye-deki-Kopya.jpg",400,246,false],"cvmm-medium-square":["https:\/\/balcilar-blog.com\/wp-content\/uploads\/2019\/12\/netflix-in-turkiye-deki-Kopya.jpg",600,368,false],"cvmm-large":["https:\/\/balcilar-blog.com\/wp-content\/uploads\/2019\/12\/netflix-in-turkiye-deki-Kopya.jpg",640,393,false],"cvmm-small":["https:\/\/balcilar-blog.com\/wp-content\/uploads\/2019\/12\/netflix-in-turkiye-deki-Kopya.jpg",130,80,false],"full":["https:\/\/balcilar-blog.com\/wp-content\/uploads\/2019\/12\/netflix-in-turkiye-deki-Kopya.jpg",640,393,false]},"_links":{"self":[{"href":"https:\/\/balcilar-blog.com\/index.php?rest_route=\/wp\/v2\/posts\/25840","targetHints":{"allow":["GET"]}}],"collection":[{"href":"https:\/\/balcilar-blog.com\/index.php?rest_route=\/wp\/v2\/posts"}],"about":[{"href":"https:\/\/balcilar-blog.com\/index.php?rest_route=\/wp\/v2\/types\/post"}],"author":[{"embeddable":true,"href":"https:\/\/balcilar-blog.com\/index.php?rest_route=\/wp\/v2\/users\/3"}],"replies":[{"embeddable":true,"href":"https:\/\/balcilar-blog.com\/index.php?rest_route=%2Fwp%2Fv2%2Fcomments&post=25840"}],"version-history":[{"count":4,"href":"https:\/\/balcilar-blog.com\/index.php?rest_route=\/wp\/v2\/posts\/25840\/revisions"}],"predecessor-version":[{"id":25848,"href":"https:\/\/balcilar-blog.com\/index.php?rest_route=\/wp\/v2\/posts\/25840\/revisions\/25848"}],"wp:featuredmedia":[{"embeddable":true,"href":"https:\/\/balcilar-blog.com\/index.php?rest_route=\/wp\/v2\/media\/25843"}],"wp:attachment":[{"href":"https:\/\/balcilar-blog.com\/index.php?rest_route=%2Fwp%2Fv2%2Fmedia&parent=25840"}],"wp:term":[{"taxonomy":"category","embeddable":true,"href":"https:\/\/balcilar-blog.com\/index.php?rest_route=%2Fwp%2Fv2%2Fcategories&post=25840"},{"taxonomy":"post_tag","embeddable":true,"href":"https:\/\/balcilar-blog.com\/index.php?rest_route=%2Fwp%2Fv2%2Ftags&post=25840"}],"curies":[{"name":"wp","href":"https:\/\/api.w.org\/{rel}","templated":true}]}}