{"id":25736,"date":"2019-12-10T21:44:20","date_gmt":"2019-12-10T19:44:20","guid":{"rendered":"http:\/\/balcilar-blog.com\/?p=25736"},"modified":"2019-12-10T22:03:00","modified_gmt":"2019-12-10T20:03:00","slug":"sefirin-kizi-cukurun-rakibi-olur-mu","status":"publish","type":"post","link":"https:\/\/balcilar-blog.com\/?p=25736","title":{"rendered":"Sefirin K\u0131z\u0131 \u00c7ukur&#8217;a Rakip Olur mu?"},"content":{"rendered":"<p><img loading=\"lazy\" decoding=\"async\" class=\"alignnone size-full wp-image-25743\" src=\"http:\/\/balcilar-blog.com\/wp-content\/uploads\/2019\/12\/82459.jpg\" alt=\"\" width=\"640\" height=\"426\" srcset=\"https:\/\/balcilar-blog.com\/wp-content\/uploads\/2019\/12\/82459.jpg 640w, https:\/\/balcilar-blog.com\/wp-content\/uploads\/2019\/12\/82459-300x200.jpg 300w\" sizes=\"auto, (max-width: 640px) 100vw, 640px\" \/><\/p>\r\n<p>&nbsp;<\/p>\r\n<p>Sefirin K\u0131z\u0131 16 Aral\u0131k Pazartesi ak\u015fam\u0131 ekranlara geliyor! Peki Star Tv&#8217;nin Engin Akyr\u00fcrek ve Neslihan Atag\u00fcl Do\u011fulu&#8217;nun ad\u0131ndan \u00e7ok s\u00f6z edilen bu dizisi &#8220;\u00c7urur&#8217;un rakibi olur mu? Yap\u0131m\u0131na NGM ve O3 Medya\u2019n\u0131n birlikte imza att\u0131\u011f\u0131 dizinin y\u00f6netmen koltu\u011funda Emre Kabaku\u015fak otururken, senaryosunu\u00a0Ay\u015fe Ferda Ery\u0131lmaz ve Sedef Nehir Erdem kaleme al\u0131yor.<\/p>\r\n<p><strong>ENG\u0130N AKY\u00dcREK &#8211; SANCAR EFEO\u011eLU:<\/strong><\/p>\r\n<p><img loading=\"lazy\" decoding=\"async\" class=\"alignnone size-full wp-image-25746\" src=\"http:\/\/balcilar-blog.com\/wp-content\/uploads\/2019\/12\/82854-SANCAR.jpg\" alt=\"\" width=\"480\" height=\"480\" srcset=\"https:\/\/balcilar-blog.com\/wp-content\/uploads\/2019\/12\/82854-SANCAR.jpg 480w, https:\/\/balcilar-blog.com\/wp-content\/uploads\/2019\/12\/82854-SANCAR-150x150.jpg 150w, https:\/\/balcilar-blog.com\/wp-content\/uploads\/2019\/12\/82854-SANCAR-300x300.jpg 300w\" sizes=\"auto, (max-width: 480px) 100vw, 480px\" \/><\/p>\r\n<p>Belediye Ba\u015fkan\u0131\u2019n\u0131n zeytinliklerinde \u00e7al\u0131\u015fan fakir bir yar\u0131c\u0131n\u0131n o\u011flu; Mu\u011fla\u2019dan ba\u015fka bir yer g\u00f6rmemi\u015f bir k\u00f6yl\u00fc \u00e7ocu\u011fu. Hep Nare\u2019ye sevdal\u0131, hep Nare\u2019nin ihanetinin ac\u0131s\u0131n\u0131 ta\u015f\u0131d\u0131, kalbinde hep o s\u0131rt\u0131ndan b\u0131\u00e7aklanm\u0131\u015f k\u00f6yl\u00fc \u00e7ocu\u011funu saklad\u0131. Nare\u2019den sonra h\u0131rs yapt\u0131, zengin oldu. Babas\u0131n\u0131n yar\u0131c\u0131l\u0131k yapt\u0131\u011f\u0131 o zeytinlikleri sat\u0131n ald\u0131, \u015fimdi bir konakta oturuyor ailesiyle. Hatta evlendi. Sancar bir Efe. Gazab\u0131 yakan \u015fefkati saran, \u00f6fkesi de sevdas\u0131 da b\u00fcy\u00fck, ne\u015fesi de ac\u0131s\u0131 da y\u00fcksek, halk\u0131n ba\u011fr\u0131ndan kopmu\u015f bir adam.<\/p>\r\n<p>&nbsp;<\/p>\r\n<div class=\"item-container\" data-id=\"82855\" data-order=\"2\" data-photo-url=\"\/dizi\/sefirin-kizi\/foto-galeriler\/kim-kimdir\/2\">\r\n<div class=\"photo-description\">\r\n<div class=\"photo-spot\"><strong>NESL\u0130HAN ATAG\u00dcL DO\u011eULU &#8211; NARE \u00c7ELEB\u0130:<\/strong><\/div>\r\n<div>\u00a0<\/div>\r\n<div class=\"photo-spot\"><img loading=\"lazy\" decoding=\"async\" class=\"alignnone size-full wp-image-25747\" src=\"http:\/\/balcilar-blog.com\/wp-content\/uploads\/2019\/12\/82855-1.jpg\" alt=\"\" width=\"750\" height=\"750\" srcset=\"https:\/\/balcilar-blog.com\/wp-content\/uploads\/2019\/12\/82855-1.jpg 750w, https:\/\/balcilar-blog.com\/wp-content\/uploads\/2019\/12\/82855-1-150x150.jpg 150w, https:\/\/balcilar-blog.com\/wp-content\/uploads\/2019\/12\/82855-1-300x300.jpg 300w\" sizes=\"auto, (max-width: 750px) 100vw, 750px\" \/><\/div>\r\n<div class=\"photo-spot\">Bir b\u00fcy\u00fckel\u00e7inin k\u0131z\u0131. \u0130zlanda\u2019da do\u011fmu\u015f; Norve\u00e7\u2019te, Japonya\u2019da, Hindistan\u2019da b\u00fcy\u00fcm\u00fc\u015f, sekiz dil bilen bir d\u00fcnya vatanda\u015f\u0131. Hep Sancar\u2019a sevdal\u0131, hep onun taraf\u0131ndan kovulu\u015funun ac\u0131s\u0131n\u0131 ta\u015f\u0131d\u0131, kalbinde\u00a0hep sevdi\u011fi adam\u0131n sahip \u00e7\u0131kmad\u0131\u011f\u0131 narin peri k\u0131z\u0131n\u0131 saklad\u0131. Sancar\u2019dan sonra evlad\u0131na tutundu, onun i\u00e7in ya\u015fad\u0131. Ac\u0131lar\u0131n\u0131 y\u00fcre\u011fine g\u00f6m\u00fcp o narin peri k\u0131z\u0131ndan bir amazon yaratt\u0131. Nare bir sava\u015f\u00e7\u0131; \u00e7ok kararl\u0131, \u00e7ok ak\u0131ll\u0131, akl\u0131na koydu\u011funu yapan, dik bir kad\u0131n.<\/div>\r\n<div>\u00a0<\/div>\r\n<div class=\"photo-spot\"><strong>URAZ KAYGILARO\u011eLU &#8211; GED\u0130Z I\u015eIKLI:<\/strong> <img loading=\"lazy\" decoding=\"async\" class=\"alignnone size-full wp-image-25756\" src=\"http:\/\/balcilar-blog.com\/wp-content\/uploads\/2019\/12\/82856-Gediz.jpg\" alt=\"\" width=\"750\" height=\"750\" srcset=\"https:\/\/balcilar-blog.com\/wp-content\/uploads\/2019\/12\/82856-Gediz.jpg 750w, https:\/\/balcilar-blog.com\/wp-content\/uploads\/2019\/12\/82856-Gediz-150x150.jpg 150w, https:\/\/balcilar-blog.com\/wp-content\/uploads\/2019\/12\/82856-Gediz-300x300.jpg 300w\" sizes=\"auto, (max-width: 750px) 100vw, 750px\" \/> Mu\u011fla\u2019n\u0131n en k\u00f6kl\u00fc ailelerinden birinin o\u011flu. Babas\u0131 Mu\u011fla\u2019n\u0131n \u00e7ok sevilen Belediye Ba\u015fkan\u0131 idi, Gediz de cok sevilen bir i\u015f adam\u0131 ve Sancar\u2019\u0131n orta\u011f\u0131. Nare \u00e7ocu\u011fuyla birlikte Mu\u011fla\u2019ya d\u00f6n\u00fcnce ona a\u015f\u0131k oldu ama Sancar da en yak\u0131n arkada\u015f\u0131! Gediz bir Joker. \u00c7ok e\u011flenceli bir adam ama k\u0131z\u0131nca d\u00fcnyay\u0131 yak\u0131p seyrine bakabilir. \u00a0<\/div>\r\n<div>\u00a0<\/div>\r\n<div class=\"photo-spot\"><strong>ERHAN <\/strong><strong>ALPAY &#8211; AKIN VARDARLI:<\/strong><\/div>\r\n<div>\u00a0<\/div>\r\n<div class=\"photo-spot\"><img loading=\"lazy\" decoding=\"async\" class=\"alignnone size-full wp-image-25760\" src=\"http:\/\/balcilar-blog.com\/wp-content\/uploads\/2019\/12\/82860-Ak\u0131n.jpg\" alt=\"\" width=\"750\" height=\"750\" srcset=\"https:\/\/balcilar-blog.com\/wp-content\/uploads\/2019\/12\/82860-Ak\u0131n.jpg 750w, https:\/\/balcilar-blog.com\/wp-content\/uploads\/2019\/12\/82860-Ak\u0131n-150x150.jpg 150w, https:\/\/balcilar-blog.com\/wp-content\/uploads\/2019\/12\/82860-Ak\u0131n-300x300.jpg 300w\" sizes=\"auto, (max-width: 750px) 100vw, 750px\" \/><\/div>\r\n<div class=\"photo-spot\">Nare\u2019nin ayn\u0131 evde birlikte b\u00fcy\u00fcd\u00fc\u011f\u00fc, abi bildi\u011fi adam. \u00c7ok zengin ailesi bir kazada \u00f6l\u00fcnce babas\u0131n\u0131n yak\u0131n arkada\u015f\u0131 olan Sefir Bey\u2019in vesayeti alt\u0131na girmi\u015f. Sefir Bey\u2019in miras\u0131na g\u00f6z dikti\u011fini farkedince, o da Nare\u2019ye g\u00f6z koymu\u015f. Ak\u0131n tam bir narsist sosyopat. Yapt\u0131\u011f\u0131 hi\u00e7bir \u015feyden sorumluluk hissetmez ve pi\u015fmanl\u0131k nedir bilmez. \u00a0<\/div>\r\n<div>\u00a0<\/div>\r\n<div class=\"photo-spot\"><strong>ERDAL K\u00dc\u00c7\u00dcKK\u00d6M\u00dcRC\u00dc &#8211; G\u00dcVEN \u00c7ELEB\u0130:<\/strong> <img loading=\"lazy\" decoding=\"async\" class=\"alignnone size-full wp-image-25761\" src=\"http:\/\/balcilar-blog.com\/wp-content\/uploads\/2019\/12\/82861-G\u00fcven.jpg\" alt=\"\" width=\"750\" height=\"750\" srcset=\"https:\/\/balcilar-blog.com\/wp-content\/uploads\/2019\/12\/82861-G\u00fcven.jpg 750w, https:\/\/balcilar-blog.com\/wp-content\/uploads\/2019\/12\/82861-G\u00fcven-150x150.jpg 150w, https:\/\/balcilar-blog.com\/wp-content\/uploads\/2019\/12\/82861-G\u00fcven-300x300.jpg 300w\" sizes=\"auto, (max-width: 750px) 100vw, 750px\" \/><\/div>\r\n<div class=\"photo-spot\">Nare\u2019nin b\u00fcy\u00fckel\u00e7i babas\u0131; Sefir Bey. \u015eimdilerde Montenegro b\u00fcy\u00fckel\u00e7isi.\u00a0\u00c7ok asil bir aileden gelmesine ra\u011fmen, hem soyunun hem mesle\u011finin \u015ferefine leke s\u00fcrecek gizli bir zaaf\u0131 var; kumar. Egemen Bey bir kibir yuma\u011f\u0131. K\u00f6yl\u00fclerden ve halktan nefret eder, kendisini bir \u015fey zanneder. Ama karakter olarak \u00e7ok zay\u0131ft\u0131r, zaaflar\u0131yla kibri aras\u0131nda bo\u011fulur durur.<\/div>\r\n<div>\u00a0<\/div>\r\n<div class=\"photo-spot\"><strong>GONCA C\u0130LASUN &#8211; HAL\u0130SE EFEO\u011eLU:<\/strong> <img loading=\"lazy\" decoding=\"async\" class=\"alignnone size-full wp-image-25762\" src=\"http:\/\/balcilar-blog.com\/wp-content\/uploads\/2019\/12\/82862-Halise.jpg\" alt=\"\" width=\"750\" height=\"750\" srcset=\"https:\/\/balcilar-blog.com\/wp-content\/uploads\/2019\/12\/82862-Halise.jpg 750w, https:\/\/balcilar-blog.com\/wp-content\/uploads\/2019\/12\/82862-Halise-150x150.jpg 150w, https:\/\/balcilar-blog.com\/wp-content\/uploads\/2019\/12\/82862-Halise-300x300.jpg 300w\" sizes=\"auto, (max-width: 750px) 100vw, 750px\" \/> Sancar\u2019\u0131n annesi. Bir zamanlar Belediye Ba\u015fkan\u0131\u2019n\u0131n evinde beslemeydi, \u015fimdi Efeo\u011flu Kona\u011f\u0131\u2019nda Han\u0131m. Kendisi gibi a\u015fa\u011f\u0131dan gelme Menek\u015fe\u2019ye b\u00fcy\u00fck sempatisi var, Sefir K\u0131z\u0131 Nare\u2019den nefret ediyor. Halisefe sonradan g\u00f6rme bir \u201cbulla\u201d, yani Mu\u011fla a\u011fz\u0131yla han\u0131m a\u011fa. \u00c7ocuklar\u0131 i\u00e7in can\u0131n\u0131 verir lakin onun do\u011frusundan ba\u015fka her \u015fey yanl\u0131\u015f; onun soyundan gayri herkes d\u00fc\u015fman.<\/div>\r\n<div>\u00a0<\/div>\r\n<div class=\"photo-spot\"><strong>T\u00dcL\u0130N YAZKAN &#8211; MENEK\u015eE EFEO\u011eLU:<\/strong> <img loading=\"lazy\" decoding=\"async\" class=\"alignnone size-full wp-image-25763\" src=\"http:\/\/balcilar-blog.com\/wp-content\/uploads\/2019\/12\/82863-Menek\u015fe.jpg\" alt=\"\" width=\"750\" height=\"750\" srcset=\"https:\/\/balcilar-blog.com\/wp-content\/uploads\/2019\/12\/82863-Menek\u015fe.jpg 750w, https:\/\/balcilar-blog.com\/wp-content\/uploads\/2019\/12\/82863-Menek\u015fe-150x150.jpg 150w, https:\/\/balcilar-blog.com\/wp-content\/uploads\/2019\/12\/82863-Menek\u015fe-300x300.jpg 300w\" sizes=\"auto, (max-width: 750px) 100vw, 750px\" \/> Sancar\u2019\u0131n yeni evlendi\u011fi kar\u0131s\u0131. Zaten sava\u015fmak zorunda oldu\u011fu bir destan vard\u0131; \u015fimdi destan\u0131n kahraman\u0131 Nare geri d\u00f6nd\u00fc. \u00dcstelik evlendi\u011fi gece bir \u00fcvey k\u0131z\u0131 oldu! Menek\u015fe bir \u015feytan. Ama sana bir melek gibi g\u00f6r\u00fcn\u00fcr, gemisini y\u00fcr\u00fct\u00fcr. Dizide; Do\u011fukan Polat (Yahya), Hivda Zizan Alp (Elvan),\u00a0 \u00d6zlen \u00c7akar Yal\u00e7\u0131nkaya (Refika), Esra K\u0131z\u0131ldo\u011fan (M\u00fcge), Cemre \u00d6ktem (Zehra), Edip Tepeli (Kavruk \u00d6mer) ve Beren Gen\u00e7alp (Melek) karakterleri olarak rol al\u0131yorlar.<\/div>\r\n<\/div>\r\n<\/div>\r\n<p>\u015eu g\u00fcnlerde; Star\u2019\u0131n yeni sezondaki iddial\u0131 projelerinden \u2018Sefirin K\u0131z\u0131\u2019n\u0131n \u00e7ekimleri Balkanlar\u2019\u0131n yeni g\u00f6zdesi\u00a0Montenegro\u2019da devam ediyor. <img loading=\"lazy\" decoding=\"async\" class=\"alignnone size-full wp-image-25767\" src=\"http:\/\/balcilar-blog.com\/wp-content\/uploads\/2019\/12\/82660.jpg\" alt=\"\" width=\"640\" height=\"426\" srcset=\"https:\/\/balcilar-blog.com\/wp-content\/uploads\/2019\/12\/82660.jpg 640w, https:\/\/balcilar-blog.com\/wp-content\/uploads\/2019\/12\/82660-300x200.jpg 300w\" sizes=\"auto, (max-width: 640px) 100vw, 640px\" \/> \u00a0 <img loading=\"lazy\" decoding=\"async\" class=\"alignnone size-full wp-image-25752\" src=\"http:\/\/balcilar-blog.com\/wp-content\/uploads\/2019\/12\/82662.jpg\" alt=\"\" width=\"640\" height=\"426\" srcset=\"https:\/\/balcilar-blog.com\/wp-content\/uploads\/2019\/12\/82662.jpg 640w, https:\/\/balcilar-blog.com\/wp-content\/uploads\/2019\/12\/82662-300x200.jpg 300w\" sizes=\"auto, (max-width: 640px) 100vw, 640px\" \/> <img loading=\"lazy\" decoding=\"async\" class=\"alignnone size-full wp-image-25754\" src=\"http:\/\/balcilar-blog.com\/wp-content\/uploads\/2019\/12\/82665.jpg\" alt=\"\" width=\"640\" height=\"426\" srcset=\"https:\/\/balcilar-blog.com\/wp-content\/uploads\/2019\/12\/82665.jpg 640w, https:\/\/balcilar-blog.com\/wp-content\/uploads\/2019\/12\/82665-300x200.jpg 300w\" sizes=\"auto, (max-width: 640px) 100vw, 640px\" \/> <img loading=\"lazy\" decoding=\"async\" class=\"alignnone size-full wp-image-25753\" src=\"http:\/\/balcilar-blog.com\/wp-content\/uploads\/2019\/12\/82663.jpg\" alt=\"\" width=\"640\" height=\"434\" srcset=\"https:\/\/balcilar-blog.com\/wp-content\/uploads\/2019\/12\/82663.jpg 640w, https:\/\/balcilar-blog.com\/wp-content\/uploads\/2019\/12\/82663-300x203.jpg 300w\" sizes=\"auto, (max-width: 640px) 100vw, 640px\" \/> <img loading=\"lazy\" decoding=\"async\" class=\"alignnone size-full wp-image-25751\" src=\"http:\/\/balcilar-blog.com\/wp-content\/uploads\/2019\/12\/82661.jpg\" alt=\"\" width=\"640\" height=\"426\" srcset=\"https:\/\/balcilar-blog.com\/wp-content\/uploads\/2019\/12\/82661.jpg 640w, https:\/\/balcilar-blog.com\/wp-content\/uploads\/2019\/12\/82661-300x200.jpg 300w\" sizes=\"auto, (max-width: 640px) 100vw, 640px\" \/> Montenegro,\u00a0G\u00fcneydo\u011fu Avrupa&#8217;da yer alan, do\u011fusunda Kosova, g\u00fcneydo\u011fusunda Arnavutluk, kuzeyinde S\u0131rbistan, bat\u0131s\u0131nda H\u0131rvatistan ve Bosna-Hersek ile kom\u015fu olup, g\u00fcneyinde Adriyatik Denizi yer al\u0131r. bu \u015firin k\u00fc\u00e7\u00fck \u00fclkede \u00e7ekimler devam ediyor. Engin Aky\u00fcrek ve Neslihan Ata\u011f\u00fcl Do\u011fulu&#8217;nun ba\u015frol\u00fc oynad\u0131klar\u0131 bu g\u00fczel a\u015fk ve duygu dolu bu dizi \u00f6n\u00fcm\u00fczdeki hafta 16 Aral\u0131k 2019 Pazartesi ak\u015fam\u0131 Star Tv. ekranlar\u0131nda olacak.<\/p>\r\n<p>Blog yaz\u0131m\u0131n ba\u015fl\u0131\u011f\u0131nda sordu\u011fum soruyu tekrarl\u0131yorum. <strong>&#8220;Sefirin K\u0131z\u0131&#8221; \u00c7ukur&#8217;un rakibi olur mu? <\/strong>Pazartesi geceleri 3 sezondur devam eden \u00c7ukur&#8217;un ciddi bir erkek izleyicisi ve takip\u00e7isi var. Son zamanlarda \u00e7ok \u00e7atta-pat (tabancalar patlayan) yapan, keklik gibi adam \u00f6ld\u00fcr\u00fclen bu diziden bayan izleyiciler ve bir k\u0131s\u0131m da erkek izleyici ka\u00e7acaklar ve &#8220;Sefirin K\u0131z\u0131&#8221; dizisinin ciddi takip\u00e7isi olacaklard\u0131r. \u015eimdiye kadar 3 tan\u0131t\u0131m\u0131 yay\u0131nland\u0131. i\u015fte 3.fragman\u0131:<\/p>\r\n<p><iframe loading=\"lazy\" title=\"Sefirin K\u0131z\u0131 1. B\u00f6l\u00fcm 3. Tan\u0131t\u0131m! \u0130lk B\u00f6l\u00fcm 16 Aral\u0131k Pazartesi Star\u2019da!\" width=\"640\" height=\"360\" src=\"https:\/\/www.youtube.com\/embed\/pDgVcCzBL0I?feature=oembed\" frameborder=\"0\" allow=\"accelerometer; autoplay; clipboard-write; encrypted-media; gyroscope; picture-in-picture; web-share\" referrerpolicy=\"strict-origin-when-cross-origin\" allowfullscreen><\/iframe><\/p>\r\n<p>Ba\u015far\u0131l\u0131 ve sevilen bir dizi olaca\u011f\u0131n\u0131 tahmin ediyorum. T\u00fcm ekibine ba\u015far\u0131lar diliyorum.<\/p>\r\n<p>Keyifli seyirler&#8230;<\/p>\r\n<p>Sayg\u0131lar ve sevgiler.<\/p>\r\n<p>Abdurrahman Balc\u0131lar<\/p>\r\n<p>Twitter :\u00a0<a href=\"https:\/\/twitter.com\/abbalcilar\">abdurrahman balc\u0131lar<\/a><a href=\"https:\/\/twitter.com\/abbalcilar\"><strong>@abbalcilar<\/strong><\/a><\/p>\r\n<p>Mail :\u00a0<a href=\"mailto:ab.balcilar@hotmail.com\">ab.balcilar@hotmail.com<\/a><\/p>\r\n<p>Blog:\u00a0<a href=\"http:\/\/t.co\/znqmIZgIqn\">blog.milliyet.com.tr\/cansever<\/a><\/p>\r\n<p>\u015eahsi\u00a0Blog:\u00a0<a href=\"http:\/\/balcilar-blog.com\/\">Abdurrahman Balc\u0131lar Blog Sayfas\u0131<\/a><\/p>\r\n<!-- \/wp:post-content -->\r\n\r\n<!-- wp:paragraph -->\r\n<p>&nbsp;<\/p>","protected":false},"excerpt":{"rendered":"<p>&nbsp; Sefirin K\u0131z\u0131 16 Aral\u0131k Pazartesi ak\u015fam\u0131 ekranlara geliyor! Peki Star Tv&#8217;nin Engin Akyr\u00fcrek ve Neslihan Atag\u00fcl Do\u011fulu&#8217;nun ad\u0131ndan \u00e7ok s\u00f6z edilen bu dizisi &#8220;\u00c7urur&#8217;un rakibi olur mu? Yap\u0131m\u0131na NGM ve O3 Medya\u2019n\u0131n birlikte imza att\u0131\u011f\u0131 dizinin y\u00f6netmen koltu\u011funda Emre Kabaku\u015fak otururken, senaryosunu\u00a0Ay\u015fe Ferda Ery\u0131lmaz ve Sedef Nehir Erdem kaleme al\u0131yor. ENG\u0130N AKY\u00dcREK &#8211; SANCAR [&hellip;]<\/p>\n","protected":false},"author":3,"featured_media":25743,"comment_status":"open","ping_status":"open","sticky":false,"template":"","format":"standard","meta":{"footnotes":""},"categories":[2],"tags":[1555,82,2078,2079,1995,25],"class_list":["post-25736","post","type-post","status-publish","format-standard","has-post-thumbnail","hentry","category-tv-programlari","tag-cukur","tag-engin-akyurek","tag-neslihan-atagul-dogulu","tag-ngm-o3-medya","tag-sefirin-kizi","tag-star-tv"],"views":2650,"blog_post_layout_featured_media_urls":{"thumbnail":["https:\/\/balcilar-blog.com\/wp-content\/uploads\/2019\/12\/82459-150x150.jpg",150,150,true],"full":["https:\/\/balcilar-blog.com\/wp-content\/uploads\/2019\/12\/82459.jpg",640,426,false]},"categories_names":{"2":{"name":"TV Programlar\u0131","link":"https:\/\/balcilar-blog.com\/?cat=2"}},"tags_names":{"1555":{"name":"\u00c7ukur","link":"https:\/\/balcilar-blog.com\/?tag=cukur"},"82":{"name":"Engin Aky\u00fcrek","link":"https:\/\/balcilar-blog.com\/?tag=engin-akyurek"},"2078":{"name":"Neslihan Atag\u00fcl Do\u011fulu","link":"https:\/\/balcilar-blog.com\/?tag=neslihan-atagul-dogulu"},"2079":{"name":"NGM - O3 Medya","link":"https:\/\/balcilar-blog.com\/?tag=ngm-o3-medya"},"1995":{"name":"Sefirin K\u0131z\u0131","link":"https:\/\/balcilar-blog.com\/?tag=sefirin-kizi"},"25":{"name":"Star Tv","link":"https:\/\/balcilar-blog.com\/?tag=star-tv"}},"comments_number":"0","wpmagazine_modules_lite_featured_media_urls":{"thumbnail":["https:\/\/balcilar-blog.com\/wp-content\/uploads\/2019\/12\/82459-150x150.jpg",150,150,true],"cvmm-medium":["https:\/\/balcilar-blog.com\/wp-content\/uploads\/2019\/12\/82459.jpg",300,200,false],"cvmm-medium-plus":["https:\/\/balcilar-blog.com\/wp-content\/uploads\/2019\/12\/82459.jpg",305,203,false],"cvmm-portrait":["https:\/\/balcilar-blog.com\/wp-content\/uploads\/2019\/12\/82459.jpg",400,266,false],"cvmm-medium-square":["https:\/\/balcilar-blog.com\/wp-content\/uploads\/2019\/12\/82459.jpg",600,399,false],"cvmm-large":["https:\/\/balcilar-blog.com\/wp-content\/uploads\/2019\/12\/82459.jpg",640,426,false],"cvmm-small":["https:\/\/balcilar-blog.com\/wp-content\/uploads\/2019\/12\/82459.jpg",130,87,false],"full":["https:\/\/balcilar-blog.com\/wp-content\/uploads\/2019\/12\/82459.jpg",640,426,false]},"_links":{"self":[{"href":"https:\/\/balcilar-blog.com\/index.php?rest_route=\/wp\/v2\/posts\/25736","targetHints":{"allow":["GET"]}}],"collection":[{"href":"https:\/\/balcilar-blog.com\/index.php?rest_route=\/wp\/v2\/posts"}],"about":[{"href":"https:\/\/balcilar-blog.com\/index.php?rest_route=\/wp\/v2\/types\/post"}],"author":[{"embeddable":true,"href":"https:\/\/balcilar-blog.com\/index.php?rest_route=\/wp\/v2\/users\/3"}],"replies":[{"embeddable":true,"href":"https:\/\/balcilar-blog.com\/index.php?rest_route=%2Fwp%2Fv2%2Fcomments&post=25736"}],"version-history":[{"count":6,"href":"https:\/\/balcilar-blog.com\/index.php?rest_route=\/wp\/v2\/posts\/25736\/revisions"}],"predecessor-version":[{"id":25772,"href":"https:\/\/balcilar-blog.com\/index.php?rest_route=\/wp\/v2\/posts\/25736\/revisions\/25772"}],"wp:featuredmedia":[{"embeddable":true,"href":"https:\/\/balcilar-blog.com\/index.php?rest_route=\/wp\/v2\/media\/25743"}],"wp:attachment":[{"href":"https:\/\/balcilar-blog.com\/index.php?rest_route=%2Fwp%2Fv2%2Fmedia&parent=25736"}],"wp:term":[{"taxonomy":"category","embeddable":true,"href":"https:\/\/balcilar-blog.com\/index.php?rest_route=%2Fwp%2Fv2%2Fcategories&post=25736"},{"taxonomy":"post_tag","embeddable":true,"href":"https:\/\/balcilar-blog.com\/index.php?rest_route=%2Fwp%2Fv2%2Ftags&post=25736"}],"curies":[{"name":"wp","href":"https:\/\/api.w.org\/{rel}","templated":true}]}}