{"id":25671,"date":"2019-11-30T14:59:38","date_gmt":"2019-11-30T12:59:38","guid":{"rendered":"http:\/\/balcilar-blog.com\/?p=25671"},"modified":"2019-11-30T15:24:12","modified_gmt":"2019-11-30T13:24:12","slug":"mucize-doktor-reytingleri-buyuk-oranda-taner-olmezin-basarisi","status":"publish","type":"post","link":"https:\/\/balcilar-blog.com\/?p=25671","title":{"rendered":"&#8220;Mucize Doktor&#8221; Reytingleri B\u00fcy\u00fck Oranda Taner \u00d6lmez&#8217;in Ba\u015far\u0131s\u0131!"},"content":{"rendered":"<p><img loading=\"lazy\" decoding=\"async\" class=\"alignnone size-full wp-image-25676\" src=\"http:\/\/balcilar-blog.com\/wp-content\/uploads\/2019\/11\/taner-olmez-152650WL.jpg\" alt=\"\" width=\"640\" height=\"452\" srcset=\"https:\/\/balcilar-blog.com\/wp-content\/uploads\/2019\/11\/taner-olmez-152650WL.jpg 640w, https:\/\/balcilar-blog.com\/wp-content\/uploads\/2019\/11\/taner-olmez-152650WL-300x212.jpg 300w\" sizes=\"auto, (max-width: 640px) 100vw, 640px\" \/><\/p>\n<p>&#8216;<strong>Mucize Doktor&#8217;<\/strong>un ilk b\u00f6l\u00fcm\u00fcnden bu yana 12 b\u00f6l\u00fcmde Haftan\u0131n dizileri aras\u0131nda olmas\u0131 tesad\u00fcf de\u011fil. Bana g\u00f6re tamamen Taner \u00d6lmez gibi bir oyuncunun ba\u015far\u0131s\u0131&#8230; Otizm hastas\u0131 rol\u00fcnde olduk\u00e7a ba\u015far\u0131l\u0131. Bu hastal\u0131\u011f\u0131n t\u00fcm belirtilerini v\u00fccut dili ile ya\u015f\u0131yor ve ya\u015fat\u0131yor. Bana g\u00f6re s\u00fcper ba\u015far\u0131l\u0131 bir oyuncumuz.<\/p>\n<p>Taner \u00d6lmez&#8217;i Medcezir dizisinde tan\u0131d\u0131m, \u00e7ok sevmi\u015ftim. 8 Ekim 2013 Tarihinde yazd\u0131\u011f\u0131m blog yaz\u0131mda; &#8220;<strong>Medcezir, Mert karakteri ile yeni bir y\u0131ld\u0131z yaratt\u0131 \/ Taner \u00d6lmez<\/strong>&#8221; ba\u015far\u0131s\u0131n\u0131 anlatm\u0131\u015ft\u0131m. (*) K\u0131v\u0131r k\u0131v\u0131r l\u00fcle sa\u00e7lar\u0131, kara \u00fcz\u00fcm gibi g\u00f6zleri, k\u0131p\u0131r k\u0131p\u0131r bir oyuncumuz demi\u015ftim \u015fimdi de \u00f6yle, \u00e7ok daha ba\u015far\u0131l\u0131. Ger\u00e7ekten Taner \u00d6lmez Mucize Doktor&#8217;da Ali Vefa karakteri ile mucizeler yarat\u0131yor. Bu ba\u015far\u0131s\u0131ndan dolay\u0131 candan tebrik ediyor, aln\u0131ndan \u00f6p\u00fcyorum. B\u00fcy\u00fck keyif alarak diziyi seyrediyorum.<\/p>\n<p><img loading=\"lazy\" decoding=\"async\" class=\"alignnone size-full wp-image-25675\" src=\"http:\/\/balcilar-blog.com\/wp-content\/uploads\/2019\/11\/taner-olmez.jpg\" alt=\"\" width=\"640\" height=\"388\" srcset=\"https:\/\/balcilar-blog.com\/wp-content\/uploads\/2019\/11\/taner-olmez.jpg 640w, https:\/\/balcilar-blog.com\/wp-content\/uploads\/2019\/11\/taner-olmez-300x182.jpg 300w\" sizes=\"auto, (max-width: 640px) 100vw, 640px\" \/><\/p>\n<p>Taner \u00d6lmez 33 ya\u015f\u0131nda olmas\u0131na ra\u011fmen, minyon g\u00f6r\u00fcn\u00fc\u015f\u00fc nedeniyle 20 ya\u015flar\u0131nda g\u00f6r\u00fcn\u00fcyor. Tunceli do\u011fumlu olan \u00d6lmez, 6 ya\u015f\u0131nda ailesi ile birlikte \u0130stanbul&#8217;a g\u00f6\u00e7 etmi\u015f,\u00a0E\u011fitimini \u0130stanbul \u00dcniversitesi Devlet Konservatuar\u0131 Tiyatro B\u00f6l\u00fcm\u00fc&#8217;nde tamamlam\u0131\u015ft\u0131r. \u0130lk oyunculuk deneyimini 2009 y\u0131l\u0131nda rol ald\u0131\u011f\u0131 Kapal\u0131 \u00c7ar\u015f\u0131 dizisi ile ba\u015flam\u0131\u015ft\u0131r. Bug\u00fcne kadar 15 yak\u0131n dizi ve sinema oyunculu yapm\u0131\u015ft\u0131r. 2013-2014 y\u0131llar\u0131nda <strong>\u00c7a\u011fatay Ulusoy<\/strong> ile birlikte oynad\u0131\u011f\u0131 &#8220;<strong>Medcezir<\/strong>&#8221; dizisinde Mert As\u0131m Serez karakteri ile kendisini g\u00f6stermi\u015ftir.<\/p>\n<p>Mucize Doktor bir Kore dizisinden uyarlama ama bizdeki oyuncular\u0131n ba\u015far\u0131s\u0131 nedeniyle orjinali olan &#8220;Good Doctor&#8217;dan fazla tutulmu\u015ftur. Ali Vefa karakteri ile s\u00fcper bir performans g\u00f6steriyor. Rol\u00fc adeta ya\u015fayarak oynuyor.<\/p>\n<p>Dizinin bu kadar ba\u015far\u0131l\u0131 olmas\u0131nda dizide oynayan di\u011fer oyuncular\u0131 da g\u00f6zard\u0131 etmeyelim. Ayr\u0131ca yard\u0131mc\u0131 karakterlerde se\u00e7ilen hasta oyuncular da \u00e7ok ba\u015far\u0131l\u0131.<\/p>\n<p><img loading=\"lazy\" decoding=\"async\" class=\"alignnone size-full wp-image-25672\" src=\"http:\/\/balcilar-blog.com\/wp-content\/uploads\/2019\/11\/mucize-doktor-dizisi-ferman-onur-tuna.png\" alt=\"\" width=\"526\" height=\"480\" srcset=\"https:\/\/balcilar-blog.com\/wp-content\/uploads\/2019\/11\/mucize-doktor-dizisi-ferman-onur-tuna.png 526w, https:\/\/balcilar-blog.com\/wp-content\/uploads\/2019\/11\/mucize-doktor-dizisi-ferman-onur-tuna-300x274.png 300w\" sizes=\"auto, (max-width: 526px) 100vw, 526px\" \/><\/p>\n<p>Ferman Hoca sert g\u00f6r\u00fcnmeye \u00e7al\u0131\u015fsa da, g\u00fczel y\u00fcz\u00fcn\u00fcn arkas\u0131nda yumu\u015fac\u0131k bir kalbi var. Ali Vefa&#8217;n\u0131n hamisi g\u00f6r\u00fcn\u00fcm\u00fcndeki Adil Hoca ona tam bir korumac\u0131, merhametli baba rol\u00fcnde ba\u015far\u0131s\u0131 yads\u0131namaz.<\/p>\n<p><img loading=\"lazy\" decoding=\"async\" class=\"alignnone size-full wp-image-25674\" src=\"http:\/\/balcilar-blog.com\/wp-content\/uploads\/2019\/11\/s-5827a0e2ad57788d4.jpg\" alt=\"\" width=\"480\" height=\"482\" srcset=\"https:\/\/balcilar-blog.com\/wp-content\/uploads\/2019\/11\/s-5827a0e2ad57788d4.jpg 480w, https:\/\/balcilar-blog.com\/wp-content\/uploads\/2019\/11\/s-5827a0e2ad57788d4-150x150.jpg 150w, https:\/\/balcilar-blog.com\/wp-content\/uploads\/2019\/11\/s-5827a0e2ad57788d4-300x300.jpg 300w\" sizes=\"auto, (max-width: 480px) 100vw, 480px\" \/><\/p>\n<p>Ali Vefa&#8217;y\u0131 seven doktor Nazl\u0131 karakteri ile (Sinem \u00dcnsal) ba\u015far\u0131s\u0131ndan da s\u00f6z etmeliyiz.<\/p>\n<p>Dizinin oyuncu kadrosunda Taner \u00d6lmez, Onur Tuna (Ferman Hoca), Sinem \u00dcnsal (Nazl\u0131), Hazal T\u00fcresan (Beliz), F\u0131rat Altunme\u015fe (Demir), Murat Aygen (Tanju Hoca) ve Reha \u00d6zcan (Adil Hoca) gibi iyi oyuncular\u0131 olan dizi reyting rekorlar\u0131 k\u0131rmaya devam edecektir.<\/p>\n<p><img loading=\"lazy\" decoding=\"async\" class=\"alignnone size-full wp-image-25673\" src=\"http:\/\/balcilar-blog.com\/wp-content\/uploads\/2019\/11\/mucize-doktor-un-adil-ho.jpg\" alt=\"\" width=\"640\" height=\"404\" srcset=\"https:\/\/balcilar-blog.com\/wp-content\/uploads\/2019\/11\/mucize-doktor-un-adil-ho.jpg 640w, https:\/\/balcilar-blog.com\/wp-content\/uploads\/2019\/11\/mucize-doktor-un-adil-ho-300x189.jpg 300w\" sizes=\"auto, (max-width: 640px) 100vw, 640px\" \/><\/p>\n<p>Taner \u00d6lmez diziyi s\u00fcr\u00fckleyen, seyredilir k\u0131lan ba\u015far\u0131l\u0131 bir oyuncumuz olarak g\u00f6z dolduruyor.<\/p>\n<p>Mucize Doktor&#8217;muz (Taner \u00d6lmez) ve t\u00fcm kadrosuna, yap\u0131mc\u0131s\u0131ndan t\u00fcn kamera arkas\u0131nda \u00e7al\u0131\u015fanlara ba\u015far\u0131lar\u0131 daim olsun diyor, sezon sonuna kadar ekranlarda g\u00f6rmek istiyorum.<\/p>\n<p>(*)\u00a0http:\/\/blog.milliyet.com.tr\/medcezir&#8211;mert-karekteri-ile-yeni-bir-yildiz-yaratti&#8212;taner-olmez\/Blog\/?BlogNo=431823<\/p>\n<p>Sayg\u0131lar ve sevgiler.<\/p>\n<p>Abdurrahman Balc\u0131lar<\/p>\n<p>Twitter : <a href=\"https:\/\/twitter.com\/abbalcilar\">abdurrahman balc\u0131lar<\/a><a href=\"https:\/\/twitter.com\/abbalcilar\"><strong>@abbalcilar<\/strong><\/a><\/p>\n<p>Mail :\u00a0<a href=\"mailto:ab.balcilar@hotmail.com\">ab.balcilar@hotmail.com<\/a><\/p>\n<p>Blog:\u00a0<a href=\"http:\/\/t.co\/znqmIZgIqn\">blog.milliyet.com.tr\/cansever<\/a><\/p>\n<p>\u015eahsi Blog:\u00a0<a href=\"http:\/\/balcilar-blog.com\/\">Abdurrahman Balc\u0131lar Blog Sayfas<\/a>\u0131<\/p>\n<h1><\/h1>\n","protected":false},"excerpt":{"rendered":"<p>&#8216;Mucize Doktor&#8217;un ilk b\u00f6l\u00fcm\u00fcnden bu yana 12 b\u00f6l\u00fcmde Haftan\u0131n dizileri aras\u0131nda olmas\u0131 tesad\u00fcf de\u011fil. Bana g\u00f6re tamamen Taner \u00d6lmez gibi bir oyuncunun ba\u015far\u0131s\u0131&#8230; Otizm hastas\u0131 rol\u00fcnde olduk\u00e7a ba\u015far\u0131l\u0131. Bu hastal\u0131\u011f\u0131n t\u00fcm belirtilerini v\u00fccut dili ile ya\u015f\u0131yor ve ya\u015fat\u0131yor. Bana g\u00f6re s\u00fcper ba\u015far\u0131l\u0131 bir oyuncumuz. Taner \u00d6lmez&#8217;i Medcezir dizisinde tan\u0131d\u0131m, \u00e7ok sevmi\u015ftim. 8 Ekim 2013 Tarihinde [&hellip;]<\/p>\n","protected":false},"author":3,"featured_media":25676,"comment_status":"open","ping_status":"open","sticky":false,"template":"","format":"standard","meta":{"footnotes":""},"categories":[2],"tags":[15,16,1996,338,2067,1493,1997,28],"class_list":["post-25671","post","type-post","status-publish","format-standard","has-post-thumbnail","hentry","category-tv-programlari","tag-cagatay-ulusoy","tag-medcezir","tag-mucize-doktor","tag-murat-aygen","tag-onur-tuna","tag-reha-ozcan","tag-sinem-unsal","tag-taner-olmez"],"views":3510,"blog_post_layout_featured_media_urls":{"thumbnail":["https:\/\/balcilar-blog.com\/wp-content\/uploads\/2019\/11\/taner-olmez-152650WL-150x150.jpg",150,150,true],"full":["https:\/\/balcilar-blog.com\/wp-content\/uploads\/2019\/11\/taner-olmez-152650WL.jpg",640,452,false]},"categories_names":{"2":{"name":"TV Programlar\u0131","link":"https:\/\/balcilar-blog.com\/?cat=2"}},"tags_names":{"15":{"name":"\u00e7a\u011fatay ulusoy","link":"https:\/\/balcilar-blog.com\/?tag=cagatay-ulusoy"},"16":{"name":"medcezir","link":"https:\/\/balcilar-blog.com\/?tag=medcezir"},"1996":{"name":"Mucize Doktor","link":"https:\/\/balcilar-blog.com\/?tag=mucize-doktor"},"338":{"name":"Murat Aygen","link":"https:\/\/balcilar-blog.com\/?tag=murat-aygen"},"2067":{"name":"Onur Tuna","link":"https:\/\/balcilar-blog.com\/?tag=onur-tuna"},"1493":{"name":"Reha \u00d6zcan","link":"https:\/\/balcilar-blog.com\/?tag=reha-ozcan"},"1997":{"name":"Sinem \u00dcnsal","link":"https:\/\/balcilar-blog.com\/?tag=sinem-unsal"},"28":{"name":"Taner \u00d6lmez","link":"https:\/\/balcilar-blog.com\/?tag=taner-olmez"}},"comments_number":"0","wpmagazine_modules_lite_featured_media_urls":{"thumbnail":["https:\/\/balcilar-blog.com\/wp-content\/uploads\/2019\/11\/taner-olmez-152650WL-150x150.jpg",150,150,true],"cvmm-medium":["https:\/\/balcilar-blog.com\/wp-content\/uploads\/2019\/11\/taner-olmez-152650WL.jpg",300,212,false],"cvmm-medium-plus":["https:\/\/balcilar-blog.com\/wp-content\/uploads\/2019\/11\/taner-olmez-152650WL.jpg",293,207,false],"cvmm-portrait":["https:\/\/balcilar-blog.com\/wp-content\/uploads\/2019\/11\/taner-olmez-152650WL.jpg",400,283,false],"cvmm-medium-square":["https:\/\/balcilar-blog.com\/wp-content\/uploads\/2019\/11\/taner-olmez-152650WL.jpg",600,424,false],"cvmm-large":["https:\/\/balcilar-blog.com\/wp-content\/uploads\/2019\/11\/taner-olmez-152650WL.jpg",640,452,false],"cvmm-small":["https:\/\/balcilar-blog.com\/wp-content\/uploads\/2019\/11\/taner-olmez-152650WL.jpg",130,92,false],"full":["https:\/\/balcilar-blog.com\/wp-content\/uploads\/2019\/11\/taner-olmez-152650WL.jpg",640,452,false]},"_links":{"self":[{"href":"https:\/\/balcilar-blog.com\/index.php?rest_route=\/wp\/v2\/posts\/25671","targetHints":{"allow":["GET"]}}],"collection":[{"href":"https:\/\/balcilar-blog.com\/index.php?rest_route=\/wp\/v2\/posts"}],"about":[{"href":"https:\/\/balcilar-blog.com\/index.php?rest_route=\/wp\/v2\/types\/post"}],"author":[{"embeddable":true,"href":"https:\/\/balcilar-blog.com\/index.php?rest_route=\/wp\/v2\/users\/3"}],"replies":[{"embeddable":true,"href":"https:\/\/balcilar-blog.com\/index.php?rest_route=%2Fwp%2Fv2%2Fcomments&post=25671"}],"version-history":[{"count":3,"href":"https:\/\/balcilar-blog.com\/index.php?rest_route=\/wp\/v2\/posts\/25671\/revisions"}],"predecessor-version":[{"id":25679,"href":"https:\/\/balcilar-blog.com\/index.php?rest_route=\/wp\/v2\/posts\/25671\/revisions\/25679"}],"wp:featuredmedia":[{"embeddable":true,"href":"https:\/\/balcilar-blog.com\/index.php?rest_route=\/wp\/v2\/media\/25676"}],"wp:attachment":[{"href":"https:\/\/balcilar-blog.com\/index.php?rest_route=%2Fwp%2Fv2%2Fmedia&parent=25671"}],"wp:term":[{"taxonomy":"category","embeddable":true,"href":"https:\/\/balcilar-blog.com\/index.php?rest_route=%2Fwp%2Fv2%2Fcategories&post=25671"},{"taxonomy":"post_tag","embeddable":true,"href":"https:\/\/balcilar-blog.com\/index.php?rest_route=%2Fwp%2Fv2%2Ftags&post=25671"}],"curies":[{"name":"wp","href":"https:\/\/api.w.org\/{rel}","templated":true}]}}